{"id":132693,"date":"2026-01-11T06:17:03","date_gmt":"2026-01-11T09:17:03","guid":{"rendered":"https:\/\/portaltela.pt\/noticias\/2026\/01\/11\/abel-abre-epoca-a-vencer-e-celebra-melhoria-do-var\/"},"modified":"2026-01-11T06:17:03","modified_gmt":"2026-01-11T09:17:03","slug":"abel-abre-epoca-a-vencer-e-celebra-melhoria-do-var","status":"publish","type":"post","link":"https:\/\/portaltela.pt\/desporto\/futebol\/2026\/01\/11\/abel-abre-epoca-a-vencer-e-celebra-melhoria-do-var\/","title":{"rendered":"Abel abre \u00e9poca a vencer e celebra melhoria do VAR"},"content":{"rendered":"<p>O Palmeiras estreou-se no Campeonato Paulista 2026 com uma vit\u00f3ria por 1-0 sobre a Portuguesa, fora de casa. O golo foi marcado por Luighi, numa equipa ainda de segunda linha.<\/p>\n<p>Abel Ferreira explicou que a pr\u00e9-temporada foi curta e que est\u00e1 preparado para a \u00e9poca. O treinador valorizou a gest\u00e3o de esfor\u00e7o dos jogadores e comparou com pr\u00e1ticas de grandes clubes europeus.<\/p>\n<p>A \u00fanica contrata\u00e7\u00e3o at\u00e9 ao momento \u00e9 Marlon Freitas, antigo capit\u00e3o do Botafogo. Abel v\u00ea no novo jogador maturidade, experi\u00eancia e lideran\u00e7a para a equipa, especialmente ap\u00f3s sa\u00eddas de Rocha, Mayke, Z\u00e9 Rafael, Rony e Luan.<\/p>\n<p>Abel comentou ainda a final da Libertadores de 2025 frente ao Flamengo, referindo que o clube aprendeu com aquela situa\u00e7\u00e3o e que o uso do VAR tem papel importante. A vit\u00f3ria sobre a Portuguesa \u00e9 apontada como indicador de melhoria f\u00edsica e mental da equipa.<\/p>\n<h3>Reflexo sobre arbitragem e VAR<\/h3>\n<p>O t\u00e9cnico mencionou que houve evolu\u00e7\u00f5es no uso do VAR, destacando um lance do \u00faltimo jogo que envolveu expuls\u00e3o de um jogador da Portuguesa. O objetivo, segundo o Clube, \u00e9 manter o foco na competi\u00e7\u00e3o sem desviar a aten\u00e7\u00e3o para controv\u00e9rsias passadas.<\/p>\n","protected":false},"excerpt":{"rendered":"<ul>\n<li>O Palmeiras estreou-se no campeonato paulista de 2026 com vit\u00f3ria por 1-0 sobre a Portuguesa, fora de casa, golo de Luighi.<\/li>\n<li>A equipa em campo foi quase de rota\u00e7\u00e3o, com Abel Ferreira a destacar que o plantel est\u00e1 preparado para a \u00e9poca.<\/li>\n<li>Abel Ferreira afirmou que a pr\u00e9-temporada foi curta, com apenas quatro dias, e que o clube chega preparado para 2026.<\/li>\n<li>O treinador elogiou a contrata\u00e7\u00e3o de Marlon Freitas, sublinhando que traz maturidade, experi\u00eancia e lideran\u00e7a \u00e0 equipa.<\/li>\n<li>Abordou o uso do VAR, referindo que houve aprendizagem num lance em que um jogador da Portuguesa foi expulso ap\u00f3s revis\u00e3o, e mencionou ainda a controv\u00e9rsia da final da Libertadores de 2025.<\/li>\n<\/ul>\n","protected":false},"author":2,"featured_media":132698,"comment_status":"closed","ping_status":"closed","sticky":false,"template":"","format":"standard","meta":{"footnotes":""},"categories":[21,24],"tags":[1289,152,2619,32,467,1185],"class_list":["post-132693","post","type-post","status-publish","format-standard","has-post-thumbnail","hentry","category-desporto","category-futebol","tag-arbitragem","tag-desporto","tag-desportos-internacionais","tag-futebol","tag-libertadores","tag-var"],"yoast_head":"<!-- This site is optimized with the Yoast SEO plugin v27.2 - https:\/\/yoast.com\/product\/yoast-seo-wordpress\/ -->\n<title>Abel abre \u00e9poca a vencer e celebra melhoria do VAR - Portal Tela Portugal<\/title>\n<meta name=\"robots\" content=\"index, follow, max-snippet:-1, max-image-preview:large, max-video-preview:-1\" \/>\n<meta property=\"og:locale\" content=\"pt_PT\" \/>\n<meta property=\"og:type\" content=\"article\" \/>\n<meta property=\"og:title\" content=\"Abel abre \u00e9poca a vencer e celebra melhoria do VAR - Portal Tela Portugal\" \/>\n<meta property=\"og:description\" content=\"O Palmeiras estreou-se no campeonato paulista de 2026 com vit\u00f3ria por 1-0 sobre a Portuguesa, fora de casa, golo de Luighi. A equipa em campo foi quase de rota\u00e7\u00e3o, com Abel Ferreira a destacar que o plantel est\u00e1 preparado para a \u00e9poca. Abel Ferreira afirmou que a pr\u00e9-temporada foi curta, com apenas quatro dias, e que o clube chega preparado para 2026. O treinador elogiou a contrata\u00e7\u00e3o de Marlon Freitas, sublinhando que traz maturidade, experi\u00eancia e lideran\u00e7a \u00e0 equipa. Abordou o uso do VAR, referindo que houve aprendizagem num lance em que um jogador da Portuguesa foi expulso ap\u00f3s revis\u00e3o, e mencionou ainda a controv\u00e9rsia da final da Libertadores de 2025.\" \/>\n<meta property=\"og:url\" content=\"https:\/\/portaltela.pt\/noticias\/2026\/01\/11\/abel-abre-epoca-a-vencer-e-celebra-melhoria-do-var\/\" \/>\n<meta property=\"og:site_name\" content=\"Portal Tela Portugal\" \/>\n<meta property=\"article:published_time\" content=\"2026-01-11T09:17:03+00:00\" \/>\n<meta name=\"author\" content=\"Telinha\" \/>\n<meta name=\"twitter:card\" content=\"summary_large_image\" \/>\n<meta name=\"twitter:label1\" content=\"Escrito por\" \/>\n\t<meta name=\"twitter:data1\" content=\"Telinha\" \/>\n\t<meta name=\"twitter:label2\" content=\"Tempo estimado de leitura\" \/>\n\t<meta name=\"twitter:data2\" content=\"1 minuto\" \/>\n<script type=\"application\/ld+json\" class=\"yoast-schema-graph\">{\"@context\":\"https:\/\/schema.org\",\"@graph\":[{\"@type\":\"Article\",\"@id\":\"https:\/\/portaltela.pt\/noticias\/2026\/01\/11\/abel-abre-epoca-a-vencer-e-celebra-melhoria-do-var\/#article\",\"isPartOf\":{\"@id\":\"https:\/\/portaltela.pt\/noticias\/2026\/01\/11\/abel-abre-epoca-a-vencer-e-celebra-melhoria-do-var\/\"},\"author\":{\"name\":\"Telinha\",\"@id\":\"https:\/\/portaltela.pt\/#\/schema\/person\/c4278d4a6028830caff9ee44b42d32ed\"},\"headline\":\"Abel abre \u00e9poca a vencer e celebra melhoria do VAR\",\"datePublished\":\"2026-01-11T09:17:03+00:00\",\"mainEntityOfPage\":{\"@id\":\"https:\/\/portaltela.pt\/noticias\/2026\/01\/11\/abel-abre-epoca-a-vencer-e-celebra-melhoria-do-var\/\"},\"wordCount\":215,\"image\":{\"@id\":\"https:\/\/portaltela.pt\/noticias\/2026\/01\/11\/abel-abre-epoca-a-vencer-e-celebra-melhoria-do-var\/#primaryimage\"},\"thumbnailUrl\":\"https:\/\/portaltela.pt\/s.01k8rhncp4jt1\/2026\/01\/99f7d72e-673d-4db9-abc8-937a350094e8.jpg\",\"keywords\":[\"arbitragem\",\"desporto\",\"desportos internacionais\",\"futebol\",\"libertadores\",\"VAR\"],\"articleSection\":[\"Desporto\",\"Futebol\"],\"inLanguage\":\"pt-PT\"},{\"@type\":\"WebPage\",\"@id\":\"https:\/\/portaltela.pt\/noticias\/2026\/01\/11\/abel-abre-epoca-a-vencer-e-celebra-melhoria-do-var\/\",\"url\":\"https:\/\/portaltela.pt\/noticias\/2026\/01\/11\/abel-abre-epoca-a-vencer-e-celebra-melhoria-do-var\/\",\"name\":\"Abel abre \u00e9poca a vencer e celebra melhoria do VAR - Portal Tela Portugal\",\"isPartOf\":{\"@id\":\"https:\/\/portaltela.pt\/#website\"},\"primaryImageOfPage\":{\"@id\":\"https:\/\/portaltela.pt\/noticias\/2026\/01\/11\/abel-abre-epoca-a-vencer-e-celebra-melhoria-do-var\/#primaryimage\"},\"image\":{\"@id\":\"https:\/\/portaltela.pt\/noticias\/2026\/01\/11\/abel-abre-epoca-a-vencer-e-celebra-melhoria-do-var\/#primaryimage\"},\"thumbnailUrl\":\"https:\/\/portaltela.pt\/s.01k8rhncp4jt1\/2026\/01\/99f7d72e-673d-4db9-abc8-937a350094e8.jpg\",\"datePublished\":\"2026-01-11T09:17:03+00:00\",\"author\":{\"@id\":\"https:\/\/portaltela.pt\/#\/schema\/person\/c4278d4a6028830caff9ee44b42d32ed\"},\"breadcrumb\":{\"@id\":\"https:\/\/portaltela.pt\/noticias\/2026\/01\/11\/abel-abre-epoca-a-vencer-e-celebra-melhoria-do-var\/#breadcrumb\"},\"inLanguage\":\"pt-PT\",\"potentialAction\":[{\"@type\":\"ReadAction\",\"target\":[\"https:\/\/portaltela.pt\/noticias\/2026\/01\/11\/abel-abre-epoca-a-vencer-e-celebra-melhoria-do-var\/\"]}]},{\"@type\":\"ImageObject\",\"inLanguage\":\"pt-PT\",\"@id\":\"https:\/\/portaltela.pt\/noticias\/2026\/01\/11\/abel-abre-epoca-a-vencer-e-celebra-melhoria-do-var\/#primaryimage\",\"url\":\"https:\/\/portaltela.pt\/s.01k8rhncp4jt1\/2026\/01\/99f7d72e-673d-4db9-abc8-937a350094e8.jpg\",\"contentUrl\":\"https:\/\/portaltela.pt\/s.01k8rhncp4jt1\/2026\/01\/99f7d72e-673d-4db9-abc8-937a350094e8.jpg\",\"width\":796,\"height\":448,\"caption\":\"Abel Ferreira e equipa t\u00e9cnica do Palmeiras\"},{\"@type\":\"BreadcrumbList\",\"@id\":\"https:\/\/portaltela.pt\/noticias\/2026\/01\/11\/abel-abre-epoca-a-vencer-e-celebra-melhoria-do-var\/#breadcrumb\",\"itemListElement\":[{\"@type\":\"ListItem\",\"position\":1,\"name\":\"In\u00edcio\",\"item\":\"https:\/\/portaltela.pt\/\"},{\"@type\":\"ListItem\",\"position\":2,\"name\":\"Abel abre \u00e9poca a vencer e celebra melhoria do VAR\"}]},{\"@type\":\"WebSite\",\"@id\":\"https:\/\/portaltela.pt\/#website\",\"url\":\"https:\/\/portaltela.pt\/\",\"name\":\"Portal Tela Portugal\",\"description\":\"\",\"potentialAction\":[{\"@type\":\"SearchAction\",\"target\":{\"@type\":\"EntryPoint\",\"urlTemplate\":\"https:\/\/portaltela.pt\/?s={search_term_string}\"},\"query-input\":{\"@type\":\"PropertyValueSpecification\",\"valueRequired\":true,\"valueName\":\"search_term_string\"}}],\"inLanguage\":\"pt-PT\"},{\"@type\":\"Person\",\"@id\":\"https:\/\/portaltela.pt\/#\/schema\/person\/c4278d4a6028830caff9ee44b42d32ed\",\"name\":\"Telinha\",\"image\":{\"@type\":\"ImageObject\",\"inLanguage\":\"pt-PT\",\"@id\":\"https:\/\/portaltela.pt\/s.01k8rhncp4jt1\/2025\/11\/talking-bot-125x125.png\",\"url\":\"https:\/\/portaltela.pt\/s.01k8rhncp4jt1\/2025\/11\/talking-bot-125x125.png\",\"contentUrl\":\"https:\/\/portaltela.pt\/s.01k8rhncp4jt1\/2025\/11\/talking-bot-125x125.png\",\"caption\":\"Telinha\"},\"sameAs\":[\"https:\/\/portaltela.pt\/\"],\"url\":\"https:\/\/portaltela.pt\/por\/367410592786\/\"}]}<\/script>\n<!-- \/ Yoast SEO plugin. -->","yoast_head_json":{"title":"Abel abre \u00e9poca a vencer e celebra melhoria do VAR - Portal Tela Portugal","robots":{"index":"index","follow":"follow","max-snippet":"max-snippet:-1","max-image-preview":"max-image-preview:large","max-video-preview":"max-video-preview:-1"},"og_locale":"pt_PT","og_type":"article","og_title":"Abel abre \u00e9poca a vencer e celebra melhoria do VAR - Portal Tela Portugal","og_description":"O Palmeiras estreou-se no campeonato paulista de 2026 com vit\u00f3ria por 1-0 sobre a Portuguesa, fora de casa, golo de Luighi. A equipa em campo foi quase de rota\u00e7\u00e3o, com Abel Ferreira a destacar que o plantel est\u00e1 preparado para a \u00e9poca. Abel Ferreira afirmou que a pr\u00e9-temporada foi curta, com apenas quatro dias, e que o clube chega preparado para 2026. O treinador elogiou a contrata\u00e7\u00e3o de Marlon Freitas, sublinhando que traz maturidade, experi\u00eancia e lideran\u00e7a \u00e0 equipa. Abordou o uso do VAR, referindo que houve aprendizagem num lance em que um jogador da Portuguesa foi expulso ap\u00f3s revis\u00e3o, e mencionou ainda a controv\u00e9rsia da final da Libertadores de 2025.","og_url":"https:\/\/portaltela.pt\/noticias\/2026\/01\/11\/abel-abre-epoca-a-vencer-e-celebra-melhoria-do-var\/","og_site_name":"Portal Tela Portugal","article_published_time":"2026-01-11T09:17:03+00:00","author":"Telinha","twitter_card":"summary_large_image","twitter_misc":{"Escrito por":"Telinha","Tempo estimado de leitura":"1 minuto"},"schema":{"@context":"https:\/\/schema.org","@graph":[{"@type":"Article","@id":"https:\/\/portaltela.pt\/noticias\/2026\/01\/11\/abel-abre-epoca-a-vencer-e-celebra-melhoria-do-var\/#article","isPartOf":{"@id":"https:\/\/portaltela.pt\/noticias\/2026\/01\/11\/abel-abre-epoca-a-vencer-e-celebra-melhoria-do-var\/"},"author":{"name":"Telinha","@id":"https:\/\/portaltela.pt\/#\/schema\/person\/c4278d4a6028830caff9ee44b42d32ed"},"headline":"Abel abre \u00e9poca a vencer e celebra melhoria do VAR","datePublished":"2026-01-11T09:17:03+00:00","mainEntityOfPage":{"@id":"https:\/\/portaltela.pt\/noticias\/2026\/01\/11\/abel-abre-epoca-a-vencer-e-celebra-melhoria-do-var\/"},"wordCount":215,"image":{"@id":"https:\/\/portaltela.pt\/noticias\/2026\/01\/11\/abel-abre-epoca-a-vencer-e-celebra-melhoria-do-var\/#primaryimage"},"thumbnailUrl":"https:\/\/portaltela.pt\/s.01k8rhncp4jt1\/2026\/01\/99f7d72e-673d-4db9-abc8-937a350094e8.jpg","keywords":["arbitragem","desporto","desportos internacionais","futebol","libertadores","VAR"],"articleSection":["Desporto","Futebol"],"inLanguage":"pt-PT"},{"@type":"WebPage","@id":"https:\/\/portaltela.pt\/noticias\/2026\/01\/11\/abel-abre-epoca-a-vencer-e-celebra-melhoria-do-var\/","url":"https:\/\/portaltela.pt\/noticias\/2026\/01\/11\/abel-abre-epoca-a-vencer-e-celebra-melhoria-do-var\/","name":"Abel abre \u00e9poca a vencer e celebra melhoria do VAR - Portal Tela Portugal","isPartOf":{"@id":"https:\/\/portaltela.pt\/#website"},"primaryImageOfPage":{"@id":"https:\/\/portaltela.pt\/noticias\/2026\/01\/11\/abel-abre-epoca-a-vencer-e-celebra-melhoria-do-var\/#primaryimage"},"image":{"@id":"https:\/\/portaltela.pt\/noticias\/2026\/01\/11\/abel-abre-epoca-a-vencer-e-celebra-melhoria-do-var\/#primaryimage"},"thumbnailUrl":"https:\/\/portaltela.pt\/s.01k8rhncp4jt1\/2026\/01\/99f7d72e-673d-4db9-abc8-937a350094e8.jpg","datePublished":"2026-01-11T09:17:03+00:00","author":{"@id":"https:\/\/portaltela.pt\/#\/schema\/person\/c4278d4a6028830caff9ee44b42d32ed"},"breadcrumb":{"@id":"https:\/\/portaltela.pt\/noticias\/2026\/01\/11\/abel-abre-epoca-a-vencer-e-celebra-melhoria-do-var\/#breadcrumb"},"inLanguage":"pt-PT","potentialAction":[{"@type":"ReadAction","target":["https:\/\/portaltela.pt\/noticias\/2026\/01\/11\/abel-abre-epoca-a-vencer-e-celebra-melhoria-do-var\/"]}]},{"@type":"ImageObject","inLanguage":"pt-PT","@id":"https:\/\/portaltela.pt\/noticias\/2026\/01\/11\/abel-abre-epoca-a-vencer-e-celebra-melhoria-do-var\/#primaryimage","url":"https:\/\/portaltela.pt\/s.01k8rhncp4jt1\/2026\/01\/99f7d72e-673d-4db9-abc8-937a350094e8.jpg","contentUrl":"https:\/\/portaltela.pt\/s.01k8rhncp4jt1\/2026\/01\/99f7d72e-673d-4db9-abc8-937a350094e8.jpg","width":796,"height":448,"caption":"Abel Ferreira e equipa t\u00e9cnica do Palmeiras"},{"@type":"BreadcrumbList","@id":"https:\/\/portaltela.pt\/noticias\/2026\/01\/11\/abel-abre-epoca-a-vencer-e-celebra-melhoria-do-var\/#breadcrumb","itemListElement":[{"@type":"ListItem","position":1,"name":"In\u00edcio","item":"https:\/\/portaltela.pt\/"},{"@type":"ListItem","position":2,"name":"Abel abre \u00e9poca a vencer e celebra melhoria do VAR"}]},{"@type":"WebSite","@id":"https:\/\/portaltela.pt\/#website","url":"https:\/\/portaltela.pt\/","name":"Portal Tela Portugal","description":"","potentialAction":[{"@type":"SearchAction","target":{"@type":"EntryPoint","urlTemplate":"https:\/\/portaltela.pt\/?s={search_term_string}"},"query-input":{"@type":"PropertyValueSpecification","valueRequired":true,"valueName":"search_term_string"}}],"inLanguage":"pt-PT"},{"@type":"Person","@id":"https:\/\/portaltela.pt\/#\/schema\/person\/c4278d4a6028830caff9ee44b42d32ed","name":"Telinha","image":{"@type":"ImageObject","inLanguage":"pt-PT","@id":"https:\/\/portaltela.pt\/s.01k8rhncp4jt1\/2025\/11\/talking-bot-125x125.png","url":"https:\/\/portaltela.pt\/s.01k8rhncp4jt1\/2025\/11\/talking-bot-125x125.png","contentUrl":"https:\/\/portaltela.pt\/s.01k8rhncp4jt1\/2025\/11\/talking-bot-125x125.png","caption":"Telinha"},"sameAs":["https:\/\/portaltela.pt\/"],"url":"https:\/\/portaltela.pt\/por\/367410592786\/"}]}},"_links":{"self":[{"href":"https:\/\/portaltela.pt\/api\/wp\/v2\/posts\/132693","targetHints":{"allow":["GET"]}}],"collection":[{"href":"https:\/\/portaltela.pt\/api\/wp\/v2\/posts"}],"about":[{"href":"https:\/\/portaltela.pt\/api\/wp\/v2\/types\/post"}],"author":[{"embeddable":true,"href":"https:\/\/portaltela.pt\/api\/wp\/v2\/users\/2"}],"replies":[{"embeddable":true,"href":"https:\/\/portaltela.pt\/api\/wp\/v2\/comments?post=132693"}],"version-history":[{"count":0,"href":"https:\/\/portaltela.pt\/api\/wp\/v2\/posts\/132693\/revisions"}],"wp:featuredmedia":[{"embeddable":true,"href":"https:\/\/portaltela.pt\/api\/wp\/v2\/media\/132698"}],"wp:attachment":[{"href":"https:\/\/portaltela.pt\/api\/wp\/v2\/media?parent=132693"}],"wp:term":[{"taxonomy":"category","embeddable":true,"href":"https:\/\/portaltela.pt\/api\/wp\/v2\/categories?post=132693"},{"taxonomy":"post_tag","embeddable":true,"href":"https:\/\/portaltela.pt\/api\/wp\/v2\/tags?post=132693"}],"curies":[{"name":"wp","href":"https:\/\/api.w.org\/{rel}","templated":true}]}}