{"id":132655,"date":"2026-01-11T05:49:00","date_gmt":"2026-01-11T08:49:00","guid":{"rendered":"https:\/\/portaltela.pt\/noticias\/2026\/01\/11\/diamantino-ameaca-fernando-mendes-no-7-1-andei-um-ano-a-ir-por-vila-franca-2\/"},"modified":"2026-01-11T05:49:00","modified_gmt":"2026-01-11T08:49:00","slug":"diamantino-ameaca-fernando-mendes-no-7-1-andei-um-ano-a-ir-por-vila-franca-2","status":"publish","type":"post","link":"https:\/\/portaltela.pt\/desporto\/futebol\/2026\/01\/11\/diamantino-ameaca-fernando-mendes-no-7-1-andei-um-ano-a-ir-por-vila-franca-2\/","title":{"rendered":"Diamantino amea\u00e7a Fernando Mendes no 7-1: Andei um ano a ir por Vila Franca"},"content":{"rendered":"<p>O d\u00e9rbi da 2.\u00aa Circular entre Sporting e Benfica ficou marcado pela goleada de 7-1 de 14 de dezembro de 1986. Nessa partida, Diamantino, do Benfica, enfrentou Fernando Mendes, do Sporting, numa ocasi\u00e3o em que a intensidade do jogo ficou patente desde o in\u00edcio. O confronto naquela \u00e9poca ficou registrado como a maior vit\u00f3ria do d\u00e9rbi entre as duas equipas.<\/p>\n<p>Segundo relatos da altura, uma entrada mais dura desencadeou uma resposta imediata de Diamantino junto ao advers\u00e1rio, causando momentos de tens\u00e3o em campo. O epis\u00f3dio ficou para a hist\u00f3ria do cl\u00e1ssico e \u00e9 recordado por f\u00e3s e comentadores que acompanham o futebol portugu\u00eas h\u00e1 v\u00e1rias d\u00e9cadas.<\/p>\n<h3>Record Talks Allianz Cup<\/h3>\n<p>Durante a 6.\u00aa edi\u00e7\u00e3o do Record Talks Allianz Cup, comentadores da CMTV recapitularam a hist\u00f3ria divertida associada ao jogo. A conversa reuniu V\u00edtor Ba\u00eda, Diamantino e Fernando Mendes para revisitar a mem\u00f3ria do epis\u00f3dio e o contexto do 7-1.<\/p>\n<p>A vers\u00e3o completa do encontro est\u00e1 dispon\u00edvel atrav\u00e9s da programa\u00e7\u00e3o do Record Talks, que aborda ainda outras mem\u00f3rias do futebol portugu\u00eas e curiosidades associadas ao d\u00e9rbi da capital. As observa\u00e7\u00f5es centrais refletem a perspetiva dos intervenientes sobre aquele confronto hist\u00f3rico.<\/p>\n","protected":false},"excerpt":{"rendered":"<ul>\n<li>Em 14 de dezembro de 1986, o Sporting venceu o Benfica por 7-1, no d\u00e9rbi da 2.\u00aa Circular.<\/li>\n<li>Diamantino (Benfica) e Fernando Mendes (Sporting) estiveram em campo nessa partida hist\u00f3rica.<\/li>\n<li>Uma entrada mais dura levou Diamantino a fazer uma \u201camea\u00e7a\u201d a Fernando Mendes, gerando v\u00e1rios desvios durante o jogo.<\/li>\n<li>A hist\u00f3ria foi partilhada pelos comentadores da CMTV na sexta edi\u00e7\u00e3o do Record Talks Allianz Cup, com a vers\u00e3o completa apresentada no programa.<\/li>\n<\/ul>\n","protected":false},"author":2,"featured_media":132666,"comment_status":"closed","ping_status":"closed","sticky":false,"template":"","format":"standard","meta":{"footnotes":""},"categories":[21,24],"tags":[1946,218,2816,32,299,1652],"class_list":["post-132655","post","type-post","status-publish","format-standard","has-post-thumbnail","hentry","category-desporto","category-futebol","tag-benfica","tag-desportivo","tag-diamantino-miranda","tag-futebol","tag-historia","tag-sporting"],"yoast_head":"<!-- This site is optimized with the Yoast SEO plugin v27.2 - https:\/\/yoast.com\/product\/yoast-seo-wordpress\/ -->\n<title>Diamantino amea\u00e7a Fernando Mendes no 7-1: Andei um ano a ir por Vila Franca - Portal Tela Portugal<\/title>\n<meta name=\"robots\" content=\"index, follow, max-snippet:-1, max-image-preview:large, max-video-preview:-1\" \/>\n<meta property=\"og:locale\" content=\"pt_PT\" \/>\n<meta property=\"og:type\" content=\"article\" \/>\n<meta property=\"og:title\" content=\"Diamantino amea\u00e7a Fernando Mendes no 7-1: Andei um ano a ir por Vila Franca - Portal Tela Portugal\" \/>\n<meta property=\"og:description\" content=\"Em 14 de dezembro de 1986, o Sporting venceu o Benfica por 7-1, no d\u00e9rbi da 2.\u00aa Circular. Diamantino (Benfica) e Fernando Mendes (Sporting) estiveram em campo nessa partida hist\u00f3rica. Uma entrada mais dura levou Diamantino a fazer uma \u201camea\u00e7a\u201d a Fernando Mendes, gerando v\u00e1rios desvios durante o jogo. A hist\u00f3ria foi partilhada pelos comentadores da CMTV na sexta edi\u00e7\u00e3o do Record Talks Allianz Cup, com a vers\u00e3o completa apresentada no programa.\" \/>\n<meta property=\"og:url\" content=\"https:\/\/portaltela.pt\/noticias\/2026\/01\/11\/diamantino-ameaca-fernando-mendes-no-7-1-andei-um-ano-a-ir-por-vila-franca-2\/\" \/>\n<meta property=\"og:site_name\" content=\"Portal Tela Portugal\" \/>\n<meta property=\"article:published_time\" content=\"2026-01-11T08:49:00+00:00\" \/>\n<meta name=\"author\" content=\"Telinha\" \/>\n<meta name=\"twitter:card\" content=\"summary_large_image\" \/>\n<meta name=\"twitter:label1\" content=\"Escrito por\" \/>\n\t<meta name=\"twitter:data1\" content=\"Telinha\" \/>\n\t<meta name=\"twitter:label2\" content=\"Tempo estimado de leitura\" \/>\n\t<meta name=\"twitter:data2\" content=\"1 minuto\" \/>\n<script type=\"application\/ld+json\" class=\"yoast-schema-graph\">{\"@context\":\"https:\/\/schema.org\",\"@graph\":[{\"@type\":\"Article\",\"@id\":\"https:\/\/portaltela.pt\/noticias\/2026\/01\/11\/diamantino-ameaca-fernando-mendes-no-7-1-andei-um-ano-a-ir-por-vila-franca-2\/#article\",\"isPartOf\":{\"@id\":\"https:\/\/portaltela.pt\/noticias\/2026\/01\/11\/diamantino-ameaca-fernando-mendes-no-7-1-andei-um-ano-a-ir-por-vila-franca-2\/\"},\"author\":{\"name\":\"Telinha\",\"@id\":\"https:\/\/portaltela.pt\/#\/schema\/person\/c4278d4a6028830caff9ee44b42d32ed\"},\"headline\":\"Diamantino amea\u00e7a Fernando Mendes no 7-1: Andei um ano a ir por Vila Franca\",\"datePublished\":\"2026-01-11T08:49:00+00:00\",\"mainEntityOfPage\":{\"@id\":\"https:\/\/portaltela.pt\/noticias\/2026\/01\/11\/diamantino-ameaca-fernando-mendes-no-7-1-andei-um-ano-a-ir-por-vila-franca-2\/\"},\"wordCount\":228,\"image\":{\"@id\":\"https:\/\/portaltela.pt\/noticias\/2026\/01\/11\/diamantino-ameaca-fernando-mendes-no-7-1-andei-um-ano-a-ir-por-vila-franca-2\/#primaryimage\"},\"thumbnailUrl\":\"https:\/\/portaltela.pt\/s.01k8rhncp4jt1\/2026\/01\/img_1200x721uu2026-01-10-20-23-51-2414007-2.jpg\",\"keywords\":[\"Benfica\",\"desportivo\",\"Diamantino Miranda\",\"futebol\",\"hist\u00f3ria\",\"Sporting\"],\"articleSection\":[\"Desporto\",\"Futebol\"],\"inLanguage\":\"pt-PT\"},{\"@type\":\"WebPage\",\"@id\":\"https:\/\/portaltela.pt\/noticias\/2026\/01\/11\/diamantino-ameaca-fernando-mendes-no-7-1-andei-um-ano-a-ir-por-vila-franca-2\/\",\"url\":\"https:\/\/portaltela.pt\/noticias\/2026\/01\/11\/diamantino-ameaca-fernando-mendes-no-7-1-andei-um-ano-a-ir-por-vila-franca-2\/\",\"name\":\"Diamantino amea\u00e7a Fernando Mendes no 7-1: Andei um ano a ir por Vila Franca - Portal Tela Portugal\",\"isPartOf\":{\"@id\":\"https:\/\/portaltela.pt\/#website\"},\"primaryImageOfPage\":{\"@id\":\"https:\/\/portaltela.pt\/noticias\/2026\/01\/11\/diamantino-ameaca-fernando-mendes-no-7-1-andei-um-ano-a-ir-por-vila-franca-2\/#primaryimage\"},\"image\":{\"@id\":\"https:\/\/portaltela.pt\/noticias\/2026\/01\/11\/diamantino-ameaca-fernando-mendes-no-7-1-andei-um-ano-a-ir-por-vila-franca-2\/#primaryimage\"},\"thumbnailUrl\":\"https:\/\/portaltela.pt\/s.01k8rhncp4jt1\/2026\/01\/img_1200x721uu2026-01-10-20-23-51-2414007-2.jpg\",\"datePublished\":\"2026-01-11T08:49:00+00:00\",\"author\":{\"@id\":\"https:\/\/portaltela.pt\/#\/schema\/person\/c4278d4a6028830caff9ee44b42d32ed\"},\"breadcrumb\":{\"@id\":\"https:\/\/portaltela.pt\/noticias\/2026\/01\/11\/diamantino-ameaca-fernando-mendes-no-7-1-andei-um-ano-a-ir-por-vila-franca-2\/#breadcrumb\"},\"inLanguage\":\"pt-PT\",\"potentialAction\":[{\"@type\":\"ReadAction\",\"target\":[\"https:\/\/portaltela.pt\/noticias\/2026\/01\/11\/diamantino-ameaca-fernando-mendes-no-7-1-andei-um-ano-a-ir-por-vila-franca-2\/\"]}]},{\"@type\":\"ImageObject\",\"inLanguage\":\"pt-PT\",\"@id\":\"https:\/\/portaltela.pt\/noticias\/2026\/01\/11\/diamantino-ameaca-fernando-mendes-no-7-1-andei-um-ano-a-ir-por-vila-franca-2\/#primaryimage\",\"url\":\"https:\/\/portaltela.pt\/s.01k8rhncp4jt1\/2026\/01\/img_1200x721uu2026-01-10-20-23-51-2414007-2.jpg\",\"contentUrl\":\"https:\/\/portaltela.pt\/s.01k8rhncp4jt1\/2026\/01\/img_1200x721uu2026-01-10-20-23-51-2414007-2.jpg\",\"width\":796,\"height\":448,\"caption\":\"A 'amea\u00e7a' de Diamantino a Fernando Mendes no 7-1: \u00abAndei um ano a ir por Vila Franca!\u00bb\"},{\"@type\":\"BreadcrumbList\",\"@id\":\"https:\/\/portaltela.pt\/noticias\/2026\/01\/11\/diamantino-ameaca-fernando-mendes-no-7-1-andei-um-ano-a-ir-por-vila-franca-2\/#breadcrumb\",\"itemListElement\":[{\"@type\":\"ListItem\",\"position\":1,\"name\":\"In\u00edcio\",\"item\":\"https:\/\/portaltela.pt\/\"},{\"@type\":\"ListItem\",\"position\":2,\"name\":\"Diamantino amea\u00e7a Fernando Mendes no 7-1: Andei um ano a ir por Vila Franca\"}]},{\"@type\":\"WebSite\",\"@id\":\"https:\/\/portaltela.pt\/#website\",\"url\":\"https:\/\/portaltela.pt\/\",\"name\":\"Portal Tela Portugal\",\"description\":\"\",\"potentialAction\":[{\"@type\":\"SearchAction\",\"target\":{\"@type\":\"EntryPoint\",\"urlTemplate\":\"https:\/\/portaltela.pt\/?s={search_term_string}\"},\"query-input\":{\"@type\":\"PropertyValueSpecification\",\"valueRequired\":true,\"valueName\":\"search_term_string\"}}],\"inLanguage\":\"pt-PT\"},{\"@type\":\"Person\",\"@id\":\"https:\/\/portaltela.pt\/#\/schema\/person\/c4278d4a6028830caff9ee44b42d32ed\",\"name\":\"Telinha\",\"image\":{\"@type\":\"ImageObject\",\"inLanguage\":\"pt-PT\",\"@id\":\"https:\/\/portaltela.pt\/s.01k8rhncp4jt1\/2025\/11\/talking-bot-125x125.png\",\"url\":\"https:\/\/portaltela.pt\/s.01k8rhncp4jt1\/2025\/11\/talking-bot-125x125.png\",\"contentUrl\":\"https:\/\/portaltela.pt\/s.01k8rhncp4jt1\/2025\/11\/talking-bot-125x125.png\",\"caption\":\"Telinha\"},\"sameAs\":[\"https:\/\/portaltela.pt\/\"],\"url\":\"https:\/\/portaltela.pt\/por\/367410592786\/\"}]}<\/script>\n<!-- \/ Yoast SEO plugin. -->","yoast_head_json":{"title":"Diamantino amea\u00e7a Fernando Mendes no 7-1: Andei um ano a ir por Vila Franca - Portal Tela Portugal","robots":{"index":"index","follow":"follow","max-snippet":"max-snippet:-1","max-image-preview":"max-image-preview:large","max-video-preview":"max-video-preview:-1"},"og_locale":"pt_PT","og_type":"article","og_title":"Diamantino amea\u00e7a Fernando Mendes no 7-1: Andei um ano a ir por Vila Franca - Portal Tela Portugal","og_description":"Em 14 de dezembro de 1986, o Sporting venceu o Benfica por 7-1, no d\u00e9rbi da 2.\u00aa Circular. Diamantino (Benfica) e Fernando Mendes (Sporting) estiveram em campo nessa partida hist\u00f3rica. Uma entrada mais dura levou Diamantino a fazer uma \u201camea\u00e7a\u201d a Fernando Mendes, gerando v\u00e1rios desvios durante o jogo. A hist\u00f3ria foi partilhada pelos comentadores da CMTV na sexta edi\u00e7\u00e3o do Record Talks Allianz Cup, com a vers\u00e3o completa apresentada no programa.","og_url":"https:\/\/portaltela.pt\/noticias\/2026\/01\/11\/diamantino-ameaca-fernando-mendes-no-7-1-andei-um-ano-a-ir-por-vila-franca-2\/","og_site_name":"Portal Tela Portugal","article_published_time":"2026-01-11T08:49:00+00:00","author":"Telinha","twitter_card":"summary_large_image","twitter_misc":{"Escrito por":"Telinha","Tempo estimado de leitura":"1 minuto"},"schema":{"@context":"https:\/\/schema.org","@graph":[{"@type":"Article","@id":"https:\/\/portaltela.pt\/noticias\/2026\/01\/11\/diamantino-ameaca-fernando-mendes-no-7-1-andei-um-ano-a-ir-por-vila-franca-2\/#article","isPartOf":{"@id":"https:\/\/portaltela.pt\/noticias\/2026\/01\/11\/diamantino-ameaca-fernando-mendes-no-7-1-andei-um-ano-a-ir-por-vila-franca-2\/"},"author":{"name":"Telinha","@id":"https:\/\/portaltela.pt\/#\/schema\/person\/c4278d4a6028830caff9ee44b42d32ed"},"headline":"Diamantino amea\u00e7a Fernando Mendes no 7-1: Andei um ano a ir por Vila Franca","datePublished":"2026-01-11T08:49:00+00:00","mainEntityOfPage":{"@id":"https:\/\/portaltela.pt\/noticias\/2026\/01\/11\/diamantino-ameaca-fernando-mendes-no-7-1-andei-um-ano-a-ir-por-vila-franca-2\/"},"wordCount":228,"image":{"@id":"https:\/\/portaltela.pt\/noticias\/2026\/01\/11\/diamantino-ameaca-fernando-mendes-no-7-1-andei-um-ano-a-ir-por-vila-franca-2\/#primaryimage"},"thumbnailUrl":"https:\/\/portaltela.pt\/s.01k8rhncp4jt1\/2026\/01\/img_1200x721uu2026-01-10-20-23-51-2414007-2.jpg","keywords":["Benfica","desportivo","Diamantino Miranda","futebol","hist\u00f3ria","Sporting"],"articleSection":["Desporto","Futebol"],"inLanguage":"pt-PT"},{"@type":"WebPage","@id":"https:\/\/portaltela.pt\/noticias\/2026\/01\/11\/diamantino-ameaca-fernando-mendes-no-7-1-andei-um-ano-a-ir-por-vila-franca-2\/","url":"https:\/\/portaltela.pt\/noticias\/2026\/01\/11\/diamantino-ameaca-fernando-mendes-no-7-1-andei-um-ano-a-ir-por-vila-franca-2\/","name":"Diamantino amea\u00e7a Fernando Mendes no 7-1: Andei um ano a ir por Vila Franca - Portal Tela Portugal","isPartOf":{"@id":"https:\/\/portaltela.pt\/#website"},"primaryImageOfPage":{"@id":"https:\/\/portaltela.pt\/noticias\/2026\/01\/11\/diamantino-ameaca-fernando-mendes-no-7-1-andei-um-ano-a-ir-por-vila-franca-2\/#primaryimage"},"image":{"@id":"https:\/\/portaltela.pt\/noticias\/2026\/01\/11\/diamantino-ameaca-fernando-mendes-no-7-1-andei-um-ano-a-ir-por-vila-franca-2\/#primaryimage"},"thumbnailUrl":"https:\/\/portaltela.pt\/s.01k8rhncp4jt1\/2026\/01\/img_1200x721uu2026-01-10-20-23-51-2414007-2.jpg","datePublished":"2026-01-11T08:49:00+00:00","author":{"@id":"https:\/\/portaltela.pt\/#\/schema\/person\/c4278d4a6028830caff9ee44b42d32ed"},"breadcrumb":{"@id":"https:\/\/portaltela.pt\/noticias\/2026\/01\/11\/diamantino-ameaca-fernando-mendes-no-7-1-andei-um-ano-a-ir-por-vila-franca-2\/#breadcrumb"},"inLanguage":"pt-PT","potentialAction":[{"@type":"ReadAction","target":["https:\/\/portaltela.pt\/noticias\/2026\/01\/11\/diamantino-ameaca-fernando-mendes-no-7-1-andei-um-ano-a-ir-por-vila-franca-2\/"]}]},{"@type":"ImageObject","inLanguage":"pt-PT","@id":"https:\/\/portaltela.pt\/noticias\/2026\/01\/11\/diamantino-ameaca-fernando-mendes-no-7-1-andei-um-ano-a-ir-por-vila-franca-2\/#primaryimage","url":"https:\/\/portaltela.pt\/s.01k8rhncp4jt1\/2026\/01\/img_1200x721uu2026-01-10-20-23-51-2414007-2.jpg","contentUrl":"https:\/\/portaltela.pt\/s.01k8rhncp4jt1\/2026\/01\/img_1200x721uu2026-01-10-20-23-51-2414007-2.jpg","width":796,"height":448,"caption":"A 'amea\u00e7a' de Diamantino a Fernando Mendes no 7-1: \u00abAndei um ano a ir por Vila Franca!\u00bb"},{"@type":"BreadcrumbList","@id":"https:\/\/portaltela.pt\/noticias\/2026\/01\/11\/diamantino-ameaca-fernando-mendes-no-7-1-andei-um-ano-a-ir-por-vila-franca-2\/#breadcrumb","itemListElement":[{"@type":"ListItem","position":1,"name":"In\u00edcio","item":"https:\/\/portaltela.pt\/"},{"@type":"ListItem","position":2,"name":"Diamantino amea\u00e7a Fernando Mendes no 7-1: Andei um ano a ir por Vila Franca"}]},{"@type":"WebSite","@id":"https:\/\/portaltela.pt\/#website","url":"https:\/\/portaltela.pt\/","name":"Portal Tela Portugal","description":"","potentialAction":[{"@type":"SearchAction","target":{"@type":"EntryPoint","urlTemplate":"https:\/\/portaltela.pt\/?s={search_term_string}"},"query-input":{"@type":"PropertyValueSpecification","valueRequired":true,"valueName":"search_term_string"}}],"inLanguage":"pt-PT"},{"@type":"Person","@id":"https:\/\/portaltela.pt\/#\/schema\/person\/c4278d4a6028830caff9ee44b42d32ed","name":"Telinha","image":{"@type":"ImageObject","inLanguage":"pt-PT","@id":"https:\/\/portaltela.pt\/s.01k8rhncp4jt1\/2025\/11\/talking-bot-125x125.png","url":"https:\/\/portaltela.pt\/s.01k8rhncp4jt1\/2025\/11\/talking-bot-125x125.png","contentUrl":"https:\/\/portaltela.pt\/s.01k8rhncp4jt1\/2025\/11\/talking-bot-125x125.png","caption":"Telinha"},"sameAs":["https:\/\/portaltela.pt\/"],"url":"https:\/\/portaltela.pt\/por\/367410592786\/"}]}},"_links":{"self":[{"href":"https:\/\/portaltela.pt\/api\/wp\/v2\/posts\/132655","targetHints":{"allow":["GET"]}}],"collection":[{"href":"https:\/\/portaltela.pt\/api\/wp\/v2\/posts"}],"about":[{"href":"https:\/\/portaltela.pt\/api\/wp\/v2\/types\/post"}],"author":[{"embeddable":true,"href":"https:\/\/portaltela.pt\/api\/wp\/v2\/users\/2"}],"replies":[{"embeddable":true,"href":"https:\/\/portaltela.pt\/api\/wp\/v2\/comments?post=132655"}],"version-history":[{"count":0,"href":"https:\/\/portaltela.pt\/api\/wp\/v2\/posts\/132655\/revisions"}],"wp:featuredmedia":[{"embeddable":true,"href":"https:\/\/portaltela.pt\/api\/wp\/v2\/media\/132666"}],"wp:attachment":[{"href":"https:\/\/portaltela.pt\/api\/wp\/v2\/media?parent=132655"}],"wp:term":[{"taxonomy":"category","embeddable":true,"href":"https:\/\/portaltela.pt\/api\/wp\/v2\/categories?post=132655"},{"taxonomy":"post_tag","embeddable":true,"href":"https:\/\/portaltela.pt\/api\/wp\/v2\/tags?post=132655"}],"curies":[{"name":"wp","href":"https:\/\/api.w.org\/{rel}","templated":true}]}}