{"id":132601,"date":"2026-01-11T05:47:01","date_gmt":"2026-01-11T08:47:01","guid":{"rendered":"https:\/\/portaltela.pt\/noticias\/2026\/01\/11\/casal-e-dois-filhos-menores-ficam-sem-casa-apos-incendio-em-tabua\/"},"modified":"2026-01-11T05:47:01","modified_gmt":"2026-01-11T08:47:01","slug":"casal-e-dois-filhos-menores-ficam-sem-casa-apos-incendio-em-tabua","status":"publish","type":"post","link":"https:\/\/portaltela.pt\/noticias\/2026\/01\/11\/casal-e-dois-filhos-menores-ficam-sem-casa-apos-incendio-em-tabua\/","title":{"rendered":"Casal e dois filhos menores ficam sem casa ap\u00f3s inc\u00eandio em T\u00e1bua"},"content":{"rendered":"<p>Um inc\u00eandio numa casa, ontem \u00e0 noite, provocou o desalojamento de quatro pessoas na localidade de Pousadouros, Mouronho, no concelho de T\u00e1bua. O incidente ocorreu por volta das 18h52 e n\u00e3o houve feridos.<\/p>\n<p>Na moradia viviam um casal e dois filhos menores, um rapaz de 10 anos e uma rapariga de 16. Ambos foram realojados em casa de familiares, segundo informa\u00e7\u00f5es recolhidas no local.<\/p>\n<p>Deslocaram-se ao local os bombeiros de T\u00e1bua e a GNR, que asseguraram o per\u00edmetro de seguran\u00e7a e dilig\u00eancia inicial. Ainda n\u00e3o se conhece a causa do fogo, que est\u00e1 a ser investigada.<\/p>\n<h3>Interven\u00e7\u00e3o e desdobramentos<\/h3>\n<p>As autoridades confirmaram que o fogo foi extinto e que n\u00e3o houve registo de ferimentos. O caso permanece sob apura\u00e7\u00e3o, com acompanhamento \u00e0s eventualidades para a reabilita\u00e7\u00e3o da casa.<\/p>\n","protected":false},"excerpt":{"rendered":"<ul>\n<li>Um inc\u00eandio numa casa em Pousadouros, Mouronho, concelho de T\u00e1bua, deixou quatro desalojados: um casal e dois filhos menores.<\/li>\n<li>O alerta foi dado \u00e0s 18h52.<\/li>\n<li>Os ocupantes eram um rapaz de 10 anos e uma rapariga de 16 anos, que ficaram sem casa e foram realojados em casa de familiares.<\/li>\n<li>Ningu\u00e9m ficou ferido.<\/li>\n<li>Os bombeiros de T\u00e1bua e a Guarda Nacional Republicana (GNR) deslocaram-se ao local.<\/li>\n<\/ul>\n","protected":false},"author":2,"featured_media":132609,"comment_status":"closed","ping_status":"closed","sticky":false,"template":"","format":"standard","meta":{"footnotes":""},"categories":[1],"tags":[971,285,2117,2636,150,1438],"class_list":["post-132601","post","type-post","status-publish","format-standard","has-post-thumbnail","hentry","category-noticias","tag-bombeiros","tag-casa","tag-desalojados-internos","tag-desalojamento","tag-habitacao","tag-incendio"],"yoast_head":"<!-- This site is optimized with the Yoast SEO plugin v27.2 - https:\/\/yoast.com\/product\/yoast-seo-wordpress\/ -->\n<title>Casal e dois filhos menores ficam sem casa ap\u00f3s inc\u00eandio em T\u00e1bua - Portal Tela Portugal<\/title>\n<meta name=\"robots\" content=\"index, follow, max-snippet:-1, max-image-preview:large, max-video-preview:-1\" \/>\n<meta property=\"og:locale\" content=\"pt_PT\" \/>\n<meta property=\"og:type\" content=\"article\" \/>\n<meta property=\"og:title\" content=\"Casal e dois filhos menores ficam sem casa ap\u00f3s inc\u00eandio em T\u00e1bua - Portal Tela Portugal\" \/>\n<meta property=\"og:description\" content=\"Um inc\u00eandio numa casa em Pousadouros, Mouronho, concelho de T\u00e1bua, deixou quatro desalojados: um casal e dois filhos menores. O alerta foi dado \u00e0s 18h52. Os ocupantes eram um rapaz de 10 anos e uma rapariga de 16 anos, que ficaram sem casa e foram realojados em casa de familiares. Ningu\u00e9m ficou ferido. Os bombeiros de T\u00e1bua e a Guarda Nacional Republicana (GNR) deslocaram-se ao local.\" \/>\n<meta property=\"og:url\" content=\"https:\/\/portaltela.pt\/noticias\/2026\/01\/11\/casal-e-dois-filhos-menores-ficam-sem-casa-apos-incendio-em-tabua\/\" \/>\n<meta property=\"og:site_name\" content=\"Portal Tela Portugal\" \/>\n<meta property=\"article:published_time\" content=\"2026-01-11T08:47:01+00:00\" \/>\n<meta name=\"author\" content=\"Telinha\" \/>\n<meta name=\"twitter:card\" content=\"summary_large_image\" \/>\n<meta name=\"twitter:label1\" content=\"Escrito por\" \/>\n\t<meta name=\"twitter:data1\" content=\"Telinha\" \/>\n\t<meta name=\"twitter:label2\" content=\"Tempo estimado de leitura\" \/>\n\t<meta name=\"twitter:data2\" content=\"1 minuto\" \/>\n<script type=\"application\/ld+json\" class=\"yoast-schema-graph\">{\"@context\":\"https:\/\/schema.org\",\"@graph\":[{\"@type\":\"Article\",\"@id\":\"https:\/\/portaltela.pt\/noticias\/2026\/01\/11\/casal-e-dois-filhos-menores-ficam-sem-casa-apos-incendio-em-tabua\/#article\",\"isPartOf\":{\"@id\":\"https:\/\/portaltela.pt\/noticias\/2026\/01\/11\/casal-e-dois-filhos-menores-ficam-sem-casa-apos-incendio-em-tabua\/\"},\"author\":{\"name\":\"Telinha\",\"@id\":\"https:\/\/portaltela.pt\/#\/schema\/person\/c4278d4a6028830caff9ee44b42d32ed\"},\"headline\":\"Casal e dois filhos menores ficam sem casa ap\u00f3s inc\u00eandio em T\u00e1bua\",\"datePublished\":\"2026-01-11T08:47:01+00:00\",\"mainEntityOfPage\":{\"@id\":\"https:\/\/portaltela.pt\/noticias\/2026\/01\/11\/casal-e-dois-filhos-menores-ficam-sem-casa-apos-incendio-em-tabua\/\"},\"wordCount\":153,\"image\":{\"@id\":\"https:\/\/portaltela.pt\/noticias\/2026\/01\/11\/casal-e-dois-filhos-menores-ficam-sem-casa-apos-incendio-em-tabua\/#primaryimage\"},\"thumbnailUrl\":\"https:\/\/portaltela.pt\/s.01k8rhncp4jt1\/2026\/01\/unnamed-file-2184.jpg\",\"keywords\":[\"bombeiros\",\"casa\",\"desalojados internos\",\"desalojamento\",\"habita\u00e7\u00e3o\",\"inc\u00eandio\"],\"articleSection\":[\"Not\u00edcias\"],\"inLanguage\":\"pt-PT\"},{\"@type\":\"WebPage\",\"@id\":\"https:\/\/portaltela.pt\/noticias\/2026\/01\/11\/casal-e-dois-filhos-menores-ficam-sem-casa-apos-incendio-em-tabua\/\",\"url\":\"https:\/\/portaltela.pt\/noticias\/2026\/01\/11\/casal-e-dois-filhos-menores-ficam-sem-casa-apos-incendio-em-tabua\/\",\"name\":\"Casal e dois filhos menores ficam sem casa ap\u00f3s inc\u00eandio em T\u00e1bua - Portal Tela Portugal\",\"isPartOf\":{\"@id\":\"https:\/\/portaltela.pt\/#website\"},\"primaryImageOfPage\":{\"@id\":\"https:\/\/portaltela.pt\/noticias\/2026\/01\/11\/casal-e-dois-filhos-menores-ficam-sem-casa-apos-incendio-em-tabua\/#primaryimage\"},\"image\":{\"@id\":\"https:\/\/portaltela.pt\/noticias\/2026\/01\/11\/casal-e-dois-filhos-menores-ficam-sem-casa-apos-incendio-em-tabua\/#primaryimage\"},\"thumbnailUrl\":\"https:\/\/portaltela.pt\/s.01k8rhncp4jt1\/2026\/01\/unnamed-file-2184.jpg\",\"datePublished\":\"2026-01-11T08:47:01+00:00\",\"author\":{\"@id\":\"https:\/\/portaltela.pt\/#\/schema\/person\/c4278d4a6028830caff9ee44b42d32ed\"},\"breadcrumb\":{\"@id\":\"https:\/\/portaltela.pt\/noticias\/2026\/01\/11\/casal-e-dois-filhos-menores-ficam-sem-casa-apos-incendio-em-tabua\/#breadcrumb\"},\"inLanguage\":\"pt-PT\",\"potentialAction\":[{\"@type\":\"ReadAction\",\"target\":[\"https:\/\/portaltela.pt\/noticias\/2026\/01\/11\/casal-e-dois-filhos-menores-ficam-sem-casa-apos-incendio-em-tabua\/\"]}]},{\"@type\":\"ImageObject\",\"inLanguage\":\"pt-PT\",\"@id\":\"https:\/\/portaltela.pt\/noticias\/2026\/01\/11\/casal-e-dois-filhos-menores-ficam-sem-casa-apos-incendio-em-tabua\/#primaryimage\",\"url\":\"https:\/\/portaltela.pt\/s.01k8rhncp4jt1\/2026\/01\/unnamed-file-2184.jpg\",\"contentUrl\":\"https:\/\/portaltela.pt\/s.01k8rhncp4jt1\/2026\/01\/unnamed-file-2184.jpg\",\"width\":796,\"height\":448,\"caption\":\"Inc\u00eandio destruiu casa onde viviam quatro pessoas em Viseu\"},{\"@type\":\"BreadcrumbList\",\"@id\":\"https:\/\/portaltela.pt\/noticias\/2026\/01\/11\/casal-e-dois-filhos-menores-ficam-sem-casa-apos-incendio-em-tabua\/#breadcrumb\",\"itemListElement\":[{\"@type\":\"ListItem\",\"position\":1,\"name\":\"In\u00edcio\",\"item\":\"https:\/\/portaltela.pt\/\"},{\"@type\":\"ListItem\",\"position\":2,\"name\":\"Casal e dois filhos menores ficam sem casa ap\u00f3s inc\u00eandio em T\u00e1bua\"}]},{\"@type\":\"WebSite\",\"@id\":\"https:\/\/portaltela.pt\/#website\",\"url\":\"https:\/\/portaltela.pt\/\",\"name\":\"Portal Tela Portugal\",\"description\":\"\",\"potentialAction\":[{\"@type\":\"SearchAction\",\"target\":{\"@type\":\"EntryPoint\",\"urlTemplate\":\"https:\/\/portaltela.pt\/?s={search_term_string}\"},\"query-input\":{\"@type\":\"PropertyValueSpecification\",\"valueRequired\":true,\"valueName\":\"search_term_string\"}}],\"inLanguage\":\"pt-PT\"},{\"@type\":\"Person\",\"@id\":\"https:\/\/portaltela.pt\/#\/schema\/person\/c4278d4a6028830caff9ee44b42d32ed\",\"name\":\"Telinha\",\"image\":{\"@type\":\"ImageObject\",\"inLanguage\":\"pt-PT\",\"@id\":\"https:\/\/portaltela.pt\/s.01k8rhncp4jt1\/2025\/11\/talking-bot-125x125.png\",\"url\":\"https:\/\/portaltela.pt\/s.01k8rhncp4jt1\/2025\/11\/talking-bot-125x125.png\",\"contentUrl\":\"https:\/\/portaltela.pt\/s.01k8rhncp4jt1\/2025\/11\/talking-bot-125x125.png\",\"caption\":\"Telinha\"},\"sameAs\":[\"https:\/\/portaltela.pt\/\"],\"url\":\"https:\/\/portaltela.pt\/por\/367410592786\/\"}]}<\/script>\n<!-- \/ Yoast SEO plugin. -->","yoast_head_json":{"title":"Casal e dois filhos menores ficam sem casa ap\u00f3s inc\u00eandio em T\u00e1bua - Portal Tela Portugal","robots":{"index":"index","follow":"follow","max-snippet":"max-snippet:-1","max-image-preview":"max-image-preview:large","max-video-preview":"max-video-preview:-1"},"og_locale":"pt_PT","og_type":"article","og_title":"Casal e dois filhos menores ficam sem casa ap\u00f3s inc\u00eandio em T\u00e1bua - Portal Tela Portugal","og_description":"Um inc\u00eandio numa casa em Pousadouros, Mouronho, concelho de T\u00e1bua, deixou quatro desalojados: um casal e dois filhos menores. O alerta foi dado \u00e0s 18h52. Os ocupantes eram um rapaz de 10 anos e uma rapariga de 16 anos, que ficaram sem casa e foram realojados em casa de familiares. Ningu\u00e9m ficou ferido. Os bombeiros de T\u00e1bua e a Guarda Nacional Republicana (GNR) deslocaram-se ao local.","og_url":"https:\/\/portaltela.pt\/noticias\/2026\/01\/11\/casal-e-dois-filhos-menores-ficam-sem-casa-apos-incendio-em-tabua\/","og_site_name":"Portal Tela Portugal","article_published_time":"2026-01-11T08:47:01+00:00","author":"Telinha","twitter_card":"summary_large_image","twitter_misc":{"Escrito por":"Telinha","Tempo estimado de leitura":"1 minuto"},"schema":{"@context":"https:\/\/schema.org","@graph":[{"@type":"Article","@id":"https:\/\/portaltela.pt\/noticias\/2026\/01\/11\/casal-e-dois-filhos-menores-ficam-sem-casa-apos-incendio-em-tabua\/#article","isPartOf":{"@id":"https:\/\/portaltela.pt\/noticias\/2026\/01\/11\/casal-e-dois-filhos-menores-ficam-sem-casa-apos-incendio-em-tabua\/"},"author":{"name":"Telinha","@id":"https:\/\/portaltela.pt\/#\/schema\/person\/c4278d4a6028830caff9ee44b42d32ed"},"headline":"Casal e dois filhos menores ficam sem casa ap\u00f3s inc\u00eandio em T\u00e1bua","datePublished":"2026-01-11T08:47:01+00:00","mainEntityOfPage":{"@id":"https:\/\/portaltela.pt\/noticias\/2026\/01\/11\/casal-e-dois-filhos-menores-ficam-sem-casa-apos-incendio-em-tabua\/"},"wordCount":153,"image":{"@id":"https:\/\/portaltela.pt\/noticias\/2026\/01\/11\/casal-e-dois-filhos-menores-ficam-sem-casa-apos-incendio-em-tabua\/#primaryimage"},"thumbnailUrl":"https:\/\/portaltela.pt\/s.01k8rhncp4jt1\/2026\/01\/unnamed-file-2184.jpg","keywords":["bombeiros","casa","desalojados internos","desalojamento","habita\u00e7\u00e3o","inc\u00eandio"],"articleSection":["Not\u00edcias"],"inLanguage":"pt-PT"},{"@type":"WebPage","@id":"https:\/\/portaltela.pt\/noticias\/2026\/01\/11\/casal-e-dois-filhos-menores-ficam-sem-casa-apos-incendio-em-tabua\/","url":"https:\/\/portaltela.pt\/noticias\/2026\/01\/11\/casal-e-dois-filhos-menores-ficam-sem-casa-apos-incendio-em-tabua\/","name":"Casal e dois filhos menores ficam sem casa ap\u00f3s inc\u00eandio em T\u00e1bua - Portal Tela Portugal","isPartOf":{"@id":"https:\/\/portaltela.pt\/#website"},"primaryImageOfPage":{"@id":"https:\/\/portaltela.pt\/noticias\/2026\/01\/11\/casal-e-dois-filhos-menores-ficam-sem-casa-apos-incendio-em-tabua\/#primaryimage"},"image":{"@id":"https:\/\/portaltela.pt\/noticias\/2026\/01\/11\/casal-e-dois-filhos-menores-ficam-sem-casa-apos-incendio-em-tabua\/#primaryimage"},"thumbnailUrl":"https:\/\/portaltela.pt\/s.01k8rhncp4jt1\/2026\/01\/unnamed-file-2184.jpg","datePublished":"2026-01-11T08:47:01+00:00","author":{"@id":"https:\/\/portaltela.pt\/#\/schema\/person\/c4278d4a6028830caff9ee44b42d32ed"},"breadcrumb":{"@id":"https:\/\/portaltela.pt\/noticias\/2026\/01\/11\/casal-e-dois-filhos-menores-ficam-sem-casa-apos-incendio-em-tabua\/#breadcrumb"},"inLanguage":"pt-PT","potentialAction":[{"@type":"ReadAction","target":["https:\/\/portaltela.pt\/noticias\/2026\/01\/11\/casal-e-dois-filhos-menores-ficam-sem-casa-apos-incendio-em-tabua\/"]}]},{"@type":"ImageObject","inLanguage":"pt-PT","@id":"https:\/\/portaltela.pt\/noticias\/2026\/01\/11\/casal-e-dois-filhos-menores-ficam-sem-casa-apos-incendio-em-tabua\/#primaryimage","url":"https:\/\/portaltela.pt\/s.01k8rhncp4jt1\/2026\/01\/unnamed-file-2184.jpg","contentUrl":"https:\/\/portaltela.pt\/s.01k8rhncp4jt1\/2026\/01\/unnamed-file-2184.jpg","width":796,"height":448,"caption":"Inc\u00eandio destruiu casa onde viviam quatro pessoas em Viseu"},{"@type":"BreadcrumbList","@id":"https:\/\/portaltela.pt\/noticias\/2026\/01\/11\/casal-e-dois-filhos-menores-ficam-sem-casa-apos-incendio-em-tabua\/#breadcrumb","itemListElement":[{"@type":"ListItem","position":1,"name":"In\u00edcio","item":"https:\/\/portaltela.pt\/"},{"@type":"ListItem","position":2,"name":"Casal e dois filhos menores ficam sem casa ap\u00f3s inc\u00eandio em T\u00e1bua"}]},{"@type":"WebSite","@id":"https:\/\/portaltela.pt\/#website","url":"https:\/\/portaltela.pt\/","name":"Portal Tela Portugal","description":"","potentialAction":[{"@type":"SearchAction","target":{"@type":"EntryPoint","urlTemplate":"https:\/\/portaltela.pt\/?s={search_term_string}"},"query-input":{"@type":"PropertyValueSpecification","valueRequired":true,"valueName":"search_term_string"}}],"inLanguage":"pt-PT"},{"@type":"Person","@id":"https:\/\/portaltela.pt\/#\/schema\/person\/c4278d4a6028830caff9ee44b42d32ed","name":"Telinha","image":{"@type":"ImageObject","inLanguage":"pt-PT","@id":"https:\/\/portaltela.pt\/s.01k8rhncp4jt1\/2025\/11\/talking-bot-125x125.png","url":"https:\/\/portaltela.pt\/s.01k8rhncp4jt1\/2025\/11\/talking-bot-125x125.png","contentUrl":"https:\/\/portaltela.pt\/s.01k8rhncp4jt1\/2025\/11\/talking-bot-125x125.png","caption":"Telinha"},"sameAs":["https:\/\/portaltela.pt\/"],"url":"https:\/\/portaltela.pt\/por\/367410592786\/"}]}},"_links":{"self":[{"href":"https:\/\/portaltela.pt\/api\/wp\/v2\/posts\/132601","targetHints":{"allow":["GET"]}}],"collection":[{"href":"https:\/\/portaltela.pt\/api\/wp\/v2\/posts"}],"about":[{"href":"https:\/\/portaltela.pt\/api\/wp\/v2\/types\/post"}],"author":[{"embeddable":true,"href":"https:\/\/portaltela.pt\/api\/wp\/v2\/users\/2"}],"replies":[{"embeddable":true,"href":"https:\/\/portaltela.pt\/api\/wp\/v2\/comments?post=132601"}],"version-history":[{"count":0,"href":"https:\/\/portaltela.pt\/api\/wp\/v2\/posts\/132601\/revisions"}],"wp:featuredmedia":[{"embeddable":true,"href":"https:\/\/portaltela.pt\/api\/wp\/v2\/media\/132609"}],"wp:attachment":[{"href":"https:\/\/portaltela.pt\/api\/wp\/v2\/media?parent=132601"}],"wp:term":[{"taxonomy":"category","embeddable":true,"href":"https:\/\/portaltela.pt\/api\/wp\/v2\/categories?post=132601"},{"taxonomy":"post_tag","embeddable":true,"href":"https:\/\/portaltela.pt\/api\/wp\/v2\/tags?post=132601"}],"curies":[{"name":"wp","href":"https:\/\/api.w.org\/{rel}","templated":true}]}}