{"id":132598,"date":"2026-01-11T06:10:26","date_gmt":"2026-01-11T09:10:26","guid":{"rendered":"https:\/\/portaltela.pt\/noticias\/2026\/01\/11\/diamantino-miranda-bracadeira-de-capitao-no-benfica-nao-depende-da-antiguidade\/"},"modified":"2026-01-11T06:10:26","modified_gmt":"2026-01-11T09:10:26","slug":"diamantino-miranda-bracadeira-de-capitao-no-benfica-nao-depende-da-antiguidade","status":"publish","type":"post","link":"https:\/\/portaltela.pt\/desporto\/futebol\/2026\/01\/11\/diamantino-miranda-bracadeira-de-capitao-no-benfica-nao-depende-da-antiguidade\/","title":{"rendered":"Diamantino Miranda bra\u00e7adeira de capit\u00e3o no Benfica n\u00e3o depende da antiguidade"},"content":{"rendered":"<p>Richard R\u00edos foi o jogador distinguido com a bra\u00e7adeira de capit\u00e3o no Benfica, numa decis\u00e3o associada ao treinador e n\u00e3o \u00e0 antiguidade dentro do plantel.<\/p>\n<p>O comentador Diamantino Miranda, da CMTV, sublinha que a atribui\u00e7\u00e3o da bra\u00e7adeira depende da indica\u00e7\u00e3o do treinador, e n\u00e3o do tempo de servi\u00e7o ou de hierarquia.<\/p>\n<p>A not\u00edcia baseia-se na leitura feita pela CMTV durante a cobertura da equipa, destacando que o crit\u00e9rio utilizado para escolher o capit\u00e3o \u00e9 a orienta\u00e7\u00e3o t\u00e9cnica, segundo o seu representante.<\/p>\n","protected":false},"excerpt":{"rendered":"<ul>\n<li>Diamantino Miranda afirma que as bra\u00e7adeiras de capit\u00e3o no Benfica n\u00e3o s\u00e3o definidas pela antiguidade.<\/li>\n<li>O jogador Richard R\u00edos recebeu a bra\u00e7adeira de capit\u00e3o.<\/li>\n<li>O comentador da CMTV frisa que as bra\u00e7adeiras de capit\u00e3o s\u00e3o atribu\u00eddas por indica\u00e7\u00e3o do treinador.<\/li>\n<li>O tema centra-se no crit\u00e9rio de escolha do capit\u00e3o e na decis\u00e3o tomada pela equipa t\u00e9cnica.<\/li>\n<\/ul>\n","protected":false},"author":2,"featured_media":132602,"comment_status":"closed","ping_status":"closed","sticky":false,"template":"","format":"standard","meta":{"footnotes":""},"categories":[21,24],"tags":[1946,2816,32,2477],"class_list":["post-132598","post","type-post","status-publish","format-standard","has-post-thumbnail","hentry","category-desporto","category-futebol","tag-benfica","tag-diamantino-miranda","tag-futebol","tag-treinadores"],"yoast_head":"<!-- This site is optimized with the Yoast SEO plugin v27.2 - https:\/\/yoast.com\/product\/yoast-seo-wordpress\/ -->\n<title>Diamantino Miranda bra\u00e7adeira de capit\u00e3o no Benfica n\u00e3o depende da antiguidade - Portal Tela Portugal<\/title>\n<meta name=\"robots\" content=\"index, follow, max-snippet:-1, max-image-preview:large, max-video-preview:-1\" \/>\n<meta property=\"og:locale\" content=\"pt_PT\" \/>\n<meta property=\"og:type\" content=\"article\" \/>\n<meta property=\"og:title\" content=\"Diamantino Miranda bra\u00e7adeira de capit\u00e3o no Benfica n\u00e3o depende da antiguidade - Portal Tela Portugal\" \/>\n<meta property=\"og:description\" content=\"Diamantino Miranda afirma que as bra\u00e7adeiras de capit\u00e3o no Benfica n\u00e3o s\u00e3o definidas pela antiguidade. O jogador Richard R\u00edos recebeu a bra\u00e7adeira de capit\u00e3o. O comentador da CMTV frisa que as bra\u00e7adeiras de capit\u00e3o s\u00e3o atribu\u00eddas por indica\u00e7\u00e3o do treinador. O tema centra-se no crit\u00e9rio de escolha do capit\u00e3o e na decis\u00e3o tomada pela equipa t\u00e9cnica.\" \/>\n<meta property=\"og:url\" content=\"https:\/\/portaltela.pt\/noticias\/2026\/01\/11\/diamantino-miranda-bracadeira-de-capitao-no-benfica-nao-depende-da-antiguidade\/\" \/>\n<meta property=\"og:site_name\" content=\"Portal Tela Portugal\" \/>\n<meta property=\"article:published_time\" content=\"2026-01-11T09:10:26+00:00\" \/>\n<meta name=\"author\" content=\"Telinha\" \/>\n<meta name=\"twitter:card\" content=\"summary_large_image\" \/>\n<meta name=\"twitter:label1\" content=\"Escrito por\" \/>\n\t<meta name=\"twitter:data1\" content=\"Telinha\" \/>\n<script type=\"application\/ld+json\" class=\"yoast-schema-graph\">{\"@context\":\"https:\/\/schema.org\",\"@graph\":[{\"@type\":\"Article\",\"@id\":\"https:\/\/portaltela.pt\/noticias\/2026\/01\/11\/diamantino-miranda-bracadeira-de-capitao-no-benfica-nao-depende-da-antiguidade\/#article\",\"isPartOf\":{\"@id\":\"https:\/\/portaltela.pt\/noticias\/2026\/01\/11\/diamantino-miranda-bracadeira-de-capitao-no-benfica-nao-depende-da-antiguidade\/\"},\"author\":{\"name\":\"Telinha\",\"@id\":\"https:\/\/portaltela.pt\/#\/schema\/person\/c4278d4a6028830caff9ee44b42d32ed\"},\"headline\":\"Diamantino Miranda bra\u00e7adeira de capit\u00e3o no Benfica n\u00e3o depende da antiguidade\",\"datePublished\":\"2026-01-11T09:10:26+00:00\",\"mainEntityOfPage\":{\"@id\":\"https:\/\/portaltela.pt\/noticias\/2026\/01\/11\/diamantino-miranda-bracadeira-de-capitao-no-benfica-nao-depende-da-antiguidade\/\"},\"wordCount\":108,\"image\":{\"@id\":\"https:\/\/portaltela.pt\/noticias\/2026\/01\/11\/diamantino-miranda-bracadeira-de-capitao-no-benfica-nao-depende-da-antiguidade\/#primaryimage\"},\"thumbnailUrl\":\"https:\/\/portaltela.pt\/s.01k8rhncp4jt1\/2026\/01\/img_1280x722uu2026-01-11-09-08-00-2259376.jpg\",\"keywords\":[\"Benfica\",\"Diamantino Miranda\",\"futebol\",\"treinadores\"],\"articleSection\":[\"Desporto\",\"Futebol\"],\"inLanguage\":\"pt-PT\"},{\"@type\":\"WebPage\",\"@id\":\"https:\/\/portaltela.pt\/noticias\/2026\/01\/11\/diamantino-miranda-bracadeira-de-capitao-no-benfica-nao-depende-da-antiguidade\/\",\"url\":\"https:\/\/portaltela.pt\/noticias\/2026\/01\/11\/diamantino-miranda-bracadeira-de-capitao-no-benfica-nao-depende-da-antiguidade\/\",\"name\":\"Diamantino Miranda bra\u00e7adeira de capit\u00e3o no Benfica n\u00e3o depende da antiguidade - Portal Tela Portugal\",\"isPartOf\":{\"@id\":\"https:\/\/portaltela.pt\/#website\"},\"primaryImageOfPage\":{\"@id\":\"https:\/\/portaltela.pt\/noticias\/2026\/01\/11\/diamantino-miranda-bracadeira-de-capitao-no-benfica-nao-depende-da-antiguidade\/#primaryimage\"},\"image\":{\"@id\":\"https:\/\/portaltela.pt\/noticias\/2026\/01\/11\/diamantino-miranda-bracadeira-de-capitao-no-benfica-nao-depende-da-antiguidade\/#primaryimage\"},\"thumbnailUrl\":\"https:\/\/portaltela.pt\/s.01k8rhncp4jt1\/2026\/01\/img_1280x722uu2026-01-11-09-08-00-2259376.jpg\",\"datePublished\":\"2026-01-11T09:10:26+00:00\",\"author\":{\"@id\":\"https:\/\/portaltela.pt\/#\/schema\/person\/c4278d4a6028830caff9ee44b42d32ed\"},\"breadcrumb\":{\"@id\":\"https:\/\/portaltela.pt\/noticias\/2026\/01\/11\/diamantino-miranda-bracadeira-de-capitao-no-benfica-nao-depende-da-antiguidade\/#breadcrumb\"},\"inLanguage\":\"pt-PT\",\"potentialAction\":[{\"@type\":\"ReadAction\",\"target\":[\"https:\/\/portaltela.pt\/noticias\/2026\/01\/11\/diamantino-miranda-bracadeira-de-capitao-no-benfica-nao-depende-da-antiguidade\/\"]}]},{\"@type\":\"ImageObject\",\"inLanguage\":\"pt-PT\",\"@id\":\"https:\/\/portaltela.pt\/noticias\/2026\/01\/11\/diamantino-miranda-bracadeira-de-capitao-no-benfica-nao-depende-da-antiguidade\/#primaryimage\",\"url\":\"https:\/\/portaltela.pt\/s.01k8rhncp4jt1\/2026\/01\/img_1280x722uu2026-01-11-09-08-00-2259376.jpg\",\"contentUrl\":\"https:\/\/portaltela.pt\/s.01k8rhncp4jt1\/2026\/01\/img_1280x722uu2026-01-11-09-08-00-2259376.jpg\",\"width\":796,\"height\":448,\"caption\":\"Richard R\u00edos com bra\u00e7adeira de capit\u00e3o\"},{\"@type\":\"BreadcrumbList\",\"@id\":\"https:\/\/portaltela.pt\/noticias\/2026\/01\/11\/diamantino-miranda-bracadeira-de-capitao-no-benfica-nao-depende-da-antiguidade\/#breadcrumb\",\"itemListElement\":[{\"@type\":\"ListItem\",\"position\":1,\"name\":\"In\u00edcio\",\"item\":\"https:\/\/portaltela.pt\/\"},{\"@type\":\"ListItem\",\"position\":2,\"name\":\"Diamantino Miranda bra\u00e7adeira de capit\u00e3o no Benfica n\u00e3o depende da antiguidade\"}]},{\"@type\":\"WebSite\",\"@id\":\"https:\/\/portaltela.pt\/#website\",\"url\":\"https:\/\/portaltela.pt\/\",\"name\":\"Portal Tela Portugal\",\"description\":\"\",\"potentialAction\":[{\"@type\":\"SearchAction\",\"target\":{\"@type\":\"EntryPoint\",\"urlTemplate\":\"https:\/\/portaltela.pt\/?s={search_term_string}\"},\"query-input\":{\"@type\":\"PropertyValueSpecification\",\"valueRequired\":true,\"valueName\":\"search_term_string\"}}],\"inLanguage\":\"pt-PT\"},{\"@type\":\"Person\",\"@id\":\"https:\/\/portaltela.pt\/#\/schema\/person\/c4278d4a6028830caff9ee44b42d32ed\",\"name\":\"Telinha\",\"image\":{\"@type\":\"ImageObject\",\"inLanguage\":\"pt-PT\",\"@id\":\"https:\/\/portaltela.pt\/s.01k8rhncp4jt1\/2025\/11\/talking-bot-125x125.png\",\"url\":\"https:\/\/portaltela.pt\/s.01k8rhncp4jt1\/2025\/11\/talking-bot-125x125.png\",\"contentUrl\":\"https:\/\/portaltela.pt\/s.01k8rhncp4jt1\/2025\/11\/talking-bot-125x125.png\",\"caption\":\"Telinha\"},\"sameAs\":[\"https:\/\/portaltela.pt\/\"],\"url\":\"https:\/\/portaltela.pt\/por\/367410592786\/\"}]}<\/script>\n<!-- \/ Yoast SEO plugin. -->","yoast_head_json":{"title":"Diamantino Miranda bra\u00e7adeira de capit\u00e3o no Benfica n\u00e3o depende da antiguidade - Portal Tela Portugal","robots":{"index":"index","follow":"follow","max-snippet":"max-snippet:-1","max-image-preview":"max-image-preview:large","max-video-preview":"max-video-preview:-1"},"og_locale":"pt_PT","og_type":"article","og_title":"Diamantino Miranda bra\u00e7adeira de capit\u00e3o no Benfica n\u00e3o depende da antiguidade - Portal Tela Portugal","og_description":"Diamantino Miranda afirma que as bra\u00e7adeiras de capit\u00e3o no Benfica n\u00e3o s\u00e3o definidas pela antiguidade. O jogador Richard R\u00edos recebeu a bra\u00e7adeira de capit\u00e3o. O comentador da CMTV frisa que as bra\u00e7adeiras de capit\u00e3o s\u00e3o atribu\u00eddas por indica\u00e7\u00e3o do treinador. O tema centra-se no crit\u00e9rio de escolha do capit\u00e3o e na decis\u00e3o tomada pela equipa t\u00e9cnica.","og_url":"https:\/\/portaltela.pt\/noticias\/2026\/01\/11\/diamantino-miranda-bracadeira-de-capitao-no-benfica-nao-depende-da-antiguidade\/","og_site_name":"Portal Tela Portugal","article_published_time":"2026-01-11T09:10:26+00:00","author":"Telinha","twitter_card":"summary_large_image","twitter_misc":{"Escrito por":"Telinha"},"schema":{"@context":"https:\/\/schema.org","@graph":[{"@type":"Article","@id":"https:\/\/portaltela.pt\/noticias\/2026\/01\/11\/diamantino-miranda-bracadeira-de-capitao-no-benfica-nao-depende-da-antiguidade\/#article","isPartOf":{"@id":"https:\/\/portaltela.pt\/noticias\/2026\/01\/11\/diamantino-miranda-bracadeira-de-capitao-no-benfica-nao-depende-da-antiguidade\/"},"author":{"name":"Telinha","@id":"https:\/\/portaltela.pt\/#\/schema\/person\/c4278d4a6028830caff9ee44b42d32ed"},"headline":"Diamantino Miranda bra\u00e7adeira de capit\u00e3o no Benfica n\u00e3o depende da antiguidade","datePublished":"2026-01-11T09:10:26+00:00","mainEntityOfPage":{"@id":"https:\/\/portaltela.pt\/noticias\/2026\/01\/11\/diamantino-miranda-bracadeira-de-capitao-no-benfica-nao-depende-da-antiguidade\/"},"wordCount":108,"image":{"@id":"https:\/\/portaltela.pt\/noticias\/2026\/01\/11\/diamantino-miranda-bracadeira-de-capitao-no-benfica-nao-depende-da-antiguidade\/#primaryimage"},"thumbnailUrl":"https:\/\/portaltela.pt\/s.01k8rhncp4jt1\/2026\/01\/img_1280x722uu2026-01-11-09-08-00-2259376.jpg","keywords":["Benfica","Diamantino Miranda","futebol","treinadores"],"articleSection":["Desporto","Futebol"],"inLanguage":"pt-PT"},{"@type":"WebPage","@id":"https:\/\/portaltela.pt\/noticias\/2026\/01\/11\/diamantino-miranda-bracadeira-de-capitao-no-benfica-nao-depende-da-antiguidade\/","url":"https:\/\/portaltela.pt\/noticias\/2026\/01\/11\/diamantino-miranda-bracadeira-de-capitao-no-benfica-nao-depende-da-antiguidade\/","name":"Diamantino Miranda bra\u00e7adeira de capit\u00e3o no Benfica n\u00e3o depende da antiguidade - Portal Tela Portugal","isPartOf":{"@id":"https:\/\/portaltela.pt\/#website"},"primaryImageOfPage":{"@id":"https:\/\/portaltela.pt\/noticias\/2026\/01\/11\/diamantino-miranda-bracadeira-de-capitao-no-benfica-nao-depende-da-antiguidade\/#primaryimage"},"image":{"@id":"https:\/\/portaltela.pt\/noticias\/2026\/01\/11\/diamantino-miranda-bracadeira-de-capitao-no-benfica-nao-depende-da-antiguidade\/#primaryimage"},"thumbnailUrl":"https:\/\/portaltela.pt\/s.01k8rhncp4jt1\/2026\/01\/img_1280x722uu2026-01-11-09-08-00-2259376.jpg","datePublished":"2026-01-11T09:10:26+00:00","author":{"@id":"https:\/\/portaltela.pt\/#\/schema\/person\/c4278d4a6028830caff9ee44b42d32ed"},"breadcrumb":{"@id":"https:\/\/portaltela.pt\/noticias\/2026\/01\/11\/diamantino-miranda-bracadeira-de-capitao-no-benfica-nao-depende-da-antiguidade\/#breadcrumb"},"inLanguage":"pt-PT","potentialAction":[{"@type":"ReadAction","target":["https:\/\/portaltela.pt\/noticias\/2026\/01\/11\/diamantino-miranda-bracadeira-de-capitao-no-benfica-nao-depende-da-antiguidade\/"]}]},{"@type":"ImageObject","inLanguage":"pt-PT","@id":"https:\/\/portaltela.pt\/noticias\/2026\/01\/11\/diamantino-miranda-bracadeira-de-capitao-no-benfica-nao-depende-da-antiguidade\/#primaryimage","url":"https:\/\/portaltela.pt\/s.01k8rhncp4jt1\/2026\/01\/img_1280x722uu2026-01-11-09-08-00-2259376.jpg","contentUrl":"https:\/\/portaltela.pt\/s.01k8rhncp4jt1\/2026\/01\/img_1280x722uu2026-01-11-09-08-00-2259376.jpg","width":796,"height":448,"caption":"Richard R\u00edos com bra\u00e7adeira de capit\u00e3o"},{"@type":"BreadcrumbList","@id":"https:\/\/portaltela.pt\/noticias\/2026\/01\/11\/diamantino-miranda-bracadeira-de-capitao-no-benfica-nao-depende-da-antiguidade\/#breadcrumb","itemListElement":[{"@type":"ListItem","position":1,"name":"In\u00edcio","item":"https:\/\/portaltela.pt\/"},{"@type":"ListItem","position":2,"name":"Diamantino Miranda bra\u00e7adeira de capit\u00e3o no Benfica n\u00e3o depende da antiguidade"}]},{"@type":"WebSite","@id":"https:\/\/portaltela.pt\/#website","url":"https:\/\/portaltela.pt\/","name":"Portal Tela Portugal","description":"","potentialAction":[{"@type":"SearchAction","target":{"@type":"EntryPoint","urlTemplate":"https:\/\/portaltela.pt\/?s={search_term_string}"},"query-input":{"@type":"PropertyValueSpecification","valueRequired":true,"valueName":"search_term_string"}}],"inLanguage":"pt-PT"},{"@type":"Person","@id":"https:\/\/portaltela.pt\/#\/schema\/person\/c4278d4a6028830caff9ee44b42d32ed","name":"Telinha","image":{"@type":"ImageObject","inLanguage":"pt-PT","@id":"https:\/\/portaltela.pt\/s.01k8rhncp4jt1\/2025\/11\/talking-bot-125x125.png","url":"https:\/\/portaltela.pt\/s.01k8rhncp4jt1\/2025\/11\/talking-bot-125x125.png","contentUrl":"https:\/\/portaltela.pt\/s.01k8rhncp4jt1\/2025\/11\/talking-bot-125x125.png","caption":"Telinha"},"sameAs":["https:\/\/portaltela.pt\/"],"url":"https:\/\/portaltela.pt\/por\/367410592786\/"}]}},"_links":{"self":[{"href":"https:\/\/portaltela.pt\/api\/wp\/v2\/posts\/132598","targetHints":{"allow":["GET"]}}],"collection":[{"href":"https:\/\/portaltela.pt\/api\/wp\/v2\/posts"}],"about":[{"href":"https:\/\/portaltela.pt\/api\/wp\/v2\/types\/post"}],"author":[{"embeddable":true,"href":"https:\/\/portaltela.pt\/api\/wp\/v2\/users\/2"}],"replies":[{"embeddable":true,"href":"https:\/\/portaltela.pt\/api\/wp\/v2\/comments?post=132598"}],"version-history":[{"count":0,"href":"https:\/\/portaltela.pt\/api\/wp\/v2\/posts\/132598\/revisions"}],"wp:featuredmedia":[{"embeddable":true,"href":"https:\/\/portaltela.pt\/api\/wp\/v2\/media\/132602"}],"wp:attachment":[{"href":"https:\/\/portaltela.pt\/api\/wp\/v2\/media?parent=132598"}],"wp:term":[{"taxonomy":"category","embeddable":true,"href":"https:\/\/portaltela.pt\/api\/wp\/v2\/categories?post=132598"},{"taxonomy":"post_tag","embeddable":true,"href":"https:\/\/portaltela.pt\/api\/wp\/v2\/tags?post=132598"}],"curies":[{"name":"wp","href":"https:\/\/api.w.org\/{rel}","templated":true}]}}