{"id":132021,"date":"2026-01-10T19:54:00","date_gmt":"2026-01-10T22:54:00","guid":{"rendered":"https:\/\/portaltela.pt\/noticias\/2026\/01\/10\/grupo-ocidental-dos-acores-com-aviso-laranja-por-agitacao-maritima\/"},"modified":"2026-01-10T19:54:00","modified_gmt":"2026-01-10T22:54:00","slug":"grupo-ocidental-dos-acores-com-aviso-laranja-por-agitacao-maritima","status":"publish","type":"post","link":"https:\/\/portaltela.pt\/noticias\/2026\/01\/10\/grupo-ocidental-dos-acores-com-aviso-laranja-por-agitacao-maritima\/","title":{"rendered":"Grupo Ocidental dos A\u00e7ores com aviso laranja por agita\u00e7\u00e3o mar\u00edtima"},"content":{"rendered":"<p>O Instituto Portugu\u00eas do Mar e da Atmosfera (IPMA) emitiu hoje um aviso laranja para o grupo Ocidental dos A\u00e7ores (Flores e Corvo) devido \u00e0 agita\u00e7\u00e3o mar\u00edtima, com ondas de noroeste. O aviso vigora para a tarde de hoje e madrugada de segunda-feira.<\/p>\n<p>O IPMA tamb\u00e9m colocou o grupo Central a\u00e7oriano (Terceira, S\u00e3o Jorge, Pico, Graciosa e Faial) sob aviso amarelo por precipita\u00e7\u00e3o, agita\u00e7\u00e3o mar\u00edtima e vento. As situa\u00e7\u00f5es variam conforme o tempo e o local.<\/p>\n<p>Para as ilhas do grupo Ocidental, o aviso laranja por agita\u00e7\u00e3o mar\u00edtima (ondas de noroeste) est\u00e1 estabelecido entre as 23:00 de domingo e as 11:00 de segunda-feira, hora local (mais uma hora em Lisboa).<\/p>\n<h3>Detalhes por grupo<\/h3>\n<ul>\n<li>Flores e Corvo ficam ainda sob aviso amarelo por agita\u00e7\u00e3o mar\u00edtima (ondas de noroeste) entre as 19:00 e as 23:00 de domingo, e entre as 11:00 e as 14:00 de segunda-feira; por vento (oeste, rodando para noroeste) das 17:00 de domingo \u00e0s 11:00 de segunda-feira.<\/li>\n<li>O grupo Central recebe aviso amarelo por precipita\u00e7\u00e3o por vezes forte entre as 21:00 de hoje e as 07:00 de domingo, por agita\u00e7\u00e3o mar\u00edtima (ondas de noroeste) entre as 23:00 de domingo e as 14:00 de segunda-feira, e por vento (oeste rodando para noroeste) das 23:00 de domingo \u00e0s 14:00 de segunda-feira.<\/li>\n<li>As ilhas Terceira, S\u00e3o Jorge, Pico, Graciosa e Faial ficam sob aviso amarelo por vento de oeste, rodando para noroeste, das 23:00 de domingo \u00e0s 14:00 de segunda-feira.<\/li>\n<\/ul>\n<p>O IPMA utiliza avisos laranja quando existe risco moderado a elevado para a popula\u00e7\u00e3o. O aviso amarelo indica risco para atividades dependentes da meteorologia.<\/p>\n","protected":false},"excerpt":{"rendered":"<ul>\n<li>O Instituto Portugu\u00eas do Mar e da Atmosfera (IPMA) emitiu aviso laranja para o grupo Ocidental dos A\u00e7ores (Flores e Corvo) devido \u00e0 agita\u00e7\u00e3o mar\u00edtima, com ondas de noroeste, vigente das 23:00 de domingo at\u00e9 \u00e0s 11:00 de segunda-feira (mais uma hora em Lisboa).<\/li>\n<li>O grupo Central a\u00e7oriano (Terceira, S\u00e3o Jorge, Pico, Graciosa e Faial) fica sob aviso amarelo por precipita\u00e7\u00e3o, agita\u00e7\u00e3o mar\u00edtima e vento.<\/li>\n<li>Flores e Corvo t\u00eam aviso amarelo por agita\u00e7\u00e3o mar\u00edtima (ondas de noroeste) entre as 19:00 e as 23:00 de domingo e entre as 11:00 e as 14:00 de segunda-feira; e por vento (dire\u00e7\u00e3o oeste, rodando para noroeste) das 17:00 de domingo \u00e0s 11:00 de segunda-feira.<\/li>\n<li>No grupo Central, h\u00e1 aviso amarelo por precipita\u00e7\u00e3o por vezes forte entre as 21:00 de hoje e as 07:00 de domingo, por agita\u00e7\u00e3o mar\u00edtima (ondas de noroeste) entre as 23:00 de domingo e as 14:00 de segunda-feira, e por vento (oeste a noroeste) das 23:00 de domingo \u00e0s 14:00 de segunda-feira.<\/li>\n<li>O IPMA explica que o aviso laranja indica risco moderado a elevado; o amarelo indica risco para atividades dependentes das condi\u00e7\u00f5es meteorol\u00f3gicas.<\/li>\n<\/ul>\n","protected":false},"author":2,"featured_media":132051,"comment_status":"closed","ping_status":"closed","sticky":false,"template":"","format":"standard","meta":{"footnotes":""},"categories":[1],"tags":[822,1017,2043,2791,2790,2789],"class_list":["post-132021","post","type-post","status-publish","format-standard","has-post-thumbnail","hentry","category-noticias","tag-acores","tag-faial","tag-flores","tag-graciosa","tag-sao-jorge","tag-terceira"],"yoast_head":"<!-- This site is optimized with the Yoast SEO plugin v27.2 - https:\/\/yoast.com\/product\/yoast-seo-wordpress\/ -->\n<title>Grupo Ocidental dos A\u00e7ores com aviso laranja por agita\u00e7\u00e3o mar\u00edtima - Portal Tela Portugal<\/title>\n<meta name=\"robots\" content=\"index, follow, max-snippet:-1, max-image-preview:large, max-video-preview:-1\" \/>\n<meta property=\"og:locale\" content=\"pt_PT\" \/>\n<meta property=\"og:type\" content=\"article\" \/>\n<meta property=\"og:title\" content=\"Grupo Ocidental dos A\u00e7ores com aviso laranja por agita\u00e7\u00e3o mar\u00edtima - Portal Tela Portugal\" \/>\n<meta property=\"og:description\" content=\"O Instituto Portugu\u00eas do Mar e da Atmosfera (IPMA) emitiu aviso laranja para o grupo Ocidental dos A\u00e7ores (Flores e Corvo) devido \u00e0 agita\u00e7\u00e3o mar\u00edtima, com ondas de noroeste, vigente das 23:00 de domingo at\u00e9 \u00e0s 11:00 de segunda-feira (mais uma hora em Lisboa). O grupo Central a\u00e7oriano (Terceira, S\u00e3o Jorge, Pico, Graciosa e Faial) fica sob aviso amarelo por precipita\u00e7\u00e3o, agita\u00e7\u00e3o mar\u00edtima e vento. Flores e Corvo t\u00eam aviso amarelo por agita\u00e7\u00e3o mar\u00edtima (ondas de noroeste) entre as 19:00 e as 23:00 de domingo e entre as 11:00 e as 14:00 de segunda-feira; e por vento (dire\u00e7\u00e3o oeste, rodando para noroeste) das 17:00 de domingo \u00e0s 11:00 de segunda-feira. No grupo Central, h\u00e1 aviso amarelo por precipita\u00e7\u00e3o por vezes forte entre as 21:00 de hoje e as 07:00 de domingo, por agita\u00e7\u00e3o mar\u00edtima (ondas de noroeste) entre as 23:00 de domingo e as 14:00 de segunda-feira, e por vento (oeste a noroeste) das 23:00 de domingo \u00e0s 14:00 de segunda-feira. O IPMA explica que o aviso laranja indica risco moderado a elevado; o amarelo indica risco para atividades dependentes das condi\u00e7\u00f5es meteorol\u00f3gicas.\" \/>\n<meta property=\"og:url\" content=\"https:\/\/portaltela.pt\/noticias\/2026\/01\/10\/grupo-ocidental-dos-acores-com-aviso-laranja-por-agitacao-maritima\/\" \/>\n<meta property=\"og:site_name\" content=\"Portal Tela Portugal\" \/>\n<meta property=\"article:published_time\" content=\"2026-01-10T22:54:00+00:00\" \/>\n<meta name=\"author\" content=\"Telinha\" \/>\n<meta name=\"twitter:card\" content=\"summary_large_image\" \/>\n<meta name=\"twitter:label1\" content=\"Escrito por\" \/>\n\t<meta name=\"twitter:data1\" content=\"Telinha\" \/>\n\t<meta name=\"twitter:label2\" content=\"Tempo estimado de leitura\" \/>\n\t<meta name=\"twitter:data2\" content=\"1 minuto\" \/>\n<script type=\"application\/ld+json\" class=\"yoast-schema-graph\">{\"@context\":\"https:\/\/schema.org\",\"@graph\":[{\"@type\":\"Article\",\"@id\":\"https:\/\/portaltela.pt\/noticias\/2026\/01\/10\/grupo-ocidental-dos-acores-com-aviso-laranja-por-agitacao-maritima\/#article\",\"isPartOf\":{\"@id\":\"https:\/\/portaltela.pt\/noticias\/2026\/01\/10\/grupo-ocidental-dos-acores-com-aviso-laranja-por-agitacao-maritima\/\"},\"author\":{\"name\":\"Telinha\",\"@id\":\"https:\/\/portaltela.pt\/#\/schema\/person\/c4278d4a6028830caff9ee44b42d32ed\"},\"headline\":\"Grupo Ocidental dos A\u00e7ores com aviso laranja por agita\u00e7\u00e3o mar\u00edtima\",\"datePublished\":\"2026-01-10T22:54:00+00:00\",\"mainEntityOfPage\":{\"@id\":\"https:\/\/portaltela.pt\/noticias\/2026\/01\/10\/grupo-ocidental-dos-acores-com-aviso-laranja-por-agitacao-maritima\/\"},\"wordCount\":278,\"image\":{\"@id\":\"https:\/\/portaltela.pt\/noticias\/2026\/01\/10\/grupo-ocidental-dos-acores-com-aviso-laranja-por-agitacao-maritima\/#primaryimage\"},\"thumbnailUrl\":\"https:\/\/portaltela.pt\/s.01k8rhncp4jt1\/2026\/01\/unnamed-file-2141.jpg\",\"keywords\":[\"A\u00e7ores\",\"Faial\",\"Flores\",\"Graciosa\",\"S\u00e3o Jorge\",\"Terceira\"],\"articleSection\":[\"Not\u00edcias\"],\"inLanguage\":\"pt-PT\"},{\"@type\":\"WebPage\",\"@id\":\"https:\/\/portaltela.pt\/noticias\/2026\/01\/10\/grupo-ocidental-dos-acores-com-aviso-laranja-por-agitacao-maritima\/\",\"url\":\"https:\/\/portaltela.pt\/noticias\/2026\/01\/10\/grupo-ocidental-dos-acores-com-aviso-laranja-por-agitacao-maritima\/\",\"name\":\"Grupo Ocidental dos A\u00e7ores com aviso laranja por agita\u00e7\u00e3o mar\u00edtima - Portal Tela Portugal\",\"isPartOf\":{\"@id\":\"https:\/\/portaltela.pt\/#website\"},\"primaryImageOfPage\":{\"@id\":\"https:\/\/portaltela.pt\/noticias\/2026\/01\/10\/grupo-ocidental-dos-acores-com-aviso-laranja-por-agitacao-maritima\/#primaryimage\"},\"image\":{\"@id\":\"https:\/\/portaltela.pt\/noticias\/2026\/01\/10\/grupo-ocidental-dos-acores-com-aviso-laranja-por-agitacao-maritima\/#primaryimage\"},\"thumbnailUrl\":\"https:\/\/portaltela.pt\/s.01k8rhncp4jt1\/2026\/01\/unnamed-file-2141.jpg\",\"datePublished\":\"2026-01-10T22:54:00+00:00\",\"author\":{\"@id\":\"https:\/\/portaltela.pt\/#\/schema\/person\/c4278d4a6028830caff9ee44b42d32ed\"},\"breadcrumb\":{\"@id\":\"https:\/\/portaltela.pt\/noticias\/2026\/01\/10\/grupo-ocidental-dos-acores-com-aviso-laranja-por-agitacao-maritima\/#breadcrumb\"},\"inLanguage\":\"pt-PT\",\"potentialAction\":[{\"@type\":\"ReadAction\",\"target\":[\"https:\/\/portaltela.pt\/noticias\/2026\/01\/10\/grupo-ocidental-dos-acores-com-aviso-laranja-por-agitacao-maritima\/\"]}]},{\"@type\":\"ImageObject\",\"inLanguage\":\"pt-PT\",\"@id\":\"https:\/\/portaltela.pt\/noticias\/2026\/01\/10\/grupo-ocidental-dos-acores-com-aviso-laranja-por-agitacao-maritima\/#primaryimage\",\"url\":\"https:\/\/portaltela.pt\/s.01k8rhncp4jt1\/2026\/01\/unnamed-file-2141.jpg\",\"contentUrl\":\"https:\/\/portaltela.pt\/s.01k8rhncp4jt1\/2026\/01\/unnamed-file-2141.jpg\",\"width\":796,\"height\":448,\"caption\":\"Grupo Ocidental dos A\u00e7ores com aviso laranja devido a agita\u00e7\u00e3o mar\u00edtima\"},{\"@type\":\"BreadcrumbList\",\"@id\":\"https:\/\/portaltela.pt\/noticias\/2026\/01\/10\/grupo-ocidental-dos-acores-com-aviso-laranja-por-agitacao-maritima\/#breadcrumb\",\"itemListElement\":[{\"@type\":\"ListItem\",\"position\":1,\"name\":\"In\u00edcio\",\"item\":\"https:\/\/portaltela.pt\/\"},{\"@type\":\"ListItem\",\"position\":2,\"name\":\"Grupo Ocidental dos A\u00e7ores com aviso laranja por agita\u00e7\u00e3o mar\u00edtima\"}]},{\"@type\":\"WebSite\",\"@id\":\"https:\/\/portaltela.pt\/#website\",\"url\":\"https:\/\/portaltela.pt\/\",\"name\":\"Portal Tela Portugal\",\"description\":\"\",\"potentialAction\":[{\"@type\":\"SearchAction\",\"target\":{\"@type\":\"EntryPoint\",\"urlTemplate\":\"https:\/\/portaltela.pt\/?s={search_term_string}\"},\"query-input\":{\"@type\":\"PropertyValueSpecification\",\"valueRequired\":true,\"valueName\":\"search_term_string\"}}],\"inLanguage\":\"pt-PT\"},{\"@type\":\"Person\",\"@id\":\"https:\/\/portaltela.pt\/#\/schema\/person\/c4278d4a6028830caff9ee44b42d32ed\",\"name\":\"Telinha\",\"image\":{\"@type\":\"ImageObject\",\"inLanguage\":\"pt-PT\",\"@id\":\"https:\/\/portaltela.pt\/s.01k8rhncp4jt1\/2025\/11\/talking-bot-125x125.png\",\"url\":\"https:\/\/portaltela.pt\/s.01k8rhncp4jt1\/2025\/11\/talking-bot-125x125.png\",\"contentUrl\":\"https:\/\/portaltela.pt\/s.01k8rhncp4jt1\/2025\/11\/talking-bot-125x125.png\",\"caption\":\"Telinha\"},\"sameAs\":[\"https:\/\/portaltela.pt\/\"],\"url\":\"https:\/\/portaltela.pt\/por\/367410592786\/\"}]}<\/script>\n<!-- \/ Yoast SEO plugin. -->","yoast_head_json":{"title":"Grupo Ocidental dos A\u00e7ores com aviso laranja por agita\u00e7\u00e3o mar\u00edtima - Portal Tela Portugal","robots":{"index":"index","follow":"follow","max-snippet":"max-snippet:-1","max-image-preview":"max-image-preview:large","max-video-preview":"max-video-preview:-1"},"og_locale":"pt_PT","og_type":"article","og_title":"Grupo Ocidental dos A\u00e7ores com aviso laranja por agita\u00e7\u00e3o mar\u00edtima - Portal Tela Portugal","og_description":"O Instituto Portugu\u00eas do Mar e da Atmosfera (IPMA) emitiu aviso laranja para o grupo Ocidental dos A\u00e7ores (Flores e Corvo) devido \u00e0 agita\u00e7\u00e3o mar\u00edtima, com ondas de noroeste, vigente das 23:00 de domingo at\u00e9 \u00e0s 11:00 de segunda-feira (mais uma hora em Lisboa). O grupo Central a\u00e7oriano (Terceira, S\u00e3o Jorge, Pico, Graciosa e Faial) fica sob aviso amarelo por precipita\u00e7\u00e3o, agita\u00e7\u00e3o mar\u00edtima e vento. Flores e Corvo t\u00eam aviso amarelo por agita\u00e7\u00e3o mar\u00edtima (ondas de noroeste) entre as 19:00 e as 23:00 de domingo e entre as 11:00 e as 14:00 de segunda-feira; e por vento (dire\u00e7\u00e3o oeste, rodando para noroeste) das 17:00 de domingo \u00e0s 11:00 de segunda-feira. No grupo Central, h\u00e1 aviso amarelo por precipita\u00e7\u00e3o por vezes forte entre as 21:00 de hoje e as 07:00 de domingo, por agita\u00e7\u00e3o mar\u00edtima (ondas de noroeste) entre as 23:00 de domingo e as 14:00 de segunda-feira, e por vento (oeste a noroeste) das 23:00 de domingo \u00e0s 14:00 de segunda-feira. O IPMA explica que o aviso laranja indica risco moderado a elevado; o amarelo indica risco para atividades dependentes das condi\u00e7\u00f5es meteorol\u00f3gicas.","og_url":"https:\/\/portaltela.pt\/noticias\/2026\/01\/10\/grupo-ocidental-dos-acores-com-aviso-laranja-por-agitacao-maritima\/","og_site_name":"Portal Tela Portugal","article_published_time":"2026-01-10T22:54:00+00:00","author":"Telinha","twitter_card":"summary_large_image","twitter_misc":{"Escrito por":"Telinha","Tempo estimado de leitura":"1 minuto"},"schema":{"@context":"https:\/\/schema.org","@graph":[{"@type":"Article","@id":"https:\/\/portaltela.pt\/noticias\/2026\/01\/10\/grupo-ocidental-dos-acores-com-aviso-laranja-por-agitacao-maritima\/#article","isPartOf":{"@id":"https:\/\/portaltela.pt\/noticias\/2026\/01\/10\/grupo-ocidental-dos-acores-com-aviso-laranja-por-agitacao-maritima\/"},"author":{"name":"Telinha","@id":"https:\/\/portaltela.pt\/#\/schema\/person\/c4278d4a6028830caff9ee44b42d32ed"},"headline":"Grupo Ocidental dos A\u00e7ores com aviso laranja por agita\u00e7\u00e3o mar\u00edtima","datePublished":"2026-01-10T22:54:00+00:00","mainEntityOfPage":{"@id":"https:\/\/portaltela.pt\/noticias\/2026\/01\/10\/grupo-ocidental-dos-acores-com-aviso-laranja-por-agitacao-maritima\/"},"wordCount":278,"image":{"@id":"https:\/\/portaltela.pt\/noticias\/2026\/01\/10\/grupo-ocidental-dos-acores-com-aviso-laranja-por-agitacao-maritima\/#primaryimage"},"thumbnailUrl":"https:\/\/portaltela.pt\/s.01k8rhncp4jt1\/2026\/01\/unnamed-file-2141.jpg","keywords":["A\u00e7ores","Faial","Flores","Graciosa","S\u00e3o Jorge","Terceira"],"articleSection":["Not\u00edcias"],"inLanguage":"pt-PT"},{"@type":"WebPage","@id":"https:\/\/portaltela.pt\/noticias\/2026\/01\/10\/grupo-ocidental-dos-acores-com-aviso-laranja-por-agitacao-maritima\/","url":"https:\/\/portaltela.pt\/noticias\/2026\/01\/10\/grupo-ocidental-dos-acores-com-aviso-laranja-por-agitacao-maritima\/","name":"Grupo Ocidental dos A\u00e7ores com aviso laranja por agita\u00e7\u00e3o mar\u00edtima - Portal Tela Portugal","isPartOf":{"@id":"https:\/\/portaltela.pt\/#website"},"primaryImageOfPage":{"@id":"https:\/\/portaltela.pt\/noticias\/2026\/01\/10\/grupo-ocidental-dos-acores-com-aviso-laranja-por-agitacao-maritima\/#primaryimage"},"image":{"@id":"https:\/\/portaltela.pt\/noticias\/2026\/01\/10\/grupo-ocidental-dos-acores-com-aviso-laranja-por-agitacao-maritima\/#primaryimage"},"thumbnailUrl":"https:\/\/portaltela.pt\/s.01k8rhncp4jt1\/2026\/01\/unnamed-file-2141.jpg","datePublished":"2026-01-10T22:54:00+00:00","author":{"@id":"https:\/\/portaltela.pt\/#\/schema\/person\/c4278d4a6028830caff9ee44b42d32ed"},"breadcrumb":{"@id":"https:\/\/portaltela.pt\/noticias\/2026\/01\/10\/grupo-ocidental-dos-acores-com-aviso-laranja-por-agitacao-maritima\/#breadcrumb"},"inLanguage":"pt-PT","potentialAction":[{"@type":"ReadAction","target":["https:\/\/portaltela.pt\/noticias\/2026\/01\/10\/grupo-ocidental-dos-acores-com-aviso-laranja-por-agitacao-maritima\/"]}]},{"@type":"ImageObject","inLanguage":"pt-PT","@id":"https:\/\/portaltela.pt\/noticias\/2026\/01\/10\/grupo-ocidental-dos-acores-com-aviso-laranja-por-agitacao-maritima\/#primaryimage","url":"https:\/\/portaltela.pt\/s.01k8rhncp4jt1\/2026\/01\/unnamed-file-2141.jpg","contentUrl":"https:\/\/portaltela.pt\/s.01k8rhncp4jt1\/2026\/01\/unnamed-file-2141.jpg","width":796,"height":448,"caption":"Grupo Ocidental dos A\u00e7ores com aviso laranja devido a agita\u00e7\u00e3o mar\u00edtima"},{"@type":"BreadcrumbList","@id":"https:\/\/portaltela.pt\/noticias\/2026\/01\/10\/grupo-ocidental-dos-acores-com-aviso-laranja-por-agitacao-maritima\/#breadcrumb","itemListElement":[{"@type":"ListItem","position":1,"name":"In\u00edcio","item":"https:\/\/portaltela.pt\/"},{"@type":"ListItem","position":2,"name":"Grupo Ocidental dos A\u00e7ores com aviso laranja por agita\u00e7\u00e3o mar\u00edtima"}]},{"@type":"WebSite","@id":"https:\/\/portaltela.pt\/#website","url":"https:\/\/portaltela.pt\/","name":"Portal Tela Portugal","description":"","potentialAction":[{"@type":"SearchAction","target":{"@type":"EntryPoint","urlTemplate":"https:\/\/portaltela.pt\/?s={search_term_string}"},"query-input":{"@type":"PropertyValueSpecification","valueRequired":true,"valueName":"search_term_string"}}],"inLanguage":"pt-PT"},{"@type":"Person","@id":"https:\/\/portaltela.pt\/#\/schema\/person\/c4278d4a6028830caff9ee44b42d32ed","name":"Telinha","image":{"@type":"ImageObject","inLanguage":"pt-PT","@id":"https:\/\/portaltela.pt\/s.01k8rhncp4jt1\/2025\/11\/talking-bot-125x125.png","url":"https:\/\/portaltela.pt\/s.01k8rhncp4jt1\/2025\/11\/talking-bot-125x125.png","contentUrl":"https:\/\/portaltela.pt\/s.01k8rhncp4jt1\/2025\/11\/talking-bot-125x125.png","caption":"Telinha"},"sameAs":["https:\/\/portaltela.pt\/"],"url":"https:\/\/portaltela.pt\/por\/367410592786\/"}]}},"_links":{"self":[{"href":"https:\/\/portaltela.pt\/api\/wp\/v2\/posts\/132021","targetHints":{"allow":["GET"]}}],"collection":[{"href":"https:\/\/portaltela.pt\/api\/wp\/v2\/posts"}],"about":[{"href":"https:\/\/portaltela.pt\/api\/wp\/v2\/types\/post"}],"author":[{"embeddable":true,"href":"https:\/\/portaltela.pt\/api\/wp\/v2\/users\/2"}],"replies":[{"embeddable":true,"href":"https:\/\/portaltela.pt\/api\/wp\/v2\/comments?post=132021"}],"version-history":[{"count":0,"href":"https:\/\/portaltela.pt\/api\/wp\/v2\/posts\/132021\/revisions"}],"wp:featuredmedia":[{"embeddable":true,"href":"https:\/\/portaltela.pt\/api\/wp\/v2\/media\/132051"}],"wp:attachment":[{"href":"https:\/\/portaltela.pt\/api\/wp\/v2\/media?parent=132021"}],"wp:term":[{"taxonomy":"category","embeddable":true,"href":"https:\/\/portaltela.pt\/api\/wp\/v2\/categories?post=132021"},{"taxonomy":"post_tag","embeddable":true,"href":"https:\/\/portaltela.pt\/api\/wp\/v2\/tags?post=132021"}],"curies":[{"name":"wp","href":"https:\/\/api.w.org\/{rel}","templated":true}]}}