{"id":131998,"date":"2026-01-10T20:05:00","date_gmt":"2026-01-10T23:05:00","guid":{"rendered":"https:\/\/portaltela.pt\/noticias\/2026\/01\/10\/tres-desalojados-apos-incendio-num-andar-em-almada\/"},"modified":"2026-01-10T20:05:00","modified_gmt":"2026-01-10T23:05:00","slug":"tres-desalojados-apos-incendio-num-andar-em-almada","status":"publish","type":"post","link":"https:\/\/portaltela.pt\/noticias\/2026\/01\/10\/tres-desalojados-apos-incendio-num-andar-em-almada\/","title":{"rendered":"Tr\u00eas desalojados ap\u00f3s inc\u00eandio num andar em Almada"},"content":{"rendered":"<p>O fogo ocorreu no segundo andar de um pr\u00e9dio na Uni\u00e3o das Freguesias de Almada, Cova da Piedade, Pragal e Cacilhas, em Almada. O alerta foi dado \u00e0s 20:17 e o fogo ficou extinto \u00e0s 21:12.<\/p>\n<p>Tr\u00eas pessoas ficaram desalojadas e foram realojadas temporariamente no primeiro andar do mesmo edif\u00edcio, propriedade da mesma fam\u00edlia.<\/p>\n<p>Na opera\u00e7\u00e3o estiveram presentes nove bombeiros de Almada, dois agentes da PSP e quatro viaturas, que atuaram para debelar as chamas e assegurar a seguran\u00e7a no local.<\/p>\n<p>N\u00e3o houve feridos registados, segundo a origem. O incidente manteve-se restrito ao segundo piso, sem propaga\u00e7\u00e3o para outras \u00e1reas do pr\u00e9dio.<\/p>\n","protected":false},"excerpt":{"rendered":"<ul>\n<li>Alerta para inc\u00eandio no segundo andar de um pr\u00e9dio na Uni\u00e3o das Freguesias de Almada, Cova da Piedade, Pragal e Cacilhas, foi dado \u00e0s 20:17.<\/li>\n<li>N\u00e3o houve feridos neste inc\u00eandio, que ficou extinto \u00e0s 21:12.<\/li>\n<li>Tr\u00eas pessoas foram realojadas temporariamente no primeiro andar do mesmo edif\u00edcio, propriedade da mesma fam\u00edlia.<\/li>\n<li>Nas opera\u00e7\u00f5es estiveram envolvidos nove operacionais dos bombeiros de Almada, dois agentes da PSP e quatro viaturas.<\/li>\n<li>O incidente ocorreu no concelho de Almada, sem registo de danos adicionais reportados.<\/li>\n<\/ul>\n","protected":false},"author":2,"featured_media":132001,"comment_status":"closed","ping_status":"closed","sticky":false,"template":"","format":"standard","meta":{"footnotes":""},"categories":[1],"tags":[1373,971,2117,2636,1438,1381],"class_list":["post-131998","post","type-post","status-publish","format-standard","has-post-thumbnail","hentry","category-noticias","tag-almada","tag-bombeiros","tag-desalojados-internos","tag-desalojamento","tag-incendio","tag-psp"],"yoast_head":"<!-- This site is optimized with the Yoast SEO plugin v27.2 - https:\/\/yoast.com\/product\/yoast-seo-wordpress\/ -->\n<title>Tr\u00eas desalojados ap\u00f3s inc\u00eandio num andar em Almada - Portal Tela Portugal<\/title>\n<meta name=\"robots\" content=\"index, follow, max-snippet:-1, max-image-preview:large, max-video-preview:-1\" \/>\n<meta property=\"og:locale\" content=\"pt_PT\" \/>\n<meta property=\"og:type\" content=\"article\" \/>\n<meta property=\"og:title\" content=\"Tr\u00eas desalojados ap\u00f3s inc\u00eandio num andar em Almada - Portal Tela Portugal\" \/>\n<meta property=\"og:description\" content=\"Alerta para inc\u00eandio no segundo andar de um pr\u00e9dio na Uni\u00e3o das Freguesias de Almada, Cova da Piedade, Pragal e Cacilhas, foi dado \u00e0s 20:17. N\u00e3o houve feridos neste inc\u00eandio, que ficou extinto \u00e0s 21:12. Tr\u00eas pessoas foram realojadas temporariamente no primeiro andar do mesmo edif\u00edcio, propriedade da mesma fam\u00edlia. Nas opera\u00e7\u00f5es estiveram envolvidos nove operacionais dos bombeiros de Almada, dois agentes da PSP e quatro viaturas. O incidente ocorreu no concelho de Almada, sem registo de danos adicionais reportados.\" \/>\n<meta property=\"og:url\" content=\"https:\/\/portaltela.pt\/noticias\/2026\/01\/10\/tres-desalojados-apos-incendio-num-andar-em-almada\/\" \/>\n<meta property=\"og:site_name\" content=\"Portal Tela Portugal\" \/>\n<meta property=\"article:published_time\" content=\"2026-01-10T23:05:00+00:00\" \/>\n<meta name=\"author\" content=\"Telinha\" \/>\n<meta name=\"twitter:card\" content=\"summary_large_image\" \/>\n<meta name=\"twitter:label1\" content=\"Escrito por\" \/>\n\t<meta name=\"twitter:data1\" content=\"Telinha\" \/>\n\t<meta name=\"twitter:label2\" content=\"Tempo estimado de leitura\" \/>\n\t<meta name=\"twitter:data2\" content=\"1 minuto\" \/>\n<script type=\"application\/ld+json\" class=\"yoast-schema-graph\">{\"@context\":\"https:\/\/schema.org\",\"@graph\":[{\"@type\":\"Article\",\"@id\":\"https:\/\/portaltela.pt\/noticias\/2026\/01\/10\/tres-desalojados-apos-incendio-num-andar-em-almada\/#article\",\"isPartOf\":{\"@id\":\"https:\/\/portaltela.pt\/noticias\/2026\/01\/10\/tres-desalojados-apos-incendio-num-andar-em-almada\/\"},\"author\":{\"name\":\"Telinha\",\"@id\":\"https:\/\/portaltela.pt\/#\/schema\/person\/c4278d4a6028830caff9ee44b42d32ed\"},\"headline\":\"Tr\u00eas desalojados ap\u00f3s inc\u00eandio num andar em Almada\",\"datePublished\":\"2026-01-10T23:05:00+00:00\",\"mainEntityOfPage\":{\"@id\":\"https:\/\/portaltela.pt\/noticias\/2026\/01\/10\/tres-desalojados-apos-incendio-num-andar-em-almada\/\"},\"wordCount\":121,\"image\":{\"@id\":\"https:\/\/portaltela.pt\/noticias\/2026\/01\/10\/tres-desalojados-apos-incendio-num-andar-em-almada\/#primaryimage\"},\"thumbnailUrl\":\"https:\/\/portaltela.pt\/s.01k8rhncp4jt1\/2026\/01\/11999700-scaled-1.jpg\",\"keywords\":[\"Almada\",\"bombeiros\",\"desalojados internos\",\"desalojamento\",\"inc\u00eandio\",\"PSP\"],\"articleSection\":[\"Not\u00edcias\"],\"inLanguage\":\"pt-PT\"},{\"@type\":\"WebPage\",\"@id\":\"https:\/\/portaltela.pt\/noticias\/2026\/01\/10\/tres-desalojados-apos-incendio-num-andar-em-almada\/\",\"url\":\"https:\/\/portaltela.pt\/noticias\/2026\/01\/10\/tres-desalojados-apos-incendio-num-andar-em-almada\/\",\"name\":\"Tr\u00eas desalojados ap\u00f3s inc\u00eandio num andar em Almada - Portal Tela Portugal\",\"isPartOf\":{\"@id\":\"https:\/\/portaltela.pt\/#website\"},\"primaryImageOfPage\":{\"@id\":\"https:\/\/portaltela.pt\/noticias\/2026\/01\/10\/tres-desalojados-apos-incendio-num-andar-em-almada\/#primaryimage\"},\"image\":{\"@id\":\"https:\/\/portaltela.pt\/noticias\/2026\/01\/10\/tres-desalojados-apos-incendio-num-andar-em-almada\/#primaryimage\"},\"thumbnailUrl\":\"https:\/\/portaltela.pt\/s.01k8rhncp4jt1\/2026\/01\/11999700-scaled-1.jpg\",\"datePublished\":\"2026-01-10T23:05:00+00:00\",\"author\":{\"@id\":\"https:\/\/portaltela.pt\/#\/schema\/person\/c4278d4a6028830caff9ee44b42d32ed\"},\"breadcrumb\":{\"@id\":\"https:\/\/portaltela.pt\/noticias\/2026\/01\/10\/tres-desalojados-apos-incendio-num-andar-em-almada\/#breadcrumb\"},\"inLanguage\":\"pt-PT\",\"potentialAction\":[{\"@type\":\"ReadAction\",\"target\":[\"https:\/\/portaltela.pt\/noticias\/2026\/01\/10\/tres-desalojados-apos-incendio-num-andar-em-almada\/\"]}]},{\"@type\":\"ImageObject\",\"inLanguage\":\"pt-PT\",\"@id\":\"https:\/\/portaltela.pt\/noticias\/2026\/01\/10\/tres-desalojados-apos-incendio-num-andar-em-almada\/#primaryimage\",\"url\":\"https:\/\/portaltela.pt\/s.01k8rhncp4jt1\/2026\/01\/11999700-scaled-1.jpg\",\"contentUrl\":\"https:\/\/portaltela.pt\/s.01k8rhncp4jt1\/2026\/01\/11999700-scaled-1.jpg\",\"width\":796,\"height\":448,\"caption\":\"Bombeiros fazem rescaldo do inc\u00eandio\"},{\"@type\":\"BreadcrumbList\",\"@id\":\"https:\/\/portaltela.pt\/noticias\/2026\/01\/10\/tres-desalojados-apos-incendio-num-andar-em-almada\/#breadcrumb\",\"itemListElement\":[{\"@type\":\"ListItem\",\"position\":1,\"name\":\"In\u00edcio\",\"item\":\"https:\/\/portaltela.pt\/\"},{\"@type\":\"ListItem\",\"position\":2,\"name\":\"Tr\u00eas desalojados ap\u00f3s inc\u00eandio num andar em Almada\"}]},{\"@type\":\"WebSite\",\"@id\":\"https:\/\/portaltela.pt\/#website\",\"url\":\"https:\/\/portaltela.pt\/\",\"name\":\"Portal Tela Portugal\",\"description\":\"\",\"potentialAction\":[{\"@type\":\"SearchAction\",\"target\":{\"@type\":\"EntryPoint\",\"urlTemplate\":\"https:\/\/portaltela.pt\/?s={search_term_string}\"},\"query-input\":{\"@type\":\"PropertyValueSpecification\",\"valueRequired\":true,\"valueName\":\"search_term_string\"}}],\"inLanguage\":\"pt-PT\"},{\"@type\":\"Person\",\"@id\":\"https:\/\/portaltela.pt\/#\/schema\/person\/c4278d4a6028830caff9ee44b42d32ed\",\"name\":\"Telinha\",\"image\":{\"@type\":\"ImageObject\",\"inLanguage\":\"pt-PT\",\"@id\":\"https:\/\/portaltela.pt\/s.01k8rhncp4jt1\/2025\/11\/talking-bot-125x125.png\",\"url\":\"https:\/\/portaltela.pt\/s.01k8rhncp4jt1\/2025\/11\/talking-bot-125x125.png\",\"contentUrl\":\"https:\/\/portaltela.pt\/s.01k8rhncp4jt1\/2025\/11\/talking-bot-125x125.png\",\"caption\":\"Telinha\"},\"sameAs\":[\"https:\/\/portaltela.pt\/\"],\"url\":\"https:\/\/portaltela.pt\/por\/367410592786\/\"}]}<\/script>\n<!-- \/ Yoast SEO plugin. -->","yoast_head_json":{"title":"Tr\u00eas desalojados ap\u00f3s inc\u00eandio num andar em Almada - Portal Tela Portugal","robots":{"index":"index","follow":"follow","max-snippet":"max-snippet:-1","max-image-preview":"max-image-preview:large","max-video-preview":"max-video-preview:-1"},"og_locale":"pt_PT","og_type":"article","og_title":"Tr\u00eas desalojados ap\u00f3s inc\u00eandio num andar em Almada - Portal Tela Portugal","og_description":"Alerta para inc\u00eandio no segundo andar de um pr\u00e9dio na Uni\u00e3o das Freguesias de Almada, Cova da Piedade, Pragal e Cacilhas, foi dado \u00e0s 20:17. N\u00e3o houve feridos neste inc\u00eandio, que ficou extinto \u00e0s 21:12. Tr\u00eas pessoas foram realojadas temporariamente no primeiro andar do mesmo edif\u00edcio, propriedade da mesma fam\u00edlia. Nas opera\u00e7\u00f5es estiveram envolvidos nove operacionais dos bombeiros de Almada, dois agentes da PSP e quatro viaturas. O incidente ocorreu no concelho de Almada, sem registo de danos adicionais reportados.","og_url":"https:\/\/portaltela.pt\/noticias\/2026\/01\/10\/tres-desalojados-apos-incendio-num-andar-em-almada\/","og_site_name":"Portal Tela Portugal","article_published_time":"2026-01-10T23:05:00+00:00","author":"Telinha","twitter_card":"summary_large_image","twitter_misc":{"Escrito por":"Telinha","Tempo estimado de leitura":"1 minuto"},"schema":{"@context":"https:\/\/schema.org","@graph":[{"@type":"Article","@id":"https:\/\/portaltela.pt\/noticias\/2026\/01\/10\/tres-desalojados-apos-incendio-num-andar-em-almada\/#article","isPartOf":{"@id":"https:\/\/portaltela.pt\/noticias\/2026\/01\/10\/tres-desalojados-apos-incendio-num-andar-em-almada\/"},"author":{"name":"Telinha","@id":"https:\/\/portaltela.pt\/#\/schema\/person\/c4278d4a6028830caff9ee44b42d32ed"},"headline":"Tr\u00eas desalojados ap\u00f3s inc\u00eandio num andar em Almada","datePublished":"2026-01-10T23:05:00+00:00","mainEntityOfPage":{"@id":"https:\/\/portaltela.pt\/noticias\/2026\/01\/10\/tres-desalojados-apos-incendio-num-andar-em-almada\/"},"wordCount":121,"image":{"@id":"https:\/\/portaltela.pt\/noticias\/2026\/01\/10\/tres-desalojados-apos-incendio-num-andar-em-almada\/#primaryimage"},"thumbnailUrl":"https:\/\/portaltela.pt\/s.01k8rhncp4jt1\/2026\/01\/11999700-scaled-1.jpg","keywords":["Almada","bombeiros","desalojados internos","desalojamento","inc\u00eandio","PSP"],"articleSection":["Not\u00edcias"],"inLanguage":"pt-PT"},{"@type":"WebPage","@id":"https:\/\/portaltela.pt\/noticias\/2026\/01\/10\/tres-desalojados-apos-incendio-num-andar-em-almada\/","url":"https:\/\/portaltela.pt\/noticias\/2026\/01\/10\/tres-desalojados-apos-incendio-num-andar-em-almada\/","name":"Tr\u00eas desalojados ap\u00f3s inc\u00eandio num andar em Almada - Portal Tela Portugal","isPartOf":{"@id":"https:\/\/portaltela.pt\/#website"},"primaryImageOfPage":{"@id":"https:\/\/portaltela.pt\/noticias\/2026\/01\/10\/tres-desalojados-apos-incendio-num-andar-em-almada\/#primaryimage"},"image":{"@id":"https:\/\/portaltela.pt\/noticias\/2026\/01\/10\/tres-desalojados-apos-incendio-num-andar-em-almada\/#primaryimage"},"thumbnailUrl":"https:\/\/portaltela.pt\/s.01k8rhncp4jt1\/2026\/01\/11999700-scaled-1.jpg","datePublished":"2026-01-10T23:05:00+00:00","author":{"@id":"https:\/\/portaltela.pt\/#\/schema\/person\/c4278d4a6028830caff9ee44b42d32ed"},"breadcrumb":{"@id":"https:\/\/portaltela.pt\/noticias\/2026\/01\/10\/tres-desalojados-apos-incendio-num-andar-em-almada\/#breadcrumb"},"inLanguage":"pt-PT","potentialAction":[{"@type":"ReadAction","target":["https:\/\/portaltela.pt\/noticias\/2026\/01\/10\/tres-desalojados-apos-incendio-num-andar-em-almada\/"]}]},{"@type":"ImageObject","inLanguage":"pt-PT","@id":"https:\/\/portaltela.pt\/noticias\/2026\/01\/10\/tres-desalojados-apos-incendio-num-andar-em-almada\/#primaryimage","url":"https:\/\/portaltela.pt\/s.01k8rhncp4jt1\/2026\/01\/11999700-scaled-1.jpg","contentUrl":"https:\/\/portaltela.pt\/s.01k8rhncp4jt1\/2026\/01\/11999700-scaled-1.jpg","width":796,"height":448,"caption":"Bombeiros fazem rescaldo do inc\u00eandio"},{"@type":"BreadcrumbList","@id":"https:\/\/portaltela.pt\/noticias\/2026\/01\/10\/tres-desalojados-apos-incendio-num-andar-em-almada\/#breadcrumb","itemListElement":[{"@type":"ListItem","position":1,"name":"In\u00edcio","item":"https:\/\/portaltela.pt\/"},{"@type":"ListItem","position":2,"name":"Tr\u00eas desalojados ap\u00f3s inc\u00eandio num andar em Almada"}]},{"@type":"WebSite","@id":"https:\/\/portaltela.pt\/#website","url":"https:\/\/portaltela.pt\/","name":"Portal Tela Portugal","description":"","potentialAction":[{"@type":"SearchAction","target":{"@type":"EntryPoint","urlTemplate":"https:\/\/portaltela.pt\/?s={search_term_string}"},"query-input":{"@type":"PropertyValueSpecification","valueRequired":true,"valueName":"search_term_string"}}],"inLanguage":"pt-PT"},{"@type":"Person","@id":"https:\/\/portaltela.pt\/#\/schema\/person\/c4278d4a6028830caff9ee44b42d32ed","name":"Telinha","image":{"@type":"ImageObject","inLanguage":"pt-PT","@id":"https:\/\/portaltela.pt\/s.01k8rhncp4jt1\/2025\/11\/talking-bot-125x125.png","url":"https:\/\/portaltela.pt\/s.01k8rhncp4jt1\/2025\/11\/talking-bot-125x125.png","contentUrl":"https:\/\/portaltela.pt\/s.01k8rhncp4jt1\/2025\/11\/talking-bot-125x125.png","caption":"Telinha"},"sameAs":["https:\/\/portaltela.pt\/"],"url":"https:\/\/portaltela.pt\/por\/367410592786\/"}]}},"_links":{"self":[{"href":"https:\/\/portaltela.pt\/api\/wp\/v2\/posts\/131998","targetHints":{"allow":["GET"]}}],"collection":[{"href":"https:\/\/portaltela.pt\/api\/wp\/v2\/posts"}],"about":[{"href":"https:\/\/portaltela.pt\/api\/wp\/v2\/types\/post"}],"author":[{"embeddable":true,"href":"https:\/\/portaltela.pt\/api\/wp\/v2\/users\/2"}],"replies":[{"embeddable":true,"href":"https:\/\/portaltela.pt\/api\/wp\/v2\/comments?post=131998"}],"version-history":[{"count":0,"href":"https:\/\/portaltela.pt\/api\/wp\/v2\/posts\/131998\/revisions"}],"wp:featuredmedia":[{"embeddable":true,"href":"https:\/\/portaltela.pt\/api\/wp\/v2\/media\/132001"}],"wp:attachment":[{"href":"https:\/\/portaltela.pt\/api\/wp\/v2\/media?parent=131998"}],"wp:term":[{"taxonomy":"category","embeddable":true,"href":"https:\/\/portaltela.pt\/api\/wp\/v2\/categories?post=131998"},{"taxonomy":"post_tag","embeddable":true,"href":"https:\/\/portaltela.pt\/api\/wp\/v2\/tags?post=131998"}],"curies":[{"name":"wp","href":"https:\/\/api.w.org\/{rel}","templated":true}]}}