{"id":131790,"date":"2026-01-10T18:28:00","date_gmt":"2026-01-10T21:28:00","guid":{"rendered":"https:\/\/portaltela.pt\/noticias\/2026\/01\/10\/nestle-retira-do-mercado-lotes-especificos-de-formulas-infantis\/"},"modified":"2026-01-10T18:28:00","modified_gmt":"2026-01-10T21:28:00","slug":"nestle-retira-do-mercado-lotes-especificos-de-formulas-infantis","status":"publish","type":"post","link":"https:\/\/portaltela.pt\/noticias\/2026\/01\/10\/nestle-retira-do-mercado-lotes-especificos-de-formulas-infantis\/","title":{"rendered":"Nestl\u00e9 retira do mercado lotes espec\u00edficos de f\u00f3rmulas infantis"},"content":{"rendered":"<p>A Autoridade de Seguran\u00e7a Alimentar e Econ\u00f3mica (ASAE) anunciou este s\u00e1bado a retirada de alguns lotes das f\u00f3rmulas infantis NAN e Alfamino J\u00fanior do mercado. A medida \u00e9 preventiva e envolve a poss\u00edvel presen\u00e7a de uma toxina.<\/p>\n<p>A notifica\u00e7\u00e3o partiu do operador Nestl\u00e9 Portugal, ap\u00f3s a dete\u00e7\u00e3o da poss\u00edvel presen\u00e7a de Cereulida, uma toxina produzida pela bact\u00e9ria Bacillus cereus, numa mat\u00e9ria-prima utilizada na fabrica\u00e7\u00e3o dos produtos. N\u00e3o foram registados casos de doen\u00e7a relacionados com estes itens at\u00e9 ao momento.<\/p>\n<p>Segundo a ASAE, a retirada \u00e9 uma a\u00e7\u00e3o cautelar para evitar qualquer risco. A institui\u00e7\u00e3o recomenda consultar a lista completa de lotes afetados e seguir as instru\u00e7\u00f5es de devolu\u00e7\u00e3o pela Nestl\u00e9 Portugal.<\/p>\n<h3>Lote(s) afetado(s) e instru\u00e7\u00f5es<\/h3>\n<p>Para os retalhistas e distribuidores, a ASAE orienta a retirada imediata de venda dos lotes indicados, o isolamento dos produtos recolhidos e o contacto com a Nestl\u00e9 Portugal para as instru\u00e7\u00f5es de devolu\u00e7\u00e3o.<\/p>\n<p>Para os consumidores, incluindo pais e cuidadores, \u00e9 essencial verificar o lote impresso na base da lata. Se o lote n\u00e3o constar da lista, o produto \u00e9 considerado seguro. Caso conste, deve deixar de usar o produto de imediato e solicitar reembolso junto da Nestl\u00e9 Portugal.<\/p>\n<p>Caso j\u00e1 tenha ocorrido consumo do lote afetado e o beb\u00e9 n\u00e3o apresente sintomas, n\u00e3o h\u00e1 motivo de preocupa\u00e7\u00e3o. Em caso de v\u00f3mitos intensos, diarreia ou sonol\u00eancia dentro de 30 minutos a seis horas ap\u00f3s o consumo, procure um profissional de sa\u00fade de imediato.<\/p>\n","protected":false},"excerpt":{"rendered":"<ul>\n<li>Lotes espec\u00edficos das f\u00f3rmulas infantis NAN e Alfamino J\u00fanior s\u00e3o retirados do mercado pela presen\u00e7a potencial da toxina Cereulida, produzida pela bact\u00e9ria Bacillus cereus.<\/li>\n<li>A a\u00e7\u00e3o foi comunicada pela Autoridade de Seguran\u00e7a Alimentar e Econ\u00f3mica (ASAE) e envolve a\u00e7\u00e3o preventiva, sem registo de casos at\u00e9 ao momento.<\/li>\n<li>A ASAE recomenda a retirada imediata de venda de todos os lotes identificados e o isolamento dos produtos recolhidos, devendo os retalhistas contactar a Nestl\u00e9 Portugal para instru\u00e7\u00f5es de devolu\u00e7\u00e3o.<\/li>\n<li>Consumidores devem verificar o lote na base da lata; se constar da lista, o produto n\u00e3o deve ser utilizado e deve ser pedido reembolso junto da Nestl\u00e9 Portugal.<\/li>\n<li>Caso tenha sido consumido o lote afetado, se a crian\u00e7a n\u00e3o apresentar sintomas n\u00e3o h\u00e1 motivo de preocupa\u00e7\u00e3o; se surgirem v\u00f3mitos, diarreia ou sonol\u00eancia entre 30 minutos e seis horas ap\u00f3s o consumo, procure-se de imediato assist\u00eancia m\u00e9dica.<\/li>\n<\/ul>\n","protected":false},"author":2,"featured_media":131792,"comment_status":"closed","ping_status":"closed","sticky":false,"template":"","format":"standard","meta":{"footnotes":""},"categories":[],"tags":[86,2494,915,1014,271],"class_list":["post-131790","post","type-post","status-publish","format-standard","has-post-thumbnail","hentry","tag-alimentacao","tag-bens-de-consumo","tag-nutricao","tag-portugal","tag-saude-publica"],"yoast_head":"<!-- This site is optimized with the Yoast SEO plugin v27.2 - https:\/\/yoast.com\/product\/yoast-seo-wordpress\/ -->\n<title>Nestl\u00e9 retira do mercado lotes espec\u00edficos de f\u00f3rmulas infantis - Portal Tela Portugal<\/title>\n<meta name=\"robots\" content=\"index, follow, max-snippet:-1, max-image-preview:large, max-video-preview:-1\" \/>\n<meta property=\"og:locale\" content=\"pt_PT\" \/>\n<meta property=\"og:type\" content=\"article\" \/>\n<meta property=\"og:title\" content=\"Nestl\u00e9 retira do mercado lotes espec\u00edficos de f\u00f3rmulas infantis - Portal Tela Portugal\" \/>\n<meta property=\"og:description\" content=\"Lotes espec\u00edficos das f\u00f3rmulas infantis NAN e Alfamino J\u00fanior s\u00e3o retirados do mercado pela presen\u00e7a potencial da toxina Cereulida, produzida pela bact\u00e9ria Bacillus cereus. A a\u00e7\u00e3o foi comunicada pela Autoridade de Seguran\u00e7a Alimentar e Econ\u00f3mica (ASAE) e envolve a\u00e7\u00e3o preventiva, sem registo de casos at\u00e9 ao momento. A ASAE recomenda a retirada imediata de venda de todos os lotes identificados e o isolamento dos produtos recolhidos, devendo os retalhistas contactar a Nestl\u00e9 Portugal para instru\u00e7\u00f5es de devolu\u00e7\u00e3o. Consumidores devem verificar o lote na base da lata; se constar da lista, o produto n\u00e3o deve ser utilizado e deve ser pedido reembolso junto da Nestl\u00e9 Portugal. Caso tenha sido consumido o lote afetado, se a crian\u00e7a n\u00e3o apresentar sintomas n\u00e3o h\u00e1 motivo de preocupa\u00e7\u00e3o; se surgirem v\u00f3mitos, diarreia ou sonol\u00eancia entre 30 minutos e seis horas ap\u00f3s o consumo, procure-se de imediato assist\u00eancia m\u00e9dica.\" \/>\n<meta property=\"og:url\" content=\"https:\/\/portaltela.pt\/noticias\/2026\/01\/10\/nestle-retira-do-mercado-lotes-especificos-de-formulas-infantis\/\" \/>\n<meta property=\"og:site_name\" content=\"Portal Tela Portugal\" \/>\n<meta property=\"article:published_time\" content=\"2026-01-10T21:28:00+00:00\" \/>\n<meta name=\"author\" content=\"Telinha\" \/>\n<meta name=\"twitter:card\" content=\"summary_large_image\" \/>\n<meta name=\"twitter:label1\" content=\"Escrito por\" \/>\n\t<meta name=\"twitter:data1\" content=\"Telinha\" \/>\n\t<meta name=\"twitter:label2\" content=\"Tempo estimado de leitura\" \/>\n\t<meta name=\"twitter:data2\" content=\"1 minuto\" \/>\n<script type=\"application\/ld+json\" class=\"yoast-schema-graph\">{\"@context\":\"https:\/\/schema.org\",\"@graph\":[{\"@type\":\"Article\",\"@id\":\"https:\/\/portaltela.pt\/noticias\/2026\/01\/10\/nestle-retira-do-mercado-lotes-especificos-de-formulas-infantis\/#article\",\"isPartOf\":{\"@id\":\"https:\/\/portaltela.pt\/noticias\/2026\/01\/10\/nestle-retira-do-mercado-lotes-especificos-de-formulas-infantis\/\"},\"author\":{\"name\":\"Telinha\",\"@id\":\"https:\/\/portaltela.pt\/#\/schema\/person\/c4278d4a6028830caff9ee44b42d32ed\"},\"headline\":\"Nestl\u00e9 retira do mercado lotes espec\u00edficos de f\u00f3rmulas infantis\",\"datePublished\":\"2026-01-10T21:28:00+00:00\",\"mainEntityOfPage\":{\"@id\":\"https:\/\/portaltela.pt\/noticias\/2026\/01\/10\/nestle-retira-do-mercado-lotes-especificos-de-formulas-infantis\/\"},\"wordCount\":278,\"image\":{\"@id\":\"https:\/\/portaltela.pt\/noticias\/2026\/01\/10\/nestle-retira-do-mercado-lotes-especificos-de-formulas-infantis\/#primaryimage\"},\"thumbnailUrl\":\"https:\/\/portaltela.pt\/s.01k8rhncp4jt1\/2026\/01\/b902160f-7723-40da-96c7-013253e2e9dc_1200x675.jpg\",\"keywords\":[\"alimenta\u00e7\u00e3o\",\"bens de consumo\",\"nutri\u00e7\u00e3o\",\"Portugal\",\"sa\u00fade p\u00fablica\"],\"inLanguage\":\"pt-PT\"},{\"@type\":\"WebPage\",\"@id\":\"https:\/\/portaltela.pt\/noticias\/2026\/01\/10\/nestle-retira-do-mercado-lotes-especificos-de-formulas-infantis\/\",\"url\":\"https:\/\/portaltela.pt\/noticias\/2026\/01\/10\/nestle-retira-do-mercado-lotes-especificos-de-formulas-infantis\/\",\"name\":\"Nestl\u00e9 retira do mercado lotes espec\u00edficos de f\u00f3rmulas infantis - Portal Tela Portugal\",\"isPartOf\":{\"@id\":\"https:\/\/portaltela.pt\/#website\"},\"primaryImageOfPage\":{\"@id\":\"https:\/\/portaltela.pt\/noticias\/2026\/01\/10\/nestle-retira-do-mercado-lotes-especificos-de-formulas-infantis\/#primaryimage\"},\"image\":{\"@id\":\"https:\/\/portaltela.pt\/noticias\/2026\/01\/10\/nestle-retira-do-mercado-lotes-especificos-de-formulas-infantis\/#primaryimage\"},\"thumbnailUrl\":\"https:\/\/portaltela.pt\/s.01k8rhncp4jt1\/2026\/01\/b902160f-7723-40da-96c7-013253e2e9dc_1200x675.jpg\",\"datePublished\":\"2026-01-10T21:28:00+00:00\",\"author\":{\"@id\":\"https:\/\/portaltela.pt\/#\/schema\/person\/c4278d4a6028830caff9ee44b42d32ed\"},\"breadcrumb\":{\"@id\":\"https:\/\/portaltela.pt\/noticias\/2026\/01\/10\/nestle-retira-do-mercado-lotes-especificos-de-formulas-infantis\/#breadcrumb\"},\"inLanguage\":\"pt-PT\",\"potentialAction\":[{\"@type\":\"ReadAction\",\"target\":[\"https:\/\/portaltela.pt\/noticias\/2026\/01\/10\/nestle-retira-do-mercado-lotes-especificos-de-formulas-infantis\/\"]}]},{\"@type\":\"ImageObject\",\"inLanguage\":\"pt-PT\",\"@id\":\"https:\/\/portaltela.pt\/noticias\/2026\/01\/10\/nestle-retira-do-mercado-lotes-especificos-de-formulas-infantis\/#primaryimage\",\"url\":\"https:\/\/portaltela.pt\/s.01k8rhncp4jt1\/2026\/01\/b902160f-7723-40da-96c7-013253e2e9dc_1200x675.jpg\",\"contentUrl\":\"https:\/\/portaltela.pt\/s.01k8rhncp4jt1\/2026\/01\/b902160f-7723-40da-96c7-013253e2e9dc_1200x675.jpg\",\"width\":796,\"height\":448,\"caption\":\"Foto: Fabrice Coffrini\/AFP\"},{\"@type\":\"BreadcrumbList\",\"@id\":\"https:\/\/portaltela.pt\/noticias\/2026\/01\/10\/nestle-retira-do-mercado-lotes-especificos-de-formulas-infantis\/#breadcrumb\",\"itemListElement\":[{\"@type\":\"ListItem\",\"position\":1,\"name\":\"In\u00edcio\",\"item\":\"https:\/\/portaltela.pt\/\"},{\"@type\":\"ListItem\",\"position\":2,\"name\":\"Nestl\u00e9 retira do mercado lotes espec\u00edficos de f\u00f3rmulas infantis\"}]},{\"@type\":\"WebSite\",\"@id\":\"https:\/\/portaltela.pt\/#website\",\"url\":\"https:\/\/portaltela.pt\/\",\"name\":\"Portal Tela Portugal\",\"description\":\"\",\"potentialAction\":[{\"@type\":\"SearchAction\",\"target\":{\"@type\":\"EntryPoint\",\"urlTemplate\":\"https:\/\/portaltela.pt\/?s={search_term_string}\"},\"query-input\":{\"@type\":\"PropertyValueSpecification\",\"valueRequired\":true,\"valueName\":\"search_term_string\"}}],\"inLanguage\":\"pt-PT\"},{\"@type\":\"Person\",\"@id\":\"https:\/\/portaltela.pt\/#\/schema\/person\/c4278d4a6028830caff9ee44b42d32ed\",\"name\":\"Telinha\",\"image\":{\"@type\":\"ImageObject\",\"inLanguage\":\"pt-PT\",\"@id\":\"https:\/\/portaltela.pt\/s.01k8rhncp4jt1\/2025\/11\/talking-bot-125x125.png\",\"url\":\"https:\/\/portaltela.pt\/s.01k8rhncp4jt1\/2025\/11\/talking-bot-125x125.png\",\"contentUrl\":\"https:\/\/portaltela.pt\/s.01k8rhncp4jt1\/2025\/11\/talking-bot-125x125.png\",\"caption\":\"Telinha\"},\"sameAs\":[\"https:\/\/portaltela.pt\/\"],\"url\":\"https:\/\/portaltela.pt\/por\/367410592786\/\"}]}<\/script>\n<!-- \/ Yoast SEO plugin. -->","yoast_head_json":{"title":"Nestl\u00e9 retira do mercado lotes espec\u00edficos de f\u00f3rmulas infantis - Portal Tela Portugal","robots":{"index":"index","follow":"follow","max-snippet":"max-snippet:-1","max-image-preview":"max-image-preview:large","max-video-preview":"max-video-preview:-1"},"og_locale":"pt_PT","og_type":"article","og_title":"Nestl\u00e9 retira do mercado lotes espec\u00edficos de f\u00f3rmulas infantis - Portal Tela Portugal","og_description":"Lotes espec\u00edficos das f\u00f3rmulas infantis NAN e Alfamino J\u00fanior s\u00e3o retirados do mercado pela presen\u00e7a potencial da toxina Cereulida, produzida pela bact\u00e9ria Bacillus cereus. A a\u00e7\u00e3o foi comunicada pela Autoridade de Seguran\u00e7a Alimentar e Econ\u00f3mica (ASAE) e envolve a\u00e7\u00e3o preventiva, sem registo de casos at\u00e9 ao momento. A ASAE recomenda a retirada imediata de venda de todos os lotes identificados e o isolamento dos produtos recolhidos, devendo os retalhistas contactar a Nestl\u00e9 Portugal para instru\u00e7\u00f5es de devolu\u00e7\u00e3o. Consumidores devem verificar o lote na base da lata; se constar da lista, o produto n\u00e3o deve ser utilizado e deve ser pedido reembolso junto da Nestl\u00e9 Portugal. Caso tenha sido consumido o lote afetado, se a crian\u00e7a n\u00e3o apresentar sintomas n\u00e3o h\u00e1 motivo de preocupa\u00e7\u00e3o; se surgirem v\u00f3mitos, diarreia ou sonol\u00eancia entre 30 minutos e seis horas ap\u00f3s o consumo, procure-se de imediato assist\u00eancia m\u00e9dica.","og_url":"https:\/\/portaltela.pt\/noticias\/2026\/01\/10\/nestle-retira-do-mercado-lotes-especificos-de-formulas-infantis\/","og_site_name":"Portal Tela Portugal","article_published_time":"2026-01-10T21:28:00+00:00","author":"Telinha","twitter_card":"summary_large_image","twitter_misc":{"Escrito por":"Telinha","Tempo estimado de leitura":"1 minuto"},"schema":{"@context":"https:\/\/schema.org","@graph":[{"@type":"Article","@id":"https:\/\/portaltela.pt\/noticias\/2026\/01\/10\/nestle-retira-do-mercado-lotes-especificos-de-formulas-infantis\/#article","isPartOf":{"@id":"https:\/\/portaltela.pt\/noticias\/2026\/01\/10\/nestle-retira-do-mercado-lotes-especificos-de-formulas-infantis\/"},"author":{"name":"Telinha","@id":"https:\/\/portaltela.pt\/#\/schema\/person\/c4278d4a6028830caff9ee44b42d32ed"},"headline":"Nestl\u00e9 retira do mercado lotes espec\u00edficos de f\u00f3rmulas infantis","datePublished":"2026-01-10T21:28:00+00:00","mainEntityOfPage":{"@id":"https:\/\/portaltela.pt\/noticias\/2026\/01\/10\/nestle-retira-do-mercado-lotes-especificos-de-formulas-infantis\/"},"wordCount":278,"image":{"@id":"https:\/\/portaltela.pt\/noticias\/2026\/01\/10\/nestle-retira-do-mercado-lotes-especificos-de-formulas-infantis\/#primaryimage"},"thumbnailUrl":"https:\/\/portaltela.pt\/s.01k8rhncp4jt1\/2026\/01\/b902160f-7723-40da-96c7-013253e2e9dc_1200x675.jpg","keywords":["alimenta\u00e7\u00e3o","bens de consumo","nutri\u00e7\u00e3o","Portugal","sa\u00fade p\u00fablica"],"inLanguage":"pt-PT"},{"@type":"WebPage","@id":"https:\/\/portaltela.pt\/noticias\/2026\/01\/10\/nestle-retira-do-mercado-lotes-especificos-de-formulas-infantis\/","url":"https:\/\/portaltela.pt\/noticias\/2026\/01\/10\/nestle-retira-do-mercado-lotes-especificos-de-formulas-infantis\/","name":"Nestl\u00e9 retira do mercado lotes espec\u00edficos de f\u00f3rmulas infantis - Portal Tela Portugal","isPartOf":{"@id":"https:\/\/portaltela.pt\/#website"},"primaryImageOfPage":{"@id":"https:\/\/portaltela.pt\/noticias\/2026\/01\/10\/nestle-retira-do-mercado-lotes-especificos-de-formulas-infantis\/#primaryimage"},"image":{"@id":"https:\/\/portaltela.pt\/noticias\/2026\/01\/10\/nestle-retira-do-mercado-lotes-especificos-de-formulas-infantis\/#primaryimage"},"thumbnailUrl":"https:\/\/portaltela.pt\/s.01k8rhncp4jt1\/2026\/01\/b902160f-7723-40da-96c7-013253e2e9dc_1200x675.jpg","datePublished":"2026-01-10T21:28:00+00:00","author":{"@id":"https:\/\/portaltela.pt\/#\/schema\/person\/c4278d4a6028830caff9ee44b42d32ed"},"breadcrumb":{"@id":"https:\/\/portaltela.pt\/noticias\/2026\/01\/10\/nestle-retira-do-mercado-lotes-especificos-de-formulas-infantis\/#breadcrumb"},"inLanguage":"pt-PT","potentialAction":[{"@type":"ReadAction","target":["https:\/\/portaltela.pt\/noticias\/2026\/01\/10\/nestle-retira-do-mercado-lotes-especificos-de-formulas-infantis\/"]}]},{"@type":"ImageObject","inLanguage":"pt-PT","@id":"https:\/\/portaltela.pt\/noticias\/2026\/01\/10\/nestle-retira-do-mercado-lotes-especificos-de-formulas-infantis\/#primaryimage","url":"https:\/\/portaltela.pt\/s.01k8rhncp4jt1\/2026\/01\/b902160f-7723-40da-96c7-013253e2e9dc_1200x675.jpg","contentUrl":"https:\/\/portaltela.pt\/s.01k8rhncp4jt1\/2026\/01\/b902160f-7723-40da-96c7-013253e2e9dc_1200x675.jpg","width":796,"height":448,"caption":"Foto: Fabrice Coffrini\/AFP"},{"@type":"BreadcrumbList","@id":"https:\/\/portaltela.pt\/noticias\/2026\/01\/10\/nestle-retira-do-mercado-lotes-especificos-de-formulas-infantis\/#breadcrumb","itemListElement":[{"@type":"ListItem","position":1,"name":"In\u00edcio","item":"https:\/\/portaltela.pt\/"},{"@type":"ListItem","position":2,"name":"Nestl\u00e9 retira do mercado lotes espec\u00edficos de f\u00f3rmulas infantis"}]},{"@type":"WebSite","@id":"https:\/\/portaltela.pt\/#website","url":"https:\/\/portaltela.pt\/","name":"Portal Tela Portugal","description":"","potentialAction":[{"@type":"SearchAction","target":{"@type":"EntryPoint","urlTemplate":"https:\/\/portaltela.pt\/?s={search_term_string}"},"query-input":{"@type":"PropertyValueSpecification","valueRequired":true,"valueName":"search_term_string"}}],"inLanguage":"pt-PT"},{"@type":"Person","@id":"https:\/\/portaltela.pt\/#\/schema\/person\/c4278d4a6028830caff9ee44b42d32ed","name":"Telinha","image":{"@type":"ImageObject","inLanguage":"pt-PT","@id":"https:\/\/portaltela.pt\/s.01k8rhncp4jt1\/2025\/11\/talking-bot-125x125.png","url":"https:\/\/portaltela.pt\/s.01k8rhncp4jt1\/2025\/11\/talking-bot-125x125.png","contentUrl":"https:\/\/portaltela.pt\/s.01k8rhncp4jt1\/2025\/11\/talking-bot-125x125.png","caption":"Telinha"},"sameAs":["https:\/\/portaltela.pt\/"],"url":"https:\/\/portaltela.pt\/por\/367410592786\/"}]}},"_links":{"self":[{"href":"https:\/\/portaltela.pt\/api\/wp\/v2\/posts\/131790","targetHints":{"allow":["GET"]}}],"collection":[{"href":"https:\/\/portaltela.pt\/api\/wp\/v2\/posts"}],"about":[{"href":"https:\/\/portaltela.pt\/api\/wp\/v2\/types\/post"}],"author":[{"embeddable":true,"href":"https:\/\/portaltela.pt\/api\/wp\/v2\/users\/2"}],"replies":[{"embeddable":true,"href":"https:\/\/portaltela.pt\/api\/wp\/v2\/comments?post=131790"}],"version-history":[{"count":0,"href":"https:\/\/portaltela.pt\/api\/wp\/v2\/posts\/131790\/revisions"}],"wp:featuredmedia":[{"embeddable":true,"href":"https:\/\/portaltela.pt\/api\/wp\/v2\/media\/131792"}],"wp:attachment":[{"href":"https:\/\/portaltela.pt\/api\/wp\/v2\/media?parent=131790"}],"wp:term":[{"taxonomy":"category","embeddable":true,"href":"https:\/\/portaltela.pt\/api\/wp\/v2\/categories?post=131790"},{"taxonomy":"post_tag","embeddable":true,"href":"https:\/\/portaltela.pt\/api\/wp\/v2\/tags?post=131790"}],"curies":[{"name":"wp","href":"https:\/\/api.w.org\/{rel}","templated":true}]}}