{"id":131678,"date":"2026-01-10T17:24:00","date_gmt":"2026-01-10T20:24:00","guid":{"rendered":"https:\/\/portaltela.pt\/noticias\/2026\/01\/10\/casal-e-detido-a-assaltar-loja-nas-caldas-da-rainha\/"},"modified":"2026-01-10T17:24:00","modified_gmt":"2026-01-10T20:24:00","slug":"casal-e-detido-a-assaltar-loja-nas-caldas-da-rainha","status":"publish","type":"post","link":"https:\/\/portaltela.pt\/noticias\/2026\/01\/10\/casal-e-detido-a-assaltar-loja-nas-caldas-da-rainha\/","title":{"rendered":"Casal \u00e9 detido a assaltar loja nas Caldas da Rainha"},"content":{"rendered":"<p>Um casal foi detido em flagrante delito por assalto a um estabelecimento comercial nas Caldas da Rainha, na ter\u00e7a-feira, revelou a PSP. O homem, de 32 anos, \u00e9 suspeito de ter estado na origem de 30 furtos na cidade.<\/p>\n<p>A deten\u00e7\u00e3o ocorreu pela Esquadra de Caldas da Rainha, no distrito de Leiria, no momento em que o casal assaltava o com\u00e9rcio. A PSP indicou que o indiv\u00edduo possui um historial criminal relevante para crimes contra o patrim\u00f3nio.<\/p>\n<p>O homem j\u00e1 tinha sido condenado a duas penas de pris\u00e3o suspensas na sua execu\u00e7\u00e3o. Em dezembro passado, a pol\u00edcia tinha-o detido em flagrante, tamb\u00e9m por furtos a estabelecimentos, ocorridos durante a madrugada.<\/p>\n<h3>Detalhes do caso<\/h3>\n<p>Segundo a PSP, h\u00e1 fortes ind\u00edcios de que o homem esteve envolvido em mais de 30 furtos nos \u00faltimos 10 meses, seis deles em coautoria com a mulher, em Caldas da Rainha. A deten\u00e7\u00e3o ocorreu durante o patrulhamento no centro.<\/p>\n<p>A defesa da opera\u00e7\u00e3o adianta que a PSP encontrou parte dos objetos furtados na posse do casal. O restante material foi localizado junto \u00e0s imedia\u00e7\u00f5es do local assaltado e entregue ao propriet\u00e1rio.<\/p>\n<p>As duas pessoas foram conduzidas a interrogat\u00f3rio judicial. O homem ficou em pris\u00e3o preventiva e foi encaminhado para estabelecimento prisional at\u00e9 ao julgamento. A mulher ficou com termo de identidade e resid\u00eancia.<\/p>\n","protected":false},"excerpt":{"rendered":"<ul>\n<li>Casal, com 32 e 42 anos, foi detido em flagrante-por assalto a um estabelecimento comercial nas Caldas da Rainha pela Esquadra de Caldas da Rainha.<\/li>\n<li>A PSP aponta que o homem \u00e9 suspeito de mais de trinta furtos na cidade, seis em coautoria com a outra arguidas, nos \u00faltimos 10 meses.<\/li>\n<li>A deten\u00e7\u00e3o ocorreu durante patrulhamento no centro; parte dos objetos roubados foi encontrada na posse do casal, o restante junto \u00e0s imedia\u00e7\u00f5es, levantando-se o respectivo material.<\/li>\n<li>O homem tem historial criminal relevante, incluindo duas penas de pris\u00e3o suspensas; havia sido detido em dezembro por dois furtos a estabelecimentos comerciais.<\/li>\n<li>Ap\u00f3s interrogat\u00f3rio judicial, foi decretada a pris\u00e3o preventiva do homem; a mulher ficou com termo de identidade e resid\u00eancia.<\/li>\n<\/ul>\n","protected":false},"author":2,"featured_media":131689,"comment_status":"closed","ping_status":"closed","sticky":false,"template":"","format":"standard","meta":{"footnotes":""},"categories":[1],"tags":[1672,147,1356,1385,814,40],"class_list":["post-131678","post","type-post","status-publish","format-standard","has-post-thumbnail","hentry","category-noticias","tag-caldas-da-rainha","tag-crime","tag-furto-roubo","tag-leiria","tag-patrimonio","tag-pessoas"],"yoast_head":"<!-- This site is optimized with the Yoast SEO plugin v27.2 - https:\/\/yoast.com\/product\/yoast-seo-wordpress\/ -->\n<title>Casal \u00e9 detido a assaltar loja nas Caldas da Rainha - Portal Tela Portugal<\/title>\n<meta name=\"robots\" content=\"index, follow, max-snippet:-1, max-image-preview:large, max-video-preview:-1\" \/>\n<meta property=\"og:locale\" content=\"pt_PT\" \/>\n<meta property=\"og:type\" content=\"article\" \/>\n<meta property=\"og:title\" content=\"Casal \u00e9 detido a assaltar loja nas Caldas da Rainha - Portal Tela Portugal\" \/>\n<meta property=\"og:description\" content=\"Casal, com 32 e 42 anos, foi detido em flagrante-por assalto a um estabelecimento comercial nas Caldas da Rainha pela Esquadra de Caldas da Rainha. A PSP aponta que o homem \u00e9 suspeito de mais de trinta furtos na cidade, seis em coautoria com a outra arguidas, nos \u00faltimos 10 meses. A deten\u00e7\u00e3o ocorreu durante patrulhamento no centro; parte dos objetos roubados foi encontrada na posse do casal, o restante junto \u00e0s imedia\u00e7\u00f5es, levantando-se o respectivo material. O homem tem historial criminal relevante, incluindo duas penas de pris\u00e3o suspensas; havia sido detido em dezembro por dois furtos a estabelecimentos comerciais. Ap\u00f3s interrogat\u00f3rio judicial, foi decretada a pris\u00e3o preventiva do homem; a mulher ficou com termo de identidade e resid\u00eancia.\" \/>\n<meta property=\"og:url\" content=\"https:\/\/portaltela.pt\/noticias\/2026\/01\/10\/casal-e-detido-a-assaltar-loja-nas-caldas-da-rainha\/\" \/>\n<meta property=\"og:site_name\" content=\"Portal Tela Portugal\" \/>\n<meta property=\"article:published_time\" content=\"2026-01-10T20:24:00+00:00\" \/>\n<meta name=\"author\" content=\"Telinha\" \/>\n<meta name=\"twitter:card\" content=\"summary_large_image\" \/>\n<meta name=\"twitter:label1\" content=\"Escrito por\" \/>\n\t<meta name=\"twitter:data1\" content=\"Telinha\" \/>\n\t<meta name=\"twitter:label2\" content=\"Tempo estimado de leitura\" \/>\n\t<meta name=\"twitter:data2\" content=\"1 minuto\" \/>\n<script type=\"application\/ld+json\" class=\"yoast-schema-graph\">{\"@context\":\"https:\/\/schema.org\",\"@graph\":[{\"@type\":\"Article\",\"@id\":\"https:\/\/portaltela.pt\/noticias\/2026\/01\/10\/casal-e-detido-a-assaltar-loja-nas-caldas-da-rainha\/#article\",\"isPartOf\":{\"@id\":\"https:\/\/portaltela.pt\/noticias\/2026\/01\/10\/casal-e-detido-a-assaltar-loja-nas-caldas-da-rainha\/\"},\"author\":{\"name\":\"Telinha\",\"@id\":\"https:\/\/portaltela.pt\/#\/schema\/person\/c4278d4a6028830caff9ee44b42d32ed\"},\"headline\":\"Casal \u00e9 detido a assaltar loja nas Caldas da Rainha\",\"datePublished\":\"2026-01-10T20:24:00+00:00\",\"mainEntityOfPage\":{\"@id\":\"https:\/\/portaltela.pt\/noticias\/2026\/01\/10\/casal-e-detido-a-assaltar-loja-nas-caldas-da-rainha\/\"},\"wordCount\":238,\"image\":{\"@id\":\"https:\/\/portaltela.pt\/noticias\/2026\/01\/10\/casal-e-detido-a-assaltar-loja-nas-caldas-da-rainha\/#primaryimage\"},\"thumbnailUrl\":\"https:\/\/portaltela.pt\/s.01k8rhncp4jt1\/2026\/01\/44775520-1.jpg\",\"keywords\":[\"Caldas da Rainha\",\"crime\",\"furto\/roubo\",\"Leiria\",\"patrim\u00f3nio\",\"pessoas\"],\"articleSection\":[\"Not\u00edcias\"],\"inLanguage\":\"pt-PT\"},{\"@type\":\"WebPage\",\"@id\":\"https:\/\/portaltela.pt\/noticias\/2026\/01\/10\/casal-e-detido-a-assaltar-loja-nas-caldas-da-rainha\/\",\"url\":\"https:\/\/portaltela.pt\/noticias\/2026\/01\/10\/casal-e-detido-a-assaltar-loja-nas-caldas-da-rainha\/\",\"name\":\"Casal \u00e9 detido a assaltar loja nas Caldas da Rainha - Portal Tela Portugal\",\"isPartOf\":{\"@id\":\"https:\/\/portaltela.pt\/#website\"},\"primaryImageOfPage\":{\"@id\":\"https:\/\/portaltela.pt\/noticias\/2026\/01\/10\/casal-e-detido-a-assaltar-loja-nas-caldas-da-rainha\/#primaryimage\"},\"image\":{\"@id\":\"https:\/\/portaltela.pt\/noticias\/2026\/01\/10\/casal-e-detido-a-assaltar-loja-nas-caldas-da-rainha\/#primaryimage\"},\"thumbnailUrl\":\"https:\/\/portaltela.pt\/s.01k8rhncp4jt1\/2026\/01\/44775520-1.jpg\",\"datePublished\":\"2026-01-10T20:24:00+00:00\",\"author\":{\"@id\":\"https:\/\/portaltela.pt\/#\/schema\/person\/c4278d4a6028830caff9ee44b42d32ed\"},\"breadcrumb\":{\"@id\":\"https:\/\/portaltela.pt\/noticias\/2026\/01\/10\/casal-e-detido-a-assaltar-loja-nas-caldas-da-rainha\/#breadcrumb\"},\"inLanguage\":\"pt-PT\",\"potentialAction\":[{\"@type\":\"ReadAction\",\"target\":[\"https:\/\/portaltela.pt\/noticias\/2026\/01\/10\/casal-e-detido-a-assaltar-loja-nas-caldas-da-rainha\/\"]}]},{\"@type\":\"ImageObject\",\"inLanguage\":\"pt-PT\",\"@id\":\"https:\/\/portaltela.pt\/noticias\/2026\/01\/10\/casal-e-detido-a-assaltar-loja-nas-caldas-da-rainha\/#primaryimage\",\"url\":\"https:\/\/portaltela.pt\/s.01k8rhncp4jt1\/2026\/01\/44775520-1.jpg\",\"contentUrl\":\"https:\/\/portaltela.pt\/s.01k8rhncp4jt1\/2026\/01\/44775520-1.jpg\",\"width\":796,\"height\":448,\"caption\":\"PSP det\u00e9m homem por violar mulher em frente dos filhos\"},{\"@type\":\"BreadcrumbList\",\"@id\":\"https:\/\/portaltela.pt\/noticias\/2026\/01\/10\/casal-e-detido-a-assaltar-loja-nas-caldas-da-rainha\/#breadcrumb\",\"itemListElement\":[{\"@type\":\"ListItem\",\"position\":1,\"name\":\"In\u00edcio\",\"item\":\"https:\/\/portaltela.pt\/\"},{\"@type\":\"ListItem\",\"position\":2,\"name\":\"Casal \u00e9 detido a assaltar loja nas Caldas da Rainha\"}]},{\"@type\":\"WebSite\",\"@id\":\"https:\/\/portaltela.pt\/#website\",\"url\":\"https:\/\/portaltela.pt\/\",\"name\":\"Portal Tela Portugal\",\"description\":\"\",\"potentialAction\":[{\"@type\":\"SearchAction\",\"target\":{\"@type\":\"EntryPoint\",\"urlTemplate\":\"https:\/\/portaltela.pt\/?s={search_term_string}\"},\"query-input\":{\"@type\":\"PropertyValueSpecification\",\"valueRequired\":true,\"valueName\":\"search_term_string\"}}],\"inLanguage\":\"pt-PT\"},{\"@type\":\"Person\",\"@id\":\"https:\/\/portaltela.pt\/#\/schema\/person\/c4278d4a6028830caff9ee44b42d32ed\",\"name\":\"Telinha\",\"image\":{\"@type\":\"ImageObject\",\"inLanguage\":\"pt-PT\",\"@id\":\"https:\/\/portaltela.pt\/s.01k8rhncp4jt1\/2025\/11\/talking-bot-125x125.png\",\"url\":\"https:\/\/portaltela.pt\/s.01k8rhncp4jt1\/2025\/11\/talking-bot-125x125.png\",\"contentUrl\":\"https:\/\/portaltela.pt\/s.01k8rhncp4jt1\/2025\/11\/talking-bot-125x125.png\",\"caption\":\"Telinha\"},\"sameAs\":[\"https:\/\/portaltela.pt\/\"],\"url\":\"https:\/\/portaltela.pt\/por\/367410592786\/\"}]}<\/script>\n<!-- \/ Yoast SEO plugin. -->","yoast_head_json":{"title":"Casal \u00e9 detido a assaltar loja nas Caldas da Rainha - Portal Tela Portugal","robots":{"index":"index","follow":"follow","max-snippet":"max-snippet:-1","max-image-preview":"max-image-preview:large","max-video-preview":"max-video-preview:-1"},"og_locale":"pt_PT","og_type":"article","og_title":"Casal \u00e9 detido a assaltar loja nas Caldas da Rainha - Portal Tela Portugal","og_description":"Casal, com 32 e 42 anos, foi detido em flagrante-por assalto a um estabelecimento comercial nas Caldas da Rainha pela Esquadra de Caldas da Rainha. A PSP aponta que o homem \u00e9 suspeito de mais de trinta furtos na cidade, seis em coautoria com a outra arguidas, nos \u00faltimos 10 meses. A deten\u00e7\u00e3o ocorreu durante patrulhamento no centro; parte dos objetos roubados foi encontrada na posse do casal, o restante junto \u00e0s imedia\u00e7\u00f5es, levantando-se o respectivo material. O homem tem historial criminal relevante, incluindo duas penas de pris\u00e3o suspensas; havia sido detido em dezembro por dois furtos a estabelecimentos comerciais. Ap\u00f3s interrogat\u00f3rio judicial, foi decretada a pris\u00e3o preventiva do homem; a mulher ficou com termo de identidade e resid\u00eancia.","og_url":"https:\/\/portaltela.pt\/noticias\/2026\/01\/10\/casal-e-detido-a-assaltar-loja-nas-caldas-da-rainha\/","og_site_name":"Portal Tela Portugal","article_published_time":"2026-01-10T20:24:00+00:00","author":"Telinha","twitter_card":"summary_large_image","twitter_misc":{"Escrito por":"Telinha","Tempo estimado de leitura":"1 minuto"},"schema":{"@context":"https:\/\/schema.org","@graph":[{"@type":"Article","@id":"https:\/\/portaltela.pt\/noticias\/2026\/01\/10\/casal-e-detido-a-assaltar-loja-nas-caldas-da-rainha\/#article","isPartOf":{"@id":"https:\/\/portaltela.pt\/noticias\/2026\/01\/10\/casal-e-detido-a-assaltar-loja-nas-caldas-da-rainha\/"},"author":{"name":"Telinha","@id":"https:\/\/portaltela.pt\/#\/schema\/person\/c4278d4a6028830caff9ee44b42d32ed"},"headline":"Casal \u00e9 detido a assaltar loja nas Caldas da Rainha","datePublished":"2026-01-10T20:24:00+00:00","mainEntityOfPage":{"@id":"https:\/\/portaltela.pt\/noticias\/2026\/01\/10\/casal-e-detido-a-assaltar-loja-nas-caldas-da-rainha\/"},"wordCount":238,"image":{"@id":"https:\/\/portaltela.pt\/noticias\/2026\/01\/10\/casal-e-detido-a-assaltar-loja-nas-caldas-da-rainha\/#primaryimage"},"thumbnailUrl":"https:\/\/portaltela.pt\/s.01k8rhncp4jt1\/2026\/01\/44775520-1.jpg","keywords":["Caldas da Rainha","crime","furto\/roubo","Leiria","patrim\u00f3nio","pessoas"],"articleSection":["Not\u00edcias"],"inLanguage":"pt-PT"},{"@type":"WebPage","@id":"https:\/\/portaltela.pt\/noticias\/2026\/01\/10\/casal-e-detido-a-assaltar-loja-nas-caldas-da-rainha\/","url":"https:\/\/portaltela.pt\/noticias\/2026\/01\/10\/casal-e-detido-a-assaltar-loja-nas-caldas-da-rainha\/","name":"Casal \u00e9 detido a assaltar loja nas Caldas da Rainha - Portal Tela Portugal","isPartOf":{"@id":"https:\/\/portaltela.pt\/#website"},"primaryImageOfPage":{"@id":"https:\/\/portaltela.pt\/noticias\/2026\/01\/10\/casal-e-detido-a-assaltar-loja-nas-caldas-da-rainha\/#primaryimage"},"image":{"@id":"https:\/\/portaltela.pt\/noticias\/2026\/01\/10\/casal-e-detido-a-assaltar-loja-nas-caldas-da-rainha\/#primaryimage"},"thumbnailUrl":"https:\/\/portaltela.pt\/s.01k8rhncp4jt1\/2026\/01\/44775520-1.jpg","datePublished":"2026-01-10T20:24:00+00:00","author":{"@id":"https:\/\/portaltela.pt\/#\/schema\/person\/c4278d4a6028830caff9ee44b42d32ed"},"breadcrumb":{"@id":"https:\/\/portaltela.pt\/noticias\/2026\/01\/10\/casal-e-detido-a-assaltar-loja-nas-caldas-da-rainha\/#breadcrumb"},"inLanguage":"pt-PT","potentialAction":[{"@type":"ReadAction","target":["https:\/\/portaltela.pt\/noticias\/2026\/01\/10\/casal-e-detido-a-assaltar-loja-nas-caldas-da-rainha\/"]}]},{"@type":"ImageObject","inLanguage":"pt-PT","@id":"https:\/\/portaltela.pt\/noticias\/2026\/01\/10\/casal-e-detido-a-assaltar-loja-nas-caldas-da-rainha\/#primaryimage","url":"https:\/\/portaltela.pt\/s.01k8rhncp4jt1\/2026\/01\/44775520-1.jpg","contentUrl":"https:\/\/portaltela.pt\/s.01k8rhncp4jt1\/2026\/01\/44775520-1.jpg","width":796,"height":448,"caption":"PSP det\u00e9m homem por violar mulher em frente dos filhos"},{"@type":"BreadcrumbList","@id":"https:\/\/portaltela.pt\/noticias\/2026\/01\/10\/casal-e-detido-a-assaltar-loja-nas-caldas-da-rainha\/#breadcrumb","itemListElement":[{"@type":"ListItem","position":1,"name":"In\u00edcio","item":"https:\/\/portaltela.pt\/"},{"@type":"ListItem","position":2,"name":"Casal \u00e9 detido a assaltar loja nas Caldas da Rainha"}]},{"@type":"WebSite","@id":"https:\/\/portaltela.pt\/#website","url":"https:\/\/portaltela.pt\/","name":"Portal Tela Portugal","description":"","potentialAction":[{"@type":"SearchAction","target":{"@type":"EntryPoint","urlTemplate":"https:\/\/portaltela.pt\/?s={search_term_string}"},"query-input":{"@type":"PropertyValueSpecification","valueRequired":true,"valueName":"search_term_string"}}],"inLanguage":"pt-PT"},{"@type":"Person","@id":"https:\/\/portaltela.pt\/#\/schema\/person\/c4278d4a6028830caff9ee44b42d32ed","name":"Telinha","image":{"@type":"ImageObject","inLanguage":"pt-PT","@id":"https:\/\/portaltela.pt\/s.01k8rhncp4jt1\/2025\/11\/talking-bot-125x125.png","url":"https:\/\/portaltela.pt\/s.01k8rhncp4jt1\/2025\/11\/talking-bot-125x125.png","contentUrl":"https:\/\/portaltela.pt\/s.01k8rhncp4jt1\/2025\/11\/talking-bot-125x125.png","caption":"Telinha"},"sameAs":["https:\/\/portaltela.pt\/"],"url":"https:\/\/portaltela.pt\/por\/367410592786\/"}]}},"_links":{"self":[{"href":"https:\/\/portaltela.pt\/api\/wp\/v2\/posts\/131678","targetHints":{"allow":["GET"]}}],"collection":[{"href":"https:\/\/portaltela.pt\/api\/wp\/v2\/posts"}],"about":[{"href":"https:\/\/portaltela.pt\/api\/wp\/v2\/types\/post"}],"author":[{"embeddable":true,"href":"https:\/\/portaltela.pt\/api\/wp\/v2\/users\/2"}],"replies":[{"embeddable":true,"href":"https:\/\/portaltela.pt\/api\/wp\/v2\/comments?post=131678"}],"version-history":[{"count":0,"href":"https:\/\/portaltela.pt\/api\/wp\/v2\/posts\/131678\/revisions"}],"wp:featuredmedia":[{"embeddable":true,"href":"https:\/\/portaltela.pt\/api\/wp\/v2\/media\/131689"}],"wp:attachment":[{"href":"https:\/\/portaltela.pt\/api\/wp\/v2\/media?parent=131678"}],"wp:term":[{"taxonomy":"category","embeddable":true,"href":"https:\/\/portaltela.pt\/api\/wp\/v2\/categories?post=131678"},{"taxonomy":"post_tag","embeddable":true,"href":"https:\/\/portaltela.pt\/api\/wp\/v2\/tags?post=131678"}],"curies":[{"name":"wp","href":"https:\/\/api.w.org\/{rel}","templated":true}]}}