{"id":131569,"date":"2026-01-10T16:38:00","date_gmt":"2026-01-10T19:38:00","guid":{"rendered":"https:\/\/portaltela.pt\/noticias\/2026\/01\/10\/derrocada-na-ilha-de-sao-jorge-encerra-acesso-a-faja-dos-cubres\/"},"modified":"2026-01-10T16:38:00","modified_gmt":"2026-01-10T19:38:00","slug":"derrocada-na-ilha-de-sao-jorge-encerra-acesso-a-faja-dos-cubres","status":"publish","type":"post","link":"https:\/\/portaltela.pt\/noticias\/2026\/01\/10\/derrocada-na-ilha-de-sao-jorge-encerra-acesso-a-faja-dos-cubres\/","title":{"rendered":"Derrocada na ilha de S\u00e3o Jorge encerra acesso \u00e0 Faj\u00e3 dos Cubres"},"content":{"rendered":"<p>O acesso \u00e0 Faj\u00e3 dos Cubres, na ilha de S\u00e3o Jorge, A\u00e7ores, est\u00e1 encerrado at\u00e9 segunda-feira devido a derrocadas provocadas pela chuva intensa. A prote\u00e7\u00e3o civil municipal confirmou a suspens\u00e3o da circula\u00e7\u00e3o de pessoas e ve\u00edculos por motivos de seguran\u00e7a.<\/p>\n<p>O Servi\u00e7o Municipal de Prote\u00e7\u00e3o Civil da Calheta informou que as condi\u00e7\u00f5es clim\u00e1ticas adversas persistem e ocorreram quedas de material ao longo do trilho, tornando impr\u00f3pria a passagem no momento. A interven\u00e7\u00e3o visa verificar condi\u00e7\u00f5es de seguran\u00e7a ap\u00f3s a estabiliza\u00e7\u00e3o dos terrenos.<\/p>\n<p>A decis\u00e3o envolve ainda o Servi\u00e7o Regional de Prote\u00e7\u00e3o Civil e Bombeiros dos A\u00e7ores, em conjunto com a PSP, que mant\u00eam monitoriza\u00e7\u00e3o permanente do local. A C\u00e2mara Municipal alerta para a interrup\u00e7\u00e3o do trilho entre a Faj\u00e3 dos Cubres e a Caldeira em v\u00e1rias zonas.<\/p>\n<h3>Situa\u00e7\u00e3o adicional e avisos<\/h3>\n<p>A autarquia comunicou que o trilho permanece interrompido por instabilidade de terreno. O IPMA colocou hoje as ilhas do grupo Central dos A\u00e7ores sob aviso amarelo devido \u00e0 previs\u00e3o de precipita\u00e7\u00e3o forte at\u00e9 \u00e0s 20:00 locais.<\/p>\n<p>O aviso amarelo \u00e9 emitido quando existe risco para atividades dependentes da meteorologia. A prote\u00e7\u00e3o civil apelou \u00e0 popula\u00e7\u00e3o para n\u00e3o utilizar o trilho at\u00e9 novo information. A derrocada tamb\u00e9m afetou temporariamente o acesso anterior, que apenas foi restabelecido parcialmente em novembro de 2025.<\/p>\n","protected":false},"excerpt":{"rendered":"<ul>\n<li>O acesso \u00e0 Faj\u00e3 dos Cubres, em S\u00e3o Jorge, est\u00e1 encerrado at\u00e9 segunda-feira devido a derrocadas provocadas pela chuva intensa, segundo a prote\u00e7\u00e3o civil municipal.<\/li>\n<li>O Servi\u00e7o Municipal de Prote\u00e7\u00e3o Civil da Calheta afirma que n\u00e3o h\u00e1 condi\u00e7\u00f5es de seguran\u00e7a para circula\u00e7\u00e3o de pessoas e ve\u00edculos, pelo que o caminho foi vedado.<\/li>\n<li>O trilho entre a Faj\u00e3 dos Cubres e a Caldeira encontra-se interrompido em v\u00e1rias zonas por instabilidade do terreno.<\/li>\n<li>A prote\u00e7\u00e3o civil municipal, o Servi\u00e7o Regional de Prote\u00e7\u00e3o Civil e Bombeiros dos A\u00e7ores e a PSP acompanham a situa\u00e7\u00e3o, com previs\u00e3o de interven\u00e7\u00e3o de verifica\u00e7\u00e3o de seguran\u00e7a ap\u00f3s a estabiliza\u00e7\u00e3o dos terrenos.<\/li>\n<li>O IPMA colocou alerta amarelo para as ilhas do grupo Central dos A\u00e7ores at\u00e9 \u00e0s 20:00 locais devido \u00e0 precipita\u00e7\u00e3o prevista.<\/li>\n<\/ul>\n","protected":false},"author":2,"featured_media":131574,"comment_status":"closed","ping_status":"closed","sticky":false,"template":"","format":"standard","meta":{"footnotes":""},"categories":[1],"tags":[822,971,1375,320,1381,2790],"class_list":["post-131569","post","type-post","status-publish","format-standard","has-post-thumbnail","hentry","category-noticias","tag-acores","tag-bombeiros","tag-calheta","tag-protecao-civil","tag-psp","tag-sao-jorge"],"yoast_head":"<!-- This site is optimized with the Yoast SEO plugin v27.2 - https:\/\/yoast.com\/product\/yoast-seo-wordpress\/ -->\n<title>Derrocada na ilha de S\u00e3o Jorge encerra acesso \u00e0 Faj\u00e3 dos Cubres - Portal Tela Portugal<\/title>\n<meta name=\"robots\" content=\"index, follow, max-snippet:-1, max-image-preview:large, max-video-preview:-1\" \/>\n<meta property=\"og:locale\" content=\"pt_PT\" \/>\n<meta property=\"og:type\" content=\"article\" \/>\n<meta property=\"og:title\" content=\"Derrocada na ilha de S\u00e3o Jorge encerra acesso \u00e0 Faj\u00e3 dos Cubres - Portal Tela Portugal\" \/>\n<meta property=\"og:description\" content=\"O acesso \u00e0 Faj\u00e3 dos Cubres, em S\u00e3o Jorge, est\u00e1 encerrado at\u00e9 segunda-feira devido a derrocadas provocadas pela chuva intensa, segundo a prote\u00e7\u00e3o civil municipal. O Servi\u00e7o Municipal de Prote\u00e7\u00e3o Civil da Calheta afirma que n\u00e3o h\u00e1 condi\u00e7\u00f5es de seguran\u00e7a para circula\u00e7\u00e3o de pessoas e ve\u00edculos, pelo que o caminho foi vedado. O trilho entre a Faj\u00e3 dos Cubres e a Caldeira encontra-se interrompido em v\u00e1rias zonas por instabilidade do terreno. A prote\u00e7\u00e3o civil municipal, o Servi\u00e7o Regional de Prote\u00e7\u00e3o Civil e Bombeiros dos A\u00e7ores e a PSP acompanham a situa\u00e7\u00e3o, com previs\u00e3o de interven\u00e7\u00e3o de verifica\u00e7\u00e3o de seguran\u00e7a ap\u00f3s a estabiliza\u00e7\u00e3o dos terrenos. O IPMA colocou alerta amarelo para as ilhas do grupo Central dos A\u00e7ores at\u00e9 \u00e0s 20:00 locais devido \u00e0 precipita\u00e7\u00e3o prevista.\" \/>\n<meta property=\"og:url\" content=\"https:\/\/portaltela.pt\/noticias\/2026\/01\/10\/derrocada-na-ilha-de-sao-jorge-encerra-acesso-a-faja-dos-cubres\/\" \/>\n<meta property=\"og:site_name\" content=\"Portal Tela Portugal\" \/>\n<meta property=\"article:published_time\" content=\"2026-01-10T19:38:00+00:00\" \/>\n<meta name=\"author\" content=\"Telinha\" \/>\n<meta name=\"twitter:card\" content=\"summary_large_image\" \/>\n<meta name=\"twitter:label1\" content=\"Escrito por\" \/>\n\t<meta name=\"twitter:data1\" content=\"Telinha\" \/>\n\t<meta name=\"twitter:label2\" content=\"Tempo estimado de leitura\" \/>\n\t<meta name=\"twitter:data2\" content=\"1 minuto\" \/>\n<script type=\"application\/ld+json\" class=\"yoast-schema-graph\">{\"@context\":\"https:\/\/schema.org\",\"@graph\":[{\"@type\":\"Article\",\"@id\":\"https:\/\/portaltela.pt\/noticias\/2026\/01\/10\/derrocada-na-ilha-de-sao-jorge-encerra-acesso-a-faja-dos-cubres\/#article\",\"isPartOf\":{\"@id\":\"https:\/\/portaltela.pt\/noticias\/2026\/01\/10\/derrocada-na-ilha-de-sao-jorge-encerra-acesso-a-faja-dos-cubres\/\"},\"author\":{\"name\":\"Telinha\",\"@id\":\"https:\/\/portaltela.pt\/#\/schema\/person\/c4278d4a6028830caff9ee44b42d32ed\"},\"headline\":\"Derrocada na ilha de S\u00e3o Jorge encerra acesso \u00e0 Faj\u00e3 dos Cubres\",\"datePublished\":\"2026-01-10T19:38:00+00:00\",\"mainEntityOfPage\":{\"@id\":\"https:\/\/portaltela.pt\/noticias\/2026\/01\/10\/derrocada-na-ilha-de-sao-jorge-encerra-acesso-a-faja-dos-cubres\/\"},\"wordCount\":251,\"image\":{\"@id\":\"https:\/\/portaltela.pt\/noticias\/2026\/01\/10\/derrocada-na-ilha-de-sao-jorge-encerra-acesso-a-faja-dos-cubres\/#primaryimage\"},\"thumbnailUrl\":\"https:\/\/portaltela.pt\/s.01k8rhncp4jt1\/2026\/01\/img-0464.jpg\",\"keywords\":[\"A\u00e7ores\",\"bombeiros\",\"Calheta\",\"prote\u00e7\u00e3o civil\",\"PSP\",\"S\u00e3o Jorge\"],\"articleSection\":[\"Not\u00edcias\"],\"inLanguage\":\"pt-PT\"},{\"@type\":\"WebPage\",\"@id\":\"https:\/\/portaltela.pt\/noticias\/2026\/01\/10\/derrocada-na-ilha-de-sao-jorge-encerra-acesso-a-faja-dos-cubres\/\",\"url\":\"https:\/\/portaltela.pt\/noticias\/2026\/01\/10\/derrocada-na-ilha-de-sao-jorge-encerra-acesso-a-faja-dos-cubres\/\",\"name\":\"Derrocada na ilha de S\u00e3o Jorge encerra acesso \u00e0 Faj\u00e3 dos Cubres - Portal Tela Portugal\",\"isPartOf\":{\"@id\":\"https:\/\/portaltela.pt\/#website\"},\"primaryImageOfPage\":{\"@id\":\"https:\/\/portaltela.pt\/noticias\/2026\/01\/10\/derrocada-na-ilha-de-sao-jorge-encerra-acesso-a-faja-dos-cubres\/#primaryimage\"},\"image\":{\"@id\":\"https:\/\/portaltela.pt\/noticias\/2026\/01\/10\/derrocada-na-ilha-de-sao-jorge-encerra-acesso-a-faja-dos-cubres\/#primaryimage\"},\"thumbnailUrl\":\"https:\/\/portaltela.pt\/s.01k8rhncp4jt1\/2026\/01\/img-0464.jpg\",\"datePublished\":\"2026-01-10T19:38:00+00:00\",\"author\":{\"@id\":\"https:\/\/portaltela.pt\/#\/schema\/person\/c4278d4a6028830caff9ee44b42d32ed\"},\"breadcrumb\":{\"@id\":\"https:\/\/portaltela.pt\/noticias\/2026\/01\/10\/derrocada-na-ilha-de-sao-jorge-encerra-acesso-a-faja-dos-cubres\/#breadcrumb\"},\"inLanguage\":\"pt-PT\",\"potentialAction\":[{\"@type\":\"ReadAction\",\"target\":[\"https:\/\/portaltela.pt\/noticias\/2026\/01\/10\/derrocada-na-ilha-de-sao-jorge-encerra-acesso-a-faja-dos-cubres\/\"]}]},{\"@type\":\"ImageObject\",\"inLanguage\":\"pt-PT\",\"@id\":\"https:\/\/portaltela.pt\/noticias\/2026\/01\/10\/derrocada-na-ilha-de-sao-jorge-encerra-acesso-a-faja-dos-cubres\/#primaryimage\",\"url\":\"https:\/\/portaltela.pt\/s.01k8rhncp4jt1\/2026\/01\/img-0464.jpg\",\"contentUrl\":\"https:\/\/portaltela.pt\/s.01k8rhncp4jt1\/2026\/01\/img-0464.jpg\",\"width\":796,\"height\":448,\"caption\":\"Atividade s\u00edsmica acima do normal na ilha de S\u00e3o Jorge, na regi\u00e3o aut\u00f3noma dos A\u00e7ores, torna-se numa situa\u00e7\u00e3o de crise sismo-vulc\u00e2nica. O Observador acompanhou durante uma tarde, uma das tr\u00eas equipas da CIVISA (Centro de Informa\u00e7\u00e3o e Vigil\u00e2ncia Sismo-vulc\u00e2nica dos A\u00e7ores) que est\u00e3o espalhadas por toda ilha de S\u00e3o Jorge. \u00c0 cerca de 11 dias, que diariamente estas equipas deslocam-se para o terreno, para fazerem as medi\u00e7\u00f5es necess\u00e1rias para perceber se, de dia para dia, tem havido uma eventual subida de magma e gases \u00e0 superf\u00edcie da terra. 20 de Mar\u00e7o de 2022 S\u00e3o Jorge, Arquip\u00e9lago dos A\u00e7ores TOM\u00c1S SILVA\/OBSERVADOR\"},{\"@type\":\"BreadcrumbList\",\"@id\":\"https:\/\/portaltela.pt\/noticias\/2026\/01\/10\/derrocada-na-ilha-de-sao-jorge-encerra-acesso-a-faja-dos-cubres\/#breadcrumb\",\"itemListElement\":[{\"@type\":\"ListItem\",\"position\":1,\"name\":\"In\u00edcio\",\"item\":\"https:\/\/portaltela.pt\/\"},{\"@type\":\"ListItem\",\"position\":2,\"name\":\"Derrocada na ilha de S\u00e3o Jorge encerra acesso \u00e0 Faj\u00e3 dos Cubres\"}]},{\"@type\":\"WebSite\",\"@id\":\"https:\/\/portaltela.pt\/#website\",\"url\":\"https:\/\/portaltela.pt\/\",\"name\":\"Portal Tela Portugal\",\"description\":\"\",\"potentialAction\":[{\"@type\":\"SearchAction\",\"target\":{\"@type\":\"EntryPoint\",\"urlTemplate\":\"https:\/\/portaltela.pt\/?s={search_term_string}\"},\"query-input\":{\"@type\":\"PropertyValueSpecification\",\"valueRequired\":true,\"valueName\":\"search_term_string\"}}],\"inLanguage\":\"pt-PT\"},{\"@type\":\"Person\",\"@id\":\"https:\/\/portaltela.pt\/#\/schema\/person\/c4278d4a6028830caff9ee44b42d32ed\",\"name\":\"Telinha\",\"image\":{\"@type\":\"ImageObject\",\"inLanguage\":\"pt-PT\",\"@id\":\"https:\/\/portaltela.pt\/s.01k8rhncp4jt1\/2025\/11\/talking-bot-125x125.png\",\"url\":\"https:\/\/portaltela.pt\/s.01k8rhncp4jt1\/2025\/11\/talking-bot-125x125.png\",\"contentUrl\":\"https:\/\/portaltela.pt\/s.01k8rhncp4jt1\/2025\/11\/talking-bot-125x125.png\",\"caption\":\"Telinha\"},\"sameAs\":[\"https:\/\/portaltela.pt\/\"],\"url\":\"https:\/\/portaltela.pt\/por\/367410592786\/\"}]}<\/script>\n<!-- \/ Yoast SEO plugin. -->","yoast_head_json":{"title":"Derrocada na ilha de S\u00e3o Jorge encerra acesso \u00e0 Faj\u00e3 dos Cubres - Portal Tela Portugal","robots":{"index":"index","follow":"follow","max-snippet":"max-snippet:-1","max-image-preview":"max-image-preview:large","max-video-preview":"max-video-preview:-1"},"og_locale":"pt_PT","og_type":"article","og_title":"Derrocada na ilha de S\u00e3o Jorge encerra acesso \u00e0 Faj\u00e3 dos Cubres - Portal Tela Portugal","og_description":"O acesso \u00e0 Faj\u00e3 dos Cubres, em S\u00e3o Jorge, est\u00e1 encerrado at\u00e9 segunda-feira devido a derrocadas provocadas pela chuva intensa, segundo a prote\u00e7\u00e3o civil municipal. O Servi\u00e7o Municipal de Prote\u00e7\u00e3o Civil da Calheta afirma que n\u00e3o h\u00e1 condi\u00e7\u00f5es de seguran\u00e7a para circula\u00e7\u00e3o de pessoas e ve\u00edculos, pelo que o caminho foi vedado. O trilho entre a Faj\u00e3 dos Cubres e a Caldeira encontra-se interrompido em v\u00e1rias zonas por instabilidade do terreno. A prote\u00e7\u00e3o civil municipal, o Servi\u00e7o Regional de Prote\u00e7\u00e3o Civil e Bombeiros dos A\u00e7ores e a PSP acompanham a situa\u00e7\u00e3o, com previs\u00e3o de interven\u00e7\u00e3o de verifica\u00e7\u00e3o de seguran\u00e7a ap\u00f3s a estabiliza\u00e7\u00e3o dos terrenos. O IPMA colocou alerta amarelo para as ilhas do grupo Central dos A\u00e7ores at\u00e9 \u00e0s 20:00 locais devido \u00e0 precipita\u00e7\u00e3o prevista.","og_url":"https:\/\/portaltela.pt\/noticias\/2026\/01\/10\/derrocada-na-ilha-de-sao-jorge-encerra-acesso-a-faja-dos-cubres\/","og_site_name":"Portal Tela Portugal","article_published_time":"2026-01-10T19:38:00+00:00","author":"Telinha","twitter_card":"summary_large_image","twitter_misc":{"Escrito por":"Telinha","Tempo estimado de leitura":"1 minuto"},"schema":{"@context":"https:\/\/schema.org","@graph":[{"@type":"Article","@id":"https:\/\/portaltela.pt\/noticias\/2026\/01\/10\/derrocada-na-ilha-de-sao-jorge-encerra-acesso-a-faja-dos-cubres\/#article","isPartOf":{"@id":"https:\/\/portaltela.pt\/noticias\/2026\/01\/10\/derrocada-na-ilha-de-sao-jorge-encerra-acesso-a-faja-dos-cubres\/"},"author":{"name":"Telinha","@id":"https:\/\/portaltela.pt\/#\/schema\/person\/c4278d4a6028830caff9ee44b42d32ed"},"headline":"Derrocada na ilha de S\u00e3o Jorge encerra acesso \u00e0 Faj\u00e3 dos Cubres","datePublished":"2026-01-10T19:38:00+00:00","mainEntityOfPage":{"@id":"https:\/\/portaltela.pt\/noticias\/2026\/01\/10\/derrocada-na-ilha-de-sao-jorge-encerra-acesso-a-faja-dos-cubres\/"},"wordCount":251,"image":{"@id":"https:\/\/portaltela.pt\/noticias\/2026\/01\/10\/derrocada-na-ilha-de-sao-jorge-encerra-acesso-a-faja-dos-cubres\/#primaryimage"},"thumbnailUrl":"https:\/\/portaltela.pt\/s.01k8rhncp4jt1\/2026\/01\/img-0464.jpg","keywords":["A\u00e7ores","bombeiros","Calheta","prote\u00e7\u00e3o civil","PSP","S\u00e3o Jorge"],"articleSection":["Not\u00edcias"],"inLanguage":"pt-PT"},{"@type":"WebPage","@id":"https:\/\/portaltela.pt\/noticias\/2026\/01\/10\/derrocada-na-ilha-de-sao-jorge-encerra-acesso-a-faja-dos-cubres\/","url":"https:\/\/portaltela.pt\/noticias\/2026\/01\/10\/derrocada-na-ilha-de-sao-jorge-encerra-acesso-a-faja-dos-cubres\/","name":"Derrocada na ilha de S\u00e3o Jorge encerra acesso \u00e0 Faj\u00e3 dos Cubres - Portal Tela Portugal","isPartOf":{"@id":"https:\/\/portaltela.pt\/#website"},"primaryImageOfPage":{"@id":"https:\/\/portaltela.pt\/noticias\/2026\/01\/10\/derrocada-na-ilha-de-sao-jorge-encerra-acesso-a-faja-dos-cubres\/#primaryimage"},"image":{"@id":"https:\/\/portaltela.pt\/noticias\/2026\/01\/10\/derrocada-na-ilha-de-sao-jorge-encerra-acesso-a-faja-dos-cubres\/#primaryimage"},"thumbnailUrl":"https:\/\/portaltela.pt\/s.01k8rhncp4jt1\/2026\/01\/img-0464.jpg","datePublished":"2026-01-10T19:38:00+00:00","author":{"@id":"https:\/\/portaltela.pt\/#\/schema\/person\/c4278d4a6028830caff9ee44b42d32ed"},"breadcrumb":{"@id":"https:\/\/portaltela.pt\/noticias\/2026\/01\/10\/derrocada-na-ilha-de-sao-jorge-encerra-acesso-a-faja-dos-cubres\/#breadcrumb"},"inLanguage":"pt-PT","potentialAction":[{"@type":"ReadAction","target":["https:\/\/portaltela.pt\/noticias\/2026\/01\/10\/derrocada-na-ilha-de-sao-jorge-encerra-acesso-a-faja-dos-cubres\/"]}]},{"@type":"ImageObject","inLanguage":"pt-PT","@id":"https:\/\/portaltela.pt\/noticias\/2026\/01\/10\/derrocada-na-ilha-de-sao-jorge-encerra-acesso-a-faja-dos-cubres\/#primaryimage","url":"https:\/\/portaltela.pt\/s.01k8rhncp4jt1\/2026\/01\/img-0464.jpg","contentUrl":"https:\/\/portaltela.pt\/s.01k8rhncp4jt1\/2026\/01\/img-0464.jpg","width":796,"height":448,"caption":"Atividade s\u00edsmica acima do normal na ilha de S\u00e3o Jorge, na regi\u00e3o aut\u00f3noma dos A\u00e7ores, torna-se numa situa\u00e7\u00e3o de crise sismo-vulc\u00e2nica. O Observador acompanhou durante uma tarde, uma das tr\u00eas equipas da CIVISA (Centro de Informa\u00e7\u00e3o e Vigil\u00e2ncia Sismo-vulc\u00e2nica dos A\u00e7ores) que est\u00e3o espalhadas por toda ilha de S\u00e3o Jorge. \u00c0 cerca de 11 dias, que diariamente estas equipas deslocam-se para o terreno, para fazerem as medi\u00e7\u00f5es necess\u00e1rias para perceber se, de dia para dia, tem havido uma eventual subida de magma e gases \u00e0 superf\u00edcie da terra. 20 de Mar\u00e7o de 2022 S\u00e3o Jorge, Arquip\u00e9lago dos A\u00e7ores TOM\u00c1S SILVA\/OBSERVADOR"},{"@type":"BreadcrumbList","@id":"https:\/\/portaltela.pt\/noticias\/2026\/01\/10\/derrocada-na-ilha-de-sao-jorge-encerra-acesso-a-faja-dos-cubres\/#breadcrumb","itemListElement":[{"@type":"ListItem","position":1,"name":"In\u00edcio","item":"https:\/\/portaltela.pt\/"},{"@type":"ListItem","position":2,"name":"Derrocada na ilha de S\u00e3o Jorge encerra acesso \u00e0 Faj\u00e3 dos Cubres"}]},{"@type":"WebSite","@id":"https:\/\/portaltela.pt\/#website","url":"https:\/\/portaltela.pt\/","name":"Portal Tela Portugal","description":"","potentialAction":[{"@type":"SearchAction","target":{"@type":"EntryPoint","urlTemplate":"https:\/\/portaltela.pt\/?s={search_term_string}"},"query-input":{"@type":"PropertyValueSpecification","valueRequired":true,"valueName":"search_term_string"}}],"inLanguage":"pt-PT"},{"@type":"Person","@id":"https:\/\/portaltela.pt\/#\/schema\/person\/c4278d4a6028830caff9ee44b42d32ed","name":"Telinha","image":{"@type":"ImageObject","inLanguage":"pt-PT","@id":"https:\/\/portaltela.pt\/s.01k8rhncp4jt1\/2025\/11\/talking-bot-125x125.png","url":"https:\/\/portaltela.pt\/s.01k8rhncp4jt1\/2025\/11\/talking-bot-125x125.png","contentUrl":"https:\/\/portaltela.pt\/s.01k8rhncp4jt1\/2025\/11\/talking-bot-125x125.png","caption":"Telinha"},"sameAs":["https:\/\/portaltela.pt\/"],"url":"https:\/\/portaltela.pt\/por\/367410592786\/"}]}},"_links":{"self":[{"href":"https:\/\/portaltela.pt\/api\/wp\/v2\/posts\/131569","targetHints":{"allow":["GET"]}}],"collection":[{"href":"https:\/\/portaltela.pt\/api\/wp\/v2\/posts"}],"about":[{"href":"https:\/\/portaltela.pt\/api\/wp\/v2\/types\/post"}],"author":[{"embeddable":true,"href":"https:\/\/portaltela.pt\/api\/wp\/v2\/users\/2"}],"replies":[{"embeddable":true,"href":"https:\/\/portaltela.pt\/api\/wp\/v2\/comments?post=131569"}],"version-history":[{"count":0,"href":"https:\/\/portaltela.pt\/api\/wp\/v2\/posts\/131569\/revisions"}],"wp:featuredmedia":[{"embeddable":true,"href":"https:\/\/portaltela.pt\/api\/wp\/v2\/media\/131574"}],"wp:attachment":[{"href":"https:\/\/portaltela.pt\/api\/wp\/v2\/media?parent=131569"}],"wp:term":[{"taxonomy":"category","embeddable":true,"href":"https:\/\/portaltela.pt\/api\/wp\/v2\/categories?post=131569"},{"taxonomy":"post_tag","embeddable":true,"href":"https:\/\/portaltela.pt\/api\/wp\/v2\/tags?post=131569"}],"curies":[{"name":"wp","href":"https:\/\/api.w.org\/{rel}","templated":true}]}}