{"id":131520,"date":"2026-01-10T16:00:00","date_gmt":"2026-01-10T19:00:00","guid":{"rendered":"https:\/\/portaltela.pt\/noticias\/2026\/01\/10\/asae-acompanha-retirada-preventiva-de-formulas-infantis-da-nestle\/"},"modified":"2026-01-10T16:00:00","modified_gmt":"2026-01-10T19:00:00","slug":"asae-acompanha-retirada-preventiva-de-formulas-infantis-da-nestle","status":"publish","type":"post","link":"https:\/\/portaltela.pt\/noticias\/2026\/01\/10\/asae-acompanha-retirada-preventiva-de-formulas-infantis-da-nestle\/","title":{"rendered":"ASAE acompanha retirada preventiva de f\u00f3rmulas infantis da Nestl\u00e9"},"content":{"rendered":"<p>A Autoridade de Seguran\u00e7a Alimentar e Econ\u00f3mica (ASAE) acompanha a retirada volunt\u00e1ria e preventiva de determinados lotes de f\u00f3rmulas infantis das marcas NAN e Alfamino J\u00fanior. A medida resulta de uma comunica\u00e7\u00e3o da Nestl\u00e9 Portugal sobre a poss\u00edvel presen\u00e7a de cereulida numa mat\u00e9ria-prima utilizada na fabrica\u00e7\u00e3o. A cereulida \u00e9 uma toxina associada \u00e0 bact\u00e9ria Bacillus cereus.<\/p>\n<p>A decis\u00e3o \u00e9 de car\u00e1ter preventivo e n\u00e3o h\u00e1 registos de casos de doen\u00e7a associados ao consumo destes produtos at\u00e9 ao momento. A ASAE garante que o processo \u00e9 monitorizado, assegurando a rastreabilidade dos lotes e a prote\u00e7\u00e3o da sa\u00fade p\u00fablica.<\/p>\n<p>A monitoriza\u00e7\u00e3o envolve a identifica\u00e7\u00e3o precisa dos lotes abrangidos e o acompanhamento da cadeia de distribui\u00e7\u00e3o para evitar a exposi\u00e7\u00e3o de consumidores. A Nestl\u00e9 Portugal disponibiliza, no seu site, a lista detalhada dos lotes.<\/p>\n<h3>Lotes abrangidos e confirma\u00e7\u00e3o do fabricante<\/h3>\n<p>Est\u00e3o previstos v\u00e1rios limites de refer\u00eancia da gama NAN, incluindo AR, Sem Lactose, TOTAL, OPTIPRO, SUPREMEPRO e PreNAN, bem como alguns produtos Alfamino J\u00fanior. Consumidores devem verificar o n\u00famero de lote na parte posterior da embalagem.<\/p>\n<p>Os operadores econ\u00f3micos, como supermercados e distribuidores, devem retirar imediatamente os lotes sinalizados, separar-nos dos restantes e contactar a Nestl\u00e9 Portugal para a devolu\u00e7\u00e3o, em conformidade com a legisla\u00e7\u00e3o europeia de seguran\u00e7a alimentar.<\/p>\n<h3>Orienta\u00e7\u00f5es aos consumidores<\/h3>\n<p>Se o lote consta da lista divulgada, a utiliza\u00e7\u00e3o deve ser interrompida e a Nestl\u00e9 deve ser contactada para reembolso. Caso o produto n\u00e3o conste da lista, pode ser consumido em seguran\u00e7a. Em caso de sintomas ap\u00f3s a ingest\u00e3o, procure assist\u00eancia m\u00e9dica.<\/p>\n<p>A ASAE refor\u00e7a que, sem sintomas, n\u00e3o h\u00e1 motivo de alarme. Se surgirem v\u00f3mitos intensos, diarreia ou sonol\u00eancia entre 30 minutos e seis horas ap\u00f3s a ingest\u00e3o, deve procurar-se assist\u00eancia m\u00e9dica de imediato.<\/p>\n<h3>Coopera\u00e7\u00e3o institucional<\/h3>\n<p>A opera\u00e7\u00e3o decorre em articula\u00e7\u00e3o com a Dire\u00e7\u00e3o-Geral de Alimenta\u00e7\u00e3o e Veterin\u00e1ria (DGAV) e segue as orienta\u00e7\u00f5es europeias de comunica\u00e7\u00e3o do risco alimentar. O objetivo \u00e9 garantir transpar\u00eancia e prote\u00e7\u00e3o adicional para grupos vulner\u00e1veis, especialmente beb\u00e9s e crian\u00e7as pequenas.<\/p>\n","protected":false},"excerpt":{"rendered":"<ul>\n<li>A ASAE acompanha a retirada volunt\u00e1ria e preventiva de determinados lotes de f\u00f3rmulas infantis das marcas NAN e Alfamino J\u00fanior, ap\u00f3s alerta da Nestl\u00e9 Portugal sobre poss\u00edvel presen\u00e7a de cereulida numa mat\u00e9ria-prima.<\/li>\n<li>A cereulida \u00e9 uma toxina associada \u00e0 bact\u00e9ria Bacillus cereus; n\u00e3o h\u00e1, at\u00e9 ao momento, registo de doen\u00e7as associadas ao consumo destes produtos. A opera\u00e7\u00e3o decorre de forma monitorizada, com rastreabilidade dos lotes e prote\u00e7\u00e3o da sa\u00fade p\u00fablica.<\/li>\n<li>Os lotes abrangidos pertencem a v\u00e1rias refer\u00eancias da gama NAN (AR, Sem Lactose, TOTAL, OPTIPRO, SUPREMEPRO e PreNAN) e a produtos Alfamino J\u00fanior; os consumidores podem verificar os lotes no site da Nestl\u00e9.<\/li>\n<li>Em contexto de retalhistas, supermercados e distribuidores devem retirar os lotes sinalizados, separ\u00e1-los e contactar a Nestl\u00e9 Portugal para devolu\u00e7\u00e3o, conforme a legisla\u00e7\u00e3o europeia de seguran\u00e7a alimentar; consumidores devem confirmar o n\u00famero de lote na embalagem.<\/li>\n<li>A ASAE atua em parceria com a Dire\u00e7\u00e3o-Geral de Alimenta\u00e7\u00e3o e Veterin\u00e1ria (DGAV), seguindo orienta\u00e7\u00f5es europeias de comunica\u00e7\u00e3o de risco alimentar, para proteger especialmente beb\u00e9s e crian\u00e7as pequenas.<\/li>\n<\/ul>\n","protected":false},"author":2,"featured_media":131529,"comment_status":"closed","ping_status":"closed","sticky":false,"template":"","format":"standard","meta":{"footnotes":""},"categories":[1],"tags":[86,695,40,945,250],"class_list":["post-131520","post","type-post","status-publish","format-standard","has-post-thumbnail","hentry","category-noticias","tag-alimentacao","tag-fiscalizacao","tag-pessoas","tag-protecao-alimentar","tag-seguranca-publica"],"yoast_head":"<!-- This site is optimized with the Yoast SEO plugin v27.2 - https:\/\/yoast.com\/product\/yoast-seo-wordpress\/ -->\n<title>ASAE acompanha retirada preventiva de f\u00f3rmulas infantis da Nestl\u00e9 - Portal Tela Portugal<\/title>\n<meta name=\"robots\" content=\"index, follow, max-snippet:-1, max-image-preview:large, max-video-preview:-1\" \/>\n<meta property=\"og:locale\" content=\"pt_PT\" \/>\n<meta property=\"og:type\" content=\"article\" \/>\n<meta property=\"og:title\" content=\"ASAE acompanha retirada preventiva de f\u00f3rmulas infantis da Nestl\u00e9 - Portal Tela Portugal\" \/>\n<meta property=\"og:description\" content=\"A ASAE acompanha a retirada volunt\u00e1ria e preventiva de determinados lotes de f\u00f3rmulas infantis das marcas NAN e Alfamino J\u00fanior, ap\u00f3s alerta da Nestl\u00e9 Portugal sobre poss\u00edvel presen\u00e7a de cereulida numa mat\u00e9ria-prima. A cereulida \u00e9 uma toxina associada \u00e0 bact\u00e9ria Bacillus cereus; n\u00e3o h\u00e1, at\u00e9 ao momento, registo de doen\u00e7as associadas ao consumo destes produtos. A opera\u00e7\u00e3o decorre de forma monitorizada, com rastreabilidade dos lotes e prote\u00e7\u00e3o da sa\u00fade p\u00fablica. Os lotes abrangidos pertencem a v\u00e1rias refer\u00eancias da gama NAN (AR, Sem Lactose, TOTAL, OPTIPRO, SUPREMEPRO e PreNAN) e a produtos Alfamino J\u00fanior; os consumidores podem verificar os lotes no site da Nestl\u00e9. Em contexto de retalhistas, supermercados e distribuidores devem retirar os lotes sinalizados, separ\u00e1-los e contactar a Nestl\u00e9 Portugal para devolu\u00e7\u00e3o, conforme a legisla\u00e7\u00e3o europeia de seguran\u00e7a alimentar; consumidores devem confirmar o n\u00famero de lote na embalagem. A ASAE atua em parceria com a Dire\u00e7\u00e3o-Geral de Alimenta\u00e7\u00e3o e Veterin\u00e1ria (DGAV), seguindo orienta\u00e7\u00f5es europeias de comunica\u00e7\u00e3o de risco alimentar, para proteger especialmente beb\u00e9s e crian\u00e7as pequenas.\" \/>\n<meta property=\"og:url\" content=\"https:\/\/portaltela.pt\/noticias\/2026\/01\/10\/asae-acompanha-retirada-preventiva-de-formulas-infantis-da-nestle\/\" \/>\n<meta property=\"og:site_name\" content=\"Portal Tela Portugal\" \/>\n<meta property=\"article:published_time\" content=\"2026-01-10T19:00:00+00:00\" \/>\n<meta name=\"author\" content=\"Telinha\" \/>\n<meta name=\"twitter:card\" content=\"summary_large_image\" \/>\n<meta name=\"twitter:label1\" content=\"Escrito por\" \/>\n\t<meta name=\"twitter:data1\" content=\"Telinha\" \/>\n\t<meta name=\"twitter:label2\" content=\"Tempo estimado de leitura\" \/>\n\t<meta name=\"twitter:data2\" content=\"2 minutos\" \/>\n<script type=\"application\/ld+json\" class=\"yoast-schema-graph\">{\"@context\":\"https:\/\/schema.org\",\"@graph\":[{\"@type\":\"Article\",\"@id\":\"https:\/\/portaltela.pt\/noticias\/2026\/01\/10\/asae-acompanha-retirada-preventiva-de-formulas-infantis-da-nestle\/#article\",\"isPartOf\":{\"@id\":\"https:\/\/portaltela.pt\/noticias\/2026\/01\/10\/asae-acompanha-retirada-preventiva-de-formulas-infantis-da-nestle\/\"},\"author\":{\"name\":\"Telinha\",\"@id\":\"https:\/\/portaltela.pt\/#\/schema\/person\/c4278d4a6028830caff9ee44b42d32ed\"},\"headline\":\"ASAE acompanha retirada preventiva de f\u00f3rmulas infantis da Nestl\u00e9\",\"datePublished\":\"2026-01-10T19:00:00+00:00\",\"mainEntityOfPage\":{\"@id\":\"https:\/\/portaltela.pt\/noticias\/2026\/01\/10\/asae-acompanha-retirada-preventiva-de-formulas-infantis-da-nestle\/\"},\"wordCount\":390,\"image\":{\"@id\":\"https:\/\/portaltela.pt\/noticias\/2026\/01\/10\/asae-acompanha-retirada-preventiva-de-formulas-infantis-da-nestle\/#primaryimage\"},\"thumbnailUrl\":\"https:\/\/portaltela.pt\/s.01k8rhncp4jt1\/2026\/01\/unnamed-file-2106.jpg\",\"keywords\":[\"alimenta\u00e7\u00e3o\",\"fiscaliza\u00e7\u00e3o\",\"pessoas\",\"prote\u00e7\u00e3o alimentar\",\"seguran\u00e7a p\u00fablica\"],\"articleSection\":[\"Not\u00edcias\"],\"inLanguage\":\"pt-PT\"},{\"@type\":\"WebPage\",\"@id\":\"https:\/\/portaltela.pt\/noticias\/2026\/01\/10\/asae-acompanha-retirada-preventiva-de-formulas-infantis-da-nestle\/\",\"url\":\"https:\/\/portaltela.pt\/noticias\/2026\/01\/10\/asae-acompanha-retirada-preventiva-de-formulas-infantis-da-nestle\/\",\"name\":\"ASAE acompanha retirada preventiva de f\u00f3rmulas infantis da Nestl\u00e9 - Portal Tela Portugal\",\"isPartOf\":{\"@id\":\"https:\/\/portaltela.pt\/#website\"},\"primaryImageOfPage\":{\"@id\":\"https:\/\/portaltela.pt\/noticias\/2026\/01\/10\/asae-acompanha-retirada-preventiva-de-formulas-infantis-da-nestle\/#primaryimage\"},\"image\":{\"@id\":\"https:\/\/portaltela.pt\/noticias\/2026\/01\/10\/asae-acompanha-retirada-preventiva-de-formulas-infantis-da-nestle\/#primaryimage\"},\"thumbnailUrl\":\"https:\/\/portaltela.pt\/s.01k8rhncp4jt1\/2026\/01\/unnamed-file-2106.jpg\",\"datePublished\":\"2026-01-10T19:00:00+00:00\",\"author\":{\"@id\":\"https:\/\/portaltela.pt\/#\/schema\/person\/c4278d4a6028830caff9ee44b42d32ed\"},\"breadcrumb\":{\"@id\":\"https:\/\/portaltela.pt\/noticias\/2026\/01\/10\/asae-acompanha-retirada-preventiva-de-formulas-infantis-da-nestle\/#breadcrumb\"},\"inLanguage\":\"pt-PT\",\"potentialAction\":[{\"@type\":\"ReadAction\",\"target\":[\"https:\/\/portaltela.pt\/noticias\/2026\/01\/10\/asae-acompanha-retirada-preventiva-de-formulas-infantis-da-nestle\/\"]}]},{\"@type\":\"ImageObject\",\"inLanguage\":\"pt-PT\",\"@id\":\"https:\/\/portaltela.pt\/noticias\/2026\/01\/10\/asae-acompanha-retirada-preventiva-de-formulas-infantis-da-nestle\/#primaryimage\",\"url\":\"https:\/\/portaltela.pt\/s.01k8rhncp4jt1\/2026\/01\/unnamed-file-2106.jpg\",\"contentUrl\":\"https:\/\/portaltela.pt\/s.01k8rhncp4jt1\/2026\/01\/unnamed-file-2106.jpg\",\"width\":796,\"height\":448,\"caption\":\"ASAE acompanha retirada preventiva de f\u00f3rmulas infantis da Nestl\u00e9 por precau\u00e7\u00e3o sanit\u00e1ria\"},{\"@type\":\"BreadcrumbList\",\"@id\":\"https:\/\/portaltela.pt\/noticias\/2026\/01\/10\/asae-acompanha-retirada-preventiva-de-formulas-infantis-da-nestle\/#breadcrumb\",\"itemListElement\":[{\"@type\":\"ListItem\",\"position\":1,\"name\":\"In\u00edcio\",\"item\":\"https:\/\/portaltela.pt\/\"},{\"@type\":\"ListItem\",\"position\":2,\"name\":\"ASAE acompanha retirada preventiva de f\u00f3rmulas infantis da Nestl\u00e9\"}]},{\"@type\":\"WebSite\",\"@id\":\"https:\/\/portaltela.pt\/#website\",\"url\":\"https:\/\/portaltela.pt\/\",\"name\":\"Portal Tela Portugal\",\"description\":\"\",\"potentialAction\":[{\"@type\":\"SearchAction\",\"target\":{\"@type\":\"EntryPoint\",\"urlTemplate\":\"https:\/\/portaltela.pt\/?s={search_term_string}\"},\"query-input\":{\"@type\":\"PropertyValueSpecification\",\"valueRequired\":true,\"valueName\":\"search_term_string\"}}],\"inLanguage\":\"pt-PT\"},{\"@type\":\"Person\",\"@id\":\"https:\/\/portaltela.pt\/#\/schema\/person\/c4278d4a6028830caff9ee44b42d32ed\",\"name\":\"Telinha\",\"image\":{\"@type\":\"ImageObject\",\"inLanguage\":\"pt-PT\",\"@id\":\"https:\/\/portaltela.pt\/s.01k8rhncp4jt1\/2025\/11\/talking-bot-125x125.png\",\"url\":\"https:\/\/portaltela.pt\/s.01k8rhncp4jt1\/2025\/11\/talking-bot-125x125.png\",\"contentUrl\":\"https:\/\/portaltela.pt\/s.01k8rhncp4jt1\/2025\/11\/talking-bot-125x125.png\",\"caption\":\"Telinha\"},\"sameAs\":[\"https:\/\/portaltela.pt\/\"],\"url\":\"https:\/\/portaltela.pt\/por\/367410592786\/\"}]}<\/script>\n<!-- \/ Yoast SEO plugin. -->","yoast_head_json":{"title":"ASAE acompanha retirada preventiva de f\u00f3rmulas infantis da Nestl\u00e9 - Portal Tela Portugal","robots":{"index":"index","follow":"follow","max-snippet":"max-snippet:-1","max-image-preview":"max-image-preview:large","max-video-preview":"max-video-preview:-1"},"og_locale":"pt_PT","og_type":"article","og_title":"ASAE acompanha retirada preventiva de f\u00f3rmulas infantis da Nestl\u00e9 - Portal Tela Portugal","og_description":"A ASAE acompanha a retirada volunt\u00e1ria e preventiva de determinados lotes de f\u00f3rmulas infantis das marcas NAN e Alfamino J\u00fanior, ap\u00f3s alerta da Nestl\u00e9 Portugal sobre poss\u00edvel presen\u00e7a de cereulida numa mat\u00e9ria-prima. A cereulida \u00e9 uma toxina associada \u00e0 bact\u00e9ria Bacillus cereus; n\u00e3o h\u00e1, at\u00e9 ao momento, registo de doen\u00e7as associadas ao consumo destes produtos. A opera\u00e7\u00e3o decorre de forma monitorizada, com rastreabilidade dos lotes e prote\u00e7\u00e3o da sa\u00fade p\u00fablica. Os lotes abrangidos pertencem a v\u00e1rias refer\u00eancias da gama NAN (AR, Sem Lactose, TOTAL, OPTIPRO, SUPREMEPRO e PreNAN) e a produtos Alfamino J\u00fanior; os consumidores podem verificar os lotes no site da Nestl\u00e9. Em contexto de retalhistas, supermercados e distribuidores devem retirar os lotes sinalizados, separ\u00e1-los e contactar a Nestl\u00e9 Portugal para devolu\u00e7\u00e3o, conforme a legisla\u00e7\u00e3o europeia de seguran\u00e7a alimentar; consumidores devem confirmar o n\u00famero de lote na embalagem. A ASAE atua em parceria com a Dire\u00e7\u00e3o-Geral de Alimenta\u00e7\u00e3o e Veterin\u00e1ria (DGAV), seguindo orienta\u00e7\u00f5es europeias de comunica\u00e7\u00e3o de risco alimentar, para proteger especialmente beb\u00e9s e crian\u00e7as pequenas.","og_url":"https:\/\/portaltela.pt\/noticias\/2026\/01\/10\/asae-acompanha-retirada-preventiva-de-formulas-infantis-da-nestle\/","og_site_name":"Portal Tela Portugal","article_published_time":"2026-01-10T19:00:00+00:00","author":"Telinha","twitter_card":"summary_large_image","twitter_misc":{"Escrito por":"Telinha","Tempo estimado de leitura":"2 minutos"},"schema":{"@context":"https:\/\/schema.org","@graph":[{"@type":"Article","@id":"https:\/\/portaltela.pt\/noticias\/2026\/01\/10\/asae-acompanha-retirada-preventiva-de-formulas-infantis-da-nestle\/#article","isPartOf":{"@id":"https:\/\/portaltela.pt\/noticias\/2026\/01\/10\/asae-acompanha-retirada-preventiva-de-formulas-infantis-da-nestle\/"},"author":{"name":"Telinha","@id":"https:\/\/portaltela.pt\/#\/schema\/person\/c4278d4a6028830caff9ee44b42d32ed"},"headline":"ASAE acompanha retirada preventiva de f\u00f3rmulas infantis da Nestl\u00e9","datePublished":"2026-01-10T19:00:00+00:00","mainEntityOfPage":{"@id":"https:\/\/portaltela.pt\/noticias\/2026\/01\/10\/asae-acompanha-retirada-preventiva-de-formulas-infantis-da-nestle\/"},"wordCount":390,"image":{"@id":"https:\/\/portaltela.pt\/noticias\/2026\/01\/10\/asae-acompanha-retirada-preventiva-de-formulas-infantis-da-nestle\/#primaryimage"},"thumbnailUrl":"https:\/\/portaltela.pt\/s.01k8rhncp4jt1\/2026\/01\/unnamed-file-2106.jpg","keywords":["alimenta\u00e7\u00e3o","fiscaliza\u00e7\u00e3o","pessoas","prote\u00e7\u00e3o alimentar","seguran\u00e7a p\u00fablica"],"articleSection":["Not\u00edcias"],"inLanguage":"pt-PT"},{"@type":"WebPage","@id":"https:\/\/portaltela.pt\/noticias\/2026\/01\/10\/asae-acompanha-retirada-preventiva-de-formulas-infantis-da-nestle\/","url":"https:\/\/portaltela.pt\/noticias\/2026\/01\/10\/asae-acompanha-retirada-preventiva-de-formulas-infantis-da-nestle\/","name":"ASAE acompanha retirada preventiva de f\u00f3rmulas infantis da Nestl\u00e9 - Portal Tela Portugal","isPartOf":{"@id":"https:\/\/portaltela.pt\/#website"},"primaryImageOfPage":{"@id":"https:\/\/portaltela.pt\/noticias\/2026\/01\/10\/asae-acompanha-retirada-preventiva-de-formulas-infantis-da-nestle\/#primaryimage"},"image":{"@id":"https:\/\/portaltela.pt\/noticias\/2026\/01\/10\/asae-acompanha-retirada-preventiva-de-formulas-infantis-da-nestle\/#primaryimage"},"thumbnailUrl":"https:\/\/portaltela.pt\/s.01k8rhncp4jt1\/2026\/01\/unnamed-file-2106.jpg","datePublished":"2026-01-10T19:00:00+00:00","author":{"@id":"https:\/\/portaltela.pt\/#\/schema\/person\/c4278d4a6028830caff9ee44b42d32ed"},"breadcrumb":{"@id":"https:\/\/portaltela.pt\/noticias\/2026\/01\/10\/asae-acompanha-retirada-preventiva-de-formulas-infantis-da-nestle\/#breadcrumb"},"inLanguage":"pt-PT","potentialAction":[{"@type":"ReadAction","target":["https:\/\/portaltela.pt\/noticias\/2026\/01\/10\/asae-acompanha-retirada-preventiva-de-formulas-infantis-da-nestle\/"]}]},{"@type":"ImageObject","inLanguage":"pt-PT","@id":"https:\/\/portaltela.pt\/noticias\/2026\/01\/10\/asae-acompanha-retirada-preventiva-de-formulas-infantis-da-nestle\/#primaryimage","url":"https:\/\/portaltela.pt\/s.01k8rhncp4jt1\/2026\/01\/unnamed-file-2106.jpg","contentUrl":"https:\/\/portaltela.pt\/s.01k8rhncp4jt1\/2026\/01\/unnamed-file-2106.jpg","width":796,"height":448,"caption":"ASAE acompanha retirada preventiva de f\u00f3rmulas infantis da Nestl\u00e9 por precau\u00e7\u00e3o sanit\u00e1ria"},{"@type":"BreadcrumbList","@id":"https:\/\/portaltela.pt\/noticias\/2026\/01\/10\/asae-acompanha-retirada-preventiva-de-formulas-infantis-da-nestle\/#breadcrumb","itemListElement":[{"@type":"ListItem","position":1,"name":"In\u00edcio","item":"https:\/\/portaltela.pt\/"},{"@type":"ListItem","position":2,"name":"ASAE acompanha retirada preventiva de f\u00f3rmulas infantis da Nestl\u00e9"}]},{"@type":"WebSite","@id":"https:\/\/portaltela.pt\/#website","url":"https:\/\/portaltela.pt\/","name":"Portal Tela Portugal","description":"","potentialAction":[{"@type":"SearchAction","target":{"@type":"EntryPoint","urlTemplate":"https:\/\/portaltela.pt\/?s={search_term_string}"},"query-input":{"@type":"PropertyValueSpecification","valueRequired":true,"valueName":"search_term_string"}}],"inLanguage":"pt-PT"},{"@type":"Person","@id":"https:\/\/portaltela.pt\/#\/schema\/person\/c4278d4a6028830caff9ee44b42d32ed","name":"Telinha","image":{"@type":"ImageObject","inLanguage":"pt-PT","@id":"https:\/\/portaltela.pt\/s.01k8rhncp4jt1\/2025\/11\/talking-bot-125x125.png","url":"https:\/\/portaltela.pt\/s.01k8rhncp4jt1\/2025\/11\/talking-bot-125x125.png","contentUrl":"https:\/\/portaltela.pt\/s.01k8rhncp4jt1\/2025\/11\/talking-bot-125x125.png","caption":"Telinha"},"sameAs":["https:\/\/portaltela.pt\/"],"url":"https:\/\/portaltela.pt\/por\/367410592786\/"}]}},"_links":{"self":[{"href":"https:\/\/portaltela.pt\/api\/wp\/v2\/posts\/131520","targetHints":{"allow":["GET"]}}],"collection":[{"href":"https:\/\/portaltela.pt\/api\/wp\/v2\/posts"}],"about":[{"href":"https:\/\/portaltela.pt\/api\/wp\/v2\/types\/post"}],"author":[{"embeddable":true,"href":"https:\/\/portaltela.pt\/api\/wp\/v2\/users\/2"}],"replies":[{"embeddable":true,"href":"https:\/\/portaltela.pt\/api\/wp\/v2\/comments?post=131520"}],"version-history":[{"count":0,"href":"https:\/\/portaltela.pt\/api\/wp\/v2\/posts\/131520\/revisions"}],"wp:featuredmedia":[{"embeddable":true,"href":"https:\/\/portaltela.pt\/api\/wp\/v2\/media\/131529"}],"wp:attachment":[{"href":"https:\/\/portaltela.pt\/api\/wp\/v2\/media?parent=131520"}],"wp:term":[{"taxonomy":"category","embeddable":true,"href":"https:\/\/portaltela.pt\/api\/wp\/v2\/categories?post=131520"},{"taxonomy":"post_tag","embeddable":true,"href":"https:\/\/portaltela.pt\/api\/wp\/v2\/tags?post=131520"}],"curies":[{"name":"wp","href":"https:\/\/api.w.org\/{rel}","templated":true}]}}