{"id":131371,"date":"2026-01-10T15:09:00","date_gmt":"2026-01-10T18:09:00","guid":{"rendered":"https:\/\/portaltela.pt\/noticias\/2026\/01\/10\/suspeito-de-30-assaltos-detido-em-flagrante-com-mulher-nas-caldas-da-rainha\/"},"modified":"2026-01-10T15:09:00","modified_gmt":"2026-01-10T18:09:00","slug":"suspeito-de-30-assaltos-detido-em-flagrante-com-mulher-nas-caldas-da-rainha","status":"publish","type":"post","link":"https:\/\/portaltela.pt\/noticias\/2026\/01\/10\/suspeito-de-30-assaltos-detido-em-flagrante-com-mulher-nas-caldas-da-rainha\/","title":{"rendered":"Suspeito de 30 assaltos detido em flagrante com mulher nas Caldas da Rainha"},"content":{"rendered":"<p>Um homem, suspeito de mais de 30 furtos a estabelecimentos, foi detido em flagrante, na ter\u00e7a-feira, nas Caldas da Rainha, acompanhado pela mulher. O crime ocorreu durante a madrugada no centro da cidade, quando partiu o vidro da porta de entrada de uma loja para furtar v\u00e1rios artigos.<\/p>\n<p>O arresto ocorreu durante um patrulhamento policial, ap\u00f3s os agentes valerem-se de ind\u00edcios de comportamento suspeito do casal. Um dispositivo policial permitiu intercetar o casal pouco tempo depois, j\u00e1 com parte dos objetos furtados na posse.<\/p>\n<p>Dilig\u00eancias subsequentes levaram \u00e0 localiza\u00e7\u00e3o do restante material nas imedia\u00e7\u00f5es do estabelecimento. O objeto subtra\u00eddo foi devolvido ao leg\u00edtimo propriet\u00e1rio.<\/p>\n<h3>Deten\u00e7\u00e3o e antecedentes<\/h3>\n<p>O homem, de 32 anos, tem um historial criminal antigo, com crimes reiterados contra o patrim\u00f3nio e hist\u00f3rico de inseguran\u00e7a na cidade, principalmente \u00e0 noite. Detido em flagrante no m\u00eas anterior, j\u00e1 tinha duas penas de pris\u00e3o suspensas.<\/p>\n<p>A investiga\u00e7\u00e3o aponta para a pr\u00e1tica de mais de 30 furtos nos \u00faltimos dez meses, seis dos quais em coautoria com a mulher, todos em Caldas da Rainha.<\/p>\n<p>Ap\u00f3s o primeiro interrogat\u00f3rio judicial, o homem ficou em pris\u00e3o preventiva e ser\u00e1 conduzido a estabelecimento prisional. A mulher ficou com termo de identidade e resid\u00eancia.<\/p>\n","protected":false},"excerpt":{"rendered":"<ul>\n<li>Um homem de 32 anos e uma mulher de 42 anos foram detidos nas Caldas da Rainha, ap\u00f3s um assalto cometido na madrugada no centro da cidade.<\/li>\n<li>Os suspeitos partiram o vidro de uma porta de uma loja para furtar artigos e foram interceptados durante um patrulhamento policial, com parte dos objetos j\u00e1 na posse do casal.<\/li>\n<li>Dilig\u00eancias tamb\u00e9m localizaram o restante material nas imedia\u00e7\u00f5es, que foi devolvido ao propriet\u00e1rio.<\/li>\n<li>O homem tem um extensivo historial criminal, incluindo crimes contra o patrim\u00f3nio, e j\u00e1 tinha duas penas de pris\u00e3o suspensas; detido anteriormente por furtos em junho.<\/li>\n<li>Ap\u00f3s interrogat\u00f3rio, o homem ficou em pris\u00e3o preventiva, a mulher ficou com termo de identidade e resid\u00eancia; h\u00e1 ind\u00edcios de que ambos estiveram envolvidos em mais de trinta furtos na cidade, com seis ocorr\u00eancias em coautoria.<\/li>\n<\/ul>\n","protected":false},"author":2,"featured_media":131374,"comment_status":"closed","ping_status":"closed","sticky":false,"template":"","format":"standard","meta":{"footnotes":""},"categories":[1],"tags":[1672,147,424,1356,215,814],"class_list":["post-131371","post","type-post","status-publish","format-standard","has-post-thumbnail","hentry","category-noticias","tag-caldas-da-rainha","tag-crime","tag-furto","tag-furto-roubo","tag-investigacao","tag-patrimonio"],"yoast_head":"<!-- This site is optimized with the Yoast SEO plugin v27.2 - https:\/\/yoast.com\/product\/yoast-seo-wordpress\/ -->\n<title>Suspeito de 30 assaltos detido em flagrante com mulher nas Caldas da Rainha - Portal Tela Portugal<\/title>\n<meta name=\"robots\" content=\"index, follow, max-snippet:-1, max-image-preview:large, max-video-preview:-1\" \/>\n<meta property=\"og:locale\" content=\"pt_PT\" \/>\n<meta property=\"og:type\" content=\"article\" \/>\n<meta property=\"og:title\" content=\"Suspeito de 30 assaltos detido em flagrante com mulher nas Caldas da Rainha - Portal Tela Portugal\" \/>\n<meta property=\"og:description\" content=\"Um homem de 32 anos e uma mulher de 42 anos foram detidos nas Caldas da Rainha, ap\u00f3s um assalto cometido na madrugada no centro da cidade. Os suspeitos partiram o vidro de uma porta de uma loja para furtar artigos e foram interceptados durante um patrulhamento policial, com parte dos objetos j\u00e1 na posse do casal. Dilig\u00eancias tamb\u00e9m localizaram o restante material nas imedia\u00e7\u00f5es, que foi devolvido ao propriet\u00e1rio. O homem tem um extensivo historial criminal, incluindo crimes contra o patrim\u00f3nio, e j\u00e1 tinha duas penas de pris\u00e3o suspensas; detido anteriormente por furtos em junho. Ap\u00f3s interrogat\u00f3rio, o homem ficou em pris\u00e3o preventiva, a mulher ficou com termo de identidade e resid\u00eancia; h\u00e1 ind\u00edcios de que ambos estiveram envolvidos em mais de trinta furtos na cidade, com seis ocorr\u00eancias em coautoria.\" \/>\n<meta property=\"og:url\" content=\"https:\/\/portaltela.pt\/noticias\/2026\/01\/10\/suspeito-de-30-assaltos-detido-em-flagrante-com-mulher-nas-caldas-da-rainha\/\" \/>\n<meta property=\"og:site_name\" content=\"Portal Tela Portugal\" \/>\n<meta property=\"article:published_time\" content=\"2026-01-10T18:09:00+00:00\" \/>\n<meta name=\"author\" content=\"Telinha\" \/>\n<meta name=\"twitter:card\" content=\"summary_large_image\" \/>\n<meta name=\"twitter:label1\" content=\"Escrito por\" \/>\n\t<meta name=\"twitter:data1\" content=\"Telinha\" \/>\n\t<meta name=\"twitter:label2\" content=\"Tempo estimado de leitura\" \/>\n\t<meta name=\"twitter:data2\" content=\"1 minuto\" \/>\n<script type=\"application\/ld+json\" class=\"yoast-schema-graph\">{\"@context\":\"https:\/\/schema.org\",\"@graph\":[{\"@type\":\"Article\",\"@id\":\"https:\/\/portaltela.pt\/noticias\/2026\/01\/10\/suspeito-de-30-assaltos-detido-em-flagrante-com-mulher-nas-caldas-da-rainha\/#article\",\"isPartOf\":{\"@id\":\"https:\/\/portaltela.pt\/noticias\/2026\/01\/10\/suspeito-de-30-assaltos-detido-em-flagrante-com-mulher-nas-caldas-da-rainha\/\"},\"author\":{\"name\":\"Telinha\",\"@id\":\"https:\/\/portaltela.pt\/#\/schema\/person\/c4278d4a6028830caff9ee44b42d32ed\"},\"headline\":\"Suspeito de 30 assaltos detido em flagrante com mulher nas Caldas da Rainha\",\"datePublished\":\"2026-01-10T18:09:00+00:00\",\"mainEntityOfPage\":{\"@id\":\"https:\/\/portaltela.pt\/noticias\/2026\/01\/10\/suspeito-de-30-assaltos-detido-em-flagrante-com-mulher-nas-caldas-da-rainha\/\"},\"wordCount\":228,\"image\":{\"@id\":\"https:\/\/portaltela.pt\/noticias\/2026\/01\/10\/suspeito-de-30-assaltos-detido-em-flagrante-com-mulher-nas-caldas-da-rainha\/#primaryimage\"},\"thumbnailUrl\":\"https:\/\/portaltela.pt\/s.01k8rhncp4jt1\/2026\/01\/image-588.jpg\",\"keywords\":[\"Caldas da Rainha\",\"crime\",\"furto\",\"furto\/roubo\",\"investiga\u00e7\u00e3o\",\"patrim\u00f3nio\"],\"articleSection\":[\"Not\u00edcias\"],\"inLanguage\":\"pt-PT\"},{\"@type\":\"WebPage\",\"@id\":\"https:\/\/portaltela.pt\/noticias\/2026\/01\/10\/suspeito-de-30-assaltos-detido-em-flagrante-com-mulher-nas-caldas-da-rainha\/\",\"url\":\"https:\/\/portaltela.pt\/noticias\/2026\/01\/10\/suspeito-de-30-assaltos-detido-em-flagrante-com-mulher-nas-caldas-da-rainha\/\",\"name\":\"Suspeito de 30 assaltos detido em flagrante com mulher nas Caldas da Rainha - Portal Tela Portugal\",\"isPartOf\":{\"@id\":\"https:\/\/portaltela.pt\/#website\"},\"primaryImageOfPage\":{\"@id\":\"https:\/\/portaltela.pt\/noticias\/2026\/01\/10\/suspeito-de-30-assaltos-detido-em-flagrante-com-mulher-nas-caldas-da-rainha\/#primaryimage\"},\"image\":{\"@id\":\"https:\/\/portaltela.pt\/noticias\/2026\/01\/10\/suspeito-de-30-assaltos-detido-em-flagrante-com-mulher-nas-caldas-da-rainha\/#primaryimage\"},\"thumbnailUrl\":\"https:\/\/portaltela.pt\/s.01k8rhncp4jt1\/2026\/01\/image-588.jpg\",\"datePublished\":\"2026-01-10T18:09:00+00:00\",\"author\":{\"@id\":\"https:\/\/portaltela.pt\/#\/schema\/person\/c4278d4a6028830caff9ee44b42d32ed\"},\"breadcrumb\":{\"@id\":\"https:\/\/portaltela.pt\/noticias\/2026\/01\/10\/suspeito-de-30-assaltos-detido-em-flagrante-com-mulher-nas-caldas-da-rainha\/#breadcrumb\"},\"inLanguage\":\"pt-PT\",\"potentialAction\":[{\"@type\":\"ReadAction\",\"target\":[\"https:\/\/portaltela.pt\/noticias\/2026\/01\/10\/suspeito-de-30-assaltos-detido-em-flagrante-com-mulher-nas-caldas-da-rainha\/\"]}]},{\"@type\":\"ImageObject\",\"inLanguage\":\"pt-PT\",\"@id\":\"https:\/\/portaltela.pt\/noticias\/2026\/01\/10\/suspeito-de-30-assaltos-detido-em-flagrante-com-mulher-nas-caldas-da-rainha\/#primaryimage\",\"url\":\"https:\/\/portaltela.pt\/s.01k8rhncp4jt1\/2026\/01\/image-588.jpg\",\"contentUrl\":\"https:\/\/portaltela.pt\/s.01k8rhncp4jt1\/2026\/01\/image-588.jpg\",\"width\":796,\"height\":448,\"caption\":\"Policia deteve homem, suspeito de 30 assaltos nas Caldas da Rainha\"},{\"@type\":\"BreadcrumbList\",\"@id\":\"https:\/\/portaltela.pt\/noticias\/2026\/01\/10\/suspeito-de-30-assaltos-detido-em-flagrante-com-mulher-nas-caldas-da-rainha\/#breadcrumb\",\"itemListElement\":[{\"@type\":\"ListItem\",\"position\":1,\"name\":\"In\u00edcio\",\"item\":\"https:\/\/portaltela.pt\/\"},{\"@type\":\"ListItem\",\"position\":2,\"name\":\"Suspeito de 30 assaltos detido em flagrante com mulher nas Caldas da Rainha\"}]},{\"@type\":\"WebSite\",\"@id\":\"https:\/\/portaltela.pt\/#website\",\"url\":\"https:\/\/portaltela.pt\/\",\"name\":\"Portal Tela Portugal\",\"description\":\"\",\"potentialAction\":[{\"@type\":\"SearchAction\",\"target\":{\"@type\":\"EntryPoint\",\"urlTemplate\":\"https:\/\/portaltela.pt\/?s={search_term_string}\"},\"query-input\":{\"@type\":\"PropertyValueSpecification\",\"valueRequired\":true,\"valueName\":\"search_term_string\"}}],\"inLanguage\":\"pt-PT\"},{\"@type\":\"Person\",\"@id\":\"https:\/\/portaltela.pt\/#\/schema\/person\/c4278d4a6028830caff9ee44b42d32ed\",\"name\":\"Telinha\",\"image\":{\"@type\":\"ImageObject\",\"inLanguage\":\"pt-PT\",\"@id\":\"https:\/\/portaltela.pt\/s.01k8rhncp4jt1\/2025\/11\/talking-bot-125x125.png\",\"url\":\"https:\/\/portaltela.pt\/s.01k8rhncp4jt1\/2025\/11\/talking-bot-125x125.png\",\"contentUrl\":\"https:\/\/portaltela.pt\/s.01k8rhncp4jt1\/2025\/11\/talking-bot-125x125.png\",\"caption\":\"Telinha\"},\"sameAs\":[\"https:\/\/portaltela.pt\/\"],\"url\":\"https:\/\/portaltela.pt\/por\/367410592786\/\"}]}<\/script>\n<!-- \/ Yoast SEO plugin. -->","yoast_head_json":{"title":"Suspeito de 30 assaltos detido em flagrante com mulher nas Caldas da Rainha - Portal Tela Portugal","robots":{"index":"index","follow":"follow","max-snippet":"max-snippet:-1","max-image-preview":"max-image-preview:large","max-video-preview":"max-video-preview:-1"},"og_locale":"pt_PT","og_type":"article","og_title":"Suspeito de 30 assaltos detido em flagrante com mulher nas Caldas da Rainha - Portal Tela Portugal","og_description":"Um homem de 32 anos e uma mulher de 42 anos foram detidos nas Caldas da Rainha, ap\u00f3s um assalto cometido na madrugada no centro da cidade. Os suspeitos partiram o vidro de uma porta de uma loja para furtar artigos e foram interceptados durante um patrulhamento policial, com parte dos objetos j\u00e1 na posse do casal. Dilig\u00eancias tamb\u00e9m localizaram o restante material nas imedia\u00e7\u00f5es, que foi devolvido ao propriet\u00e1rio. O homem tem um extensivo historial criminal, incluindo crimes contra o patrim\u00f3nio, e j\u00e1 tinha duas penas de pris\u00e3o suspensas; detido anteriormente por furtos em junho. Ap\u00f3s interrogat\u00f3rio, o homem ficou em pris\u00e3o preventiva, a mulher ficou com termo de identidade e resid\u00eancia; h\u00e1 ind\u00edcios de que ambos estiveram envolvidos em mais de trinta furtos na cidade, com seis ocorr\u00eancias em coautoria.","og_url":"https:\/\/portaltela.pt\/noticias\/2026\/01\/10\/suspeito-de-30-assaltos-detido-em-flagrante-com-mulher-nas-caldas-da-rainha\/","og_site_name":"Portal Tela Portugal","article_published_time":"2026-01-10T18:09:00+00:00","author":"Telinha","twitter_card":"summary_large_image","twitter_misc":{"Escrito por":"Telinha","Tempo estimado de leitura":"1 minuto"},"schema":{"@context":"https:\/\/schema.org","@graph":[{"@type":"Article","@id":"https:\/\/portaltela.pt\/noticias\/2026\/01\/10\/suspeito-de-30-assaltos-detido-em-flagrante-com-mulher-nas-caldas-da-rainha\/#article","isPartOf":{"@id":"https:\/\/portaltela.pt\/noticias\/2026\/01\/10\/suspeito-de-30-assaltos-detido-em-flagrante-com-mulher-nas-caldas-da-rainha\/"},"author":{"name":"Telinha","@id":"https:\/\/portaltela.pt\/#\/schema\/person\/c4278d4a6028830caff9ee44b42d32ed"},"headline":"Suspeito de 30 assaltos detido em flagrante com mulher nas Caldas da Rainha","datePublished":"2026-01-10T18:09:00+00:00","mainEntityOfPage":{"@id":"https:\/\/portaltela.pt\/noticias\/2026\/01\/10\/suspeito-de-30-assaltos-detido-em-flagrante-com-mulher-nas-caldas-da-rainha\/"},"wordCount":228,"image":{"@id":"https:\/\/portaltela.pt\/noticias\/2026\/01\/10\/suspeito-de-30-assaltos-detido-em-flagrante-com-mulher-nas-caldas-da-rainha\/#primaryimage"},"thumbnailUrl":"https:\/\/portaltela.pt\/s.01k8rhncp4jt1\/2026\/01\/image-588.jpg","keywords":["Caldas da Rainha","crime","furto","furto\/roubo","investiga\u00e7\u00e3o","patrim\u00f3nio"],"articleSection":["Not\u00edcias"],"inLanguage":"pt-PT"},{"@type":"WebPage","@id":"https:\/\/portaltela.pt\/noticias\/2026\/01\/10\/suspeito-de-30-assaltos-detido-em-flagrante-com-mulher-nas-caldas-da-rainha\/","url":"https:\/\/portaltela.pt\/noticias\/2026\/01\/10\/suspeito-de-30-assaltos-detido-em-flagrante-com-mulher-nas-caldas-da-rainha\/","name":"Suspeito de 30 assaltos detido em flagrante com mulher nas Caldas da Rainha - Portal Tela Portugal","isPartOf":{"@id":"https:\/\/portaltela.pt\/#website"},"primaryImageOfPage":{"@id":"https:\/\/portaltela.pt\/noticias\/2026\/01\/10\/suspeito-de-30-assaltos-detido-em-flagrante-com-mulher-nas-caldas-da-rainha\/#primaryimage"},"image":{"@id":"https:\/\/portaltela.pt\/noticias\/2026\/01\/10\/suspeito-de-30-assaltos-detido-em-flagrante-com-mulher-nas-caldas-da-rainha\/#primaryimage"},"thumbnailUrl":"https:\/\/portaltela.pt\/s.01k8rhncp4jt1\/2026\/01\/image-588.jpg","datePublished":"2026-01-10T18:09:00+00:00","author":{"@id":"https:\/\/portaltela.pt\/#\/schema\/person\/c4278d4a6028830caff9ee44b42d32ed"},"breadcrumb":{"@id":"https:\/\/portaltela.pt\/noticias\/2026\/01\/10\/suspeito-de-30-assaltos-detido-em-flagrante-com-mulher-nas-caldas-da-rainha\/#breadcrumb"},"inLanguage":"pt-PT","potentialAction":[{"@type":"ReadAction","target":["https:\/\/portaltela.pt\/noticias\/2026\/01\/10\/suspeito-de-30-assaltos-detido-em-flagrante-com-mulher-nas-caldas-da-rainha\/"]}]},{"@type":"ImageObject","inLanguage":"pt-PT","@id":"https:\/\/portaltela.pt\/noticias\/2026\/01\/10\/suspeito-de-30-assaltos-detido-em-flagrante-com-mulher-nas-caldas-da-rainha\/#primaryimage","url":"https:\/\/portaltela.pt\/s.01k8rhncp4jt1\/2026\/01\/image-588.jpg","contentUrl":"https:\/\/portaltela.pt\/s.01k8rhncp4jt1\/2026\/01\/image-588.jpg","width":796,"height":448,"caption":"Policia deteve homem, suspeito de 30 assaltos nas Caldas da Rainha"},{"@type":"BreadcrumbList","@id":"https:\/\/portaltela.pt\/noticias\/2026\/01\/10\/suspeito-de-30-assaltos-detido-em-flagrante-com-mulher-nas-caldas-da-rainha\/#breadcrumb","itemListElement":[{"@type":"ListItem","position":1,"name":"In\u00edcio","item":"https:\/\/portaltela.pt\/"},{"@type":"ListItem","position":2,"name":"Suspeito de 30 assaltos detido em flagrante com mulher nas Caldas da Rainha"}]},{"@type":"WebSite","@id":"https:\/\/portaltela.pt\/#website","url":"https:\/\/portaltela.pt\/","name":"Portal Tela Portugal","description":"","potentialAction":[{"@type":"SearchAction","target":{"@type":"EntryPoint","urlTemplate":"https:\/\/portaltela.pt\/?s={search_term_string}"},"query-input":{"@type":"PropertyValueSpecification","valueRequired":true,"valueName":"search_term_string"}}],"inLanguage":"pt-PT"},{"@type":"Person","@id":"https:\/\/portaltela.pt\/#\/schema\/person\/c4278d4a6028830caff9ee44b42d32ed","name":"Telinha","image":{"@type":"ImageObject","inLanguage":"pt-PT","@id":"https:\/\/portaltela.pt\/s.01k8rhncp4jt1\/2025\/11\/talking-bot-125x125.png","url":"https:\/\/portaltela.pt\/s.01k8rhncp4jt1\/2025\/11\/talking-bot-125x125.png","contentUrl":"https:\/\/portaltela.pt\/s.01k8rhncp4jt1\/2025\/11\/talking-bot-125x125.png","caption":"Telinha"},"sameAs":["https:\/\/portaltela.pt\/"],"url":"https:\/\/portaltela.pt\/por\/367410592786\/"}]}},"_links":{"self":[{"href":"https:\/\/portaltela.pt\/api\/wp\/v2\/posts\/131371","targetHints":{"allow":["GET"]}}],"collection":[{"href":"https:\/\/portaltela.pt\/api\/wp\/v2\/posts"}],"about":[{"href":"https:\/\/portaltela.pt\/api\/wp\/v2\/types\/post"}],"author":[{"embeddable":true,"href":"https:\/\/portaltela.pt\/api\/wp\/v2\/users\/2"}],"replies":[{"embeddable":true,"href":"https:\/\/portaltela.pt\/api\/wp\/v2\/comments?post=131371"}],"version-history":[{"count":0,"href":"https:\/\/portaltela.pt\/api\/wp\/v2\/posts\/131371\/revisions"}],"wp:featuredmedia":[{"embeddable":true,"href":"https:\/\/portaltela.pt\/api\/wp\/v2\/media\/131374"}],"wp:attachment":[{"href":"https:\/\/portaltela.pt\/api\/wp\/v2\/media?parent=131371"}],"wp:term":[{"taxonomy":"category","embeddable":true,"href":"https:\/\/portaltela.pt\/api\/wp\/v2\/categories?post=131371"},{"taxonomy":"post_tag","embeddable":true,"href":"https:\/\/portaltela.pt\/api\/wp\/v2\/tags?post=131371"}],"curies":[{"name":"wp","href":"https:\/\/api.w.org\/{rel}","templated":true}]}}