{"id":131257,"date":"2026-01-10T06:08:00","date_gmt":"2026-01-10T09:08:00","guid":{"rendered":"https:\/\/portaltela.pt\/noticias\/2026\/01\/10\/onu-reune-se-a-pedido-de-kiev-apos-ataques-russos\/"},"modified":"2026-01-10T06:08:00","modified_gmt":"2026-01-10T09:08:00","slug":"onu-reune-se-a-pedido-de-kiev-apos-ataques-russos","status":"publish","type":"post","link":"https:\/\/portaltela.pt\/noticias\/2026\/01\/10\/onu-reune-se-a-pedido-de-kiev-apos-ataques-russos\/","title":{"rendered":"ONU re\u00fane-se a pedido de Kiev ap\u00f3s ataques russos"},"content":{"rendered":"<p>O Conselho de Seguran\u00e7a da ONU vai reunir-se na segunda-feira, a pedido da Ucr\u00e2nia, depois de novos ataques russos e da alegada utiliza\u00e7\u00e3o do m\u00edssil Orechnik pela R\u00fassia. A sess\u00e3o foi anunciada na agenda oficial do \u00f3rg\u00e3o e publicada na sexta-feira \u00e0 noite.<\/p>\n<p>Os ataques, ocorridos na noite de quinta para sexta-feira, privaram metade dos edif\u00edcios residenciais de Kiev de aquecimento. A situa\u00e7\u00e3o levou o presidente da c\u00e2mara da capital ucraniana a solicitar aos residentes que abandonassem temporariamente a cidade.<\/p>\n<p>A Ucr\u00e2nia acusa a R\u00fassia de crimes de guerra e de crimes contra a humanidade, destacando ataques contra civis e infraestruturas. A den\u00fancia foi designada como parte da raz\u00e3o para a reuni\u00e3o no Conselho, segundo a carta do embaixador ucraniano na ONU.<\/p>\n<h3>Reuni\u00e3o do Conselho de Seguran\u00e7a da ONU<\/h3>\n<p>A Ucr\u00e2nia afirmou que a R\u00fassia reivindicou oficialmente o uso do m\u00edssil bal\u00edstico de m\u00e9dio alcance Orechnik na regi\u00e3o de Lviv. O embaixador ucraniano descreveu o ataque como uma amea\u00e7a grave \u00e0 seguran\u00e7a europeia e \u00e0 paz internacional.<\/p>\n<p>A agenda aponta apoio de seis membros do Conselho \u00e0 solicita\u00e7\u00e3o ucraniana: Fran\u00e7a, Reino Unido, Let\u00f3nia, Dinamarca, Gr\u00e9cia e Lib\u00e9ria, segundo fontes diplom\u00e1ticas citadas pela AFP.<\/p>\n<p>Autoridades locais pedem aos residentes de Kiev que deixem a cidade temporariamente devido \u00e0 indisponibilidade de aquecimento. N\u00e3o houve confirma\u00e7\u00e3o de danos humanos imediatos.<\/p>\n","protected":false},"excerpt":{"rendered":"<ul>\n<li>O Conselho de Seguran\u00e7a da ONU reunir\u00e1-se na segunda-feira a pedido da Ucr\u00e2nia, ap\u00f3s ataques russos e a den\u00fancia do embaixador ucraniano Andrii Melnyk de crimes de guerra.<\/li>\n<li>Os ataques da noite de quinta para sexta-feira deixaram metade dos edif\u00edcios residenciais de Kiev sem aquecimento.<\/li>\n<li>O presidente da c\u00e2mara de Kiev pediu aos residentes que sa\u00edssem temporariamente da cidade por falta de aquecimento.<\/li>\n<li>Pela segunda vez desde fevereiro de dois mil e vinte e dois, foi utilizado o m\u00edssil bal\u00edstico russo Orechnik, segundo a Ucr\u00e2nia.<\/li>\n<li>O pedido de reuni\u00e3o contou com apoio de seis pa\u00edses: Fran\u00e7a, Reino Unido, Let\u00f3nia, Dinamarca, Gr\u00e9cia e Lib\u00e9ria.<\/li>\n<\/ul>\n","protected":false},"author":2,"featured_media":131271,"comment_status":"closed","ping_status":"closed","sticky":false,"template":"","format":"standard","meta":{"footnotes":""},"categories":[1],"tags":[2792,2820,2819,81,1639,2023],"class_list":["post-131257","post","type-post","status-publish","format-standard","has-post-thumbnail","hentry","category-noticias","tag-conflito-internacional","tag-crimes-contra-a-humanidade","tag-crimes-de-guerra","tag-internacionais","tag-kiev","tag-organizacoes-internacionais"],"yoast_head":"<!-- This site is optimized with the Yoast SEO plugin v27.2 - https:\/\/yoast.com\/product\/yoast-seo-wordpress\/ -->\n<title>ONU re\u00fane-se a pedido de Kiev ap\u00f3s ataques russos - Portal Tela Portugal<\/title>\n<meta name=\"robots\" content=\"index, follow, max-snippet:-1, max-image-preview:large, max-video-preview:-1\" \/>\n<meta property=\"og:locale\" content=\"pt_PT\" \/>\n<meta property=\"og:type\" content=\"article\" \/>\n<meta property=\"og:title\" content=\"ONU re\u00fane-se a pedido de Kiev ap\u00f3s ataques russos - Portal Tela Portugal\" \/>\n<meta property=\"og:description\" content=\"O Conselho de Seguran\u00e7a da ONU reunir\u00e1-se na segunda-feira a pedido da Ucr\u00e2nia, ap\u00f3s ataques russos e a den\u00fancia do embaixador ucraniano Andrii Melnyk de crimes de guerra. Os ataques da noite de quinta para sexta-feira deixaram metade dos edif\u00edcios residenciais de Kiev sem aquecimento. O presidente da c\u00e2mara de Kiev pediu aos residentes que sa\u00edssem temporariamente da cidade por falta de aquecimento. Pela segunda vez desde fevereiro de dois mil e vinte e dois, foi utilizado o m\u00edssil bal\u00edstico russo Orechnik, segundo a Ucr\u00e2nia. O pedido de reuni\u00e3o contou com apoio de seis pa\u00edses: Fran\u00e7a, Reino Unido, Let\u00f3nia, Dinamarca, Gr\u00e9cia e Lib\u00e9ria.\" \/>\n<meta property=\"og:url\" content=\"https:\/\/portaltela.pt\/noticias\/2026\/01\/10\/onu-reune-se-a-pedido-de-kiev-apos-ataques-russos\/\" \/>\n<meta property=\"og:site_name\" content=\"Portal Tela Portugal\" \/>\n<meta property=\"article:published_time\" content=\"2026-01-10T09:08:00+00:00\" \/>\n<meta name=\"author\" content=\"Telinha\" \/>\n<meta name=\"twitter:card\" content=\"summary_large_image\" \/>\n<meta name=\"twitter:label1\" content=\"Escrito por\" \/>\n\t<meta name=\"twitter:data1\" content=\"Telinha\" \/>\n\t<meta name=\"twitter:label2\" content=\"Tempo estimado de leitura\" \/>\n\t<meta name=\"twitter:data2\" content=\"1 minuto\" \/>\n<script type=\"application\/ld+json\" class=\"yoast-schema-graph\">{\"@context\":\"https:\/\/schema.org\",\"@graph\":[{\"@type\":\"Article\",\"@id\":\"https:\/\/portaltela.pt\/noticias\/2026\/01\/10\/onu-reune-se-a-pedido-de-kiev-apos-ataques-russos\/#article\",\"isPartOf\":{\"@id\":\"https:\/\/portaltela.pt\/noticias\/2026\/01\/10\/onu-reune-se-a-pedido-de-kiev-apos-ataques-russos\/\"},\"author\":{\"name\":\"Telinha\",\"@id\":\"https:\/\/portaltela.pt\/#\/schema\/person\/c4278d4a6028830caff9ee44b42d32ed\"},\"headline\":\"ONU re\u00fane-se a pedido de Kiev ap\u00f3s ataques russos\",\"datePublished\":\"2026-01-10T09:08:00+00:00\",\"mainEntityOfPage\":{\"@id\":\"https:\/\/portaltela.pt\/noticias\/2026\/01\/10\/onu-reune-se-a-pedido-de-kiev-apos-ataques-russos\/\"},\"wordCount\":256,\"image\":{\"@id\":\"https:\/\/portaltela.pt\/noticias\/2026\/01\/10\/onu-reune-se-a-pedido-de-kiev-apos-ataques-russos\/#primaryimage\"},\"thumbnailUrl\":\"https:\/\/portaltela.pt\/s.01k8rhncp4jt1\/2026\/01\/unnamed-file-2088.jpg\",\"keywords\":[\"conflito internacional\",\"crimes contra a humanidade\",\"crimes de guerra\",\"internacionais\",\"Kiev\",\"organiza\u00e7\u00f5es internacionais\"],\"articleSection\":[\"Not\u00edcias\"],\"inLanguage\":\"pt-PT\"},{\"@type\":\"WebPage\",\"@id\":\"https:\/\/portaltela.pt\/noticias\/2026\/01\/10\/onu-reune-se-a-pedido-de-kiev-apos-ataques-russos\/\",\"url\":\"https:\/\/portaltela.pt\/noticias\/2026\/01\/10\/onu-reune-se-a-pedido-de-kiev-apos-ataques-russos\/\",\"name\":\"ONU re\u00fane-se a pedido de Kiev ap\u00f3s ataques russos - Portal Tela Portugal\",\"isPartOf\":{\"@id\":\"https:\/\/portaltela.pt\/#website\"},\"primaryImageOfPage\":{\"@id\":\"https:\/\/portaltela.pt\/noticias\/2026\/01\/10\/onu-reune-se-a-pedido-de-kiev-apos-ataques-russos\/#primaryimage\"},\"image\":{\"@id\":\"https:\/\/portaltela.pt\/noticias\/2026\/01\/10\/onu-reune-se-a-pedido-de-kiev-apos-ataques-russos\/#primaryimage\"},\"thumbnailUrl\":\"https:\/\/portaltela.pt\/s.01k8rhncp4jt1\/2026\/01\/unnamed-file-2088.jpg\",\"datePublished\":\"2026-01-10T09:08:00+00:00\",\"author\":{\"@id\":\"https:\/\/portaltela.pt\/#\/schema\/person\/c4278d4a6028830caff9ee44b42d32ed\"},\"breadcrumb\":{\"@id\":\"https:\/\/portaltela.pt\/noticias\/2026\/01\/10\/onu-reune-se-a-pedido-de-kiev-apos-ataques-russos\/#breadcrumb\"},\"inLanguage\":\"pt-PT\",\"potentialAction\":[{\"@type\":\"ReadAction\",\"target\":[\"https:\/\/portaltela.pt\/noticias\/2026\/01\/10\/onu-reune-se-a-pedido-de-kiev-apos-ataques-russos\/\"]}]},{\"@type\":\"ImageObject\",\"inLanguage\":\"pt-PT\",\"@id\":\"https:\/\/portaltela.pt\/noticias\/2026\/01\/10\/onu-reune-se-a-pedido-de-kiev-apos-ataques-russos\/#primaryimage\",\"url\":\"https:\/\/portaltela.pt\/s.01k8rhncp4jt1\/2026\/01\/unnamed-file-2088.jpg\",\"contentUrl\":\"https:\/\/portaltela.pt\/s.01k8rhncp4jt1\/2026\/01\/unnamed-file-2088.jpg\",\"width\":796,\"height\":448,\"caption\":\"Conselho de Seguran\u00e7a da ONU aprova For\u00e7a Internacional para Gaza\"},{\"@type\":\"BreadcrumbList\",\"@id\":\"https:\/\/portaltela.pt\/noticias\/2026\/01\/10\/onu-reune-se-a-pedido-de-kiev-apos-ataques-russos\/#breadcrumb\",\"itemListElement\":[{\"@type\":\"ListItem\",\"position\":1,\"name\":\"In\u00edcio\",\"item\":\"https:\/\/portaltela.pt\/\"},{\"@type\":\"ListItem\",\"position\":2,\"name\":\"ONU re\u00fane-se a pedido de Kiev ap\u00f3s ataques russos\"}]},{\"@type\":\"WebSite\",\"@id\":\"https:\/\/portaltela.pt\/#website\",\"url\":\"https:\/\/portaltela.pt\/\",\"name\":\"Portal Tela Portugal\",\"description\":\"\",\"potentialAction\":[{\"@type\":\"SearchAction\",\"target\":{\"@type\":\"EntryPoint\",\"urlTemplate\":\"https:\/\/portaltela.pt\/?s={search_term_string}\"},\"query-input\":{\"@type\":\"PropertyValueSpecification\",\"valueRequired\":true,\"valueName\":\"search_term_string\"}}],\"inLanguage\":\"pt-PT\"},{\"@type\":\"Person\",\"@id\":\"https:\/\/portaltela.pt\/#\/schema\/person\/c4278d4a6028830caff9ee44b42d32ed\",\"name\":\"Telinha\",\"image\":{\"@type\":\"ImageObject\",\"inLanguage\":\"pt-PT\",\"@id\":\"https:\/\/portaltela.pt\/s.01k8rhncp4jt1\/2025\/11\/talking-bot-125x125.png\",\"url\":\"https:\/\/portaltela.pt\/s.01k8rhncp4jt1\/2025\/11\/talking-bot-125x125.png\",\"contentUrl\":\"https:\/\/portaltela.pt\/s.01k8rhncp4jt1\/2025\/11\/talking-bot-125x125.png\",\"caption\":\"Telinha\"},\"sameAs\":[\"https:\/\/portaltela.pt\/\"],\"url\":\"https:\/\/portaltela.pt\/por\/367410592786\/\"}]}<\/script>\n<!-- \/ Yoast SEO plugin. -->","yoast_head_json":{"title":"ONU re\u00fane-se a pedido de Kiev ap\u00f3s ataques russos - Portal Tela Portugal","robots":{"index":"index","follow":"follow","max-snippet":"max-snippet:-1","max-image-preview":"max-image-preview:large","max-video-preview":"max-video-preview:-1"},"og_locale":"pt_PT","og_type":"article","og_title":"ONU re\u00fane-se a pedido de Kiev ap\u00f3s ataques russos - Portal Tela Portugal","og_description":"O Conselho de Seguran\u00e7a da ONU reunir\u00e1-se na segunda-feira a pedido da Ucr\u00e2nia, ap\u00f3s ataques russos e a den\u00fancia do embaixador ucraniano Andrii Melnyk de crimes de guerra. Os ataques da noite de quinta para sexta-feira deixaram metade dos edif\u00edcios residenciais de Kiev sem aquecimento. O presidente da c\u00e2mara de Kiev pediu aos residentes que sa\u00edssem temporariamente da cidade por falta de aquecimento. Pela segunda vez desde fevereiro de dois mil e vinte e dois, foi utilizado o m\u00edssil bal\u00edstico russo Orechnik, segundo a Ucr\u00e2nia. O pedido de reuni\u00e3o contou com apoio de seis pa\u00edses: Fran\u00e7a, Reino Unido, Let\u00f3nia, Dinamarca, Gr\u00e9cia e Lib\u00e9ria.","og_url":"https:\/\/portaltela.pt\/noticias\/2026\/01\/10\/onu-reune-se-a-pedido-de-kiev-apos-ataques-russos\/","og_site_name":"Portal Tela Portugal","article_published_time":"2026-01-10T09:08:00+00:00","author":"Telinha","twitter_card":"summary_large_image","twitter_misc":{"Escrito por":"Telinha","Tempo estimado de leitura":"1 minuto"},"schema":{"@context":"https:\/\/schema.org","@graph":[{"@type":"Article","@id":"https:\/\/portaltela.pt\/noticias\/2026\/01\/10\/onu-reune-se-a-pedido-de-kiev-apos-ataques-russos\/#article","isPartOf":{"@id":"https:\/\/portaltela.pt\/noticias\/2026\/01\/10\/onu-reune-se-a-pedido-de-kiev-apos-ataques-russos\/"},"author":{"name":"Telinha","@id":"https:\/\/portaltela.pt\/#\/schema\/person\/c4278d4a6028830caff9ee44b42d32ed"},"headline":"ONU re\u00fane-se a pedido de Kiev ap\u00f3s ataques russos","datePublished":"2026-01-10T09:08:00+00:00","mainEntityOfPage":{"@id":"https:\/\/portaltela.pt\/noticias\/2026\/01\/10\/onu-reune-se-a-pedido-de-kiev-apos-ataques-russos\/"},"wordCount":256,"image":{"@id":"https:\/\/portaltela.pt\/noticias\/2026\/01\/10\/onu-reune-se-a-pedido-de-kiev-apos-ataques-russos\/#primaryimage"},"thumbnailUrl":"https:\/\/portaltela.pt\/s.01k8rhncp4jt1\/2026\/01\/unnamed-file-2088.jpg","keywords":["conflito internacional","crimes contra a humanidade","crimes de guerra","internacionais","Kiev","organiza\u00e7\u00f5es internacionais"],"articleSection":["Not\u00edcias"],"inLanguage":"pt-PT"},{"@type":"WebPage","@id":"https:\/\/portaltela.pt\/noticias\/2026\/01\/10\/onu-reune-se-a-pedido-de-kiev-apos-ataques-russos\/","url":"https:\/\/portaltela.pt\/noticias\/2026\/01\/10\/onu-reune-se-a-pedido-de-kiev-apos-ataques-russos\/","name":"ONU re\u00fane-se a pedido de Kiev ap\u00f3s ataques russos - Portal Tela Portugal","isPartOf":{"@id":"https:\/\/portaltela.pt\/#website"},"primaryImageOfPage":{"@id":"https:\/\/portaltela.pt\/noticias\/2026\/01\/10\/onu-reune-se-a-pedido-de-kiev-apos-ataques-russos\/#primaryimage"},"image":{"@id":"https:\/\/portaltela.pt\/noticias\/2026\/01\/10\/onu-reune-se-a-pedido-de-kiev-apos-ataques-russos\/#primaryimage"},"thumbnailUrl":"https:\/\/portaltela.pt\/s.01k8rhncp4jt1\/2026\/01\/unnamed-file-2088.jpg","datePublished":"2026-01-10T09:08:00+00:00","author":{"@id":"https:\/\/portaltela.pt\/#\/schema\/person\/c4278d4a6028830caff9ee44b42d32ed"},"breadcrumb":{"@id":"https:\/\/portaltela.pt\/noticias\/2026\/01\/10\/onu-reune-se-a-pedido-de-kiev-apos-ataques-russos\/#breadcrumb"},"inLanguage":"pt-PT","potentialAction":[{"@type":"ReadAction","target":["https:\/\/portaltela.pt\/noticias\/2026\/01\/10\/onu-reune-se-a-pedido-de-kiev-apos-ataques-russos\/"]}]},{"@type":"ImageObject","inLanguage":"pt-PT","@id":"https:\/\/portaltela.pt\/noticias\/2026\/01\/10\/onu-reune-se-a-pedido-de-kiev-apos-ataques-russos\/#primaryimage","url":"https:\/\/portaltela.pt\/s.01k8rhncp4jt1\/2026\/01\/unnamed-file-2088.jpg","contentUrl":"https:\/\/portaltela.pt\/s.01k8rhncp4jt1\/2026\/01\/unnamed-file-2088.jpg","width":796,"height":448,"caption":"Conselho de Seguran\u00e7a da ONU aprova For\u00e7a Internacional para Gaza"},{"@type":"BreadcrumbList","@id":"https:\/\/portaltela.pt\/noticias\/2026\/01\/10\/onu-reune-se-a-pedido-de-kiev-apos-ataques-russos\/#breadcrumb","itemListElement":[{"@type":"ListItem","position":1,"name":"In\u00edcio","item":"https:\/\/portaltela.pt\/"},{"@type":"ListItem","position":2,"name":"ONU re\u00fane-se a pedido de Kiev ap\u00f3s ataques russos"}]},{"@type":"WebSite","@id":"https:\/\/portaltela.pt\/#website","url":"https:\/\/portaltela.pt\/","name":"Portal Tela Portugal","description":"","potentialAction":[{"@type":"SearchAction","target":{"@type":"EntryPoint","urlTemplate":"https:\/\/portaltela.pt\/?s={search_term_string}"},"query-input":{"@type":"PropertyValueSpecification","valueRequired":true,"valueName":"search_term_string"}}],"inLanguage":"pt-PT"},{"@type":"Person","@id":"https:\/\/portaltela.pt\/#\/schema\/person\/c4278d4a6028830caff9ee44b42d32ed","name":"Telinha","image":{"@type":"ImageObject","inLanguage":"pt-PT","@id":"https:\/\/portaltela.pt\/s.01k8rhncp4jt1\/2025\/11\/talking-bot-125x125.png","url":"https:\/\/portaltela.pt\/s.01k8rhncp4jt1\/2025\/11\/talking-bot-125x125.png","contentUrl":"https:\/\/portaltela.pt\/s.01k8rhncp4jt1\/2025\/11\/talking-bot-125x125.png","caption":"Telinha"},"sameAs":["https:\/\/portaltela.pt\/"],"url":"https:\/\/portaltela.pt\/por\/367410592786\/"}]}},"_links":{"self":[{"href":"https:\/\/portaltela.pt\/api\/wp\/v2\/posts\/131257","targetHints":{"allow":["GET"]}}],"collection":[{"href":"https:\/\/portaltela.pt\/api\/wp\/v2\/posts"}],"about":[{"href":"https:\/\/portaltela.pt\/api\/wp\/v2\/types\/post"}],"author":[{"embeddable":true,"href":"https:\/\/portaltela.pt\/api\/wp\/v2\/users\/2"}],"replies":[{"embeddable":true,"href":"https:\/\/portaltela.pt\/api\/wp\/v2\/comments?post=131257"}],"version-history":[{"count":0,"href":"https:\/\/portaltela.pt\/api\/wp\/v2\/posts\/131257\/revisions"}],"wp:featuredmedia":[{"embeddable":true,"href":"https:\/\/portaltela.pt\/api\/wp\/v2\/media\/131271"}],"wp:attachment":[{"href":"https:\/\/portaltela.pt\/api\/wp\/v2\/media?parent=131257"}],"wp:term":[{"taxonomy":"category","embeddable":true,"href":"https:\/\/portaltela.pt\/api\/wp\/v2\/categories?post=131257"},{"taxonomy":"post_tag","embeddable":true,"href":"https:\/\/portaltela.pt\/api\/wp\/v2\/tags?post=131257"}],"curies":[{"name":"wp","href":"https:\/\/api.w.org\/{rel}","templated":true}]}}