{"id":131118,"date":"2026-01-10T13:21:00","date_gmt":"2026-01-10T16:21:00","guid":{"rendered":"https:\/\/portaltela.pt\/noticias\/2026\/01\/10\/mercedes-cla-250-percorre-braganca-lisboa-sem-recarregar\/"},"modified":"2026-01-10T13:21:00","modified_gmt":"2026-01-10T16:21:00","slug":"mercedes-cla-250-percorre-braganca-lisboa-sem-recarregar","status":"publish","type":"post","link":"https:\/\/portaltela.pt\/noticias\/2026\/01\/10\/mercedes-cla-250-percorre-braganca-lisboa-sem-recarregar\/","title":{"rendered":"Mercedes CLA 250+ percorre Bragan\u00e7a-Lisboa sem recarregar"},"content":{"rendered":"<p>O Mercedes CLA 250+ \u00e9 analisado como o el\u00e9trico mais eficiente da marca, capaz de longas viagens sem paragens frequentes. O modelo promete autonomia robusta com bateria de nova gera\u00e7\u00e3o e MB-OS, o sistema operativo propriet\u00e1rio.<\/p>\n<p>A primeira impress\u00e3o aponta para uma experi\u00eancia menos centrada no gigantesco ecr\u00e3 frontal e mais no condutor: painel digital, ecr\u00e3 central de 14 polegadas e um interior que privilegia um ambiente lounge. A Mercedes prioriza a simplicidade de acesso \u00e0s fun\u00e7\u00f5es.<\/p>\n<p>O cora\u00e7\u00e3o tecnol\u00f3gico entra em cena com o MB-OS, que transforma o ve\u00edculo num assistente pessoal. A fluidez do ecr\u00e3 \u00e9 elogiada, com boa integra\u00e7\u00e3o de Android Auto e Apple CarPlay, incluindo navega\u00e7\u00e3o replicada no painel de instrumentos.<\/p>\n<p>A condu\u00e7\u00e3o destaca-se pela assist\u00eancia ao conduzir: o painel mostra em tempo real o ambiente ao redor, com visualiza\u00e7\u00f5es precisas dos ocupantes da via, ve\u00edculos e at\u00e9 edif\u00edcios em 3D. A interface visual facilita a perce\u00e7\u00e3o de perigos.<\/p>\n<p>A vis\u00e3o do condutor melhora com recursos como o radar de \u00e2ngulo cego, e o sistema de estacionamento autom\u00e1tico revela ser r\u00e1pido, eficiente e utiliz\u00e1vel no dia a dia, contribuindo para uma condu\u00e7\u00e3o mais serena.<\/p>\n<p>A autonomia \u00e9 anunciada com uma bateria de 85 kWh \u00fateis, tecnologia NMC com \u00e2nodos de \u00f3xido de sil\u00edcio e grafite. A casa afirma at\u00e9 793 km no ciclo misto, superiores a 900 km em cidade, com bomba de calor.<\/p>\n<p>O CLA 250+ utiliza um motor de 200 kW no eixo traseiro, ligado a uma caixa de duas velocidades. A configura\u00e7\u00e3o favorece rota\u00e7\u00e3o eficiente e uma sensa\u00e7\u00e3o din\u00e2mica ao volante, com boa trac\u00e7\u00e3o traseira.<\/p>\n<h3>O carregamento: uma limita\u00e7\u00e3o grave<\/h3>\n<p>A arquitectura de 800 volts permite carregamentos r\u00e1pidos at\u00e9 320 kW. Em postos compat\u00edveis, \u00e9 poss\u00edvel ganhar cerca de 300 km em 10 minutos. O problema \u00e9 a exclusividade: o ve\u00edculo n\u00e3o faz carregamento em 400 volts por padr\u00e3o.<\/p>\n<p>A Mercedes admite a op\u00e7\u00e3o de adicionar suporte a 400 volts por cerca de 700 euros, mas o opcional ainda n\u00e3o estava dispon\u00edvel no configurador portugu\u00eas no momento da an\u00e1lise. Este fator complica viagens entre redes distintas.<\/p>\n<p>Essa limita\u00e7\u00e3o implica que o ve\u00edculo n\u00e3o aproveita a grande rede de 400 volts, incluindo carregadores Tesla Superchargers ou muitos pontos de 50 a 150 kW. O planeamento de rotas passa a depender de uma infraestrutura de 800 volts dispon\u00edvel.<\/p>\n<p>Para uso di\u00e1rio, o carregamento AC a 11 kW (ou 22 kW opcional) funciona bem, mas a viagem a longa dist\u00e2ncia fica dependente de postos 800 volts, o que limita a versatilidade.<\/p>\n<h3>Veredicto t\u00e9cnico<\/h3>\n<p>O CLA 250+ demonstra uma combina\u00e7\u00e3o de efici\u00eancia e tecnologia avan\u00e7ada, com uma condu\u00e7\u00e3o segura e um sistema de infoentretenimento refinado. Contudo, a limita\u00e7\u00e3o de carregamento r\u00e1pido a 800 volts pode exigir planeamento rigoroso.<\/p>\n<p>A escolha ideal recai sobre utilizadores que fazem muitos quil\u00f3metros e disp\u00f5em de infraestruturas de carregamento compat\u00edveis. Quem depende de redes 400 volts pode encontrar a experi\u00eancia menos pr\u00e1tica.<\/p>\n<p>Para viagens amplas com apoio de infraestruturas de 800 volts, o carro revela-se exemplar, com condu\u00e7\u00e3o \u00e1gil e tecnologia de ponta. O pre\u00e7o da compatibilidade adicional com 400 volts, por\u00e9m, continua em aberto.<\/p>\n","protected":false},"excerpt":{"rendered":"<ul>\n<li>O CLA 250+ da Mercedes vem com uma bateria de 85 kWh, autonomia de setecentos e noventa e tr\u00eas quil\u00f3metros em ciclo misto e mais de oitocentos a condu\u00e7\u00e3o urbana, com bomba de calor a melhorar a efici\u00eancia.<\/li>\n<li>O habit\u00e1culo aposta num MB-OS com ecr\u00e3 central de 14 polegadas, integra\u00e7\u00e3o s\u00f3lida com Android Auto e Apple CarPlay e um painel de instrumentos digital; interface simples e foco no condutor.<\/li>\n<li>O motor \u00e9 de 200 kW (cerca de 272 cv) no eixo traseiro, ligado a uma caixa de duas velocidades, oferecendo trac\u00e7\u00e3o traseira e comportamento din\u00e2mico \u00e1gil.<\/li>\n<li>O principal ponto cr\u00edtico \u00e9 a arquitetura el\u00e9ctrica de 800 volts, que permite carregamentos at\u00e9 320 kW, mas apenas em postos de 800 volts; carregamento em postos 400 volts n\u00e3o funciona sem hardware adicional (op\u00e7\u00e3o de 400 volts por 700 euros, ainda n\u00e3o dispon\u00edvel no configurador de Portugal).<\/li>\n<li>Em termos pr\u00e1ticos, o carro \u00e9 excelente para quem faz muitos quil\u00f3metros e tem carregamento em casa; para viajar por a\u00ed, a limita\u00e7\u00e3o a 800 volts restringe a compatibilidade com a rede comum e com Tesla Superchargers.<\/li>\n<\/ul>\n","protected":false},"author":2,"featured_media":131129,"comment_status":"closed","ping_status":"closed","sticky":false,"template":"","format":"standard","meta":{"footnotes":""},"categories":[1],"tags":[2371,2692,174,1615,2110,153],"class_list":["post-131118","post","type-post","status-publish","format-standard","has-post-thumbnail","hentry","category-noticias","tag-automoveis","tag-carregamentos","tag-energia","tag-infraestrutura","tag-mobilidade","tag-tecnologia"],"yoast_head":"<!-- This site is optimized with the Yoast SEO plugin v27.2 - https:\/\/yoast.com\/product\/yoast-seo-wordpress\/ -->\n<title>Mercedes CLA 250+ percorre Bragan\u00e7a-Lisboa sem recarregar - Portal Tela Portugal<\/title>\n<meta name=\"robots\" content=\"index, follow, max-snippet:-1, max-image-preview:large, max-video-preview:-1\" \/>\n<meta property=\"og:locale\" content=\"pt_PT\" \/>\n<meta property=\"og:type\" content=\"article\" \/>\n<meta property=\"og:title\" content=\"Mercedes CLA 250+ percorre Bragan\u00e7a-Lisboa sem recarregar - Portal Tela Portugal\" \/>\n<meta property=\"og:description\" content=\"O CLA 250+ da Mercedes vem com uma bateria de 85 kWh, autonomia de setecentos e noventa e tr\u00eas quil\u00f3metros em ciclo misto e mais de oitocentos a condu\u00e7\u00e3o urbana, com bomba de calor a melhorar a efici\u00eancia. O habit\u00e1culo aposta num MB-OS com ecr\u00e3 central de 14 polegadas, integra\u00e7\u00e3o s\u00f3lida com Android Auto e Apple CarPlay e um painel de instrumentos digital; interface simples e foco no condutor. O motor \u00e9 de 200 kW (cerca de 272 cv) no eixo traseiro, ligado a uma caixa de duas velocidades, oferecendo trac\u00e7\u00e3o traseira e comportamento din\u00e2mico \u00e1gil. O principal ponto cr\u00edtico \u00e9 a arquitetura el\u00e9ctrica de 800 volts, que permite carregamentos at\u00e9 320 kW, mas apenas em postos de 800 volts; carregamento em postos 400 volts n\u00e3o funciona sem hardware adicional (op\u00e7\u00e3o de 400 volts por 700 euros, ainda n\u00e3o dispon\u00edvel no configurador de Portugal). Em termos pr\u00e1ticos, o carro \u00e9 excelente para quem faz muitos quil\u00f3metros e tem carregamento em casa; para viajar por a\u00ed, a limita\u00e7\u00e3o a 800 volts restringe a compatibilidade com a rede comum e com Tesla Superchargers.\" \/>\n<meta property=\"og:url\" content=\"https:\/\/portaltela.pt\/noticias\/2026\/01\/10\/mercedes-cla-250-percorre-braganca-lisboa-sem-recarregar\/\" \/>\n<meta property=\"og:site_name\" content=\"Portal Tela Portugal\" \/>\n<meta property=\"article:published_time\" content=\"2026-01-10T16:21:00+00:00\" \/>\n<meta name=\"author\" content=\"Telinha\" \/>\n<meta name=\"twitter:card\" content=\"summary_large_image\" \/>\n<meta name=\"twitter:label1\" content=\"Escrito por\" \/>\n\t<meta name=\"twitter:data1\" content=\"Telinha\" \/>\n\t<meta name=\"twitter:label2\" content=\"Tempo estimado de leitura\" \/>\n\t<meta name=\"twitter:data2\" content=\"3 minutos\" \/>\n<script type=\"application\/ld+json\" class=\"yoast-schema-graph\">{\"@context\":\"https:\/\/schema.org\",\"@graph\":[{\"@type\":\"Article\",\"@id\":\"https:\/\/portaltela.pt\/noticias\/2026\/01\/10\/mercedes-cla-250-percorre-braganca-lisboa-sem-recarregar\/#article\",\"isPartOf\":{\"@id\":\"https:\/\/portaltela.pt\/noticias\/2026\/01\/10\/mercedes-cla-250-percorre-braganca-lisboa-sem-recarregar\/\"},\"author\":{\"name\":\"Telinha\",\"@id\":\"https:\/\/portaltela.pt\/#\/schema\/person\/c4278d4a6028830caff9ee44b42d32ed\"},\"headline\":\"Mercedes CLA 250+ percorre Bragan\u00e7a-Lisboa sem recarregar\",\"datePublished\":\"2026-01-10T16:21:00+00:00\",\"mainEntityOfPage\":{\"@id\":\"https:\/\/portaltela.pt\/noticias\/2026\/01\/10\/mercedes-cla-250-percorre-braganca-lisboa-sem-recarregar\/\"},\"wordCount\":550,\"image\":{\"@id\":\"https:\/\/portaltela.pt\/noticias\/2026\/01\/10\/mercedes-cla-250-percorre-braganca-lisboa-sem-recarregar\/#primaryimage\"},\"thumbnailUrl\":\"https:\/\/portaltela.pt\/s.01k8rhncp4jt1\/2026\/01\/2055732.jpg\",\"keywords\":[\"Autom\u00f3veis\",\"carregamentos\",\"energia\",\"infraestrutura\",\"mobilidade\",\"tecnologia\"],\"articleSection\":[\"Not\u00edcias\"],\"inLanguage\":\"pt-PT\"},{\"@type\":\"WebPage\",\"@id\":\"https:\/\/portaltela.pt\/noticias\/2026\/01\/10\/mercedes-cla-250-percorre-braganca-lisboa-sem-recarregar\/\",\"url\":\"https:\/\/portaltela.pt\/noticias\/2026\/01\/10\/mercedes-cla-250-percorre-braganca-lisboa-sem-recarregar\/\",\"name\":\"Mercedes CLA 250+ percorre Bragan\u00e7a-Lisboa sem recarregar - Portal Tela Portugal\",\"isPartOf\":{\"@id\":\"https:\/\/portaltela.pt\/#website\"},\"primaryImageOfPage\":{\"@id\":\"https:\/\/portaltela.pt\/noticias\/2026\/01\/10\/mercedes-cla-250-percorre-braganca-lisboa-sem-recarregar\/#primaryimage\"},\"image\":{\"@id\":\"https:\/\/portaltela.pt\/noticias\/2026\/01\/10\/mercedes-cla-250-percorre-braganca-lisboa-sem-recarregar\/#primaryimage\"},\"thumbnailUrl\":\"https:\/\/portaltela.pt\/s.01k8rhncp4jt1\/2026\/01\/2055732.jpg\",\"datePublished\":\"2026-01-10T16:21:00+00:00\",\"author\":{\"@id\":\"https:\/\/portaltela.pt\/#\/schema\/person\/c4278d4a6028830caff9ee44b42d32ed\"},\"breadcrumb\":{\"@id\":\"https:\/\/portaltela.pt\/noticias\/2026\/01\/10\/mercedes-cla-250-percorre-braganca-lisboa-sem-recarregar\/#breadcrumb\"},\"inLanguage\":\"pt-PT\",\"potentialAction\":[{\"@type\":\"ReadAction\",\"target\":[\"https:\/\/portaltela.pt\/noticias\/2026\/01\/10\/mercedes-cla-250-percorre-braganca-lisboa-sem-recarregar\/\"]}]},{\"@type\":\"ImageObject\",\"inLanguage\":\"pt-PT\",\"@id\":\"https:\/\/portaltela.pt\/noticias\/2026\/01\/10\/mercedes-cla-250-percorre-braganca-lisboa-sem-recarregar\/#primaryimage\",\"url\":\"https:\/\/portaltela.pt\/s.01k8rhncp4jt1\/2026\/01\/2055732.jpg\",\"contentUrl\":\"https:\/\/portaltela.pt\/s.01k8rhncp4jt1\/2026\/01\/2055732.jpg\",\"width\":796,\"height\":448,\"caption\":\"O CLA tem um perfil aerodin\u00e2mico, que ajuda muito na efici\u00eancia energ\u00e9tica conseguida\"},{\"@type\":\"BreadcrumbList\",\"@id\":\"https:\/\/portaltela.pt\/noticias\/2026\/01\/10\/mercedes-cla-250-percorre-braganca-lisboa-sem-recarregar\/#breadcrumb\",\"itemListElement\":[{\"@type\":\"ListItem\",\"position\":1,\"name\":\"In\u00edcio\",\"item\":\"https:\/\/portaltela.pt\/\"},{\"@type\":\"ListItem\",\"position\":2,\"name\":\"Mercedes CLA 250+ percorre Bragan\u00e7a-Lisboa sem recarregar\"}]},{\"@type\":\"WebSite\",\"@id\":\"https:\/\/portaltela.pt\/#website\",\"url\":\"https:\/\/portaltela.pt\/\",\"name\":\"Portal Tela Portugal\",\"description\":\"\",\"potentialAction\":[{\"@type\":\"SearchAction\",\"target\":{\"@type\":\"EntryPoint\",\"urlTemplate\":\"https:\/\/portaltela.pt\/?s={search_term_string}\"},\"query-input\":{\"@type\":\"PropertyValueSpecification\",\"valueRequired\":true,\"valueName\":\"search_term_string\"}}],\"inLanguage\":\"pt-PT\"},{\"@type\":\"Person\",\"@id\":\"https:\/\/portaltela.pt\/#\/schema\/person\/c4278d4a6028830caff9ee44b42d32ed\",\"name\":\"Telinha\",\"image\":{\"@type\":\"ImageObject\",\"inLanguage\":\"pt-PT\",\"@id\":\"https:\/\/portaltela.pt\/s.01k8rhncp4jt1\/2025\/11\/talking-bot-125x125.png\",\"url\":\"https:\/\/portaltela.pt\/s.01k8rhncp4jt1\/2025\/11\/talking-bot-125x125.png\",\"contentUrl\":\"https:\/\/portaltela.pt\/s.01k8rhncp4jt1\/2025\/11\/talking-bot-125x125.png\",\"caption\":\"Telinha\"},\"sameAs\":[\"https:\/\/portaltela.pt\/\"],\"url\":\"https:\/\/portaltela.pt\/por\/367410592786\/\"}]}<\/script>\n<!-- \/ Yoast SEO plugin. -->","yoast_head_json":{"title":"Mercedes CLA 250+ percorre Bragan\u00e7a-Lisboa sem recarregar - Portal Tela Portugal","robots":{"index":"index","follow":"follow","max-snippet":"max-snippet:-1","max-image-preview":"max-image-preview:large","max-video-preview":"max-video-preview:-1"},"og_locale":"pt_PT","og_type":"article","og_title":"Mercedes CLA 250+ percorre Bragan\u00e7a-Lisboa sem recarregar - Portal Tela Portugal","og_description":"O CLA 250+ da Mercedes vem com uma bateria de 85 kWh, autonomia de setecentos e noventa e tr\u00eas quil\u00f3metros em ciclo misto e mais de oitocentos a condu\u00e7\u00e3o urbana, com bomba de calor a melhorar a efici\u00eancia. O habit\u00e1culo aposta num MB-OS com ecr\u00e3 central de 14 polegadas, integra\u00e7\u00e3o s\u00f3lida com Android Auto e Apple CarPlay e um painel de instrumentos digital; interface simples e foco no condutor. O motor \u00e9 de 200 kW (cerca de 272 cv) no eixo traseiro, ligado a uma caixa de duas velocidades, oferecendo trac\u00e7\u00e3o traseira e comportamento din\u00e2mico \u00e1gil. O principal ponto cr\u00edtico \u00e9 a arquitetura el\u00e9ctrica de 800 volts, que permite carregamentos at\u00e9 320 kW, mas apenas em postos de 800 volts; carregamento em postos 400 volts n\u00e3o funciona sem hardware adicional (op\u00e7\u00e3o de 400 volts por 700 euros, ainda n\u00e3o dispon\u00edvel no configurador de Portugal). Em termos pr\u00e1ticos, o carro \u00e9 excelente para quem faz muitos quil\u00f3metros e tem carregamento em casa; para viajar por a\u00ed, a limita\u00e7\u00e3o a 800 volts restringe a compatibilidade com a rede comum e com Tesla Superchargers.","og_url":"https:\/\/portaltela.pt\/noticias\/2026\/01\/10\/mercedes-cla-250-percorre-braganca-lisboa-sem-recarregar\/","og_site_name":"Portal Tela Portugal","article_published_time":"2026-01-10T16:21:00+00:00","author":"Telinha","twitter_card":"summary_large_image","twitter_misc":{"Escrito por":"Telinha","Tempo estimado de leitura":"3 minutos"},"schema":{"@context":"https:\/\/schema.org","@graph":[{"@type":"Article","@id":"https:\/\/portaltela.pt\/noticias\/2026\/01\/10\/mercedes-cla-250-percorre-braganca-lisboa-sem-recarregar\/#article","isPartOf":{"@id":"https:\/\/portaltela.pt\/noticias\/2026\/01\/10\/mercedes-cla-250-percorre-braganca-lisboa-sem-recarregar\/"},"author":{"name":"Telinha","@id":"https:\/\/portaltela.pt\/#\/schema\/person\/c4278d4a6028830caff9ee44b42d32ed"},"headline":"Mercedes CLA 250+ percorre Bragan\u00e7a-Lisboa sem recarregar","datePublished":"2026-01-10T16:21:00+00:00","mainEntityOfPage":{"@id":"https:\/\/portaltela.pt\/noticias\/2026\/01\/10\/mercedes-cla-250-percorre-braganca-lisboa-sem-recarregar\/"},"wordCount":550,"image":{"@id":"https:\/\/portaltela.pt\/noticias\/2026\/01\/10\/mercedes-cla-250-percorre-braganca-lisboa-sem-recarregar\/#primaryimage"},"thumbnailUrl":"https:\/\/portaltela.pt\/s.01k8rhncp4jt1\/2026\/01\/2055732.jpg","keywords":["Autom\u00f3veis","carregamentos","energia","infraestrutura","mobilidade","tecnologia"],"articleSection":["Not\u00edcias"],"inLanguage":"pt-PT"},{"@type":"WebPage","@id":"https:\/\/portaltela.pt\/noticias\/2026\/01\/10\/mercedes-cla-250-percorre-braganca-lisboa-sem-recarregar\/","url":"https:\/\/portaltela.pt\/noticias\/2026\/01\/10\/mercedes-cla-250-percorre-braganca-lisboa-sem-recarregar\/","name":"Mercedes CLA 250+ percorre Bragan\u00e7a-Lisboa sem recarregar - Portal Tela Portugal","isPartOf":{"@id":"https:\/\/portaltela.pt\/#website"},"primaryImageOfPage":{"@id":"https:\/\/portaltela.pt\/noticias\/2026\/01\/10\/mercedes-cla-250-percorre-braganca-lisboa-sem-recarregar\/#primaryimage"},"image":{"@id":"https:\/\/portaltela.pt\/noticias\/2026\/01\/10\/mercedes-cla-250-percorre-braganca-lisboa-sem-recarregar\/#primaryimage"},"thumbnailUrl":"https:\/\/portaltela.pt\/s.01k8rhncp4jt1\/2026\/01\/2055732.jpg","datePublished":"2026-01-10T16:21:00+00:00","author":{"@id":"https:\/\/portaltela.pt\/#\/schema\/person\/c4278d4a6028830caff9ee44b42d32ed"},"breadcrumb":{"@id":"https:\/\/portaltela.pt\/noticias\/2026\/01\/10\/mercedes-cla-250-percorre-braganca-lisboa-sem-recarregar\/#breadcrumb"},"inLanguage":"pt-PT","potentialAction":[{"@type":"ReadAction","target":["https:\/\/portaltela.pt\/noticias\/2026\/01\/10\/mercedes-cla-250-percorre-braganca-lisboa-sem-recarregar\/"]}]},{"@type":"ImageObject","inLanguage":"pt-PT","@id":"https:\/\/portaltela.pt\/noticias\/2026\/01\/10\/mercedes-cla-250-percorre-braganca-lisboa-sem-recarregar\/#primaryimage","url":"https:\/\/portaltela.pt\/s.01k8rhncp4jt1\/2026\/01\/2055732.jpg","contentUrl":"https:\/\/portaltela.pt\/s.01k8rhncp4jt1\/2026\/01\/2055732.jpg","width":796,"height":448,"caption":"O CLA tem um perfil aerodin\u00e2mico, que ajuda muito na efici\u00eancia energ\u00e9tica conseguida"},{"@type":"BreadcrumbList","@id":"https:\/\/portaltela.pt\/noticias\/2026\/01\/10\/mercedes-cla-250-percorre-braganca-lisboa-sem-recarregar\/#breadcrumb","itemListElement":[{"@type":"ListItem","position":1,"name":"In\u00edcio","item":"https:\/\/portaltela.pt\/"},{"@type":"ListItem","position":2,"name":"Mercedes CLA 250+ percorre Bragan\u00e7a-Lisboa sem recarregar"}]},{"@type":"WebSite","@id":"https:\/\/portaltela.pt\/#website","url":"https:\/\/portaltela.pt\/","name":"Portal Tela Portugal","description":"","potentialAction":[{"@type":"SearchAction","target":{"@type":"EntryPoint","urlTemplate":"https:\/\/portaltela.pt\/?s={search_term_string}"},"query-input":{"@type":"PropertyValueSpecification","valueRequired":true,"valueName":"search_term_string"}}],"inLanguage":"pt-PT"},{"@type":"Person","@id":"https:\/\/portaltela.pt\/#\/schema\/person\/c4278d4a6028830caff9ee44b42d32ed","name":"Telinha","image":{"@type":"ImageObject","inLanguage":"pt-PT","@id":"https:\/\/portaltela.pt\/s.01k8rhncp4jt1\/2025\/11\/talking-bot-125x125.png","url":"https:\/\/portaltela.pt\/s.01k8rhncp4jt1\/2025\/11\/talking-bot-125x125.png","contentUrl":"https:\/\/portaltela.pt\/s.01k8rhncp4jt1\/2025\/11\/talking-bot-125x125.png","caption":"Telinha"},"sameAs":["https:\/\/portaltela.pt\/"],"url":"https:\/\/portaltela.pt\/por\/367410592786\/"}]}},"_links":{"self":[{"href":"https:\/\/portaltela.pt\/api\/wp\/v2\/posts\/131118","targetHints":{"allow":["GET"]}}],"collection":[{"href":"https:\/\/portaltela.pt\/api\/wp\/v2\/posts"}],"about":[{"href":"https:\/\/portaltela.pt\/api\/wp\/v2\/types\/post"}],"author":[{"embeddable":true,"href":"https:\/\/portaltela.pt\/api\/wp\/v2\/users\/2"}],"replies":[{"embeddable":true,"href":"https:\/\/portaltela.pt\/api\/wp\/v2\/comments?post=131118"}],"version-history":[{"count":0,"href":"https:\/\/portaltela.pt\/api\/wp\/v2\/posts\/131118\/revisions"}],"wp:featuredmedia":[{"embeddable":true,"href":"https:\/\/portaltela.pt\/api\/wp\/v2\/media\/131129"}],"wp:attachment":[{"href":"https:\/\/portaltela.pt\/api\/wp\/v2\/media?parent=131118"}],"wp:term":[{"taxonomy":"category","embeddable":true,"href":"https:\/\/portaltela.pt\/api\/wp\/v2\/categories?post=131118"},{"taxonomy":"post_tag","embeddable":true,"href":"https:\/\/portaltela.pt\/api\/wp\/v2\/tags?post=131118"}],"curies":[{"name":"wp","href":"https:\/\/api.w.org\/{rel}","templated":true}]}}