{"id":131014,"date":"2026-01-10T12:28:04","date_gmt":"2026-01-10T15:28:04","guid":{"rendered":"https:\/\/portaltela.pt\/noticias\/2026\/01\/10\/retirada-de-lotes-de-formulas-infantis-nan-e-alfamino-junior-anunciada\/"},"modified":"2026-01-10T12:28:04","modified_gmt":"2026-01-10T15:28:04","slug":"retirada-de-lotes-de-formulas-infantis-nan-e-alfamino-junior-anunciada","status":"publish","type":"post","link":"https:\/\/portaltela.pt\/noticias\/2026\/01\/10\/retirada-de-lotes-de-formulas-infantis-nan-e-alfamino-junior-anunciada\/","title":{"rendered":"Retirada de lotes de f\u00f3rmulas infantis NAN e Alfamino J\u00fanior anunciada"},"content":{"rendered":"<p>Duas linhas de f\u00f3rmulas infantis foram retiradas do mercado neste s\u00e1bado devido \u00e0 poss\u00edvel presen\u00e7a de uma toxina. A Autoridade de Seguran\u00e7a Alimentar e Econ\u00f3mica (ASAE) informou que a supervis\u00e3o decorre de detec\u00e7\u00e3o de Cereulida, produzida pela bact\u00e9ria Bacillus cereus, numa mat\u00e9ria-prima utilizada nas f\u00f3rmulas NAN e Alfamino J\u00fanior. A medida \u00e9 preventiva, sem registo de casos associados at\u00e9 ao momento.<\/p>\n<p>A a\u00e7\u00e3o envolve os lotes das gamas NAN (AR, Sem Lactose, TOTAL, OPTIPRO, SUPREMEPRO, PreNAN) e Alfamino J\u00fanior. A ASAE recomenda consultar a lista completa e atualizada dos lotes afetados junto do site da Nestl\u00e9 Portugal. A retirada deve ser efetuada por retalhistas e distribuidores e os produtos recolhidos devem ficar isolados.<\/p>\n<p>O que fazer aos consumidores<\/p>\n<p>A ASAE orienta os pais e cuidadores a verificar o lote na base da lata. Se o lote constar da lista, o produto n\u00e3o deve ser utilizado e deve ser devolvido \u00e0 Nestl\u00e9 Portugal para reembolso. Se n\u00e3o constar, o produto \u00e9 considerado seguro.<\/p>\n<p>Caso j\u00e1 tenha sido consumido um lote afetado, n\u00e3o houve necessidade de alarme se a crian\u00e7a n\u00e3o teve sintomas. Em caso de v\u00f3mitos intensos, diarreia ou sonol\u00eancia, entre 30 minutos e seis horas ap\u00f3s o consumo, deve ser procurado imediatamente um profissional de sa\u00fade.<\/p>\n<p>Notas adicionais<\/p>\n<p>Os operadores econ\u00f3micos devem retirar de venda todos os lotes identificados, isolar os produtos recolhidos e contactar a Nestl\u00e9 Portugal para instru\u00e7\u00f5es sobre a devolu\u00e7\u00e3o. A ASAE refor\u00e7a que a medida \u00e9 estritamente preventiva e n\u00e3o est\u00e1 associada a casos de doen\u00e7a at\u00e9 ao momento.<\/p>\n","protected":false},"excerpt":{"rendered":"<ul>\n<li>Lotes espec\u00edficos das f\u00f3rmulas infantis NAN e Alfamino J\u00fanior foram retirados do mercado devido \u00e0 poss\u00edvel presen\u00e7a de uma toxina chamada Cereulida, produzida pela bact\u00e9ria Bacillus cereus.<\/li>\n<li>A medida \u00e9 preventiva e n\u00e3o foram reportados casos de doen\u00e7a relacionados aos produtos at\u00e9 o momento.<\/li>\n<li>A ASAE disponibiliza uma lista com os lotes afetados e orienta retalhistas e distribuidores a removerem imediatamente esses produtos de venda e a isolar os artigos recolhidos, contactando a Nestl\u00e9 Portugal para instru\u00e7\u00f5es de devolu\u00e7\u00e3o.<\/li>\n<li>Consumidores devem verificar o lote na base da lata; se constar na lista, n\u00e3o usar o produto e contactar a Nestl\u00e9 Portugal para reembolso.<\/li>\n<li>Se o lote j\u00e1 tiver sido consumido e a crian\u00e7a apresentar v\u00f3mitos intensos, diarreia ou sonol\u00eancia entre trinta minutos e seis horas ap\u00f3s o consumo, deve procurar de imediato um profissional de sa\u00fade.<\/li>\n<\/ul>\n","protected":false},"author":2,"featured_media":131023,"comment_status":"closed","ping_status":"closed","sticky":false,"template":"","format":"standard","meta":{"footnotes":""},"categories":[],"tags":[86,1759,1698,915,945,271],"class_list":["post-131014","post","type-post","status-publish","format-standard","has-post-thumbnail","hentry","tag-alimentacao","tag-infancia","tag-infantil","tag-nutricao","tag-protecao-alimentar","tag-saude-publica"],"yoast_head":"<!-- This site is optimized with the Yoast SEO plugin v27.2 - https:\/\/yoast.com\/product\/yoast-seo-wordpress\/ -->\n<title>Retirada de lotes de f\u00f3rmulas infantis NAN e Alfamino J\u00fanior anunciada - Portal Tela Portugal<\/title>\n<meta name=\"robots\" content=\"index, follow, max-snippet:-1, max-image-preview:large, max-video-preview:-1\" \/>\n<meta property=\"og:locale\" content=\"pt_PT\" \/>\n<meta property=\"og:type\" content=\"article\" \/>\n<meta property=\"og:title\" content=\"Retirada de lotes de f\u00f3rmulas infantis NAN e Alfamino J\u00fanior anunciada - Portal Tela Portugal\" \/>\n<meta property=\"og:description\" content=\"Lotes espec\u00edficos das f\u00f3rmulas infantis NAN e Alfamino J\u00fanior foram retirados do mercado devido \u00e0 poss\u00edvel presen\u00e7a de uma toxina chamada Cereulida, produzida pela bact\u00e9ria Bacillus cereus. A medida \u00e9 preventiva e n\u00e3o foram reportados casos de doen\u00e7a relacionados aos produtos at\u00e9 o momento. A ASAE disponibiliza uma lista com os lotes afetados e orienta retalhistas e distribuidores a removerem imediatamente esses produtos de venda e a isolar os artigos recolhidos, contactando a Nestl\u00e9 Portugal para instru\u00e7\u00f5es de devolu\u00e7\u00e3o. Consumidores devem verificar o lote na base da lata; se constar na lista, n\u00e3o usar o produto e contactar a Nestl\u00e9 Portugal para reembolso. Se o lote j\u00e1 tiver sido consumido e a crian\u00e7a apresentar v\u00f3mitos intensos, diarreia ou sonol\u00eancia entre trinta minutos e seis horas ap\u00f3s o consumo, deve procurar de imediato um profissional de sa\u00fade.\" \/>\n<meta property=\"og:url\" content=\"https:\/\/portaltela.pt\/noticias\/2026\/01\/10\/retirada-de-lotes-de-formulas-infantis-nan-e-alfamino-junior-anunciada\/\" \/>\n<meta property=\"og:site_name\" content=\"Portal Tela Portugal\" \/>\n<meta property=\"article:published_time\" content=\"2026-01-10T15:28:04+00:00\" \/>\n<meta name=\"author\" content=\"Telinha\" \/>\n<meta name=\"twitter:card\" content=\"summary_large_image\" \/>\n<meta name=\"twitter:label1\" content=\"Escrito por\" \/>\n\t<meta name=\"twitter:data1\" content=\"Telinha\" \/>\n\t<meta name=\"twitter:label2\" content=\"Tempo estimado de leitura\" \/>\n\t<meta name=\"twitter:data2\" content=\"1 minuto\" \/>\n<script type=\"application\/ld+json\" class=\"yoast-schema-graph\">{\"@context\":\"https:\/\/schema.org\",\"@graph\":[{\"@type\":\"Article\",\"@id\":\"https:\/\/portaltela.pt\/noticias\/2026\/01\/10\/retirada-de-lotes-de-formulas-infantis-nan-e-alfamino-junior-anunciada\/#article\",\"isPartOf\":{\"@id\":\"https:\/\/portaltela.pt\/noticias\/2026\/01\/10\/retirada-de-lotes-de-formulas-infantis-nan-e-alfamino-junior-anunciada\/\"},\"author\":{\"name\":\"Telinha\",\"@id\":\"https:\/\/portaltela.pt\/#\/schema\/person\/c4278d4a6028830caff9ee44b42d32ed\"},\"headline\":\"Retirada de lotes de f\u00f3rmulas infantis NAN e Alfamino J\u00fanior anunciada\",\"datePublished\":\"2026-01-10T15:28:04+00:00\",\"mainEntityOfPage\":{\"@id\":\"https:\/\/portaltela.pt\/noticias\/2026\/01\/10\/retirada-de-lotes-de-formulas-infantis-nan-e-alfamino-junior-anunciada\/\"},\"wordCount\":289,\"image\":{\"@id\":\"https:\/\/portaltela.pt\/noticias\/2026\/01\/10\/retirada-de-lotes-de-formulas-infantis-nan-e-alfamino-junior-anunciada\/#primaryimage\"},\"thumbnailUrl\":\"https:\/\/portaltela.pt\/s.01k8rhncp4jt1\/2026\/01\/unnamed-file-2070.jpg\",\"keywords\":[\"alimenta\u00e7\u00e3o\",\"inf\u00e2ncia\",\"infantil\",\"nutri\u00e7\u00e3o\",\"prote\u00e7\u00e3o alimentar\",\"sa\u00fade p\u00fablica\"],\"inLanguage\":\"pt-PT\"},{\"@type\":\"WebPage\",\"@id\":\"https:\/\/portaltela.pt\/noticias\/2026\/01\/10\/retirada-de-lotes-de-formulas-infantis-nan-e-alfamino-junior-anunciada\/\",\"url\":\"https:\/\/portaltela.pt\/noticias\/2026\/01\/10\/retirada-de-lotes-de-formulas-infantis-nan-e-alfamino-junior-anunciada\/\",\"name\":\"Retirada de lotes de f\u00f3rmulas infantis NAN e Alfamino J\u00fanior anunciada - Portal Tela Portugal\",\"isPartOf\":{\"@id\":\"https:\/\/portaltela.pt\/#website\"},\"primaryImageOfPage\":{\"@id\":\"https:\/\/portaltela.pt\/noticias\/2026\/01\/10\/retirada-de-lotes-de-formulas-infantis-nan-e-alfamino-junior-anunciada\/#primaryimage\"},\"image\":{\"@id\":\"https:\/\/portaltela.pt\/noticias\/2026\/01\/10\/retirada-de-lotes-de-formulas-infantis-nan-e-alfamino-junior-anunciada\/#primaryimage\"},\"thumbnailUrl\":\"https:\/\/portaltela.pt\/s.01k8rhncp4jt1\/2026\/01\/unnamed-file-2070.jpg\",\"datePublished\":\"2026-01-10T15:28:04+00:00\",\"author\":{\"@id\":\"https:\/\/portaltela.pt\/#\/schema\/person\/c4278d4a6028830caff9ee44b42d32ed\"},\"breadcrumb\":{\"@id\":\"https:\/\/portaltela.pt\/noticias\/2026\/01\/10\/retirada-de-lotes-de-formulas-infantis-nan-e-alfamino-junior-anunciada\/#breadcrumb\"},\"inLanguage\":\"pt-PT\",\"potentialAction\":[{\"@type\":\"ReadAction\",\"target\":[\"https:\/\/portaltela.pt\/noticias\/2026\/01\/10\/retirada-de-lotes-de-formulas-infantis-nan-e-alfamino-junior-anunciada\/\"]}]},{\"@type\":\"ImageObject\",\"inLanguage\":\"pt-PT\",\"@id\":\"https:\/\/portaltela.pt\/noticias\/2026\/01\/10\/retirada-de-lotes-de-formulas-infantis-nan-e-alfamino-junior-anunciada\/#primaryimage\",\"url\":\"https:\/\/portaltela.pt\/s.01k8rhncp4jt1\/2026\/01\/unnamed-file-2070.jpg\",\"contentUrl\":\"https:\/\/portaltela.pt\/s.01k8rhncp4jt1\/2026\/01\/unnamed-file-2070.jpg\",\"width\":796,\"height\":448,\"caption\":\"Retirados lotes de f\u00f3rmulas infantis NAN e Alfamino J\u00fanior\"},{\"@type\":\"BreadcrumbList\",\"@id\":\"https:\/\/portaltela.pt\/noticias\/2026\/01\/10\/retirada-de-lotes-de-formulas-infantis-nan-e-alfamino-junior-anunciada\/#breadcrumb\",\"itemListElement\":[{\"@type\":\"ListItem\",\"position\":1,\"name\":\"In\u00edcio\",\"item\":\"https:\/\/portaltela.pt\/\"},{\"@type\":\"ListItem\",\"position\":2,\"name\":\"Retirada de lotes de f\u00f3rmulas infantis NAN e Alfamino J\u00fanior anunciada\"}]},{\"@type\":\"WebSite\",\"@id\":\"https:\/\/portaltela.pt\/#website\",\"url\":\"https:\/\/portaltela.pt\/\",\"name\":\"Portal Tela Portugal\",\"description\":\"\",\"potentialAction\":[{\"@type\":\"SearchAction\",\"target\":{\"@type\":\"EntryPoint\",\"urlTemplate\":\"https:\/\/portaltela.pt\/?s={search_term_string}\"},\"query-input\":{\"@type\":\"PropertyValueSpecification\",\"valueRequired\":true,\"valueName\":\"search_term_string\"}}],\"inLanguage\":\"pt-PT\"},{\"@type\":\"Person\",\"@id\":\"https:\/\/portaltela.pt\/#\/schema\/person\/c4278d4a6028830caff9ee44b42d32ed\",\"name\":\"Telinha\",\"image\":{\"@type\":\"ImageObject\",\"inLanguage\":\"pt-PT\",\"@id\":\"https:\/\/portaltela.pt\/s.01k8rhncp4jt1\/2025\/11\/talking-bot-125x125.png\",\"url\":\"https:\/\/portaltela.pt\/s.01k8rhncp4jt1\/2025\/11\/talking-bot-125x125.png\",\"contentUrl\":\"https:\/\/portaltela.pt\/s.01k8rhncp4jt1\/2025\/11\/talking-bot-125x125.png\",\"caption\":\"Telinha\"},\"sameAs\":[\"https:\/\/portaltela.pt\/\"],\"url\":\"https:\/\/portaltela.pt\/por\/367410592786\/\"}]}<\/script>\n<!-- \/ Yoast SEO plugin. -->","yoast_head_json":{"title":"Retirada de lotes de f\u00f3rmulas infantis NAN e Alfamino J\u00fanior anunciada - Portal Tela Portugal","robots":{"index":"index","follow":"follow","max-snippet":"max-snippet:-1","max-image-preview":"max-image-preview:large","max-video-preview":"max-video-preview:-1"},"og_locale":"pt_PT","og_type":"article","og_title":"Retirada de lotes de f\u00f3rmulas infantis NAN e Alfamino J\u00fanior anunciada - Portal Tela Portugal","og_description":"Lotes espec\u00edficos das f\u00f3rmulas infantis NAN e Alfamino J\u00fanior foram retirados do mercado devido \u00e0 poss\u00edvel presen\u00e7a de uma toxina chamada Cereulida, produzida pela bact\u00e9ria Bacillus cereus. A medida \u00e9 preventiva e n\u00e3o foram reportados casos de doen\u00e7a relacionados aos produtos at\u00e9 o momento. A ASAE disponibiliza uma lista com os lotes afetados e orienta retalhistas e distribuidores a removerem imediatamente esses produtos de venda e a isolar os artigos recolhidos, contactando a Nestl\u00e9 Portugal para instru\u00e7\u00f5es de devolu\u00e7\u00e3o. Consumidores devem verificar o lote na base da lata; se constar na lista, n\u00e3o usar o produto e contactar a Nestl\u00e9 Portugal para reembolso. Se o lote j\u00e1 tiver sido consumido e a crian\u00e7a apresentar v\u00f3mitos intensos, diarreia ou sonol\u00eancia entre trinta minutos e seis horas ap\u00f3s o consumo, deve procurar de imediato um profissional de sa\u00fade.","og_url":"https:\/\/portaltela.pt\/noticias\/2026\/01\/10\/retirada-de-lotes-de-formulas-infantis-nan-e-alfamino-junior-anunciada\/","og_site_name":"Portal Tela Portugal","article_published_time":"2026-01-10T15:28:04+00:00","author":"Telinha","twitter_card":"summary_large_image","twitter_misc":{"Escrito por":"Telinha","Tempo estimado de leitura":"1 minuto"},"schema":{"@context":"https:\/\/schema.org","@graph":[{"@type":"Article","@id":"https:\/\/portaltela.pt\/noticias\/2026\/01\/10\/retirada-de-lotes-de-formulas-infantis-nan-e-alfamino-junior-anunciada\/#article","isPartOf":{"@id":"https:\/\/portaltela.pt\/noticias\/2026\/01\/10\/retirada-de-lotes-de-formulas-infantis-nan-e-alfamino-junior-anunciada\/"},"author":{"name":"Telinha","@id":"https:\/\/portaltela.pt\/#\/schema\/person\/c4278d4a6028830caff9ee44b42d32ed"},"headline":"Retirada de lotes de f\u00f3rmulas infantis NAN e Alfamino J\u00fanior anunciada","datePublished":"2026-01-10T15:28:04+00:00","mainEntityOfPage":{"@id":"https:\/\/portaltela.pt\/noticias\/2026\/01\/10\/retirada-de-lotes-de-formulas-infantis-nan-e-alfamino-junior-anunciada\/"},"wordCount":289,"image":{"@id":"https:\/\/portaltela.pt\/noticias\/2026\/01\/10\/retirada-de-lotes-de-formulas-infantis-nan-e-alfamino-junior-anunciada\/#primaryimage"},"thumbnailUrl":"https:\/\/portaltela.pt\/s.01k8rhncp4jt1\/2026\/01\/unnamed-file-2070.jpg","keywords":["alimenta\u00e7\u00e3o","inf\u00e2ncia","infantil","nutri\u00e7\u00e3o","prote\u00e7\u00e3o alimentar","sa\u00fade p\u00fablica"],"inLanguage":"pt-PT"},{"@type":"WebPage","@id":"https:\/\/portaltela.pt\/noticias\/2026\/01\/10\/retirada-de-lotes-de-formulas-infantis-nan-e-alfamino-junior-anunciada\/","url":"https:\/\/portaltela.pt\/noticias\/2026\/01\/10\/retirada-de-lotes-de-formulas-infantis-nan-e-alfamino-junior-anunciada\/","name":"Retirada de lotes de f\u00f3rmulas infantis NAN e Alfamino J\u00fanior anunciada - Portal Tela Portugal","isPartOf":{"@id":"https:\/\/portaltela.pt\/#website"},"primaryImageOfPage":{"@id":"https:\/\/portaltela.pt\/noticias\/2026\/01\/10\/retirada-de-lotes-de-formulas-infantis-nan-e-alfamino-junior-anunciada\/#primaryimage"},"image":{"@id":"https:\/\/portaltela.pt\/noticias\/2026\/01\/10\/retirada-de-lotes-de-formulas-infantis-nan-e-alfamino-junior-anunciada\/#primaryimage"},"thumbnailUrl":"https:\/\/portaltela.pt\/s.01k8rhncp4jt1\/2026\/01\/unnamed-file-2070.jpg","datePublished":"2026-01-10T15:28:04+00:00","author":{"@id":"https:\/\/portaltela.pt\/#\/schema\/person\/c4278d4a6028830caff9ee44b42d32ed"},"breadcrumb":{"@id":"https:\/\/portaltela.pt\/noticias\/2026\/01\/10\/retirada-de-lotes-de-formulas-infantis-nan-e-alfamino-junior-anunciada\/#breadcrumb"},"inLanguage":"pt-PT","potentialAction":[{"@type":"ReadAction","target":["https:\/\/portaltela.pt\/noticias\/2026\/01\/10\/retirada-de-lotes-de-formulas-infantis-nan-e-alfamino-junior-anunciada\/"]}]},{"@type":"ImageObject","inLanguage":"pt-PT","@id":"https:\/\/portaltela.pt\/noticias\/2026\/01\/10\/retirada-de-lotes-de-formulas-infantis-nan-e-alfamino-junior-anunciada\/#primaryimage","url":"https:\/\/portaltela.pt\/s.01k8rhncp4jt1\/2026\/01\/unnamed-file-2070.jpg","contentUrl":"https:\/\/portaltela.pt\/s.01k8rhncp4jt1\/2026\/01\/unnamed-file-2070.jpg","width":796,"height":448,"caption":"Retirados lotes de f\u00f3rmulas infantis NAN e Alfamino J\u00fanior"},{"@type":"BreadcrumbList","@id":"https:\/\/portaltela.pt\/noticias\/2026\/01\/10\/retirada-de-lotes-de-formulas-infantis-nan-e-alfamino-junior-anunciada\/#breadcrumb","itemListElement":[{"@type":"ListItem","position":1,"name":"In\u00edcio","item":"https:\/\/portaltela.pt\/"},{"@type":"ListItem","position":2,"name":"Retirada de lotes de f\u00f3rmulas infantis NAN e Alfamino J\u00fanior anunciada"}]},{"@type":"WebSite","@id":"https:\/\/portaltela.pt\/#website","url":"https:\/\/portaltela.pt\/","name":"Portal Tela Portugal","description":"","potentialAction":[{"@type":"SearchAction","target":{"@type":"EntryPoint","urlTemplate":"https:\/\/portaltela.pt\/?s={search_term_string}"},"query-input":{"@type":"PropertyValueSpecification","valueRequired":true,"valueName":"search_term_string"}}],"inLanguage":"pt-PT"},{"@type":"Person","@id":"https:\/\/portaltela.pt\/#\/schema\/person\/c4278d4a6028830caff9ee44b42d32ed","name":"Telinha","image":{"@type":"ImageObject","inLanguage":"pt-PT","@id":"https:\/\/portaltela.pt\/s.01k8rhncp4jt1\/2025\/11\/talking-bot-125x125.png","url":"https:\/\/portaltela.pt\/s.01k8rhncp4jt1\/2025\/11\/talking-bot-125x125.png","contentUrl":"https:\/\/portaltela.pt\/s.01k8rhncp4jt1\/2025\/11\/talking-bot-125x125.png","caption":"Telinha"},"sameAs":["https:\/\/portaltela.pt\/"],"url":"https:\/\/portaltela.pt\/por\/367410592786\/"}]}},"_links":{"self":[{"href":"https:\/\/portaltela.pt\/api\/wp\/v2\/posts\/131014","targetHints":{"allow":["GET"]}}],"collection":[{"href":"https:\/\/portaltela.pt\/api\/wp\/v2\/posts"}],"about":[{"href":"https:\/\/portaltela.pt\/api\/wp\/v2\/types\/post"}],"author":[{"embeddable":true,"href":"https:\/\/portaltela.pt\/api\/wp\/v2\/users\/2"}],"replies":[{"embeddable":true,"href":"https:\/\/portaltela.pt\/api\/wp\/v2\/comments?post=131014"}],"version-history":[{"count":0,"href":"https:\/\/portaltela.pt\/api\/wp\/v2\/posts\/131014\/revisions"}],"wp:featuredmedia":[{"embeddable":true,"href":"https:\/\/portaltela.pt\/api\/wp\/v2\/media\/131023"}],"wp:attachment":[{"href":"https:\/\/portaltela.pt\/api\/wp\/v2\/media?parent=131014"}],"wp:term":[{"taxonomy":"category","embeddable":true,"href":"https:\/\/portaltela.pt\/api\/wp\/v2\/categories?post=131014"},{"taxonomy":"post_tag","embeddable":true,"href":"https:\/\/portaltela.pt\/api\/wp\/v2\/tags?post=131014"}],"curies":[{"name":"wp","href":"https:\/\/api.w.org\/{rel}","templated":true}]}}