{"id":130954,"date":"2026-01-10T12:07:00","date_gmt":"2026-01-10T15:07:00","guid":{"rendered":"https:\/\/portaltela.pt\/noticias\/2026\/01\/10\/paciente-anteriormente-visto-como-caso-perdido-recupera-a-saude\/"},"modified":"2026-01-10T12:07:00","modified_gmt":"2026-01-10T15:07:00","slug":"paciente-anteriormente-visto-como-caso-perdido-recupera-a-saude","status":"publish","type":"post","link":"https:\/\/portaltela.pt\/noticias\/2026\/01\/10\/paciente-anteriormente-visto-como-caso-perdido-recupera-a-saude\/","title":{"rendered":"Paciente anteriormente visto como caso perdido recupera a sa\u00fade"},"content":{"rendered":"<p>Um paciente com depress\u00e3o grave, dor cr\u00f3nica e anos de disfuncionalidade conseguiu uma mudan\u00e7a de vida ap\u00f3s seguir um tratamento inovador, aplicado pelo psiquiatra Filipe Malheiro. A hist\u00f3ria ganhou relevo pela resist\u00eancia do caso e pela melhoria observada no acompanhamento.<\/p>\n<p>O tratamento apresentado pela equipa cl\u00ednica procurou sair do caminho tradicional para casos assim, oferecendo uma abordagem integrada que visou reduzir a sintomatologia depressiva e melhorar a qualidade de vida do doente. A interven\u00e7\u00e3o foi acompanhada de perto ao longo das primeiras semanas.<\/p>\n<p>A fam\u00edlia do paciente descreve a evolu\u00e7\u00e3o como significativa, com redu\u00e7\u00e3o de ataques de ansiedade e maior participa\u00e7\u00e3o em atividades di\u00e1rias. O m\u00e9dico respons\u00e1veis sustenta que os resultados demonstram potencial para outras situa\u00e7\u00f5es complexas de sa\u00fade mental.<\/p>\n<h3>O caso em foco<\/h3>\n<p>A narrativa de Malheiro refor\u00e7a que, em contextos de depress\u00e3o resistente, a combina\u00e7\u00e3o de estrat\u00e9gias pode abrir novas perspetivas. Ainda n\u00e3o h\u00e1 confirma\u00e7\u00e3o de uma aplica\u00e7\u00e3o generalizada, mas o exemplo serve de refer\u00eancia para o manejo de casos similares.<\/p>\n<p>Este testemunho m\u00e9dico ressalva a import\u00e2ncia de abordagens personalizadas e da monitoriza\u00e7\u00e3o cont\u00ednua, especialmente em quadros de dor cr\u00f3nica associada a transtornos de humor. A equipa mant\u00e9m o acompanhamento pr\u00f3ximo do paciente, visando consolidar ganhos j\u00e1 observados.<\/p>\n","protected":false},"excerpt":{"rendered":"<ul>\n<li>O psiquiatra Filipe Malheiro aplicou um tratamento inovador a um doente com depress\u00e3o grave, dor cr\u00f3nica e anos de disfuncionalidade, mudando-lhe a vida.<\/li>\n<li>O doente j\u00e1 tinha enfrentado ataques de p\u00e2nico e tinha passado 25 anos sem tratamento at\u00e9 receber a interven\u00e7\u00e3o.<\/li>\n<li>O artigo apresenta ainda casos de mulheres que enfrentam perfeccionismo extremo, dificuldades em dizer n\u00e3o e a aprendizagem de criar la\u00e7os com a beb\u00e9.<\/li>\n<li>H\u00e1 men\u00e7\u00e3o a uma doente bipolar internada durante a pandemia e a um casal que transformou traumas em uni\u00e3o.<\/li>\n<li>O objetivo das hist\u00f3rias \u00e9 mostrar como \u00e9 poss\u00edvel aprender a viver com a doen\u00e7a, mediante tratamento e apoio.<\/li>\n<\/ul>\n","protected":false},"author":2,"featured_media":130960,"comment_status":"closed","ping_status":"closed","sticky":false,"template":"","format":"standard","meta":{"footnotes":""},"categories":[],"tags":[2557,2806,1404,172,55,140],"class_list":["post-130954","post","type-post","status-publish","format-standard","has-post-thumbnail","hentry","tag-depressao","tag-dor-cronica","tag-psiquiatria","tag-saude","tag-saude-mental","tag-tratamentos"],"yoast_head":"<!-- This site is optimized with the Yoast SEO plugin v27.2 - https:\/\/yoast.com\/product\/yoast-seo-wordpress\/ -->\n<title>Paciente anteriormente visto como caso perdido recupera a sa\u00fade - Portal Tela Portugal<\/title>\n<meta name=\"robots\" content=\"index, follow, max-snippet:-1, max-image-preview:large, max-video-preview:-1\" \/>\n<meta property=\"og:locale\" content=\"pt_PT\" \/>\n<meta property=\"og:type\" content=\"article\" \/>\n<meta property=\"og:title\" content=\"Paciente anteriormente visto como caso perdido recupera a sa\u00fade - Portal Tela Portugal\" \/>\n<meta property=\"og:description\" content=\"O psiquiatra Filipe Malheiro aplicou um tratamento inovador a um doente com depress\u00e3o grave, dor cr\u00f3nica e anos de disfuncionalidade, mudando-lhe a vida. O doente j\u00e1 tinha enfrentado ataques de p\u00e2nico e tinha passado 25 anos sem tratamento at\u00e9 receber a interven\u00e7\u00e3o. O artigo apresenta ainda casos de mulheres que enfrentam perfeccionismo extremo, dificuldades em dizer n\u00e3o e a aprendizagem de criar la\u00e7os com a beb\u00e9. H\u00e1 men\u00e7\u00e3o a uma doente bipolar internada durante a pandemia e a um casal que transformou traumas em uni\u00e3o. O objetivo das hist\u00f3rias \u00e9 mostrar como \u00e9 poss\u00edvel aprender a viver com a doen\u00e7a, mediante tratamento e apoio.\" \/>\n<meta property=\"og:url\" content=\"https:\/\/portaltela.pt\/noticias\/2026\/01\/10\/paciente-anteriormente-visto-como-caso-perdido-recupera-a-saude\/\" \/>\n<meta property=\"og:site_name\" content=\"Portal Tela Portugal\" \/>\n<meta property=\"article:published_time\" content=\"2026-01-10T15:07:00+00:00\" \/>\n<meta name=\"author\" content=\"Telinha\" \/>\n<meta name=\"twitter:card\" content=\"summary_large_image\" \/>\n<meta name=\"twitter:label1\" content=\"Escrito por\" \/>\n\t<meta name=\"twitter:data1\" content=\"Telinha\" \/>\n\t<meta name=\"twitter:label2\" content=\"Tempo estimado de leitura\" \/>\n\t<meta name=\"twitter:data2\" content=\"1 minuto\" \/>\n<script type=\"application\/ld+json\" class=\"yoast-schema-graph\">{\"@context\":\"https:\/\/schema.org\",\"@graph\":[{\"@type\":\"Article\",\"@id\":\"https:\/\/portaltela.pt\/noticias\/2026\/01\/10\/paciente-anteriormente-visto-como-caso-perdido-recupera-a-saude\/#article\",\"isPartOf\":{\"@id\":\"https:\/\/portaltela.pt\/noticias\/2026\/01\/10\/paciente-anteriormente-visto-como-caso-perdido-recupera-a-saude\/\"},\"author\":{\"name\":\"Telinha\",\"@id\":\"https:\/\/portaltela.pt\/#\/schema\/person\/c4278d4a6028830caff9ee44b42d32ed\"},\"headline\":\"Paciente anteriormente visto como caso perdido recupera a sa\u00fade\",\"datePublished\":\"2026-01-10T15:07:00+00:00\",\"mainEntityOfPage\":{\"@id\":\"https:\/\/portaltela.pt\/noticias\/2026\/01\/10\/paciente-anteriormente-visto-como-caso-perdido-recupera-a-saude\/\"},\"wordCount\":242,\"image\":{\"@id\":\"https:\/\/portaltela.pt\/noticias\/2026\/01\/10\/paciente-anteriormente-visto-como-caso-perdido-recupera-a-saude\/#primaryimage\"},\"thumbnailUrl\":\"https:\/\/portaltela.pt\/s.01k8rhncp4jt1\/2026\/01\/do-outro-lado-ep39-capa-horizontalsetembro-2.jpg\",\"keywords\":[\"depress\u00e3o\",\"dor cr\u00f3nica\",\"Psiquiatria\",\"sa\u00fade\",\"sa\u00fade mental\",\"tratamentos\"],\"inLanguage\":\"pt-PT\"},{\"@type\":\"WebPage\",\"@id\":\"https:\/\/portaltela.pt\/noticias\/2026\/01\/10\/paciente-anteriormente-visto-como-caso-perdido-recupera-a-saude\/\",\"url\":\"https:\/\/portaltela.pt\/noticias\/2026\/01\/10\/paciente-anteriormente-visto-como-caso-perdido-recupera-a-saude\/\",\"name\":\"Paciente anteriormente visto como caso perdido recupera a sa\u00fade - Portal Tela Portugal\",\"isPartOf\":{\"@id\":\"https:\/\/portaltela.pt\/#website\"},\"primaryImageOfPage\":{\"@id\":\"https:\/\/portaltela.pt\/noticias\/2026\/01\/10\/paciente-anteriormente-visto-como-caso-perdido-recupera-a-saude\/#primaryimage\"},\"image\":{\"@id\":\"https:\/\/portaltela.pt\/noticias\/2026\/01\/10\/paciente-anteriormente-visto-como-caso-perdido-recupera-a-saude\/#primaryimage\"},\"thumbnailUrl\":\"https:\/\/portaltela.pt\/s.01k8rhncp4jt1\/2026\/01\/do-outro-lado-ep39-capa-horizontalsetembro-2.jpg\",\"datePublished\":\"2026-01-10T15:07:00+00:00\",\"author\":{\"@id\":\"https:\/\/portaltela.pt\/#\/schema\/person\/c4278d4a6028830caff9ee44b42d32ed\"},\"breadcrumb\":{\"@id\":\"https:\/\/portaltela.pt\/noticias\/2026\/01\/10\/paciente-anteriormente-visto-como-caso-perdido-recupera-a-saude\/#breadcrumb\"},\"inLanguage\":\"pt-PT\",\"potentialAction\":[{\"@type\":\"ReadAction\",\"target\":[\"https:\/\/portaltela.pt\/noticias\/2026\/01\/10\/paciente-anteriormente-visto-como-caso-perdido-recupera-a-saude\/\"]}]},{\"@type\":\"ImageObject\",\"inLanguage\":\"pt-PT\",\"@id\":\"https:\/\/portaltela.pt\/noticias\/2026\/01\/10\/paciente-anteriormente-visto-como-caso-perdido-recupera-a-saude\/#primaryimage\",\"url\":\"https:\/\/portaltela.pt\/s.01k8rhncp4jt1\/2026\/01\/do-outro-lado-ep39-capa-horizontalsetembro-2.jpg\",\"contentUrl\":\"https:\/\/portaltela.pt\/s.01k8rhncp4jt1\/2026\/01\/do-outro-lado-ep39-capa-horizontalsetembro-2.jpg\",\"width\":796,\"height\":448,\"caption\":\"Photo\"},{\"@type\":\"BreadcrumbList\",\"@id\":\"https:\/\/portaltela.pt\/noticias\/2026\/01\/10\/paciente-anteriormente-visto-como-caso-perdido-recupera-a-saude\/#breadcrumb\",\"itemListElement\":[{\"@type\":\"ListItem\",\"position\":1,\"name\":\"In\u00edcio\",\"item\":\"https:\/\/portaltela.pt\/\"},{\"@type\":\"ListItem\",\"position\":2,\"name\":\"Paciente anteriormente visto como caso perdido recupera a sa\u00fade\"}]},{\"@type\":\"WebSite\",\"@id\":\"https:\/\/portaltela.pt\/#website\",\"url\":\"https:\/\/portaltela.pt\/\",\"name\":\"Portal Tela Portugal\",\"description\":\"\",\"potentialAction\":[{\"@type\":\"SearchAction\",\"target\":{\"@type\":\"EntryPoint\",\"urlTemplate\":\"https:\/\/portaltela.pt\/?s={search_term_string}\"},\"query-input\":{\"@type\":\"PropertyValueSpecification\",\"valueRequired\":true,\"valueName\":\"search_term_string\"}}],\"inLanguage\":\"pt-PT\"},{\"@type\":\"Person\",\"@id\":\"https:\/\/portaltela.pt\/#\/schema\/person\/c4278d4a6028830caff9ee44b42d32ed\",\"name\":\"Telinha\",\"image\":{\"@type\":\"ImageObject\",\"inLanguage\":\"pt-PT\",\"@id\":\"https:\/\/portaltela.pt\/s.01k8rhncp4jt1\/2025\/11\/talking-bot-125x125.png\",\"url\":\"https:\/\/portaltela.pt\/s.01k8rhncp4jt1\/2025\/11\/talking-bot-125x125.png\",\"contentUrl\":\"https:\/\/portaltela.pt\/s.01k8rhncp4jt1\/2025\/11\/talking-bot-125x125.png\",\"caption\":\"Telinha\"},\"sameAs\":[\"https:\/\/portaltela.pt\/\"],\"url\":\"https:\/\/portaltela.pt\/por\/367410592786\/\"}]}<\/script>\n<!-- \/ Yoast SEO plugin. -->","yoast_head_json":{"title":"Paciente anteriormente visto como caso perdido recupera a sa\u00fade - Portal Tela Portugal","robots":{"index":"index","follow":"follow","max-snippet":"max-snippet:-1","max-image-preview":"max-image-preview:large","max-video-preview":"max-video-preview:-1"},"og_locale":"pt_PT","og_type":"article","og_title":"Paciente anteriormente visto como caso perdido recupera a sa\u00fade - Portal Tela Portugal","og_description":"O psiquiatra Filipe Malheiro aplicou um tratamento inovador a um doente com depress\u00e3o grave, dor cr\u00f3nica e anos de disfuncionalidade, mudando-lhe a vida. O doente j\u00e1 tinha enfrentado ataques de p\u00e2nico e tinha passado 25 anos sem tratamento at\u00e9 receber a interven\u00e7\u00e3o. O artigo apresenta ainda casos de mulheres que enfrentam perfeccionismo extremo, dificuldades em dizer n\u00e3o e a aprendizagem de criar la\u00e7os com a beb\u00e9. H\u00e1 men\u00e7\u00e3o a uma doente bipolar internada durante a pandemia e a um casal que transformou traumas em uni\u00e3o. O objetivo das hist\u00f3rias \u00e9 mostrar como \u00e9 poss\u00edvel aprender a viver com a doen\u00e7a, mediante tratamento e apoio.","og_url":"https:\/\/portaltela.pt\/noticias\/2026\/01\/10\/paciente-anteriormente-visto-como-caso-perdido-recupera-a-saude\/","og_site_name":"Portal Tela Portugal","article_published_time":"2026-01-10T15:07:00+00:00","author":"Telinha","twitter_card":"summary_large_image","twitter_misc":{"Escrito por":"Telinha","Tempo estimado de leitura":"1 minuto"},"schema":{"@context":"https:\/\/schema.org","@graph":[{"@type":"Article","@id":"https:\/\/portaltela.pt\/noticias\/2026\/01\/10\/paciente-anteriormente-visto-como-caso-perdido-recupera-a-saude\/#article","isPartOf":{"@id":"https:\/\/portaltela.pt\/noticias\/2026\/01\/10\/paciente-anteriormente-visto-como-caso-perdido-recupera-a-saude\/"},"author":{"name":"Telinha","@id":"https:\/\/portaltela.pt\/#\/schema\/person\/c4278d4a6028830caff9ee44b42d32ed"},"headline":"Paciente anteriormente visto como caso perdido recupera a sa\u00fade","datePublished":"2026-01-10T15:07:00+00:00","mainEntityOfPage":{"@id":"https:\/\/portaltela.pt\/noticias\/2026\/01\/10\/paciente-anteriormente-visto-como-caso-perdido-recupera-a-saude\/"},"wordCount":242,"image":{"@id":"https:\/\/portaltela.pt\/noticias\/2026\/01\/10\/paciente-anteriormente-visto-como-caso-perdido-recupera-a-saude\/#primaryimage"},"thumbnailUrl":"https:\/\/portaltela.pt\/s.01k8rhncp4jt1\/2026\/01\/do-outro-lado-ep39-capa-horizontalsetembro-2.jpg","keywords":["depress\u00e3o","dor cr\u00f3nica","Psiquiatria","sa\u00fade","sa\u00fade mental","tratamentos"],"inLanguage":"pt-PT"},{"@type":"WebPage","@id":"https:\/\/portaltela.pt\/noticias\/2026\/01\/10\/paciente-anteriormente-visto-como-caso-perdido-recupera-a-saude\/","url":"https:\/\/portaltela.pt\/noticias\/2026\/01\/10\/paciente-anteriormente-visto-como-caso-perdido-recupera-a-saude\/","name":"Paciente anteriormente visto como caso perdido recupera a sa\u00fade - Portal Tela Portugal","isPartOf":{"@id":"https:\/\/portaltela.pt\/#website"},"primaryImageOfPage":{"@id":"https:\/\/portaltela.pt\/noticias\/2026\/01\/10\/paciente-anteriormente-visto-como-caso-perdido-recupera-a-saude\/#primaryimage"},"image":{"@id":"https:\/\/portaltela.pt\/noticias\/2026\/01\/10\/paciente-anteriormente-visto-como-caso-perdido-recupera-a-saude\/#primaryimage"},"thumbnailUrl":"https:\/\/portaltela.pt\/s.01k8rhncp4jt1\/2026\/01\/do-outro-lado-ep39-capa-horizontalsetembro-2.jpg","datePublished":"2026-01-10T15:07:00+00:00","author":{"@id":"https:\/\/portaltela.pt\/#\/schema\/person\/c4278d4a6028830caff9ee44b42d32ed"},"breadcrumb":{"@id":"https:\/\/portaltela.pt\/noticias\/2026\/01\/10\/paciente-anteriormente-visto-como-caso-perdido-recupera-a-saude\/#breadcrumb"},"inLanguage":"pt-PT","potentialAction":[{"@type":"ReadAction","target":["https:\/\/portaltela.pt\/noticias\/2026\/01\/10\/paciente-anteriormente-visto-como-caso-perdido-recupera-a-saude\/"]}]},{"@type":"ImageObject","inLanguage":"pt-PT","@id":"https:\/\/portaltela.pt\/noticias\/2026\/01\/10\/paciente-anteriormente-visto-como-caso-perdido-recupera-a-saude\/#primaryimage","url":"https:\/\/portaltela.pt\/s.01k8rhncp4jt1\/2026\/01\/do-outro-lado-ep39-capa-horizontalsetembro-2.jpg","contentUrl":"https:\/\/portaltela.pt\/s.01k8rhncp4jt1\/2026\/01\/do-outro-lado-ep39-capa-horizontalsetembro-2.jpg","width":796,"height":448,"caption":"Photo"},{"@type":"BreadcrumbList","@id":"https:\/\/portaltela.pt\/noticias\/2026\/01\/10\/paciente-anteriormente-visto-como-caso-perdido-recupera-a-saude\/#breadcrumb","itemListElement":[{"@type":"ListItem","position":1,"name":"In\u00edcio","item":"https:\/\/portaltela.pt\/"},{"@type":"ListItem","position":2,"name":"Paciente anteriormente visto como caso perdido recupera a sa\u00fade"}]},{"@type":"WebSite","@id":"https:\/\/portaltela.pt\/#website","url":"https:\/\/portaltela.pt\/","name":"Portal Tela Portugal","description":"","potentialAction":[{"@type":"SearchAction","target":{"@type":"EntryPoint","urlTemplate":"https:\/\/portaltela.pt\/?s={search_term_string}"},"query-input":{"@type":"PropertyValueSpecification","valueRequired":true,"valueName":"search_term_string"}}],"inLanguage":"pt-PT"},{"@type":"Person","@id":"https:\/\/portaltela.pt\/#\/schema\/person\/c4278d4a6028830caff9ee44b42d32ed","name":"Telinha","image":{"@type":"ImageObject","inLanguage":"pt-PT","@id":"https:\/\/portaltela.pt\/s.01k8rhncp4jt1\/2025\/11\/talking-bot-125x125.png","url":"https:\/\/portaltela.pt\/s.01k8rhncp4jt1\/2025\/11\/talking-bot-125x125.png","contentUrl":"https:\/\/portaltela.pt\/s.01k8rhncp4jt1\/2025\/11\/talking-bot-125x125.png","caption":"Telinha"},"sameAs":["https:\/\/portaltela.pt\/"],"url":"https:\/\/portaltela.pt\/por\/367410592786\/"}]}},"_links":{"self":[{"href":"https:\/\/portaltela.pt\/api\/wp\/v2\/posts\/130954","targetHints":{"allow":["GET"]}}],"collection":[{"href":"https:\/\/portaltela.pt\/api\/wp\/v2\/posts"}],"about":[{"href":"https:\/\/portaltela.pt\/api\/wp\/v2\/types\/post"}],"author":[{"embeddable":true,"href":"https:\/\/portaltela.pt\/api\/wp\/v2\/users\/2"}],"replies":[{"embeddable":true,"href":"https:\/\/portaltela.pt\/api\/wp\/v2\/comments?post=130954"}],"version-history":[{"count":0,"href":"https:\/\/portaltela.pt\/api\/wp\/v2\/posts\/130954\/revisions"}],"wp:featuredmedia":[{"embeddable":true,"href":"https:\/\/portaltela.pt\/api\/wp\/v2\/media\/130960"}],"wp:attachment":[{"href":"https:\/\/portaltela.pt\/api\/wp\/v2\/media?parent=130954"}],"wp:term":[{"taxonomy":"category","embeddable":true,"href":"https:\/\/portaltela.pt\/api\/wp\/v2\/categories?post=130954"},{"taxonomy":"post_tag","embeddable":true,"href":"https:\/\/portaltela.pt\/api\/wp\/v2\/tags?post=130954"}],"curies":[{"name":"wp","href":"https:\/\/api.w.org\/{rel}","templated":true}]}}