{"id":130912,"date":"2026-01-10T11:41:00","date_gmt":"2026-01-10T14:41:00","guid":{"rendered":"https:\/\/portaltela.pt\/noticias\/2026\/01\/10\/seis-ambulancias-de-emergencia-no-algarve-paradas-por-falta-de-recursos-humanos\/"},"modified":"2026-01-10T11:41:00","modified_gmt":"2026-01-10T14:41:00","slug":"seis-ambulancias-de-emergencia-no-algarve-paradas-por-falta-de-recursos-humanos","status":"publish","type":"post","link":"https:\/\/portaltela.pt\/noticias\/2026\/01\/10\/seis-ambulancias-de-emergencia-no-algarve-paradas-por-falta-de-recursos-humanos\/","title":{"rendered":"Seis ambul\u00e2ncias de emerg\u00eancia no Algarve paradas por falta de recursos humanos"},"content":{"rendered":"<p>O STEPH (Sindicato dos T\u00e9cnicos de Emerg\u00eancia Pr\u00e9-Hospitalar) informou este s\u00e1bado que as seis ambul\u00e2ncias de emerg\u00eancia m\u00e9dica do Algarve est\u00e3o paradas por falta de meios humanos, pelo menos at\u00e9 \u00e0s 16:00. O presidente do sindicato, Rui L\u00e1zaro, indicou que as viaturas ficam em Portim\u00e3o, Alcantarilha, Quarteira (duas), Faro e Olh\u00e3o.<\/p>\n<p>\u00c0s 13:00, apenas quatro ambul\u00e2ncias de Suporte Imediato de Vida (SIV) estavam operacionais, localizadas em Loul\u00e9, Lagoa, Tavira e Vila Real de Santo Ant\u00f3nio. O STEPH j\u00e1 tinha alertado para a necessidade de refor\u00e7ar as equipas para manter o servi\u00e7o.<\/p>\n<h3>Contexto operacional e hist\u00f3rico<\/h3>\n<p>L\u00e1zaro explicou que, no passado, para refor\u00e7ar as ambul\u00e2ncias sem meios humanos, t\u00e9cnicos de v\u00e1rias regi\u00f5es foram deslocados para Lisboa e Vale do Tejo, bem como para o Algarve. Dados do INEM, divulgados pelo P\u00fablico, mostram que entre janeiro e novembro do ano passado as VMER estiveram inoperacionais por 9.172 horas.<\/p>\n<p>As informa\u00e7\u00f5es indicam que a paragem de ve\u00edculos m\u00e9dicos \u00e9 uma tend\u00eancia historicamente associada \u00e0 falta de tripula\u00e7\u00e3o, apesar de o Servi\u00e7o de Emerg\u00eancia manter as equipas com m\u00e9dico e enfermeiro nas VMER. As ambul\u00e2ncias SIV s\u00e3o tripuladas por um enfermeiro e um t\u00e9cnico de emerg\u00eancia pr\u00e9-hospitalar.<\/p>\n<h3>Perspetivas e contexto recente<\/h3>\n<p>Na semana passada, a SIC reportou que seis VMER das regi\u00f5es de Lisboa\/Tejo e Alentejo estiveram inoperacionais na v\u00e9spera de Natal devido a falta de meios. Na sexta-feira, a Liga dos Bombeiros Portugueses anunciou uma \u201ctask-force\u201d com quatro ambul\u00e2ncias dos bombeiros da Ajuda, Cabo Ruivo, Camarate e Cascais para socorro pr\u00e9-hospitalar neste fim de semana, com viaturas sediadas no Lumiar.<\/p>\n","protected":false},"excerpt":{"rendered":"<ul>\n<li>As seis ambul\u00e2ncias de emerg\u00eancia m\u00e9dica do Algarve estavam paradas por falta de meios humanos at\u00e9 \u00e0s 16:00 de s\u00e1bado, localizadas em Portim\u00e3o, Alcantarilha, Quarteira (duas), Faro e Olh\u00e3o.<\/li>\n<li>\u00c0s 13:00, apenas quatro ambul\u00e2ncias de Suporte Imediato de Vida estavam operacionais, nas zonas de Loul\u00e9, Lagoa, Tavira e Vila Real de Santo Ant\u00f3nio.<\/li>\n<li>O presidente do STEPH, Rui L\u00e1zaro, disse que j\u00e1 foram deslocados t\u00e9cnicos de regi\u00f5es Norte e Centro para Lisboa, Vale do Tejo e Algarve para refor\u00e7ar os meios sem tripula\u00e7\u00e3o.<\/li>\n<li>Dados do INEM indicaram que, entre janeiro e novembro do ano anterior, as Viaturas M\u00e9dicas de Emerg\u00eancia e Reanima\u00e7\u00e3o estiveram inoperacionais por 9.172 horas, num padr\u00e3o de indisponibilidade hist\u00f3ricamente relacionado com a falta de tripula\u00e7\u00e3o.<\/li>\n<li>A Liga dos Bombeiros Portugueses anunciou uma task-force de quatro ambul\u00e2ncias dos bombeiros da Ajuda, Cabo Ruivo, Camarate e Cascais para este fim de semana, com viaturas sediadas no Lumiar.<\/li>\n<\/ul>\n","protected":false},"author":2,"featured_media":130913,"comment_status":"closed","ping_status":"closed","sticky":false,"template":"","format":"standard","meta":{"footnotes":""},"categories":[1],"tags":[928,960,1935,992,2081,1764],"class_list":["post-130912","post","type-post","status-publish","format-standard","has-post-thumbnail","hentry","category-noticias","tag-algarve","tag-emergencia-pre-hospitalar","tag-emergencias","tag-faro","tag-liga-dos-bombeiros-portugueses","tag-portimao"],"yoast_head":"<!-- This site is optimized with the Yoast SEO plugin v27.2 - https:\/\/yoast.com\/product\/yoast-seo-wordpress\/ -->\n<title>Seis ambul\u00e2ncias de emerg\u00eancia no Algarve paradas por falta de recursos humanos - Portal Tela Portugal<\/title>\n<meta name=\"robots\" content=\"index, follow, max-snippet:-1, max-image-preview:large, max-video-preview:-1\" \/>\n<meta property=\"og:locale\" content=\"pt_PT\" \/>\n<meta property=\"og:type\" content=\"article\" \/>\n<meta property=\"og:title\" content=\"Seis ambul\u00e2ncias de emerg\u00eancia no Algarve paradas por falta de recursos humanos - Portal Tela Portugal\" \/>\n<meta property=\"og:description\" content=\"As seis ambul\u00e2ncias de emerg\u00eancia m\u00e9dica do Algarve estavam paradas por falta de meios humanos at\u00e9 \u00e0s 16:00 de s\u00e1bado, localizadas em Portim\u00e3o, Alcantarilha, Quarteira (duas), Faro e Olh\u00e3o. \u00c0s 13:00, apenas quatro ambul\u00e2ncias de Suporte Imediato de Vida estavam operacionais, nas zonas de Loul\u00e9, Lagoa, Tavira e Vila Real de Santo Ant\u00f3nio. O presidente do STEPH, Rui L\u00e1zaro, disse que j\u00e1 foram deslocados t\u00e9cnicos de regi\u00f5es Norte e Centro para Lisboa, Vale do Tejo e Algarve para refor\u00e7ar os meios sem tripula\u00e7\u00e3o. Dados do INEM indicaram que, entre janeiro e novembro do ano anterior, as Viaturas M\u00e9dicas de Emerg\u00eancia e Reanima\u00e7\u00e3o estiveram inoperacionais por 9.172 horas, num padr\u00e3o de indisponibilidade hist\u00f3ricamente relacionado com a falta de tripula\u00e7\u00e3o. A Liga dos Bombeiros Portugueses anunciou uma task-force de quatro ambul\u00e2ncias dos bombeiros da Ajuda, Cabo Ruivo, Camarate e Cascais para este fim de semana, com viaturas sediadas no Lumiar.\" \/>\n<meta property=\"og:url\" content=\"https:\/\/portaltela.pt\/noticias\/2026\/01\/10\/seis-ambulancias-de-emergencia-no-algarve-paradas-por-falta-de-recursos-humanos\/\" \/>\n<meta property=\"og:site_name\" content=\"Portal Tela Portugal\" \/>\n<meta property=\"article:published_time\" content=\"2026-01-10T14:41:00+00:00\" \/>\n<meta name=\"author\" content=\"Telinha\" \/>\n<meta name=\"twitter:card\" content=\"summary_large_image\" \/>\n<meta name=\"twitter:label1\" content=\"Escrito por\" \/>\n\t<meta name=\"twitter:data1\" content=\"Telinha\" \/>\n\t<meta name=\"twitter:label2\" content=\"Tempo estimado de leitura\" \/>\n\t<meta name=\"twitter:data2\" content=\"1 minuto\" \/>\n<script type=\"application\/ld+json\" class=\"yoast-schema-graph\">{\"@context\":\"https:\/\/schema.org\",\"@graph\":[{\"@type\":\"Article\",\"@id\":\"https:\/\/portaltela.pt\/noticias\/2026\/01\/10\/seis-ambulancias-de-emergencia-no-algarve-paradas-por-falta-de-recursos-humanos\/#article\",\"isPartOf\":{\"@id\":\"https:\/\/portaltela.pt\/noticias\/2026\/01\/10\/seis-ambulancias-de-emergencia-no-algarve-paradas-por-falta-de-recursos-humanos\/\"},\"author\":{\"name\":\"Telinha\",\"@id\":\"https:\/\/portaltela.pt\/#\/schema\/person\/c4278d4a6028830caff9ee44b42d32ed\"},\"headline\":\"Seis ambul\u00e2ncias de emerg\u00eancia no Algarve paradas por falta de recursos humanos\",\"datePublished\":\"2026-01-10T14:41:00+00:00\",\"mainEntityOfPage\":{\"@id\":\"https:\/\/portaltela.pt\/noticias\/2026\/01\/10\/seis-ambulancias-de-emergencia-no-algarve-paradas-por-falta-de-recursos-humanos\/\"},\"wordCount\":307,\"image\":{\"@id\":\"https:\/\/portaltela.pt\/noticias\/2026\/01\/10\/seis-ambulancias-de-emergencia-no-algarve-paradas-por-falta-de-recursos-humanos\/#primaryimage\"},\"thumbnailUrl\":\"https:\/\/portaltela.pt\/s.01k8rhncp4jt1\/2026\/01\/img_1500x1000uu2025-04-18-19-13-39-2203905.jpg\",\"keywords\":[\"Algarve\",\"emerg\u00eancia pr\u00e9-hospitalar\",\"emerg\u00eancias\",\"Faro\",\"Liga dos Bombeiros Portugueses\",\"Portim\u00e3o\"],\"articleSection\":[\"Not\u00edcias\"],\"inLanguage\":\"pt-PT\"},{\"@type\":\"WebPage\",\"@id\":\"https:\/\/portaltela.pt\/noticias\/2026\/01\/10\/seis-ambulancias-de-emergencia-no-algarve-paradas-por-falta-de-recursos-humanos\/\",\"url\":\"https:\/\/portaltela.pt\/noticias\/2026\/01\/10\/seis-ambulancias-de-emergencia-no-algarve-paradas-por-falta-de-recursos-humanos\/\",\"name\":\"Seis ambul\u00e2ncias de emerg\u00eancia no Algarve paradas por falta de recursos humanos - Portal Tela Portugal\",\"isPartOf\":{\"@id\":\"https:\/\/portaltela.pt\/#website\"},\"primaryImageOfPage\":{\"@id\":\"https:\/\/portaltela.pt\/noticias\/2026\/01\/10\/seis-ambulancias-de-emergencia-no-algarve-paradas-por-falta-de-recursos-humanos\/#primaryimage\"},\"image\":{\"@id\":\"https:\/\/portaltela.pt\/noticias\/2026\/01\/10\/seis-ambulancias-de-emergencia-no-algarve-paradas-por-falta-de-recursos-humanos\/#primaryimage\"},\"thumbnailUrl\":\"https:\/\/portaltela.pt\/s.01k8rhncp4jt1\/2026\/01\/img_1500x1000uu2025-04-18-19-13-39-2203905.jpg\",\"datePublished\":\"2026-01-10T14:41:00+00:00\",\"author\":{\"@id\":\"https:\/\/portaltela.pt\/#\/schema\/person\/c4278d4a6028830caff9ee44b42d32ed\"},\"breadcrumb\":{\"@id\":\"https:\/\/portaltela.pt\/noticias\/2026\/01\/10\/seis-ambulancias-de-emergencia-no-algarve-paradas-por-falta-de-recursos-humanos\/#breadcrumb\"},\"inLanguage\":\"pt-PT\",\"potentialAction\":[{\"@type\":\"ReadAction\",\"target\":[\"https:\/\/portaltela.pt\/noticias\/2026\/01\/10\/seis-ambulancias-de-emergencia-no-algarve-paradas-por-falta-de-recursos-humanos\/\"]}]},{\"@type\":\"ImageObject\",\"inLanguage\":\"pt-PT\",\"@id\":\"https:\/\/portaltela.pt\/noticias\/2026\/01\/10\/seis-ambulancias-de-emergencia-no-algarve-paradas-por-falta-de-recursos-humanos\/#primaryimage\",\"url\":\"https:\/\/portaltela.pt\/s.01k8rhncp4jt1\/2026\/01\/img_1500x1000uu2025-04-18-19-13-39-2203905.jpg\",\"contentUrl\":\"https:\/\/portaltela.pt\/s.01k8rhncp4jt1\/2026\/01\/img_1500x1000uu2025-04-18-19-13-39-2203905.jpg\",\"width\":796,\"height\":448,\"caption\":\"Todas as seis ambul\u00e2ncias de emerg\u00eancia m\u00e9dica do Algarve paradas por falta de meios\"},{\"@type\":\"BreadcrumbList\",\"@id\":\"https:\/\/portaltela.pt\/noticias\/2026\/01\/10\/seis-ambulancias-de-emergencia-no-algarve-paradas-por-falta-de-recursos-humanos\/#breadcrumb\",\"itemListElement\":[{\"@type\":\"ListItem\",\"position\":1,\"name\":\"In\u00edcio\",\"item\":\"https:\/\/portaltela.pt\/\"},{\"@type\":\"ListItem\",\"position\":2,\"name\":\"Seis ambul\u00e2ncias de emerg\u00eancia no Algarve paradas por falta de recursos humanos\"}]},{\"@type\":\"WebSite\",\"@id\":\"https:\/\/portaltela.pt\/#website\",\"url\":\"https:\/\/portaltela.pt\/\",\"name\":\"Portal Tela Portugal\",\"description\":\"\",\"potentialAction\":[{\"@type\":\"SearchAction\",\"target\":{\"@type\":\"EntryPoint\",\"urlTemplate\":\"https:\/\/portaltela.pt\/?s={search_term_string}\"},\"query-input\":{\"@type\":\"PropertyValueSpecification\",\"valueRequired\":true,\"valueName\":\"search_term_string\"}}],\"inLanguage\":\"pt-PT\"},{\"@type\":\"Person\",\"@id\":\"https:\/\/portaltela.pt\/#\/schema\/person\/c4278d4a6028830caff9ee44b42d32ed\",\"name\":\"Telinha\",\"image\":{\"@type\":\"ImageObject\",\"inLanguage\":\"pt-PT\",\"@id\":\"https:\/\/portaltela.pt\/s.01k8rhncp4jt1\/2025\/11\/talking-bot-125x125.png\",\"url\":\"https:\/\/portaltela.pt\/s.01k8rhncp4jt1\/2025\/11\/talking-bot-125x125.png\",\"contentUrl\":\"https:\/\/portaltela.pt\/s.01k8rhncp4jt1\/2025\/11\/talking-bot-125x125.png\",\"caption\":\"Telinha\"},\"sameAs\":[\"https:\/\/portaltela.pt\/\"],\"url\":\"https:\/\/portaltela.pt\/por\/367410592786\/\"}]}<\/script>\n<!-- \/ Yoast SEO plugin. -->","yoast_head_json":{"title":"Seis ambul\u00e2ncias de emerg\u00eancia no Algarve paradas por falta de recursos humanos - Portal Tela Portugal","robots":{"index":"index","follow":"follow","max-snippet":"max-snippet:-1","max-image-preview":"max-image-preview:large","max-video-preview":"max-video-preview:-1"},"og_locale":"pt_PT","og_type":"article","og_title":"Seis ambul\u00e2ncias de emerg\u00eancia no Algarve paradas por falta de recursos humanos - Portal Tela Portugal","og_description":"As seis ambul\u00e2ncias de emerg\u00eancia m\u00e9dica do Algarve estavam paradas por falta de meios humanos at\u00e9 \u00e0s 16:00 de s\u00e1bado, localizadas em Portim\u00e3o, Alcantarilha, Quarteira (duas), Faro e Olh\u00e3o. \u00c0s 13:00, apenas quatro ambul\u00e2ncias de Suporte Imediato de Vida estavam operacionais, nas zonas de Loul\u00e9, Lagoa, Tavira e Vila Real de Santo Ant\u00f3nio. O presidente do STEPH, Rui L\u00e1zaro, disse que j\u00e1 foram deslocados t\u00e9cnicos de regi\u00f5es Norte e Centro para Lisboa, Vale do Tejo e Algarve para refor\u00e7ar os meios sem tripula\u00e7\u00e3o. Dados do INEM indicaram que, entre janeiro e novembro do ano anterior, as Viaturas M\u00e9dicas de Emerg\u00eancia e Reanima\u00e7\u00e3o estiveram inoperacionais por 9.172 horas, num padr\u00e3o de indisponibilidade hist\u00f3ricamente relacionado com a falta de tripula\u00e7\u00e3o. A Liga dos Bombeiros Portugueses anunciou uma task-force de quatro ambul\u00e2ncias dos bombeiros da Ajuda, Cabo Ruivo, Camarate e Cascais para este fim de semana, com viaturas sediadas no Lumiar.","og_url":"https:\/\/portaltela.pt\/noticias\/2026\/01\/10\/seis-ambulancias-de-emergencia-no-algarve-paradas-por-falta-de-recursos-humanos\/","og_site_name":"Portal Tela Portugal","article_published_time":"2026-01-10T14:41:00+00:00","author":"Telinha","twitter_card":"summary_large_image","twitter_misc":{"Escrito por":"Telinha","Tempo estimado de leitura":"1 minuto"},"schema":{"@context":"https:\/\/schema.org","@graph":[{"@type":"Article","@id":"https:\/\/portaltela.pt\/noticias\/2026\/01\/10\/seis-ambulancias-de-emergencia-no-algarve-paradas-por-falta-de-recursos-humanos\/#article","isPartOf":{"@id":"https:\/\/portaltela.pt\/noticias\/2026\/01\/10\/seis-ambulancias-de-emergencia-no-algarve-paradas-por-falta-de-recursos-humanos\/"},"author":{"name":"Telinha","@id":"https:\/\/portaltela.pt\/#\/schema\/person\/c4278d4a6028830caff9ee44b42d32ed"},"headline":"Seis ambul\u00e2ncias de emerg\u00eancia no Algarve paradas por falta de recursos humanos","datePublished":"2026-01-10T14:41:00+00:00","mainEntityOfPage":{"@id":"https:\/\/portaltela.pt\/noticias\/2026\/01\/10\/seis-ambulancias-de-emergencia-no-algarve-paradas-por-falta-de-recursos-humanos\/"},"wordCount":307,"image":{"@id":"https:\/\/portaltela.pt\/noticias\/2026\/01\/10\/seis-ambulancias-de-emergencia-no-algarve-paradas-por-falta-de-recursos-humanos\/#primaryimage"},"thumbnailUrl":"https:\/\/portaltela.pt\/s.01k8rhncp4jt1\/2026\/01\/img_1500x1000uu2025-04-18-19-13-39-2203905.jpg","keywords":["Algarve","emerg\u00eancia pr\u00e9-hospitalar","emerg\u00eancias","Faro","Liga dos Bombeiros Portugueses","Portim\u00e3o"],"articleSection":["Not\u00edcias"],"inLanguage":"pt-PT"},{"@type":"WebPage","@id":"https:\/\/portaltela.pt\/noticias\/2026\/01\/10\/seis-ambulancias-de-emergencia-no-algarve-paradas-por-falta-de-recursos-humanos\/","url":"https:\/\/portaltela.pt\/noticias\/2026\/01\/10\/seis-ambulancias-de-emergencia-no-algarve-paradas-por-falta-de-recursos-humanos\/","name":"Seis ambul\u00e2ncias de emerg\u00eancia no Algarve paradas por falta de recursos humanos - Portal Tela Portugal","isPartOf":{"@id":"https:\/\/portaltela.pt\/#website"},"primaryImageOfPage":{"@id":"https:\/\/portaltela.pt\/noticias\/2026\/01\/10\/seis-ambulancias-de-emergencia-no-algarve-paradas-por-falta-de-recursos-humanos\/#primaryimage"},"image":{"@id":"https:\/\/portaltela.pt\/noticias\/2026\/01\/10\/seis-ambulancias-de-emergencia-no-algarve-paradas-por-falta-de-recursos-humanos\/#primaryimage"},"thumbnailUrl":"https:\/\/portaltela.pt\/s.01k8rhncp4jt1\/2026\/01\/img_1500x1000uu2025-04-18-19-13-39-2203905.jpg","datePublished":"2026-01-10T14:41:00+00:00","author":{"@id":"https:\/\/portaltela.pt\/#\/schema\/person\/c4278d4a6028830caff9ee44b42d32ed"},"breadcrumb":{"@id":"https:\/\/portaltela.pt\/noticias\/2026\/01\/10\/seis-ambulancias-de-emergencia-no-algarve-paradas-por-falta-de-recursos-humanos\/#breadcrumb"},"inLanguage":"pt-PT","potentialAction":[{"@type":"ReadAction","target":["https:\/\/portaltela.pt\/noticias\/2026\/01\/10\/seis-ambulancias-de-emergencia-no-algarve-paradas-por-falta-de-recursos-humanos\/"]}]},{"@type":"ImageObject","inLanguage":"pt-PT","@id":"https:\/\/portaltela.pt\/noticias\/2026\/01\/10\/seis-ambulancias-de-emergencia-no-algarve-paradas-por-falta-de-recursos-humanos\/#primaryimage","url":"https:\/\/portaltela.pt\/s.01k8rhncp4jt1\/2026\/01\/img_1500x1000uu2025-04-18-19-13-39-2203905.jpg","contentUrl":"https:\/\/portaltela.pt\/s.01k8rhncp4jt1\/2026\/01\/img_1500x1000uu2025-04-18-19-13-39-2203905.jpg","width":796,"height":448,"caption":"Todas as seis ambul\u00e2ncias de emerg\u00eancia m\u00e9dica do Algarve paradas por falta de meios"},{"@type":"BreadcrumbList","@id":"https:\/\/portaltela.pt\/noticias\/2026\/01\/10\/seis-ambulancias-de-emergencia-no-algarve-paradas-por-falta-de-recursos-humanos\/#breadcrumb","itemListElement":[{"@type":"ListItem","position":1,"name":"In\u00edcio","item":"https:\/\/portaltela.pt\/"},{"@type":"ListItem","position":2,"name":"Seis ambul\u00e2ncias de emerg\u00eancia no Algarve paradas por falta de recursos humanos"}]},{"@type":"WebSite","@id":"https:\/\/portaltela.pt\/#website","url":"https:\/\/portaltela.pt\/","name":"Portal Tela Portugal","description":"","potentialAction":[{"@type":"SearchAction","target":{"@type":"EntryPoint","urlTemplate":"https:\/\/portaltela.pt\/?s={search_term_string}"},"query-input":{"@type":"PropertyValueSpecification","valueRequired":true,"valueName":"search_term_string"}}],"inLanguage":"pt-PT"},{"@type":"Person","@id":"https:\/\/portaltela.pt\/#\/schema\/person\/c4278d4a6028830caff9ee44b42d32ed","name":"Telinha","image":{"@type":"ImageObject","inLanguage":"pt-PT","@id":"https:\/\/portaltela.pt\/s.01k8rhncp4jt1\/2025\/11\/talking-bot-125x125.png","url":"https:\/\/portaltela.pt\/s.01k8rhncp4jt1\/2025\/11\/talking-bot-125x125.png","contentUrl":"https:\/\/portaltela.pt\/s.01k8rhncp4jt1\/2025\/11\/talking-bot-125x125.png","caption":"Telinha"},"sameAs":["https:\/\/portaltela.pt\/"],"url":"https:\/\/portaltela.pt\/por\/367410592786\/"}]}},"_links":{"self":[{"href":"https:\/\/portaltela.pt\/api\/wp\/v2\/posts\/130912","targetHints":{"allow":["GET"]}}],"collection":[{"href":"https:\/\/portaltela.pt\/api\/wp\/v2\/posts"}],"about":[{"href":"https:\/\/portaltela.pt\/api\/wp\/v2\/types\/post"}],"author":[{"embeddable":true,"href":"https:\/\/portaltela.pt\/api\/wp\/v2\/users\/2"}],"replies":[{"embeddable":true,"href":"https:\/\/portaltela.pt\/api\/wp\/v2\/comments?post=130912"}],"version-history":[{"count":0,"href":"https:\/\/portaltela.pt\/api\/wp\/v2\/posts\/130912\/revisions"}],"wp:featuredmedia":[{"embeddable":true,"href":"https:\/\/portaltela.pt\/api\/wp\/v2\/media\/130913"}],"wp:attachment":[{"href":"https:\/\/portaltela.pt\/api\/wp\/v2\/media?parent=130912"}],"wp:term":[{"taxonomy":"category","embeddable":true,"href":"https:\/\/portaltela.pt\/api\/wp\/v2\/categories?post=130912"},{"taxonomy":"post_tag","embeddable":true,"href":"https:\/\/portaltela.pt\/api\/wp\/v2\/tags?post=130912"}],"curies":[{"name":"wp","href":"https:\/\/api.w.org\/{rel}","templated":true}]}}