{"id":130885,"date":"2026-01-10T11:16:00","date_gmt":"2026-01-10T14:16:00","guid":{"rendered":"https:\/\/portaltela.pt\/noticias\/2026\/01\/10\/pescadores-vasco-da-gama-e-sesimbra-unem-se-a-santiago-neste-domingo-as-15h\/"},"modified":"2026-01-10T11:16:00","modified_gmt":"2026-01-10T14:16:00","slug":"pescadores-vasco-da-gama-e-sesimbra-unem-se-a-santiago-neste-domingo-as-15h","status":"publish","type":"post","link":"https:\/\/portaltela.pt\/desporto\/futebol\/2026\/01\/10\/pescadores-vasco-da-gama-e-sesimbra-unem-se-a-santiago-neste-domingo-as-15h\/","title":{"rendered":"Pescadores Vasco da Gama e Sesimbra unem-se a Santiago neste domingo \u00e0s 15h"},"content":{"rendered":"<p>O Vasco da Gama joga na Costa da Caparica e o Uni\u00e3o de Santiago do Cac\u00e9m joga em Sesimbra, na 14.\u00aa jornada do Campeonato Distrital de Set\u00fabal da 1.\u00aa divis\u00e3o, neste domingo \u00e0s 15h.<\/p>\n<p>A ronda inclui Cova da Piedade frente a Almada, Moitense diante de Alfarim, Sesimbra contra Uni\u00e3o de Santiago, Palmelense frente a Grandolense, Vit\u00f3ria de Set\u00fabal frente a Charneca da Caparica, Pescadores frente ao Vasco da Gama de Sines, Barreirense frente ao Ol\u00edmpico do Montijo e Amora FC B diante do Fabril do Barreiro.<\/p>\n","protected":false},"excerpt":{"rendered":"<ul>\n<li>A 14.\u00aa jornada do Campeonato Distrital de Set\u00fabal da 1.\u00aa divis\u00e3o realiza\u2011se neste domingo, \u00e0s 15h.<\/li>\n<li>Pescadores da Costa da Caparica recebe o Vasco da Gama de Sines no marco da ronda.<\/li>\n<li>Sesimbra recebe o Uni\u00e3o de Santiago do Cac\u00e9m.<\/li>\n<li>Outras partidas da jornada: Cova da Piedade \u2013 Almada e Moitense \u2013 Alfarim.<\/li>\n<li>Complementos dos encontros: Palmelense \u2013 Grandolense, Vit\u00f3ria de Set\u00fabal \u2013 Charneca da Caparica, Barreirense \u2013 Ol\u00edmpico do Montijo e Amora FC B \u2013 Fabril do Barreiro.<\/li>\n<\/ul>\n","protected":false},"author":2,"featured_media":130888,"comment_status":"closed","ping_status":"closed","sticky":false,"template":"","format":"standard","meta":{"footnotes":""},"categories":[21,24],"tags":[32,1341,2804,1065,994,1737],"class_list":["post-130885","post","type-post","status-publish","format-standard","has-post-thumbnail","hentry","category-desporto","category-futebol","tag-futebol","tag-grandolense","tag-pescadores","tag-sesimbra","tag-setubal","tag-vitoria-de-setubal"],"yoast_head":"<!-- This site is optimized with the Yoast SEO plugin v27.2 - https:\/\/yoast.com\/product\/yoast-seo-wordpress\/ -->\n<title>Pescadores Vasco da Gama e Sesimbra unem-se a Santiago neste domingo \u00e0s 15h - Portal Tela Portugal<\/title>\n<meta name=\"robots\" content=\"index, follow, max-snippet:-1, max-image-preview:large, max-video-preview:-1\" \/>\n<meta property=\"og:locale\" content=\"pt_PT\" \/>\n<meta property=\"og:type\" content=\"article\" \/>\n<meta property=\"og:title\" content=\"Pescadores Vasco da Gama e Sesimbra unem-se a Santiago neste domingo \u00e0s 15h - Portal Tela Portugal\" \/>\n<meta property=\"og:description\" content=\"A 14.\u00aa jornada do Campeonato Distrital de Set\u00fabal da 1.\u00aa divis\u00e3o realiza\u2011se neste domingo, \u00e0s 15h. Pescadores da Costa da Caparica recebe o Vasco da Gama de Sines no marco da ronda. Sesimbra recebe o Uni\u00e3o de Santiago do Cac\u00e9m. Outras partidas da jornada: Cova da Piedade \u2013 Almada e Moitense \u2013 Alfarim. Complementos dos encontros: Palmelense \u2013 Grandolense, Vit\u00f3ria de Set\u00fabal \u2013 Charneca da Caparica, Barreirense \u2013 Ol\u00edmpico do Montijo e Amora FC B \u2013 Fabril do Barreiro.\" \/>\n<meta property=\"og:url\" content=\"https:\/\/portaltela.pt\/noticias\/2026\/01\/10\/pescadores-vasco-da-gama-e-sesimbra-unem-se-a-santiago-neste-domingo-as-15h\/\" \/>\n<meta property=\"og:site_name\" content=\"Portal Tela Portugal\" \/>\n<meta property=\"article:published_time\" content=\"2026-01-10T14:16:00+00:00\" \/>\n<meta name=\"author\" content=\"Telinha\" \/>\n<meta name=\"twitter:card\" content=\"summary_large_image\" \/>\n<meta name=\"twitter:label1\" content=\"Escrito por\" \/>\n\t<meta name=\"twitter:data1\" content=\"Telinha\" \/>\n<script type=\"application\/ld+json\" class=\"yoast-schema-graph\">{\"@context\":\"https:\/\/schema.org\",\"@graph\":[{\"@type\":\"Article\",\"@id\":\"https:\/\/portaltela.pt\/noticias\/2026\/01\/10\/pescadores-vasco-da-gama-e-sesimbra-unem-se-a-santiago-neste-domingo-as-15h\/#article\",\"isPartOf\":{\"@id\":\"https:\/\/portaltela.pt\/noticias\/2026\/01\/10\/pescadores-vasco-da-gama-e-sesimbra-unem-se-a-santiago-neste-domingo-as-15h\/\"},\"author\":{\"name\":\"Telinha\",\"@id\":\"https:\/\/portaltela.pt\/#\/schema\/person\/c4278d4a6028830caff9ee44b42d32ed\"},\"headline\":\"Pescadores Vasco da Gama e Sesimbra unem-se a Santiago neste domingo \u00e0s 15h\",\"datePublished\":\"2026-01-10T14:16:00+00:00\",\"mainEntityOfPage\":{\"@id\":\"https:\/\/portaltela.pt\/noticias\/2026\/01\/10\/pescadores-vasco-da-gama-e-sesimbra-unem-se-a-santiago-neste-domingo-as-15h\/\"},\"wordCount\":106,\"image\":{\"@id\":\"https:\/\/portaltela.pt\/noticias\/2026\/01\/10\/pescadores-vasco-da-gama-e-sesimbra-unem-se-a-santiago-neste-domingo-as-15h\/#primaryimage\"},\"thumbnailUrl\":\"https:\/\/portaltela.pt\/s.01k8rhncp4jt1\/2026\/01\/unnamed-file-2057.jpg\",\"keywords\":[\"futebol\",\"Grandolense\",\"Pescadores\",\"Sesimbra\",\"Set\u00fabal\",\"Vit\u00f3ria de Set\u00fabal\"],\"articleSection\":[\"Desporto\",\"Futebol\"],\"inLanguage\":\"pt-PT\"},{\"@type\":\"WebPage\",\"@id\":\"https:\/\/portaltela.pt\/noticias\/2026\/01\/10\/pescadores-vasco-da-gama-e-sesimbra-unem-se-a-santiago-neste-domingo-as-15h\/\",\"url\":\"https:\/\/portaltela.pt\/noticias\/2026\/01\/10\/pescadores-vasco-da-gama-e-sesimbra-unem-se-a-santiago-neste-domingo-as-15h\/\",\"name\":\"Pescadores Vasco da Gama e Sesimbra unem-se a Santiago neste domingo \u00e0s 15h - Portal Tela Portugal\",\"isPartOf\":{\"@id\":\"https:\/\/portaltela.pt\/#website\"},\"primaryImageOfPage\":{\"@id\":\"https:\/\/portaltela.pt\/noticias\/2026\/01\/10\/pescadores-vasco-da-gama-e-sesimbra-unem-se-a-santiago-neste-domingo-as-15h\/#primaryimage\"},\"image\":{\"@id\":\"https:\/\/portaltela.pt\/noticias\/2026\/01\/10\/pescadores-vasco-da-gama-e-sesimbra-unem-se-a-santiago-neste-domingo-as-15h\/#primaryimage\"},\"thumbnailUrl\":\"https:\/\/portaltela.pt\/s.01k8rhncp4jt1\/2026\/01\/unnamed-file-2057.jpg\",\"datePublished\":\"2026-01-10T14:16:00+00:00\",\"author\":{\"@id\":\"https:\/\/portaltela.pt\/#\/schema\/person\/c4278d4a6028830caff9ee44b42d32ed\"},\"breadcrumb\":{\"@id\":\"https:\/\/portaltela.pt\/noticias\/2026\/01\/10\/pescadores-vasco-da-gama-e-sesimbra-unem-se-a-santiago-neste-domingo-as-15h\/#breadcrumb\"},\"inLanguage\":\"pt-PT\",\"potentialAction\":[{\"@type\":\"ReadAction\",\"target\":[\"https:\/\/portaltela.pt\/noticias\/2026\/01\/10\/pescadores-vasco-da-gama-e-sesimbra-unem-se-a-santiago-neste-domingo-as-15h\/\"]}]},{\"@type\":\"ImageObject\",\"inLanguage\":\"pt-PT\",\"@id\":\"https:\/\/portaltela.pt\/noticias\/2026\/01\/10\/pescadores-vasco-da-gama-e-sesimbra-unem-se-a-santiago-neste-domingo-as-15h\/#primaryimage\",\"url\":\"https:\/\/portaltela.pt\/s.01k8rhncp4jt1\/2026\/01\/unnamed-file-2057.jpg\",\"contentUrl\":\"https:\/\/portaltela.pt\/s.01k8rhncp4jt1\/2026\/01\/unnamed-file-2057.jpg\",\"width\":796,\"height\":448,\"caption\":\"Vasco da Gama joga em Gr\u00e2ndola e o Uni\u00e3o de Santiago recebe o Palmelense neste domingo \u00e0s 15 horas\"},{\"@type\":\"BreadcrumbList\",\"@id\":\"https:\/\/portaltela.pt\/noticias\/2026\/01\/10\/pescadores-vasco-da-gama-e-sesimbra-unem-se-a-santiago-neste-domingo-as-15h\/#breadcrumb\",\"itemListElement\":[{\"@type\":\"ListItem\",\"position\":1,\"name\":\"In\u00edcio\",\"item\":\"https:\/\/portaltela.pt\/\"},{\"@type\":\"ListItem\",\"position\":2,\"name\":\"Pescadores Vasco da Gama e Sesimbra unem-se a Santiago neste domingo \u00e0s 15h\"}]},{\"@type\":\"WebSite\",\"@id\":\"https:\/\/portaltela.pt\/#website\",\"url\":\"https:\/\/portaltela.pt\/\",\"name\":\"Portal Tela Portugal\",\"description\":\"\",\"potentialAction\":[{\"@type\":\"SearchAction\",\"target\":{\"@type\":\"EntryPoint\",\"urlTemplate\":\"https:\/\/portaltela.pt\/?s={search_term_string}\"},\"query-input\":{\"@type\":\"PropertyValueSpecification\",\"valueRequired\":true,\"valueName\":\"search_term_string\"}}],\"inLanguage\":\"pt-PT\"},{\"@type\":\"Person\",\"@id\":\"https:\/\/portaltela.pt\/#\/schema\/person\/c4278d4a6028830caff9ee44b42d32ed\",\"name\":\"Telinha\",\"image\":{\"@type\":\"ImageObject\",\"inLanguage\":\"pt-PT\",\"@id\":\"https:\/\/portaltela.pt\/s.01k8rhncp4jt1\/2025\/11\/talking-bot-125x125.png\",\"url\":\"https:\/\/portaltela.pt\/s.01k8rhncp4jt1\/2025\/11\/talking-bot-125x125.png\",\"contentUrl\":\"https:\/\/portaltela.pt\/s.01k8rhncp4jt1\/2025\/11\/talking-bot-125x125.png\",\"caption\":\"Telinha\"},\"sameAs\":[\"https:\/\/portaltela.pt\/\"],\"url\":\"https:\/\/portaltela.pt\/por\/367410592786\/\"}]}<\/script>\n<!-- \/ Yoast SEO plugin. -->","yoast_head_json":{"title":"Pescadores Vasco da Gama e Sesimbra unem-se a Santiago neste domingo \u00e0s 15h - Portal Tela Portugal","robots":{"index":"index","follow":"follow","max-snippet":"max-snippet:-1","max-image-preview":"max-image-preview:large","max-video-preview":"max-video-preview:-1"},"og_locale":"pt_PT","og_type":"article","og_title":"Pescadores Vasco da Gama e Sesimbra unem-se a Santiago neste domingo \u00e0s 15h - Portal Tela Portugal","og_description":"A 14.\u00aa jornada do Campeonato Distrital de Set\u00fabal da 1.\u00aa divis\u00e3o realiza\u2011se neste domingo, \u00e0s 15h. Pescadores da Costa da Caparica recebe o Vasco da Gama de Sines no marco da ronda. Sesimbra recebe o Uni\u00e3o de Santiago do Cac\u00e9m. Outras partidas da jornada: Cova da Piedade \u2013 Almada e Moitense \u2013 Alfarim. Complementos dos encontros: Palmelense \u2013 Grandolense, Vit\u00f3ria de Set\u00fabal \u2013 Charneca da Caparica, Barreirense \u2013 Ol\u00edmpico do Montijo e Amora FC B \u2013 Fabril do Barreiro.","og_url":"https:\/\/portaltela.pt\/noticias\/2026\/01\/10\/pescadores-vasco-da-gama-e-sesimbra-unem-se-a-santiago-neste-domingo-as-15h\/","og_site_name":"Portal Tela Portugal","article_published_time":"2026-01-10T14:16:00+00:00","author":"Telinha","twitter_card":"summary_large_image","twitter_misc":{"Escrito por":"Telinha"},"schema":{"@context":"https:\/\/schema.org","@graph":[{"@type":"Article","@id":"https:\/\/portaltela.pt\/noticias\/2026\/01\/10\/pescadores-vasco-da-gama-e-sesimbra-unem-se-a-santiago-neste-domingo-as-15h\/#article","isPartOf":{"@id":"https:\/\/portaltela.pt\/noticias\/2026\/01\/10\/pescadores-vasco-da-gama-e-sesimbra-unem-se-a-santiago-neste-domingo-as-15h\/"},"author":{"name":"Telinha","@id":"https:\/\/portaltela.pt\/#\/schema\/person\/c4278d4a6028830caff9ee44b42d32ed"},"headline":"Pescadores Vasco da Gama e Sesimbra unem-se a Santiago neste domingo \u00e0s 15h","datePublished":"2026-01-10T14:16:00+00:00","mainEntityOfPage":{"@id":"https:\/\/portaltela.pt\/noticias\/2026\/01\/10\/pescadores-vasco-da-gama-e-sesimbra-unem-se-a-santiago-neste-domingo-as-15h\/"},"wordCount":106,"image":{"@id":"https:\/\/portaltela.pt\/noticias\/2026\/01\/10\/pescadores-vasco-da-gama-e-sesimbra-unem-se-a-santiago-neste-domingo-as-15h\/#primaryimage"},"thumbnailUrl":"https:\/\/portaltela.pt\/s.01k8rhncp4jt1\/2026\/01\/unnamed-file-2057.jpg","keywords":["futebol","Grandolense","Pescadores","Sesimbra","Set\u00fabal","Vit\u00f3ria de Set\u00fabal"],"articleSection":["Desporto","Futebol"],"inLanguage":"pt-PT"},{"@type":"WebPage","@id":"https:\/\/portaltela.pt\/noticias\/2026\/01\/10\/pescadores-vasco-da-gama-e-sesimbra-unem-se-a-santiago-neste-domingo-as-15h\/","url":"https:\/\/portaltela.pt\/noticias\/2026\/01\/10\/pescadores-vasco-da-gama-e-sesimbra-unem-se-a-santiago-neste-domingo-as-15h\/","name":"Pescadores Vasco da Gama e Sesimbra unem-se a Santiago neste domingo \u00e0s 15h - Portal Tela Portugal","isPartOf":{"@id":"https:\/\/portaltela.pt\/#website"},"primaryImageOfPage":{"@id":"https:\/\/portaltela.pt\/noticias\/2026\/01\/10\/pescadores-vasco-da-gama-e-sesimbra-unem-se-a-santiago-neste-domingo-as-15h\/#primaryimage"},"image":{"@id":"https:\/\/portaltela.pt\/noticias\/2026\/01\/10\/pescadores-vasco-da-gama-e-sesimbra-unem-se-a-santiago-neste-domingo-as-15h\/#primaryimage"},"thumbnailUrl":"https:\/\/portaltela.pt\/s.01k8rhncp4jt1\/2026\/01\/unnamed-file-2057.jpg","datePublished":"2026-01-10T14:16:00+00:00","author":{"@id":"https:\/\/portaltela.pt\/#\/schema\/person\/c4278d4a6028830caff9ee44b42d32ed"},"breadcrumb":{"@id":"https:\/\/portaltela.pt\/noticias\/2026\/01\/10\/pescadores-vasco-da-gama-e-sesimbra-unem-se-a-santiago-neste-domingo-as-15h\/#breadcrumb"},"inLanguage":"pt-PT","potentialAction":[{"@type":"ReadAction","target":["https:\/\/portaltela.pt\/noticias\/2026\/01\/10\/pescadores-vasco-da-gama-e-sesimbra-unem-se-a-santiago-neste-domingo-as-15h\/"]}]},{"@type":"ImageObject","inLanguage":"pt-PT","@id":"https:\/\/portaltela.pt\/noticias\/2026\/01\/10\/pescadores-vasco-da-gama-e-sesimbra-unem-se-a-santiago-neste-domingo-as-15h\/#primaryimage","url":"https:\/\/portaltela.pt\/s.01k8rhncp4jt1\/2026\/01\/unnamed-file-2057.jpg","contentUrl":"https:\/\/portaltela.pt\/s.01k8rhncp4jt1\/2026\/01\/unnamed-file-2057.jpg","width":796,"height":448,"caption":"Vasco da Gama joga em Gr\u00e2ndola e o Uni\u00e3o de Santiago recebe o Palmelense neste domingo \u00e0s 15 horas"},{"@type":"BreadcrumbList","@id":"https:\/\/portaltela.pt\/noticias\/2026\/01\/10\/pescadores-vasco-da-gama-e-sesimbra-unem-se-a-santiago-neste-domingo-as-15h\/#breadcrumb","itemListElement":[{"@type":"ListItem","position":1,"name":"In\u00edcio","item":"https:\/\/portaltela.pt\/"},{"@type":"ListItem","position":2,"name":"Pescadores Vasco da Gama e Sesimbra unem-se a Santiago neste domingo \u00e0s 15h"}]},{"@type":"WebSite","@id":"https:\/\/portaltela.pt\/#website","url":"https:\/\/portaltela.pt\/","name":"Portal Tela Portugal","description":"","potentialAction":[{"@type":"SearchAction","target":{"@type":"EntryPoint","urlTemplate":"https:\/\/portaltela.pt\/?s={search_term_string}"},"query-input":{"@type":"PropertyValueSpecification","valueRequired":true,"valueName":"search_term_string"}}],"inLanguage":"pt-PT"},{"@type":"Person","@id":"https:\/\/portaltela.pt\/#\/schema\/person\/c4278d4a6028830caff9ee44b42d32ed","name":"Telinha","image":{"@type":"ImageObject","inLanguage":"pt-PT","@id":"https:\/\/portaltela.pt\/s.01k8rhncp4jt1\/2025\/11\/talking-bot-125x125.png","url":"https:\/\/portaltela.pt\/s.01k8rhncp4jt1\/2025\/11\/talking-bot-125x125.png","contentUrl":"https:\/\/portaltela.pt\/s.01k8rhncp4jt1\/2025\/11\/talking-bot-125x125.png","caption":"Telinha"},"sameAs":["https:\/\/portaltela.pt\/"],"url":"https:\/\/portaltela.pt\/por\/367410592786\/"}]}},"_links":{"self":[{"href":"https:\/\/portaltela.pt\/api\/wp\/v2\/posts\/130885","targetHints":{"allow":["GET"]}}],"collection":[{"href":"https:\/\/portaltela.pt\/api\/wp\/v2\/posts"}],"about":[{"href":"https:\/\/portaltela.pt\/api\/wp\/v2\/types\/post"}],"author":[{"embeddable":true,"href":"https:\/\/portaltela.pt\/api\/wp\/v2\/users\/2"}],"replies":[{"embeddable":true,"href":"https:\/\/portaltela.pt\/api\/wp\/v2\/comments?post=130885"}],"version-history":[{"count":0,"href":"https:\/\/portaltela.pt\/api\/wp\/v2\/posts\/130885\/revisions"}],"wp:featuredmedia":[{"embeddable":true,"href":"https:\/\/portaltela.pt\/api\/wp\/v2\/media\/130888"}],"wp:attachment":[{"href":"https:\/\/portaltela.pt\/api\/wp\/v2\/media?parent=130885"}],"wp:term":[{"taxonomy":"category","embeddable":true,"href":"https:\/\/portaltela.pt\/api\/wp\/v2\/categories?post=130885"},{"taxonomy":"post_tag","embeddable":true,"href":"https:\/\/portaltela.pt\/api\/wp\/v2\/tags?post=130885"}],"curies":[{"name":"wp","href":"https:\/\/api.w.org\/{rel}","templated":true}]}}