{"id":130860,"date":"2026-01-10T11:04:47","date_gmt":"2026-01-10T14:04:47","guid":{"rendered":"https:\/\/portaltela.pt\/noticias\/2026\/01\/10\/carregamentos-na-rede-electrica-sobem-45-para-88-milhoes-em-2025\/"},"modified":"2026-01-10T11:04:47","modified_gmt":"2026-01-10T14:04:47","slug":"carregamentos-na-rede-electrica-sobem-45-para-88-milhoes-em-2025","status":"publish","type":"post","link":"https:\/\/portaltela.pt\/noticias\/2026\/01\/10\/carregamentos-na-rede-electrica-sobem-45-para-88-milhoes-em-2025\/","title":{"rendered":"Carregamentos na rede el\u00e9ctrica sobem 45% para 8,8 milh\u00f5es em 2025"},"content":{"rendered":"<p>Ao longo de 2025, o n\u00famero de carregamentos na rede nacional para mobilidade el\u00e9trica subiu 45%, alcan\u00e7ando 8,8 milh\u00f5es, segundo a Mobi.E, respons\u00e1vel pela gest\u00e3o da rede. O objetivo \u00e9 detalhar a evolu\u00e7\u00e3o do sistema de postos de carregamento el\u00e9trico.<\/p>\n<p>Os dados mostram tamb\u00e9m que o n\u00famero de utilizadores distintos ultrapassou os 474 mil, registando um aumento de 68%. Agosto e dezembro foram os meses mais din\u00e2micos, com cerca de 874 mil e 872 mil carregamentos, respetivamente.<\/p>\n<h3>Consumo e impacto ambiental<\/h3>\n<p>O consumo de energia atingiu 200 mil MWh, mais 57% face a 2024. Em agosto e dezembro foram consumidos pouco mais de 19 mil MWh em cada um, permitindo percorrer mais de 1,3 mil milh\u00f5es de quil\u00f3metros e evitar o consumo de mais de 60 milh\u00f5es de litros de gas\u00f3leo.<\/p>\n<p>Em termos de resultados ambientais, a rede evitou a emiss\u00e3o de mais de 160 mil toneladas de di\u00f3xido de carbono no ano. A Rede Nacional de Carregamento integra 36 CEME e 110 OPC, sob gest\u00e3o da MOBI.E, S.A.<\/p>\n<p>A MOBI.E, S.A. \u00e9 uma empresa p\u00fablica criada em 2015 e atua como Entidade Gestora da Rede de Mobilidade El\u00e9trica, monitorizando fluxos energ\u00e9ticos e financeiros no sistema. Fonte: LUSA.<\/p>\n","protected":false},"excerpt":{"rendered":"<ul>\n<li>Em 2025, o n\u00famero de carregamentos na rede para mobilidade el\u00e9ctrica subiu 45% para 8,8 milh\u00f5es.<\/li>\n<li>O n\u00famero de utilizadores distintos ultrapassou 474 mil, uma subida de 68%.<\/li>\n<li>Agosto e dezembro foram os meses mais din\u00e2micos, com cerca de 874 mil e 872 mil carregamentos, respetivamente.<\/li>\n<li>O consumo de energia atingiu 200 mil MWh, 57% acima de 2024; agosto e dezembro tiveram consumos superiores a 19 mil MWh cada.<\/li>\n<li>A energia consumida permitiu percorrer mais de 1,3 mil milh\u00f5es de quil\u00f3metros, evitando mais de 60 milh\u00f5es de litros de gas\u00f3leo e emittingiu menos de 160 mil toneladas de CO\u2082; a rede envolve 36 Comercializadores de Eletricidade para a Mobilidade El\u00e9trica (CEME) e 110 Operadores de Pontos de Carregamento (OPC).<\/li>\n<\/ul>\n","protected":false},"author":2,"featured_media":130866,"comment_status":"closed","ping_status":"closed","sticky":false,"template":"","format":"standard","meta":{"footnotes":""},"categories":[1],"tags":[167,2692,174,1615,2110],"class_list":["post-130860","post","type-post","status-publish","format-standard","has-post-thumbnail","hentry","category-noticias","tag-ambiente","tag-carregamentos","tag-energia","tag-infraestrutura","tag-mobilidade"],"yoast_head":"<!-- This site is optimized with the Yoast SEO plugin v27.2 - https:\/\/yoast.com\/product\/yoast-seo-wordpress\/ -->\n<title>Carregamentos na rede el\u00e9ctrica sobem 45% para 8,8 milh\u00f5es em 2025 - Portal Tela Portugal<\/title>\n<meta name=\"robots\" content=\"index, follow, max-snippet:-1, max-image-preview:large, max-video-preview:-1\" \/>\n<meta property=\"og:locale\" content=\"pt_PT\" \/>\n<meta property=\"og:type\" content=\"article\" \/>\n<meta property=\"og:title\" content=\"Carregamentos na rede el\u00e9ctrica sobem 45% para 8,8 milh\u00f5es em 2025 - Portal Tela Portugal\" \/>\n<meta property=\"og:description\" content=\"Em 2025, o n\u00famero de carregamentos na rede para mobilidade el\u00e9ctrica subiu 45% para 8,8 milh\u00f5es. O n\u00famero de utilizadores distintos ultrapassou 474 mil, uma subida de 68%. Agosto e dezembro foram os meses mais din\u00e2micos, com cerca de 874 mil e 872 mil carregamentos, respetivamente. O consumo de energia atingiu 200 mil MWh, 57% acima de 2024; agosto e dezembro tiveram consumos superiores a 19 mil MWh cada. A energia consumida permitiu percorrer mais de 1,3 mil milh\u00f5es de quil\u00f3metros, evitando mais de 60 milh\u00f5es de litros de gas\u00f3leo e emittingiu menos de 160 mil toneladas de CO\u2082; a rede envolve 36 Comercializadores de Eletricidade para a Mobilidade El\u00e9trica (CEME) e 110 Operadores de Pontos de Carregamento (OPC).\" \/>\n<meta property=\"og:url\" content=\"https:\/\/portaltela.pt\/noticias\/2026\/01\/10\/carregamentos-na-rede-electrica-sobem-45-para-88-milhoes-em-2025\/\" \/>\n<meta property=\"og:site_name\" content=\"Portal Tela Portugal\" \/>\n<meta property=\"article:published_time\" content=\"2026-01-10T14:04:47+00:00\" \/>\n<meta name=\"author\" content=\"Telinha\" \/>\n<meta name=\"twitter:card\" content=\"summary_large_image\" \/>\n<meta name=\"twitter:label1\" content=\"Escrito por\" \/>\n\t<meta name=\"twitter:data1\" content=\"Telinha\" \/>\n\t<meta name=\"twitter:label2\" content=\"Tempo estimado de leitura\" \/>\n\t<meta name=\"twitter:data2\" content=\"1 minuto\" \/>\n<script type=\"application\/ld+json\" class=\"yoast-schema-graph\">{\"@context\":\"https:\/\/schema.org\",\"@graph\":[{\"@type\":\"Article\",\"@id\":\"https:\/\/portaltela.pt\/noticias\/2026\/01\/10\/carregamentos-na-rede-electrica-sobem-45-para-88-milhoes-em-2025\/#article\",\"isPartOf\":{\"@id\":\"https:\/\/portaltela.pt\/noticias\/2026\/01\/10\/carregamentos-na-rede-electrica-sobem-45-para-88-milhoes-em-2025\/\"},\"author\":{\"name\":\"Telinha\",\"@id\":\"https:\/\/portaltela.pt\/#\/schema\/person\/c4278d4a6028830caff9ee44b42d32ed\"},\"headline\":\"Carregamentos na rede el\u00e9ctrica sobem 45% para 8,8 milh\u00f5es em 2025\",\"datePublished\":\"2026-01-10T14:04:47+00:00\",\"mainEntityOfPage\":{\"@id\":\"https:\/\/portaltela.pt\/noticias\/2026\/01\/10\/carregamentos-na-rede-electrica-sobem-45-para-88-milhoes-em-2025\/\"},\"wordCount\":215,\"image\":{\"@id\":\"https:\/\/portaltela.pt\/noticias\/2026\/01\/10\/carregamentos-na-rede-electrica-sobem-45-para-88-milhoes-em-2025\/#primaryimage\"},\"thumbnailUrl\":\"https:\/\/portaltela.pt\/s.01k8rhncp4jt1\/2026\/01\/unnamed-file-2055.jpg\",\"keywords\":[\"ambiente\",\"carregamentos\",\"energia\",\"infraestrutura\",\"mobilidade\"],\"articleSection\":[\"Not\u00edcias\"],\"inLanguage\":\"pt-PT\"},{\"@type\":\"WebPage\",\"@id\":\"https:\/\/portaltela.pt\/noticias\/2026\/01\/10\/carregamentos-na-rede-electrica-sobem-45-para-88-milhoes-em-2025\/\",\"url\":\"https:\/\/portaltela.pt\/noticias\/2026\/01\/10\/carregamentos-na-rede-electrica-sobem-45-para-88-milhoes-em-2025\/\",\"name\":\"Carregamentos na rede el\u00e9ctrica sobem 45% para 8,8 milh\u00f5es em 2025 - Portal Tela Portugal\",\"isPartOf\":{\"@id\":\"https:\/\/portaltela.pt\/#website\"},\"primaryImageOfPage\":{\"@id\":\"https:\/\/portaltela.pt\/noticias\/2026\/01\/10\/carregamentos-na-rede-electrica-sobem-45-para-88-milhoes-em-2025\/#primaryimage\"},\"image\":{\"@id\":\"https:\/\/portaltela.pt\/noticias\/2026\/01\/10\/carregamentos-na-rede-electrica-sobem-45-para-88-milhoes-em-2025\/#primaryimage\"},\"thumbnailUrl\":\"https:\/\/portaltela.pt\/s.01k8rhncp4jt1\/2026\/01\/unnamed-file-2055.jpg\",\"datePublished\":\"2026-01-10T14:04:47+00:00\",\"author\":{\"@id\":\"https:\/\/portaltela.pt\/#\/schema\/person\/c4278d4a6028830caff9ee44b42d32ed\"},\"breadcrumb\":{\"@id\":\"https:\/\/portaltela.pt\/noticias\/2026\/01\/10\/carregamentos-na-rede-electrica-sobem-45-para-88-milhoes-em-2025\/#breadcrumb\"},\"inLanguage\":\"pt-PT\",\"potentialAction\":[{\"@type\":\"ReadAction\",\"target\":[\"https:\/\/portaltela.pt\/noticias\/2026\/01\/10\/carregamentos-na-rede-electrica-sobem-45-para-88-milhoes-em-2025\/\"]}]},{\"@type\":\"ImageObject\",\"inLanguage\":\"pt-PT\",\"@id\":\"https:\/\/portaltela.pt\/noticias\/2026\/01\/10\/carregamentos-na-rede-electrica-sobem-45-para-88-milhoes-em-2025\/#primaryimage\",\"url\":\"https:\/\/portaltela.pt\/s.01k8rhncp4jt1\/2026\/01\/unnamed-file-2055.jpg\",\"contentUrl\":\"https:\/\/portaltela.pt\/s.01k8rhncp4jt1\/2026\/01\/unnamed-file-2055.jpg\",\"width\":796,\"height\":448,\"caption\":\"UE estima ser necess\u00e1rio investir 1,2 bili\u00f5es de euros nas redes el\u00e9tricas at\u00e9 2040\"},{\"@type\":\"BreadcrumbList\",\"@id\":\"https:\/\/portaltela.pt\/noticias\/2026\/01\/10\/carregamentos-na-rede-electrica-sobem-45-para-88-milhoes-em-2025\/#breadcrumb\",\"itemListElement\":[{\"@type\":\"ListItem\",\"position\":1,\"name\":\"In\u00edcio\",\"item\":\"https:\/\/portaltela.pt\/\"},{\"@type\":\"ListItem\",\"position\":2,\"name\":\"Carregamentos na rede el\u00e9ctrica sobem 45% para 8,8 milh\u00f5es em 2025\"}]},{\"@type\":\"WebSite\",\"@id\":\"https:\/\/portaltela.pt\/#website\",\"url\":\"https:\/\/portaltela.pt\/\",\"name\":\"Portal Tela Portugal\",\"description\":\"\",\"potentialAction\":[{\"@type\":\"SearchAction\",\"target\":{\"@type\":\"EntryPoint\",\"urlTemplate\":\"https:\/\/portaltela.pt\/?s={search_term_string}\"},\"query-input\":{\"@type\":\"PropertyValueSpecification\",\"valueRequired\":true,\"valueName\":\"search_term_string\"}}],\"inLanguage\":\"pt-PT\"},{\"@type\":\"Person\",\"@id\":\"https:\/\/portaltela.pt\/#\/schema\/person\/c4278d4a6028830caff9ee44b42d32ed\",\"name\":\"Telinha\",\"image\":{\"@type\":\"ImageObject\",\"inLanguage\":\"pt-PT\",\"@id\":\"https:\/\/portaltela.pt\/s.01k8rhncp4jt1\/2025\/11\/talking-bot-125x125.png\",\"url\":\"https:\/\/portaltela.pt\/s.01k8rhncp4jt1\/2025\/11\/talking-bot-125x125.png\",\"contentUrl\":\"https:\/\/portaltela.pt\/s.01k8rhncp4jt1\/2025\/11\/talking-bot-125x125.png\",\"caption\":\"Telinha\"},\"sameAs\":[\"https:\/\/portaltela.pt\/\"],\"url\":\"https:\/\/portaltela.pt\/por\/367410592786\/\"}]}<\/script>\n<!-- \/ Yoast SEO plugin. -->","yoast_head_json":{"title":"Carregamentos na rede el\u00e9ctrica sobem 45% para 8,8 milh\u00f5es em 2025 - Portal Tela Portugal","robots":{"index":"index","follow":"follow","max-snippet":"max-snippet:-1","max-image-preview":"max-image-preview:large","max-video-preview":"max-video-preview:-1"},"og_locale":"pt_PT","og_type":"article","og_title":"Carregamentos na rede el\u00e9ctrica sobem 45% para 8,8 milh\u00f5es em 2025 - Portal Tela Portugal","og_description":"Em 2025, o n\u00famero de carregamentos na rede para mobilidade el\u00e9ctrica subiu 45% para 8,8 milh\u00f5es. O n\u00famero de utilizadores distintos ultrapassou 474 mil, uma subida de 68%. Agosto e dezembro foram os meses mais din\u00e2micos, com cerca de 874 mil e 872 mil carregamentos, respetivamente. O consumo de energia atingiu 200 mil MWh, 57% acima de 2024; agosto e dezembro tiveram consumos superiores a 19 mil MWh cada. A energia consumida permitiu percorrer mais de 1,3 mil milh\u00f5es de quil\u00f3metros, evitando mais de 60 milh\u00f5es de litros de gas\u00f3leo e emittingiu menos de 160 mil toneladas de CO\u2082; a rede envolve 36 Comercializadores de Eletricidade para a Mobilidade El\u00e9trica (CEME) e 110 Operadores de Pontos de Carregamento (OPC).","og_url":"https:\/\/portaltela.pt\/noticias\/2026\/01\/10\/carregamentos-na-rede-electrica-sobem-45-para-88-milhoes-em-2025\/","og_site_name":"Portal Tela Portugal","article_published_time":"2026-01-10T14:04:47+00:00","author":"Telinha","twitter_card":"summary_large_image","twitter_misc":{"Escrito por":"Telinha","Tempo estimado de leitura":"1 minuto"},"schema":{"@context":"https:\/\/schema.org","@graph":[{"@type":"Article","@id":"https:\/\/portaltela.pt\/noticias\/2026\/01\/10\/carregamentos-na-rede-electrica-sobem-45-para-88-milhoes-em-2025\/#article","isPartOf":{"@id":"https:\/\/portaltela.pt\/noticias\/2026\/01\/10\/carregamentos-na-rede-electrica-sobem-45-para-88-milhoes-em-2025\/"},"author":{"name":"Telinha","@id":"https:\/\/portaltela.pt\/#\/schema\/person\/c4278d4a6028830caff9ee44b42d32ed"},"headline":"Carregamentos na rede el\u00e9ctrica sobem 45% para 8,8 milh\u00f5es em 2025","datePublished":"2026-01-10T14:04:47+00:00","mainEntityOfPage":{"@id":"https:\/\/portaltela.pt\/noticias\/2026\/01\/10\/carregamentos-na-rede-electrica-sobem-45-para-88-milhoes-em-2025\/"},"wordCount":215,"image":{"@id":"https:\/\/portaltela.pt\/noticias\/2026\/01\/10\/carregamentos-na-rede-electrica-sobem-45-para-88-milhoes-em-2025\/#primaryimage"},"thumbnailUrl":"https:\/\/portaltela.pt\/s.01k8rhncp4jt1\/2026\/01\/unnamed-file-2055.jpg","keywords":["ambiente","carregamentos","energia","infraestrutura","mobilidade"],"articleSection":["Not\u00edcias"],"inLanguage":"pt-PT"},{"@type":"WebPage","@id":"https:\/\/portaltela.pt\/noticias\/2026\/01\/10\/carregamentos-na-rede-electrica-sobem-45-para-88-milhoes-em-2025\/","url":"https:\/\/portaltela.pt\/noticias\/2026\/01\/10\/carregamentos-na-rede-electrica-sobem-45-para-88-milhoes-em-2025\/","name":"Carregamentos na rede el\u00e9ctrica sobem 45% para 8,8 milh\u00f5es em 2025 - Portal Tela Portugal","isPartOf":{"@id":"https:\/\/portaltela.pt\/#website"},"primaryImageOfPage":{"@id":"https:\/\/portaltela.pt\/noticias\/2026\/01\/10\/carregamentos-na-rede-electrica-sobem-45-para-88-milhoes-em-2025\/#primaryimage"},"image":{"@id":"https:\/\/portaltela.pt\/noticias\/2026\/01\/10\/carregamentos-na-rede-electrica-sobem-45-para-88-milhoes-em-2025\/#primaryimage"},"thumbnailUrl":"https:\/\/portaltela.pt\/s.01k8rhncp4jt1\/2026\/01\/unnamed-file-2055.jpg","datePublished":"2026-01-10T14:04:47+00:00","author":{"@id":"https:\/\/portaltela.pt\/#\/schema\/person\/c4278d4a6028830caff9ee44b42d32ed"},"breadcrumb":{"@id":"https:\/\/portaltela.pt\/noticias\/2026\/01\/10\/carregamentos-na-rede-electrica-sobem-45-para-88-milhoes-em-2025\/#breadcrumb"},"inLanguage":"pt-PT","potentialAction":[{"@type":"ReadAction","target":["https:\/\/portaltela.pt\/noticias\/2026\/01\/10\/carregamentos-na-rede-electrica-sobem-45-para-88-milhoes-em-2025\/"]}]},{"@type":"ImageObject","inLanguage":"pt-PT","@id":"https:\/\/portaltela.pt\/noticias\/2026\/01\/10\/carregamentos-na-rede-electrica-sobem-45-para-88-milhoes-em-2025\/#primaryimage","url":"https:\/\/portaltela.pt\/s.01k8rhncp4jt1\/2026\/01\/unnamed-file-2055.jpg","contentUrl":"https:\/\/portaltela.pt\/s.01k8rhncp4jt1\/2026\/01\/unnamed-file-2055.jpg","width":796,"height":448,"caption":"UE estima ser necess\u00e1rio investir 1,2 bili\u00f5es de euros nas redes el\u00e9tricas at\u00e9 2040"},{"@type":"BreadcrumbList","@id":"https:\/\/portaltela.pt\/noticias\/2026\/01\/10\/carregamentos-na-rede-electrica-sobem-45-para-88-milhoes-em-2025\/#breadcrumb","itemListElement":[{"@type":"ListItem","position":1,"name":"In\u00edcio","item":"https:\/\/portaltela.pt\/"},{"@type":"ListItem","position":2,"name":"Carregamentos na rede el\u00e9ctrica sobem 45% para 8,8 milh\u00f5es em 2025"}]},{"@type":"WebSite","@id":"https:\/\/portaltela.pt\/#website","url":"https:\/\/portaltela.pt\/","name":"Portal Tela Portugal","description":"","potentialAction":[{"@type":"SearchAction","target":{"@type":"EntryPoint","urlTemplate":"https:\/\/portaltela.pt\/?s={search_term_string}"},"query-input":{"@type":"PropertyValueSpecification","valueRequired":true,"valueName":"search_term_string"}}],"inLanguage":"pt-PT"},{"@type":"Person","@id":"https:\/\/portaltela.pt\/#\/schema\/person\/c4278d4a6028830caff9ee44b42d32ed","name":"Telinha","image":{"@type":"ImageObject","inLanguage":"pt-PT","@id":"https:\/\/portaltela.pt\/s.01k8rhncp4jt1\/2025\/11\/talking-bot-125x125.png","url":"https:\/\/portaltela.pt\/s.01k8rhncp4jt1\/2025\/11\/talking-bot-125x125.png","contentUrl":"https:\/\/portaltela.pt\/s.01k8rhncp4jt1\/2025\/11\/talking-bot-125x125.png","caption":"Telinha"},"sameAs":["https:\/\/portaltela.pt\/"],"url":"https:\/\/portaltela.pt\/por\/367410592786\/"}]}},"_links":{"self":[{"href":"https:\/\/portaltela.pt\/api\/wp\/v2\/posts\/130860","targetHints":{"allow":["GET"]}}],"collection":[{"href":"https:\/\/portaltela.pt\/api\/wp\/v2\/posts"}],"about":[{"href":"https:\/\/portaltela.pt\/api\/wp\/v2\/types\/post"}],"author":[{"embeddable":true,"href":"https:\/\/portaltela.pt\/api\/wp\/v2\/users\/2"}],"replies":[{"embeddable":true,"href":"https:\/\/portaltela.pt\/api\/wp\/v2\/comments?post=130860"}],"version-history":[{"count":0,"href":"https:\/\/portaltela.pt\/api\/wp\/v2\/posts\/130860\/revisions"}],"wp:featuredmedia":[{"embeddable":true,"href":"https:\/\/portaltela.pt\/api\/wp\/v2\/media\/130866"}],"wp:attachment":[{"href":"https:\/\/portaltela.pt\/api\/wp\/v2\/media?parent=130860"}],"wp:term":[{"taxonomy":"category","embeddable":true,"href":"https:\/\/portaltela.pt\/api\/wp\/v2\/categories?post=130860"},{"taxonomy":"post_tag","embeddable":true,"href":"https:\/\/portaltela.pt\/api\/wp\/v2\/tags?post=130860"}],"curies":[{"name":"wp","href":"https:\/\/api.w.org\/{rel}","templated":true}]}}