{"id":130769,"date":"2026-01-10T10:29:18","date_gmt":"2026-01-10T13:29:18","guid":{"rendered":"https:\/\/portaltela.pt\/noticias\/2026\/01\/10\/asae-fiscaliza-retirada-de-mercado-de-lotes-de-formulas-infantis-da-nestle\/"},"modified":"2026-01-10T10:29:18","modified_gmt":"2026-01-10T13:29:18","slug":"asae-fiscaliza-retirada-de-mercado-de-lotes-de-formulas-infantis-da-nestle","status":"publish","type":"post","link":"https:\/\/portaltela.pt\/noticias\/2026\/01\/10\/asae-fiscaliza-retirada-de-mercado-de-lotes-de-formulas-infantis-da-nestle\/","title":{"rendered":"ASAE fiscaliza retirada de mercado de lotes de f\u00f3rmulas infantis da Nestl\u00e9"},"content":{"rendered":"<p>A Nestl\u00e9 anunciou a retirada preventiva de v\u00e1rios lotes de f\u00f3rmulas infantis NAN e Alfamino J\u00fanior, ap\u00f3s detetar-se a presen\u00e7a potencial de cereulida, uma toxina da bact\u00e9ria Bacillus cereus, em uma mat\u00e9ria-prima utilizada. A medida \u00e9 tomada de forma proativa.<\/p>\n<p>A ASAE confirmou o acompanhamento da opera\u00e7\u00e3o, assegurando que o processo de recolha do mercado \u00e9 eficaz e rastre\u00e1vel, com o objetivo de proteger a sa\u00fade p\u00fablica e informar operadores e consumidores de forma oportuna.<\/p>\n<p>A medida envolve a retirada volunt\u00e1ria de lotes espec\u00edficos, notificada pela Nestl\u00e9 Portugal, e abrange v\u00e1rias refer\u00eancias reportadas pela empresa. N\u00e3o h\u00e1 confirma\u00e7\u00e3o de casos de doen\u00e7a associados aos produtos.<\/p>\n<p>A Nestl\u00e9 detalha que a decis\u00e3o decorre de uma an\u00e1lise que identificou a potencial presen\u00e7a de cereulida na mat\u00e9ria-prima. A empresa assegura que n\u00e3o foram reportados sintomas at\u00e9 ao momento.<\/p>\n<p>Os retalhistas e distribuidores foram aconselhados a retirar da venda os lotes identificados e a comunicar aos consumidores potenciais lotes afetados, para evitar a exposi\u00e7\u00e3o.<\/p>\n<h3>Lotes afetados e orienta\u00e7\u00f5es<\/h3>\n<p>Entre os produtos listados encontram-se PreNAN 400g, NAN SUPREMEPro 1 e 2 (800g), NAN TOTAL 1 (400g e 800g), NAN TOTAL 2, NAN OPTIPRO 1 (800g e 200ml), NAN AR (800g) e Alfamino J\u00fanior.<\/p>\n<p>A Nestl\u00e9 indica que, caso haja consumo, os sintomas podem surgir entre 30 minutos e 6 horas e incluem v\u00f3mitos, diarreia e sonol\u00eancia, devendo procurar-se apoio m\u00e9dico se surgirem sinais. Se n\u00e3o houver sintomas, n\u00e3o h\u00e1 motivo de preocupa\u00e7\u00e3o.<\/p>\n<p>Para quem adquiriu produtos inclu\u00eddos na retirada, a empresa assegura o reembolso integral do valor gasto, mediante apresenta\u00e7\u00e3o de comprovativo. O n\u00famero de lote pode ser consultado na parte inferior das latas ou no topo das embalagens, consoante o formato.<\/p>\n","protected":false},"excerpt":{"rendered":"<ul>\n<li>A Nestl\u00e9 anunciou a retirada preventiva de lotes de f\u00f3rmulas infantis NAN e Alfamino J\u00fanior ap\u00f3s detetar-se a presen\u00e7a potencial de cereulida, uma toxina da bact\u00e9ria Bacillus cereus, numa mat\u00e9ria-prima utilizada.<\/li>\n<li>A Autoridade de Seguran\u00e7a Alimentar e Econ\u00f3mica (ASAE) acompanha a retirada, assegurando que o processo de recolha do mercado \u00e9 eficaz, rastre\u00e1vel e protege a sa\u00fade p\u00fablica.<\/li>\n<li>A ASAE informou que a a\u00e7\u00e3o \u00e9 preventiva e volunt\u00e1ria, n\u00e3o tendo sido reportados casos de doen\u00e7a relacionados com os produtos em refer\u00eancia. Os retalhistas e distribuidores foram orientados a remover os lotes identificados.<\/li>\n<li>Os lotes afetados, segundo a Nestl\u00e9, incluem PreNAN 400 g; NAN SUPREME Pro 1 e 2 (800 g); NAN TOTAL 1 (400 g e 800 g); NAN TOTAL 2; NAN OPTIPRO 1 (800 g e 200 ml); NAN AR (800 g) e Alfamino J\u00fanior; n\u00e3o h\u00e1 confirma\u00e7\u00e3o de incid\u00eancias associadas ao consumo.<\/li>\n<li>A Nestl\u00e9 informou que, se houver sintomas ap\u00f3s o consumo, estes podem ocorrer entre 30 minutos e seis horas e incluem v\u00f3mitos intensos, diarreia e sonol\u00eancia; o uso de produto adquirido deve cessar e o valor pago ser\u00e1 devolvido na \u00edntegra.<\/li>\n<\/ul>\n","protected":false},"author":2,"featured_media":130771,"comment_status":"closed","ping_status":"closed","sticky":false,"template":"","format":"standard","meta":{"footnotes":""},"categories":[1],"tags":[244,255,215,945,271],"class_list":["post-130769","post","type-post","status-publish","format-standard","has-post-thumbnail","hentry","category-noticias","tag-comercio","tag-industria","tag-investigacao","tag-protecao-alimentar","tag-saude-publica"],"yoast_head":"<!-- This site is optimized with the Yoast SEO plugin v27.2 - https:\/\/yoast.com\/product\/yoast-seo-wordpress\/ -->\n<title>ASAE fiscaliza retirada de mercado de lotes de f\u00f3rmulas infantis da Nestl\u00e9 - Portal Tela Portugal<\/title>\n<meta name=\"robots\" content=\"index, follow, max-snippet:-1, max-image-preview:large, max-video-preview:-1\" \/>\n<meta property=\"og:locale\" content=\"pt_PT\" \/>\n<meta property=\"og:type\" content=\"article\" \/>\n<meta property=\"og:title\" content=\"ASAE fiscaliza retirada de mercado de lotes de f\u00f3rmulas infantis da Nestl\u00e9 - Portal Tela Portugal\" \/>\n<meta property=\"og:description\" content=\"A Nestl\u00e9 anunciou a retirada preventiva de lotes de f\u00f3rmulas infantis NAN e Alfamino J\u00fanior ap\u00f3s detetar-se a presen\u00e7a potencial de cereulida, uma toxina da bact\u00e9ria Bacillus cereus, numa mat\u00e9ria-prima utilizada. A Autoridade de Seguran\u00e7a Alimentar e Econ\u00f3mica (ASAE) acompanha a retirada, assegurando que o processo de recolha do mercado \u00e9 eficaz, rastre\u00e1vel e protege a sa\u00fade p\u00fablica. A ASAE informou que a a\u00e7\u00e3o \u00e9 preventiva e volunt\u00e1ria, n\u00e3o tendo sido reportados casos de doen\u00e7a relacionados com os produtos em refer\u00eancia. Os retalhistas e distribuidores foram orientados a remover os lotes identificados. Os lotes afetados, segundo a Nestl\u00e9, incluem PreNAN 400 g; NAN SUPREME Pro 1 e 2 (800 g); NAN TOTAL 1 (400 g e 800 g); NAN TOTAL 2; NAN OPTIPRO 1 (800 g e 200 ml); NAN AR (800 g) e Alfamino J\u00fanior; n\u00e3o h\u00e1 confirma\u00e7\u00e3o de incid\u00eancias associadas ao consumo. A Nestl\u00e9 informou que, se houver sintomas ap\u00f3s o consumo, estes podem ocorrer entre 30 minutos e seis horas e incluem v\u00f3mitos intensos, diarreia e sonol\u00eancia; o uso de produto adquirido deve cessar e o valor pago ser\u00e1 devolvido na \u00edntegra.\" \/>\n<meta property=\"og:url\" content=\"https:\/\/portaltela.pt\/noticias\/2026\/01\/10\/asae-fiscaliza-retirada-de-mercado-de-lotes-de-formulas-infantis-da-nestle\/\" \/>\n<meta property=\"og:site_name\" content=\"Portal Tela Portugal\" \/>\n<meta property=\"article:published_time\" content=\"2026-01-10T13:29:18+00:00\" \/>\n<meta name=\"author\" content=\"Telinha\" \/>\n<meta name=\"twitter:card\" content=\"summary_large_image\" \/>\n<meta name=\"twitter:label1\" content=\"Escrito por\" \/>\n\t<meta name=\"twitter:data1\" content=\"Telinha\" \/>\n\t<meta name=\"twitter:label2\" content=\"Tempo estimado de leitura\" \/>\n\t<meta name=\"twitter:data2\" content=\"2 minutos\" \/>\n<script type=\"application\/ld+json\" class=\"yoast-schema-graph\">{\"@context\":\"https:\/\/schema.org\",\"@graph\":[{\"@type\":\"Article\",\"@id\":\"https:\/\/portaltela.pt\/noticias\/2026\/01\/10\/asae-fiscaliza-retirada-de-mercado-de-lotes-de-formulas-infantis-da-nestle\/#article\",\"isPartOf\":{\"@id\":\"https:\/\/portaltela.pt\/noticias\/2026\/01\/10\/asae-fiscaliza-retirada-de-mercado-de-lotes-de-formulas-infantis-da-nestle\/\"},\"author\":{\"name\":\"Telinha\",\"@id\":\"https:\/\/portaltela.pt\/#\/schema\/person\/c4278d4a6028830caff9ee44b42d32ed\"},\"headline\":\"ASAE fiscaliza retirada de mercado de lotes de f\u00f3rmulas infantis da Nestl\u00e9\",\"datePublished\":\"2026-01-10T13:29:18+00:00\",\"mainEntityOfPage\":{\"@id\":\"https:\/\/portaltela.pt\/noticias\/2026\/01\/10\/asae-fiscaliza-retirada-de-mercado-de-lotes-de-formulas-infantis-da-nestle\/\"},\"wordCount\":316,\"image\":{\"@id\":\"https:\/\/portaltela.pt\/noticias\/2026\/01\/10\/asae-fiscaliza-retirada-de-mercado-de-lotes-de-formulas-infantis-da-nestle\/#primaryimage\"},\"thumbnailUrl\":\"https:\/\/portaltela.pt\/s.01k8rhncp4jt1\/2026\/01\/img_1500x1000uu2026-01-06-07-28-04-2258289-1.jpg\",\"keywords\":[\"com\u00e9rcio\",\"ind\u00fastria\",\"investiga\u00e7\u00e3o\",\"prote\u00e7\u00e3o alimentar\",\"sa\u00fade p\u00fablica\"],\"articleSection\":[\"Not\u00edcias\"],\"inLanguage\":\"pt-PT\"},{\"@type\":\"WebPage\",\"@id\":\"https:\/\/portaltela.pt\/noticias\/2026\/01\/10\/asae-fiscaliza-retirada-de-mercado-de-lotes-de-formulas-infantis-da-nestle\/\",\"url\":\"https:\/\/portaltela.pt\/noticias\/2026\/01\/10\/asae-fiscaliza-retirada-de-mercado-de-lotes-de-formulas-infantis-da-nestle\/\",\"name\":\"ASAE fiscaliza retirada de mercado de lotes de f\u00f3rmulas infantis da Nestl\u00e9 - Portal Tela Portugal\",\"isPartOf\":{\"@id\":\"https:\/\/portaltela.pt\/#website\"},\"primaryImageOfPage\":{\"@id\":\"https:\/\/portaltela.pt\/noticias\/2026\/01\/10\/asae-fiscaliza-retirada-de-mercado-de-lotes-de-formulas-infantis-da-nestle\/#primaryimage\"},\"image\":{\"@id\":\"https:\/\/portaltela.pt\/noticias\/2026\/01\/10\/asae-fiscaliza-retirada-de-mercado-de-lotes-de-formulas-infantis-da-nestle\/#primaryimage\"},\"thumbnailUrl\":\"https:\/\/portaltela.pt\/s.01k8rhncp4jt1\/2026\/01\/img_1500x1000uu2026-01-06-07-28-04-2258289-1.jpg\",\"datePublished\":\"2026-01-10T13:29:18+00:00\",\"author\":{\"@id\":\"https:\/\/portaltela.pt\/#\/schema\/person\/c4278d4a6028830caff9ee44b42d32ed\"},\"breadcrumb\":{\"@id\":\"https:\/\/portaltela.pt\/noticias\/2026\/01\/10\/asae-fiscaliza-retirada-de-mercado-de-lotes-de-formulas-infantis-da-nestle\/#breadcrumb\"},\"inLanguage\":\"pt-PT\",\"potentialAction\":[{\"@type\":\"ReadAction\",\"target\":[\"https:\/\/portaltela.pt\/noticias\/2026\/01\/10\/asae-fiscaliza-retirada-de-mercado-de-lotes-de-formulas-infantis-da-nestle\/\"]}]},{\"@type\":\"ImageObject\",\"inLanguage\":\"pt-PT\",\"@id\":\"https:\/\/portaltela.pt\/noticias\/2026\/01\/10\/asae-fiscaliza-retirada-de-mercado-de-lotes-de-formulas-infantis-da-nestle\/#primaryimage\",\"url\":\"https:\/\/portaltela.pt\/s.01k8rhncp4jt1\/2026\/01\/img_1500x1000uu2026-01-06-07-28-04-2258289-1.jpg\",\"contentUrl\":\"https:\/\/portaltela.pt\/s.01k8rhncp4jt1\/2026\/01\/img_1500x1000uu2026-01-06-07-28-04-2258289-1.jpg\",\"width\":796,\"height\":448,\"caption\":\"Nestle\"},{\"@type\":\"BreadcrumbList\",\"@id\":\"https:\/\/portaltela.pt\/noticias\/2026\/01\/10\/asae-fiscaliza-retirada-de-mercado-de-lotes-de-formulas-infantis-da-nestle\/#breadcrumb\",\"itemListElement\":[{\"@type\":\"ListItem\",\"position\":1,\"name\":\"In\u00edcio\",\"item\":\"https:\/\/portaltela.pt\/\"},{\"@type\":\"ListItem\",\"position\":2,\"name\":\"ASAE fiscaliza retirada de mercado de lotes de f\u00f3rmulas infantis da Nestl\u00e9\"}]},{\"@type\":\"WebSite\",\"@id\":\"https:\/\/portaltela.pt\/#website\",\"url\":\"https:\/\/portaltela.pt\/\",\"name\":\"Portal Tela Portugal\",\"description\":\"\",\"potentialAction\":[{\"@type\":\"SearchAction\",\"target\":{\"@type\":\"EntryPoint\",\"urlTemplate\":\"https:\/\/portaltela.pt\/?s={search_term_string}\"},\"query-input\":{\"@type\":\"PropertyValueSpecification\",\"valueRequired\":true,\"valueName\":\"search_term_string\"}}],\"inLanguage\":\"pt-PT\"},{\"@type\":\"Person\",\"@id\":\"https:\/\/portaltela.pt\/#\/schema\/person\/c4278d4a6028830caff9ee44b42d32ed\",\"name\":\"Telinha\",\"image\":{\"@type\":\"ImageObject\",\"inLanguage\":\"pt-PT\",\"@id\":\"https:\/\/portaltela.pt\/s.01k8rhncp4jt1\/2025\/11\/talking-bot-125x125.png\",\"url\":\"https:\/\/portaltela.pt\/s.01k8rhncp4jt1\/2025\/11\/talking-bot-125x125.png\",\"contentUrl\":\"https:\/\/portaltela.pt\/s.01k8rhncp4jt1\/2025\/11\/talking-bot-125x125.png\",\"caption\":\"Telinha\"},\"sameAs\":[\"https:\/\/portaltela.pt\/\"],\"url\":\"https:\/\/portaltela.pt\/por\/367410592786\/\"}]}<\/script>\n<!-- \/ Yoast SEO plugin. -->","yoast_head_json":{"title":"ASAE fiscaliza retirada de mercado de lotes de f\u00f3rmulas infantis da Nestl\u00e9 - Portal Tela Portugal","robots":{"index":"index","follow":"follow","max-snippet":"max-snippet:-1","max-image-preview":"max-image-preview:large","max-video-preview":"max-video-preview:-1"},"og_locale":"pt_PT","og_type":"article","og_title":"ASAE fiscaliza retirada de mercado de lotes de f\u00f3rmulas infantis da Nestl\u00e9 - Portal Tela Portugal","og_description":"A Nestl\u00e9 anunciou a retirada preventiva de lotes de f\u00f3rmulas infantis NAN e Alfamino J\u00fanior ap\u00f3s detetar-se a presen\u00e7a potencial de cereulida, uma toxina da bact\u00e9ria Bacillus cereus, numa mat\u00e9ria-prima utilizada. A Autoridade de Seguran\u00e7a Alimentar e Econ\u00f3mica (ASAE) acompanha a retirada, assegurando que o processo de recolha do mercado \u00e9 eficaz, rastre\u00e1vel e protege a sa\u00fade p\u00fablica. A ASAE informou que a a\u00e7\u00e3o \u00e9 preventiva e volunt\u00e1ria, n\u00e3o tendo sido reportados casos de doen\u00e7a relacionados com os produtos em refer\u00eancia. Os retalhistas e distribuidores foram orientados a remover os lotes identificados. Os lotes afetados, segundo a Nestl\u00e9, incluem PreNAN 400 g; NAN SUPREME Pro 1 e 2 (800 g); NAN TOTAL 1 (400 g e 800 g); NAN TOTAL 2; NAN OPTIPRO 1 (800 g e 200 ml); NAN AR (800 g) e Alfamino J\u00fanior; n\u00e3o h\u00e1 confirma\u00e7\u00e3o de incid\u00eancias associadas ao consumo. A Nestl\u00e9 informou que, se houver sintomas ap\u00f3s o consumo, estes podem ocorrer entre 30 minutos e seis horas e incluem v\u00f3mitos intensos, diarreia e sonol\u00eancia; o uso de produto adquirido deve cessar e o valor pago ser\u00e1 devolvido na \u00edntegra.","og_url":"https:\/\/portaltela.pt\/noticias\/2026\/01\/10\/asae-fiscaliza-retirada-de-mercado-de-lotes-de-formulas-infantis-da-nestle\/","og_site_name":"Portal Tela Portugal","article_published_time":"2026-01-10T13:29:18+00:00","author":"Telinha","twitter_card":"summary_large_image","twitter_misc":{"Escrito por":"Telinha","Tempo estimado de leitura":"2 minutos"},"schema":{"@context":"https:\/\/schema.org","@graph":[{"@type":"Article","@id":"https:\/\/portaltela.pt\/noticias\/2026\/01\/10\/asae-fiscaliza-retirada-de-mercado-de-lotes-de-formulas-infantis-da-nestle\/#article","isPartOf":{"@id":"https:\/\/portaltela.pt\/noticias\/2026\/01\/10\/asae-fiscaliza-retirada-de-mercado-de-lotes-de-formulas-infantis-da-nestle\/"},"author":{"name":"Telinha","@id":"https:\/\/portaltela.pt\/#\/schema\/person\/c4278d4a6028830caff9ee44b42d32ed"},"headline":"ASAE fiscaliza retirada de mercado de lotes de f\u00f3rmulas infantis da Nestl\u00e9","datePublished":"2026-01-10T13:29:18+00:00","mainEntityOfPage":{"@id":"https:\/\/portaltela.pt\/noticias\/2026\/01\/10\/asae-fiscaliza-retirada-de-mercado-de-lotes-de-formulas-infantis-da-nestle\/"},"wordCount":316,"image":{"@id":"https:\/\/portaltela.pt\/noticias\/2026\/01\/10\/asae-fiscaliza-retirada-de-mercado-de-lotes-de-formulas-infantis-da-nestle\/#primaryimage"},"thumbnailUrl":"https:\/\/portaltela.pt\/s.01k8rhncp4jt1\/2026\/01\/img_1500x1000uu2026-01-06-07-28-04-2258289-1.jpg","keywords":["com\u00e9rcio","ind\u00fastria","investiga\u00e7\u00e3o","prote\u00e7\u00e3o alimentar","sa\u00fade p\u00fablica"],"articleSection":["Not\u00edcias"],"inLanguage":"pt-PT"},{"@type":"WebPage","@id":"https:\/\/portaltela.pt\/noticias\/2026\/01\/10\/asae-fiscaliza-retirada-de-mercado-de-lotes-de-formulas-infantis-da-nestle\/","url":"https:\/\/portaltela.pt\/noticias\/2026\/01\/10\/asae-fiscaliza-retirada-de-mercado-de-lotes-de-formulas-infantis-da-nestle\/","name":"ASAE fiscaliza retirada de mercado de lotes de f\u00f3rmulas infantis da Nestl\u00e9 - Portal Tela Portugal","isPartOf":{"@id":"https:\/\/portaltela.pt\/#website"},"primaryImageOfPage":{"@id":"https:\/\/portaltela.pt\/noticias\/2026\/01\/10\/asae-fiscaliza-retirada-de-mercado-de-lotes-de-formulas-infantis-da-nestle\/#primaryimage"},"image":{"@id":"https:\/\/portaltela.pt\/noticias\/2026\/01\/10\/asae-fiscaliza-retirada-de-mercado-de-lotes-de-formulas-infantis-da-nestle\/#primaryimage"},"thumbnailUrl":"https:\/\/portaltela.pt\/s.01k8rhncp4jt1\/2026\/01\/img_1500x1000uu2026-01-06-07-28-04-2258289-1.jpg","datePublished":"2026-01-10T13:29:18+00:00","author":{"@id":"https:\/\/portaltela.pt\/#\/schema\/person\/c4278d4a6028830caff9ee44b42d32ed"},"breadcrumb":{"@id":"https:\/\/portaltela.pt\/noticias\/2026\/01\/10\/asae-fiscaliza-retirada-de-mercado-de-lotes-de-formulas-infantis-da-nestle\/#breadcrumb"},"inLanguage":"pt-PT","potentialAction":[{"@type":"ReadAction","target":["https:\/\/portaltela.pt\/noticias\/2026\/01\/10\/asae-fiscaliza-retirada-de-mercado-de-lotes-de-formulas-infantis-da-nestle\/"]}]},{"@type":"ImageObject","inLanguage":"pt-PT","@id":"https:\/\/portaltela.pt\/noticias\/2026\/01\/10\/asae-fiscaliza-retirada-de-mercado-de-lotes-de-formulas-infantis-da-nestle\/#primaryimage","url":"https:\/\/portaltela.pt\/s.01k8rhncp4jt1\/2026\/01\/img_1500x1000uu2026-01-06-07-28-04-2258289-1.jpg","contentUrl":"https:\/\/portaltela.pt\/s.01k8rhncp4jt1\/2026\/01\/img_1500x1000uu2026-01-06-07-28-04-2258289-1.jpg","width":796,"height":448,"caption":"Nestle"},{"@type":"BreadcrumbList","@id":"https:\/\/portaltela.pt\/noticias\/2026\/01\/10\/asae-fiscaliza-retirada-de-mercado-de-lotes-de-formulas-infantis-da-nestle\/#breadcrumb","itemListElement":[{"@type":"ListItem","position":1,"name":"In\u00edcio","item":"https:\/\/portaltela.pt\/"},{"@type":"ListItem","position":2,"name":"ASAE fiscaliza retirada de mercado de lotes de f\u00f3rmulas infantis da Nestl\u00e9"}]},{"@type":"WebSite","@id":"https:\/\/portaltela.pt\/#website","url":"https:\/\/portaltela.pt\/","name":"Portal Tela Portugal","description":"","potentialAction":[{"@type":"SearchAction","target":{"@type":"EntryPoint","urlTemplate":"https:\/\/portaltela.pt\/?s={search_term_string}"},"query-input":{"@type":"PropertyValueSpecification","valueRequired":true,"valueName":"search_term_string"}}],"inLanguage":"pt-PT"},{"@type":"Person","@id":"https:\/\/portaltela.pt\/#\/schema\/person\/c4278d4a6028830caff9ee44b42d32ed","name":"Telinha","image":{"@type":"ImageObject","inLanguage":"pt-PT","@id":"https:\/\/portaltela.pt\/s.01k8rhncp4jt1\/2025\/11\/talking-bot-125x125.png","url":"https:\/\/portaltela.pt\/s.01k8rhncp4jt1\/2025\/11\/talking-bot-125x125.png","contentUrl":"https:\/\/portaltela.pt\/s.01k8rhncp4jt1\/2025\/11\/talking-bot-125x125.png","caption":"Telinha"},"sameAs":["https:\/\/portaltela.pt\/"],"url":"https:\/\/portaltela.pt\/por\/367410592786\/"}]}},"_links":{"self":[{"href":"https:\/\/portaltela.pt\/api\/wp\/v2\/posts\/130769","targetHints":{"allow":["GET"]}}],"collection":[{"href":"https:\/\/portaltela.pt\/api\/wp\/v2\/posts"}],"about":[{"href":"https:\/\/portaltela.pt\/api\/wp\/v2\/types\/post"}],"author":[{"embeddable":true,"href":"https:\/\/portaltela.pt\/api\/wp\/v2\/users\/2"}],"replies":[{"embeddable":true,"href":"https:\/\/portaltela.pt\/api\/wp\/v2\/comments?post=130769"}],"version-history":[{"count":0,"href":"https:\/\/portaltela.pt\/api\/wp\/v2\/posts\/130769\/revisions"}],"wp:featuredmedia":[{"embeddable":true,"href":"https:\/\/portaltela.pt\/api\/wp\/v2\/media\/130771"}],"wp:attachment":[{"href":"https:\/\/portaltela.pt\/api\/wp\/v2\/media?parent=130769"}],"wp:term":[{"taxonomy":"category","embeddable":true,"href":"https:\/\/portaltela.pt\/api\/wp\/v2\/categories?post=130769"},{"taxonomy":"post_tag","embeddable":true,"href":"https:\/\/portaltela.pt\/api\/wp\/v2\/tags?post=130769"}],"curies":[{"name":"wp","href":"https:\/\/api.w.org\/{rel}","templated":true}]}}