{"id":130697,"date":"2026-01-10T09:45:00","date_gmt":"2026-01-10T12:45:00","guid":{"rendered":"https:\/\/portaltela.pt\/noticias\/2026\/01\/10\/almodovar-abre-recrutamento-de-juizes-sociais-para-processos-de-menores\/"},"modified":"2026-01-10T09:45:00","modified_gmt":"2026-01-10T12:45:00","slug":"almodovar-abre-recrutamento-de-juizes-sociais-para-processos-de-menores","status":"publish","type":"post","link":"https:\/\/portaltela.pt\/noticias\/2026\/01\/10\/almodovar-abre-recrutamento-de-juizes-sociais-para-processos-de-menores\/","title":{"rendered":"Almod\u00f4var abre recrutamento de ju\u00edzes sociais para processos de menores"},"content":{"rendered":"<p>A C\u00e2mara Municipal de Almod\u00f4var informou que, na reuni\u00e3o ordin\u00e1ria de 7 de janeiro de 2026, aprovou o avan\u00e7o do processo de sele\u00e7\u00e3o de Ju\u00edzes Sociais. Estes v\u00e3o colaborar com o Tribunal Judicial da Comarca de Beja, no Ju\u00edzo de Compet\u00eancia Gen\u00e9rica de Almod\u00f4var, em processos envolvendo crian\u00e7as e jovens. O recrutamento abrange o per\u00edodo de 2026 a 2027, conforme o regime do Decreto-Lei n.\u00ba 156\/78.<\/p>\n<p>Podem candidatar-se cidad\u00e3os portugueses residentes no concelho, com idades entre 25 e 65 anos, que demonstrem idoneidade, estejam no pleno exerc\u00edcio dos direitos civis e pol\u00edticos e n\u00e3o tenham condena\u00e7\u00f5es por crimes dolosos. O desempenho de Juiz Social \u00e9 visto como servi\u00e7o p\u00fablico obrigat\u00f3rio e equiparado, legalmente, ao exerc\u00edcio de profiss\u00e3o ou cargo.<\/p>\n<h3>Prazos e entregas de candidaturas<\/h3>\n<p>O prazo vai at\u00e9 27 de fevereiro de 2026. Os interessados devem preencher o formul\u00e1rio dispon\u00edvel nos servi\u00e7os do munic\u00edpio, anexar curr\u00edculo e certificado de registo criminal. A candidatura pode ser entregue presencialmente no Servi\u00e7o de Expediente ou enviada por correio eletr\u00f3nico para geral@cm-almodovar.pt.<\/p>\n<h3>Etapas seguintes<\/h3>\n<p>Ap\u00f3s o encerramento das inscri\u00e7\u00f5es, o Gabinete de A\u00e7\u00e3o Social e Psicologia elaborar\u00e1 as listas de candidatos efetivos e suplentes. Estas ser\u00e3o analisadas pela C\u00e2mara Municipal, submetidas \u00e0 Assembleia Municipal e, ap\u00f3s aprova\u00e7\u00e3o, remetidas \u00e0s entidades competentes.<\/p>\n","protected":false},"excerpt":{"rendered":"<ul>\n<li>A C\u00e2mara Municipal de Almod\u00f4var abriu o recrutamento de Ju\u00edzes Sociais para colaborar com o Tribunal Judicial da Comarca de Beja, no Ju\u00edzo de Compet\u00eancia Gen\u00e9rica de Almod\u00f4var, para 2026 a 2027.<\/li>\n<li>Podem candidatar-se cidad\u00e3os portugueses residentes no concelho, entre 25 e 65 anos, com idoneidade reconhecida e sem condena\u00e7\u00f5es por crimes dolosos.<\/li>\n<li>O recrutamento est\u00e1 enquadrado no regime do Decreto\u2011Lei n.\u00ba 156\/78, de 30 de junho, e o servi\u00e7o \u00e9 equiparado ao exerc\u00edcio de profiss\u00e3o ou cargo p\u00fablico.<\/li>\n<li>O prazo de candidaturas vai at\u00e9 27 de fevereiro de 2026. Os interessados devem entregar o formul\u00e1rio, curriculum vitae e certificado de registo criminal, presencialmente ou por e-mail para geral@cm-almodovar.pt.<\/li>\n<li>Ap\u00f3s as inscri\u00e7\u00f5es, o Gabinete de A\u00e7\u00e3o Social e Psicologia elaborar\u00e1 listas de candidatos efetivos e suplentes, que ser\u00e3o analisadas pela C\u00e2mara Municipal e pela Assembleia Municipal antes de serem remetidas \u00e0s entidades competentes.<\/li>\n<\/ul>\n","protected":false},"author":2,"featured_media":130701,"comment_status":"closed","ping_status":"closed","sticky":false,"template":"","format":"standard","meta":{"footnotes":""},"categories":[1],"tags":[1084,168,1620,943,803,2181],"class_list":["post-130697","post","type-post","status-publish","format-standard","has-post-thumbnail","hentry","category-noticias","tag-acao-social","tag-administracao-publica","tag-almodovar","tag-beja","tag-justica","tag-protecao-de-menores"],"yoast_head":"<!-- This site is optimized with the Yoast SEO plugin v27.2 - https:\/\/yoast.com\/product\/yoast-seo-wordpress\/ -->\n<title>Almod\u00f4var abre recrutamento de ju\u00edzes sociais para processos de menores - Portal Tela Portugal<\/title>\n<meta name=\"robots\" content=\"index, follow, max-snippet:-1, max-image-preview:large, max-video-preview:-1\" \/>\n<meta property=\"og:locale\" content=\"pt_PT\" \/>\n<meta property=\"og:type\" content=\"article\" \/>\n<meta property=\"og:title\" content=\"Almod\u00f4var abre recrutamento de ju\u00edzes sociais para processos de menores - Portal Tela Portugal\" \/>\n<meta property=\"og:description\" content=\"A C\u00e2mara Municipal de Almod\u00f4var abriu o recrutamento de Ju\u00edzes Sociais para colaborar com o Tribunal Judicial da Comarca de Beja, no Ju\u00edzo de Compet\u00eancia Gen\u00e9rica de Almod\u00f4var, para 2026 a 2027. Podem candidatar-se cidad\u00e3os portugueses residentes no concelho, entre 25 e 65 anos, com idoneidade reconhecida e sem condena\u00e7\u00f5es por crimes dolosos. O recrutamento est\u00e1 enquadrado no regime do Decreto\u2011Lei n.\u00ba 156\/78, de 30 de junho, e o servi\u00e7o \u00e9 equiparado ao exerc\u00edcio de profiss\u00e3o ou cargo p\u00fablico. O prazo de candidaturas vai at\u00e9 27 de fevereiro de 2026. Os interessados devem entregar o formul\u00e1rio, curriculum vitae e certificado de registo criminal, presencialmente ou por e-mail para geral@cm-almodovar.pt. Ap\u00f3s as inscri\u00e7\u00f5es, o Gabinete de A\u00e7\u00e3o Social e Psicologia elaborar\u00e1 listas de candidatos efetivos e suplentes, que ser\u00e3o analisadas pela C\u00e2mara Municipal e pela Assembleia Municipal antes de serem remetidas \u00e0s entidades competentes.\" \/>\n<meta property=\"og:url\" content=\"https:\/\/portaltela.pt\/noticias\/2026\/01\/10\/almodovar-abre-recrutamento-de-juizes-sociais-para-processos-de-menores\/\" \/>\n<meta property=\"og:site_name\" content=\"Portal Tela Portugal\" \/>\n<meta property=\"article:published_time\" content=\"2026-01-10T12:45:00+00:00\" \/>\n<meta name=\"author\" content=\"Telinha\" \/>\n<meta name=\"twitter:card\" content=\"summary_large_image\" \/>\n<meta name=\"twitter:label1\" content=\"Escrito por\" \/>\n\t<meta name=\"twitter:data1\" content=\"Telinha\" \/>\n\t<meta name=\"twitter:label2\" content=\"Tempo estimado de leitura\" \/>\n\t<meta name=\"twitter:data2\" content=\"1 minuto\" \/>\n<script type=\"application\/ld+json\" class=\"yoast-schema-graph\">{\"@context\":\"https:\/\/schema.org\",\"@graph\":[{\"@type\":\"Article\",\"@id\":\"https:\/\/portaltela.pt\/noticias\/2026\/01\/10\/almodovar-abre-recrutamento-de-juizes-sociais-para-processos-de-menores\/#article\",\"isPartOf\":{\"@id\":\"https:\/\/portaltela.pt\/noticias\/2026\/01\/10\/almodovar-abre-recrutamento-de-juizes-sociais-para-processos-de-menores\/\"},\"author\":{\"name\":\"Telinha\",\"@id\":\"https:\/\/portaltela.pt\/#\/schema\/person\/c4278d4a6028830caff9ee44b42d32ed\"},\"headline\":\"Almod\u00f4var abre recrutamento de ju\u00edzes sociais para processos de menores\",\"datePublished\":\"2026-01-10T12:45:00+00:00\",\"mainEntityOfPage\":{\"@id\":\"https:\/\/portaltela.pt\/noticias\/2026\/01\/10\/almodovar-abre-recrutamento-de-juizes-sociais-para-processos-de-menores\/\"},\"wordCount\":248,\"image\":{\"@id\":\"https:\/\/portaltela.pt\/noticias\/2026\/01\/10\/almodovar-abre-recrutamento-de-juizes-sociais-para-processos-de-menores\/#primaryimage\"},\"thumbnailUrl\":\"https:\/\/portaltela.pt\/s.01k8rhncp4jt1\/2026\/01\/tribunal.jpg\",\"keywords\":[\"A\u00e7\u00e3o Social\",\"administra\u00e7\u00e3o p\u00fablica\",\"Almod\u00f4var\",\"Beja\",\"justi\u00e7a\",\"prote\u00e7\u00e3o de menores\"],\"articleSection\":[\"Not\u00edcias\"],\"inLanguage\":\"pt-PT\"},{\"@type\":\"WebPage\",\"@id\":\"https:\/\/portaltela.pt\/noticias\/2026\/01\/10\/almodovar-abre-recrutamento-de-juizes-sociais-para-processos-de-menores\/\",\"url\":\"https:\/\/portaltela.pt\/noticias\/2026\/01\/10\/almodovar-abre-recrutamento-de-juizes-sociais-para-processos-de-menores\/\",\"name\":\"Almod\u00f4var abre recrutamento de ju\u00edzes sociais para processos de menores - Portal Tela Portugal\",\"isPartOf\":{\"@id\":\"https:\/\/portaltela.pt\/#website\"},\"primaryImageOfPage\":{\"@id\":\"https:\/\/portaltela.pt\/noticias\/2026\/01\/10\/almodovar-abre-recrutamento-de-juizes-sociais-para-processos-de-menores\/#primaryimage\"},\"image\":{\"@id\":\"https:\/\/portaltela.pt\/noticias\/2026\/01\/10\/almodovar-abre-recrutamento-de-juizes-sociais-para-processos-de-menores\/#primaryimage\"},\"thumbnailUrl\":\"https:\/\/portaltela.pt\/s.01k8rhncp4jt1\/2026\/01\/tribunal.jpg\",\"datePublished\":\"2026-01-10T12:45:00+00:00\",\"author\":{\"@id\":\"https:\/\/portaltela.pt\/#\/schema\/person\/c4278d4a6028830caff9ee44b42d32ed\"},\"breadcrumb\":{\"@id\":\"https:\/\/portaltela.pt\/noticias\/2026\/01\/10\/almodovar-abre-recrutamento-de-juizes-sociais-para-processos-de-menores\/#breadcrumb\"},\"inLanguage\":\"pt-PT\",\"potentialAction\":[{\"@type\":\"ReadAction\",\"target\":[\"https:\/\/portaltela.pt\/noticias\/2026\/01\/10\/almodovar-abre-recrutamento-de-juizes-sociais-para-processos-de-menores\/\"]}]},{\"@type\":\"ImageObject\",\"inLanguage\":\"pt-PT\",\"@id\":\"https:\/\/portaltela.pt\/noticias\/2026\/01\/10\/almodovar-abre-recrutamento-de-juizes-sociais-para-processos-de-menores\/#primaryimage\",\"url\":\"https:\/\/portaltela.pt\/s.01k8rhncp4jt1\/2026\/01\/tribunal.jpg\",\"contentUrl\":\"https:\/\/portaltela.pt\/s.01k8rhncp4jt1\/2026\/01\/tribunal.jpg\",\"width\":796,\"height\":448,\"caption\":\"MP acusa homem de amea\u00e7a agravada e crime de dano contra outro em Elvas\"},{\"@type\":\"BreadcrumbList\",\"@id\":\"https:\/\/portaltela.pt\/noticias\/2026\/01\/10\/almodovar-abre-recrutamento-de-juizes-sociais-para-processos-de-menores\/#breadcrumb\",\"itemListElement\":[{\"@type\":\"ListItem\",\"position\":1,\"name\":\"In\u00edcio\",\"item\":\"https:\/\/portaltela.pt\/\"},{\"@type\":\"ListItem\",\"position\":2,\"name\":\"Almod\u00f4var abre recrutamento de ju\u00edzes sociais para processos de menores\"}]},{\"@type\":\"WebSite\",\"@id\":\"https:\/\/portaltela.pt\/#website\",\"url\":\"https:\/\/portaltela.pt\/\",\"name\":\"Portal Tela Portugal\",\"description\":\"\",\"potentialAction\":[{\"@type\":\"SearchAction\",\"target\":{\"@type\":\"EntryPoint\",\"urlTemplate\":\"https:\/\/portaltela.pt\/?s={search_term_string}\"},\"query-input\":{\"@type\":\"PropertyValueSpecification\",\"valueRequired\":true,\"valueName\":\"search_term_string\"}}],\"inLanguage\":\"pt-PT\"},{\"@type\":\"Person\",\"@id\":\"https:\/\/portaltela.pt\/#\/schema\/person\/c4278d4a6028830caff9ee44b42d32ed\",\"name\":\"Telinha\",\"image\":{\"@type\":\"ImageObject\",\"inLanguage\":\"pt-PT\",\"@id\":\"https:\/\/portaltela.pt\/s.01k8rhncp4jt1\/2025\/11\/talking-bot-125x125.png\",\"url\":\"https:\/\/portaltela.pt\/s.01k8rhncp4jt1\/2025\/11\/talking-bot-125x125.png\",\"contentUrl\":\"https:\/\/portaltela.pt\/s.01k8rhncp4jt1\/2025\/11\/talking-bot-125x125.png\",\"caption\":\"Telinha\"},\"sameAs\":[\"https:\/\/portaltela.pt\/\"],\"url\":\"https:\/\/portaltela.pt\/por\/367410592786\/\"}]}<\/script>\n<!-- \/ Yoast SEO plugin. -->","yoast_head_json":{"title":"Almod\u00f4var abre recrutamento de ju\u00edzes sociais para processos de menores - Portal Tela Portugal","robots":{"index":"index","follow":"follow","max-snippet":"max-snippet:-1","max-image-preview":"max-image-preview:large","max-video-preview":"max-video-preview:-1"},"og_locale":"pt_PT","og_type":"article","og_title":"Almod\u00f4var abre recrutamento de ju\u00edzes sociais para processos de menores - Portal Tela Portugal","og_description":"A C\u00e2mara Municipal de Almod\u00f4var abriu o recrutamento de Ju\u00edzes Sociais para colaborar com o Tribunal Judicial da Comarca de Beja, no Ju\u00edzo de Compet\u00eancia Gen\u00e9rica de Almod\u00f4var, para 2026 a 2027. Podem candidatar-se cidad\u00e3os portugueses residentes no concelho, entre 25 e 65 anos, com idoneidade reconhecida e sem condena\u00e7\u00f5es por crimes dolosos. O recrutamento est\u00e1 enquadrado no regime do Decreto\u2011Lei n.\u00ba 156\/78, de 30 de junho, e o servi\u00e7o \u00e9 equiparado ao exerc\u00edcio de profiss\u00e3o ou cargo p\u00fablico. O prazo de candidaturas vai at\u00e9 27 de fevereiro de 2026. Os interessados devem entregar o formul\u00e1rio, curriculum vitae e certificado de registo criminal, presencialmente ou por e-mail para geral@cm-almodovar.pt. Ap\u00f3s as inscri\u00e7\u00f5es, o Gabinete de A\u00e7\u00e3o Social e Psicologia elaborar\u00e1 listas de candidatos efetivos e suplentes, que ser\u00e3o analisadas pela C\u00e2mara Municipal e pela Assembleia Municipal antes de serem remetidas \u00e0s entidades competentes.","og_url":"https:\/\/portaltela.pt\/noticias\/2026\/01\/10\/almodovar-abre-recrutamento-de-juizes-sociais-para-processos-de-menores\/","og_site_name":"Portal Tela Portugal","article_published_time":"2026-01-10T12:45:00+00:00","author":"Telinha","twitter_card":"summary_large_image","twitter_misc":{"Escrito por":"Telinha","Tempo estimado de leitura":"1 minuto"},"schema":{"@context":"https:\/\/schema.org","@graph":[{"@type":"Article","@id":"https:\/\/portaltela.pt\/noticias\/2026\/01\/10\/almodovar-abre-recrutamento-de-juizes-sociais-para-processos-de-menores\/#article","isPartOf":{"@id":"https:\/\/portaltela.pt\/noticias\/2026\/01\/10\/almodovar-abre-recrutamento-de-juizes-sociais-para-processos-de-menores\/"},"author":{"name":"Telinha","@id":"https:\/\/portaltela.pt\/#\/schema\/person\/c4278d4a6028830caff9ee44b42d32ed"},"headline":"Almod\u00f4var abre recrutamento de ju\u00edzes sociais para processos de menores","datePublished":"2026-01-10T12:45:00+00:00","mainEntityOfPage":{"@id":"https:\/\/portaltela.pt\/noticias\/2026\/01\/10\/almodovar-abre-recrutamento-de-juizes-sociais-para-processos-de-menores\/"},"wordCount":248,"image":{"@id":"https:\/\/portaltela.pt\/noticias\/2026\/01\/10\/almodovar-abre-recrutamento-de-juizes-sociais-para-processos-de-menores\/#primaryimage"},"thumbnailUrl":"https:\/\/portaltela.pt\/s.01k8rhncp4jt1\/2026\/01\/tribunal.jpg","keywords":["A\u00e7\u00e3o Social","administra\u00e7\u00e3o p\u00fablica","Almod\u00f4var","Beja","justi\u00e7a","prote\u00e7\u00e3o de menores"],"articleSection":["Not\u00edcias"],"inLanguage":"pt-PT"},{"@type":"WebPage","@id":"https:\/\/portaltela.pt\/noticias\/2026\/01\/10\/almodovar-abre-recrutamento-de-juizes-sociais-para-processos-de-menores\/","url":"https:\/\/portaltela.pt\/noticias\/2026\/01\/10\/almodovar-abre-recrutamento-de-juizes-sociais-para-processos-de-menores\/","name":"Almod\u00f4var abre recrutamento de ju\u00edzes sociais para processos de menores - Portal Tela Portugal","isPartOf":{"@id":"https:\/\/portaltela.pt\/#website"},"primaryImageOfPage":{"@id":"https:\/\/portaltela.pt\/noticias\/2026\/01\/10\/almodovar-abre-recrutamento-de-juizes-sociais-para-processos-de-menores\/#primaryimage"},"image":{"@id":"https:\/\/portaltela.pt\/noticias\/2026\/01\/10\/almodovar-abre-recrutamento-de-juizes-sociais-para-processos-de-menores\/#primaryimage"},"thumbnailUrl":"https:\/\/portaltela.pt\/s.01k8rhncp4jt1\/2026\/01\/tribunal.jpg","datePublished":"2026-01-10T12:45:00+00:00","author":{"@id":"https:\/\/portaltela.pt\/#\/schema\/person\/c4278d4a6028830caff9ee44b42d32ed"},"breadcrumb":{"@id":"https:\/\/portaltela.pt\/noticias\/2026\/01\/10\/almodovar-abre-recrutamento-de-juizes-sociais-para-processos-de-menores\/#breadcrumb"},"inLanguage":"pt-PT","potentialAction":[{"@type":"ReadAction","target":["https:\/\/portaltela.pt\/noticias\/2026\/01\/10\/almodovar-abre-recrutamento-de-juizes-sociais-para-processos-de-menores\/"]}]},{"@type":"ImageObject","inLanguage":"pt-PT","@id":"https:\/\/portaltela.pt\/noticias\/2026\/01\/10\/almodovar-abre-recrutamento-de-juizes-sociais-para-processos-de-menores\/#primaryimage","url":"https:\/\/portaltela.pt\/s.01k8rhncp4jt1\/2026\/01\/tribunal.jpg","contentUrl":"https:\/\/portaltela.pt\/s.01k8rhncp4jt1\/2026\/01\/tribunal.jpg","width":796,"height":448,"caption":"MP acusa homem de amea\u00e7a agravada e crime de dano contra outro em Elvas"},{"@type":"BreadcrumbList","@id":"https:\/\/portaltela.pt\/noticias\/2026\/01\/10\/almodovar-abre-recrutamento-de-juizes-sociais-para-processos-de-menores\/#breadcrumb","itemListElement":[{"@type":"ListItem","position":1,"name":"In\u00edcio","item":"https:\/\/portaltela.pt\/"},{"@type":"ListItem","position":2,"name":"Almod\u00f4var abre recrutamento de ju\u00edzes sociais para processos de menores"}]},{"@type":"WebSite","@id":"https:\/\/portaltela.pt\/#website","url":"https:\/\/portaltela.pt\/","name":"Portal Tela Portugal","description":"","potentialAction":[{"@type":"SearchAction","target":{"@type":"EntryPoint","urlTemplate":"https:\/\/portaltela.pt\/?s={search_term_string}"},"query-input":{"@type":"PropertyValueSpecification","valueRequired":true,"valueName":"search_term_string"}}],"inLanguage":"pt-PT"},{"@type":"Person","@id":"https:\/\/portaltela.pt\/#\/schema\/person\/c4278d4a6028830caff9ee44b42d32ed","name":"Telinha","image":{"@type":"ImageObject","inLanguage":"pt-PT","@id":"https:\/\/portaltela.pt\/s.01k8rhncp4jt1\/2025\/11\/talking-bot-125x125.png","url":"https:\/\/portaltela.pt\/s.01k8rhncp4jt1\/2025\/11\/talking-bot-125x125.png","contentUrl":"https:\/\/portaltela.pt\/s.01k8rhncp4jt1\/2025\/11\/talking-bot-125x125.png","caption":"Telinha"},"sameAs":["https:\/\/portaltela.pt\/"],"url":"https:\/\/portaltela.pt\/por\/367410592786\/"}]}},"_links":{"self":[{"href":"https:\/\/portaltela.pt\/api\/wp\/v2\/posts\/130697","targetHints":{"allow":["GET"]}}],"collection":[{"href":"https:\/\/portaltela.pt\/api\/wp\/v2\/posts"}],"about":[{"href":"https:\/\/portaltela.pt\/api\/wp\/v2\/types\/post"}],"author":[{"embeddable":true,"href":"https:\/\/portaltela.pt\/api\/wp\/v2\/users\/2"}],"replies":[{"embeddable":true,"href":"https:\/\/portaltela.pt\/api\/wp\/v2\/comments?post=130697"}],"version-history":[{"count":0,"href":"https:\/\/portaltela.pt\/api\/wp\/v2\/posts\/130697\/revisions"}],"wp:featuredmedia":[{"embeddable":true,"href":"https:\/\/portaltela.pt\/api\/wp\/v2\/media\/130701"}],"wp:attachment":[{"href":"https:\/\/portaltela.pt\/api\/wp\/v2\/media?parent=130697"}],"wp:term":[{"taxonomy":"category","embeddable":true,"href":"https:\/\/portaltela.pt\/api\/wp\/v2\/categories?post=130697"},{"taxonomy":"post_tag","embeddable":true,"href":"https:\/\/portaltela.pt\/api\/wp\/v2\/tags?post=130697"}],"curies":[{"name":"wp","href":"https:\/\/api.w.org\/{rel}","templated":true}]}}