{"id":130509,"date":"2026-01-10T07:50:00","date_gmt":"2026-01-10T10:50:00","guid":{"rendered":"https:\/\/portaltela.pt\/noticias\/2026\/01\/10\/la-torre-del-visco-o-hotel-de-jemma-e-piers-num-vale-precioso-de-aragao\/"},"modified":"2026-01-10T07:50:00","modified_gmt":"2026-01-10T10:50:00","slug":"la-torre-del-visco-o-hotel-de-jemma-e-piers-num-vale-precioso-de-aragao","status":"publish","type":"post","link":"https:\/\/portaltela.pt\/noticias\/2026\/01\/10\/la-torre-del-visco-o-hotel-de-jemma-e-piers-num-vale-precioso-de-aragao\/","title":{"rendered":"La Torre del Visco, o hotel de Jemma e Piers num vale precioso de Arag\u00e3o"},"content":{"rendered":"<p>La Torre del Visco \u00e9 um hotel boutique situado no vale de Tastavins, no interior de Arag\u00e3o, Espanha. O projeto foi criado por Jemma Markham e pela equipa, ap\u00f3s venderem propriedades em Madrid e Seg\u00f3via para investir num im\u00f3vel rec\u00f4ndito. O resultado \u00e9 um alojamento com selo Relais &amp; Ch\u00e2teaux, que j\u00e1 celebra tr\u00eas d\u00e9cadas de atividade.<\/p>\n<p>A casa come\u00e7ou por ser uma ru\u00edna adquirida pelo casal, que a transformou num hotel com personalidade, rodeado pela paisagem do vale onde o sil\u00eancio \u00e9 parte da experi\u00eancia. A estadia come\u00e7a a ser promovida como uma fuga de urbanidade, com foco na tranquilidade e na autenticidade da serenidade rural.<\/p>\n<p>Final de novembro marca o regresso do frio ao local, sinal de uma esta\u00e7\u00e3o que influencia a perce\u00e7\u00e3o do visitante e o funcionamento do hotel. A equipa espera receber h\u00f3spedes que procuram uma imers\u00e3o em natureza, gastronomia regional e atendimento personalizado.<\/p>\n<h3>O percurso do hotel e a filosofia de servi\u00e7o<\/h3>\n<p>O hotel mant\u00e9m o selo de qualidade internacional, reconhecido pela abordagem cuidada a cada detalhe. A equipa destaca a import\u00e2ncia de preservar a mem\u00f3ria do local ao mesmo tempo que oferece conforto contempor\u00e2neo.<\/p>\n<p>A aposta \u00e9 pela experi\u00eancia, com espa\u00e7os que privilegiam a privacidade, a arte local e a gastronomia t\u00edpica da regi\u00e3o. O objetivo \u00e9 combinar hist\u00f3ria, ambiente e servi\u00e7o sem abandonar a ess\u00eancia do vale.<\/p>\n","protected":false},"excerpt":{"rendered":"<ul>\n<li>La Torre del Visco \u00e9 um hotel com selo Relais &amp; Ch\u00e2teaux, localizado no vale de Tastavins, comarca de Matarra\u00f1a, prov\u00edncia de Teruel, Arag\u00e3o, Espanha, a comemorar 30 anos e considerado um sucesso.<\/li>\n<li>Os propriet\u00e1rios venderam o que tinham em Madrid e Seg\u00f3via para comprar uma ru\u00edna num local rec\u00f4ndito, e foram avisados de que eram loucos.<\/li>\n<li>O primeiro a dar as boas-vindas \u00e9 Aslan, um labrador d\u00f3cil, que recebe os h\u00f3spedes na entrada.<\/li>\n<li>Jemma Markham, propriet\u00e1ria, convida os visitantes a entrar, mencionando o frio intenso do final de novembro.<\/li>\n<li>A not\u00edcia descreve o hotel como escondido mas atrativo, marcando o in\u00edcio do inverno depois de dias de manga curta.<\/li>\n<\/ul>\n","protected":false},"author":2,"featured_media":130511,"comment_status":"closed","ping_status":"closed","sticky":false,"template":"","format":"standard","meta":{"footnotes":""},"categories":[1],"tags":[2784,70,219,1917,169],"class_list":["post-130509","post","type-post","status-publish","format-standard","has-post-thumbnail","hentry","category-noticias","tag-aragao","tag-arte","tag-gastronomia","tag-hospedagem-local","tag-turismo"],"yoast_head":"<!-- This site is optimized with the Yoast SEO plugin v27.2 - https:\/\/yoast.com\/product\/yoast-seo-wordpress\/ -->\n<title>La Torre del Visco, o hotel de Jemma e Piers num vale precioso de Arag\u00e3o - Portal Tela Portugal<\/title>\n<meta name=\"robots\" content=\"index, follow, max-snippet:-1, max-image-preview:large, max-video-preview:-1\" \/>\n<meta property=\"og:locale\" content=\"pt_PT\" \/>\n<meta property=\"og:type\" content=\"article\" \/>\n<meta property=\"og:title\" content=\"La Torre del Visco, o hotel de Jemma e Piers num vale precioso de Arag\u00e3o - Portal Tela Portugal\" \/>\n<meta property=\"og:description\" content=\"La Torre del Visco \u00e9 um hotel com selo Relais &amp; Ch\u00e2teaux, localizado no vale de Tastavins, comarca de Matarra\u00f1a, prov\u00edncia de Teruel, Arag\u00e3o, Espanha, a comemorar 30 anos e considerado um sucesso. Os propriet\u00e1rios venderam o que tinham em Madrid e Seg\u00f3via para comprar uma ru\u00edna num local rec\u00f4ndito, e foram avisados de que eram loucos. O primeiro a dar as boas-vindas \u00e9 Aslan, um labrador d\u00f3cil, que recebe os h\u00f3spedes na entrada. Jemma Markham, propriet\u00e1ria, convida os visitantes a entrar, mencionando o frio intenso do final de novembro. A not\u00edcia descreve o hotel como escondido mas atrativo, marcando o in\u00edcio do inverno depois de dias de manga curta.\" \/>\n<meta property=\"og:url\" content=\"https:\/\/portaltela.pt\/noticias\/2026\/01\/10\/la-torre-del-visco-o-hotel-de-jemma-e-piers-num-vale-precioso-de-aragao\/\" \/>\n<meta property=\"og:site_name\" content=\"Portal Tela Portugal\" \/>\n<meta property=\"article:published_time\" content=\"2026-01-10T10:50:00+00:00\" \/>\n<meta name=\"author\" content=\"Telinha\" \/>\n<meta name=\"twitter:card\" content=\"summary_large_image\" \/>\n<meta name=\"twitter:label1\" content=\"Escrito por\" \/>\n\t<meta name=\"twitter:data1\" content=\"Telinha\" \/>\n\t<meta name=\"twitter:label2\" content=\"Tempo estimado de leitura\" \/>\n\t<meta name=\"twitter:data2\" content=\"1 minuto\" \/>\n<script type=\"application\/ld+json\" class=\"yoast-schema-graph\">{\"@context\":\"https:\/\/schema.org\",\"@graph\":[{\"@type\":\"Article\",\"@id\":\"https:\/\/portaltela.pt\/noticias\/2026\/01\/10\/la-torre-del-visco-o-hotel-de-jemma-e-piers-num-vale-precioso-de-aragao\/#article\",\"isPartOf\":{\"@id\":\"https:\/\/portaltela.pt\/noticias\/2026\/01\/10\/la-torre-del-visco-o-hotel-de-jemma-e-piers-num-vale-precioso-de-aragao\/\"},\"author\":{\"name\":\"Telinha\",\"@id\":\"https:\/\/portaltela.pt\/#\/schema\/person\/c4278d4a6028830caff9ee44b42d32ed\"},\"headline\":\"La Torre del Visco, o hotel de Jemma e Piers num vale precioso de Arag\u00e3o\",\"datePublished\":\"2026-01-10T10:50:00+00:00\",\"mainEntityOfPage\":{\"@id\":\"https:\/\/portaltela.pt\/noticias\/2026\/01\/10\/la-torre-del-visco-o-hotel-de-jemma-e-piers-num-vale-precioso-de-aragao\/\"},\"wordCount\":264,\"image\":{\"@id\":\"https:\/\/portaltela.pt\/noticias\/2026\/01\/10\/la-torre-del-visco-o-hotel-de-jemma-e-piers-num-vale-precioso-de-aragao\/#primaryimage\"},\"thumbnailUrl\":\"https:\/\/portaltela.pt\/s.01k8rhncp4jt1\/2026\/01\/2057208.jpg\",\"keywords\":[\"Arag\u00e3o\",\"arte\",\"gastronomia\",\"hospedagem local\",\"turismo\"],\"articleSection\":[\"Not\u00edcias\"],\"inLanguage\":\"pt-PT\"},{\"@type\":\"WebPage\",\"@id\":\"https:\/\/portaltela.pt\/noticias\/2026\/01\/10\/la-torre-del-visco-o-hotel-de-jemma-e-piers-num-vale-precioso-de-aragao\/\",\"url\":\"https:\/\/portaltela.pt\/noticias\/2026\/01\/10\/la-torre-del-visco-o-hotel-de-jemma-e-piers-num-vale-precioso-de-aragao\/\",\"name\":\"La Torre del Visco, o hotel de Jemma e Piers num vale precioso de Arag\u00e3o - Portal Tela Portugal\",\"isPartOf\":{\"@id\":\"https:\/\/portaltela.pt\/#website\"},\"primaryImageOfPage\":{\"@id\":\"https:\/\/portaltela.pt\/noticias\/2026\/01\/10\/la-torre-del-visco-o-hotel-de-jemma-e-piers-num-vale-precioso-de-aragao\/#primaryimage\"},\"image\":{\"@id\":\"https:\/\/portaltela.pt\/noticias\/2026\/01\/10\/la-torre-del-visco-o-hotel-de-jemma-e-piers-num-vale-precioso-de-aragao\/#primaryimage\"},\"thumbnailUrl\":\"https:\/\/portaltela.pt\/s.01k8rhncp4jt1\/2026\/01\/2057208.jpg\",\"datePublished\":\"2026-01-10T10:50:00+00:00\",\"author\":{\"@id\":\"https:\/\/portaltela.pt\/#\/schema\/person\/c4278d4a6028830caff9ee44b42d32ed\"},\"breadcrumb\":{\"@id\":\"https:\/\/portaltela.pt\/noticias\/2026\/01\/10\/la-torre-del-visco-o-hotel-de-jemma-e-piers-num-vale-precioso-de-aragao\/#breadcrumb\"},\"inLanguage\":\"pt-PT\",\"potentialAction\":[{\"@type\":\"ReadAction\",\"target\":[\"https:\/\/portaltela.pt\/noticias\/2026\/01\/10\/la-torre-del-visco-o-hotel-de-jemma-e-piers-num-vale-precioso-de-aragao\/\"]}]},{\"@type\":\"ImageObject\",\"inLanguage\":\"pt-PT\",\"@id\":\"https:\/\/portaltela.pt\/noticias\/2026\/01\/10\/la-torre-del-visco-o-hotel-de-jemma-e-piers-num-vale-precioso-de-aragao\/#primaryimage\",\"url\":\"https:\/\/portaltela.pt\/s.01k8rhncp4jt1\/2026\/01\/2057208.jpg\",\"contentUrl\":\"https:\/\/portaltela.pt\/s.01k8rhncp4jt1\/2026\/01\/2057208.jpg\",\"width\":796,\"height\":448,\"caption\":\"Rodeada por natureza, La Torre del Visco \u00e9 um lugar ideal para desconectar\"},{\"@type\":\"BreadcrumbList\",\"@id\":\"https:\/\/portaltela.pt\/noticias\/2026\/01\/10\/la-torre-del-visco-o-hotel-de-jemma-e-piers-num-vale-precioso-de-aragao\/#breadcrumb\",\"itemListElement\":[{\"@type\":\"ListItem\",\"position\":1,\"name\":\"In\u00edcio\",\"item\":\"https:\/\/portaltela.pt\/\"},{\"@type\":\"ListItem\",\"position\":2,\"name\":\"La Torre del Visco, o hotel de Jemma e Piers num vale precioso de Arag\u00e3o\"}]},{\"@type\":\"WebSite\",\"@id\":\"https:\/\/portaltela.pt\/#website\",\"url\":\"https:\/\/portaltela.pt\/\",\"name\":\"Portal Tela Portugal\",\"description\":\"\",\"potentialAction\":[{\"@type\":\"SearchAction\",\"target\":{\"@type\":\"EntryPoint\",\"urlTemplate\":\"https:\/\/portaltela.pt\/?s={search_term_string}\"},\"query-input\":{\"@type\":\"PropertyValueSpecification\",\"valueRequired\":true,\"valueName\":\"search_term_string\"}}],\"inLanguage\":\"pt-PT\"},{\"@type\":\"Person\",\"@id\":\"https:\/\/portaltela.pt\/#\/schema\/person\/c4278d4a6028830caff9ee44b42d32ed\",\"name\":\"Telinha\",\"image\":{\"@type\":\"ImageObject\",\"inLanguage\":\"pt-PT\",\"@id\":\"https:\/\/portaltela.pt\/s.01k8rhncp4jt1\/2025\/11\/talking-bot-125x125.png\",\"url\":\"https:\/\/portaltela.pt\/s.01k8rhncp4jt1\/2025\/11\/talking-bot-125x125.png\",\"contentUrl\":\"https:\/\/portaltela.pt\/s.01k8rhncp4jt1\/2025\/11\/talking-bot-125x125.png\",\"caption\":\"Telinha\"},\"sameAs\":[\"https:\/\/portaltela.pt\/\"],\"url\":\"https:\/\/portaltela.pt\/por\/367410592786\/\"}]}<\/script>\n<!-- \/ Yoast SEO plugin. -->","yoast_head_json":{"title":"La Torre del Visco, o hotel de Jemma e Piers num vale precioso de Arag\u00e3o - Portal Tela Portugal","robots":{"index":"index","follow":"follow","max-snippet":"max-snippet:-1","max-image-preview":"max-image-preview:large","max-video-preview":"max-video-preview:-1"},"og_locale":"pt_PT","og_type":"article","og_title":"La Torre del Visco, o hotel de Jemma e Piers num vale precioso de Arag\u00e3o - Portal Tela Portugal","og_description":"La Torre del Visco \u00e9 um hotel com selo Relais &amp; Ch\u00e2teaux, localizado no vale de Tastavins, comarca de Matarra\u00f1a, prov\u00edncia de Teruel, Arag\u00e3o, Espanha, a comemorar 30 anos e considerado um sucesso. Os propriet\u00e1rios venderam o que tinham em Madrid e Seg\u00f3via para comprar uma ru\u00edna num local rec\u00f4ndito, e foram avisados de que eram loucos. O primeiro a dar as boas-vindas \u00e9 Aslan, um labrador d\u00f3cil, que recebe os h\u00f3spedes na entrada. Jemma Markham, propriet\u00e1ria, convida os visitantes a entrar, mencionando o frio intenso do final de novembro. A not\u00edcia descreve o hotel como escondido mas atrativo, marcando o in\u00edcio do inverno depois de dias de manga curta.","og_url":"https:\/\/portaltela.pt\/noticias\/2026\/01\/10\/la-torre-del-visco-o-hotel-de-jemma-e-piers-num-vale-precioso-de-aragao\/","og_site_name":"Portal Tela Portugal","article_published_time":"2026-01-10T10:50:00+00:00","author":"Telinha","twitter_card":"summary_large_image","twitter_misc":{"Escrito por":"Telinha","Tempo estimado de leitura":"1 minuto"},"schema":{"@context":"https:\/\/schema.org","@graph":[{"@type":"Article","@id":"https:\/\/portaltela.pt\/noticias\/2026\/01\/10\/la-torre-del-visco-o-hotel-de-jemma-e-piers-num-vale-precioso-de-aragao\/#article","isPartOf":{"@id":"https:\/\/portaltela.pt\/noticias\/2026\/01\/10\/la-torre-del-visco-o-hotel-de-jemma-e-piers-num-vale-precioso-de-aragao\/"},"author":{"name":"Telinha","@id":"https:\/\/portaltela.pt\/#\/schema\/person\/c4278d4a6028830caff9ee44b42d32ed"},"headline":"La Torre del Visco, o hotel de Jemma e Piers num vale precioso de Arag\u00e3o","datePublished":"2026-01-10T10:50:00+00:00","mainEntityOfPage":{"@id":"https:\/\/portaltela.pt\/noticias\/2026\/01\/10\/la-torre-del-visco-o-hotel-de-jemma-e-piers-num-vale-precioso-de-aragao\/"},"wordCount":264,"image":{"@id":"https:\/\/portaltela.pt\/noticias\/2026\/01\/10\/la-torre-del-visco-o-hotel-de-jemma-e-piers-num-vale-precioso-de-aragao\/#primaryimage"},"thumbnailUrl":"https:\/\/portaltela.pt\/s.01k8rhncp4jt1\/2026\/01\/2057208.jpg","keywords":["Arag\u00e3o","arte","gastronomia","hospedagem local","turismo"],"articleSection":["Not\u00edcias"],"inLanguage":"pt-PT"},{"@type":"WebPage","@id":"https:\/\/portaltela.pt\/noticias\/2026\/01\/10\/la-torre-del-visco-o-hotel-de-jemma-e-piers-num-vale-precioso-de-aragao\/","url":"https:\/\/portaltela.pt\/noticias\/2026\/01\/10\/la-torre-del-visco-o-hotel-de-jemma-e-piers-num-vale-precioso-de-aragao\/","name":"La Torre del Visco, o hotel de Jemma e Piers num vale precioso de Arag\u00e3o - Portal Tela Portugal","isPartOf":{"@id":"https:\/\/portaltela.pt\/#website"},"primaryImageOfPage":{"@id":"https:\/\/portaltela.pt\/noticias\/2026\/01\/10\/la-torre-del-visco-o-hotel-de-jemma-e-piers-num-vale-precioso-de-aragao\/#primaryimage"},"image":{"@id":"https:\/\/portaltela.pt\/noticias\/2026\/01\/10\/la-torre-del-visco-o-hotel-de-jemma-e-piers-num-vale-precioso-de-aragao\/#primaryimage"},"thumbnailUrl":"https:\/\/portaltela.pt\/s.01k8rhncp4jt1\/2026\/01\/2057208.jpg","datePublished":"2026-01-10T10:50:00+00:00","author":{"@id":"https:\/\/portaltela.pt\/#\/schema\/person\/c4278d4a6028830caff9ee44b42d32ed"},"breadcrumb":{"@id":"https:\/\/portaltela.pt\/noticias\/2026\/01\/10\/la-torre-del-visco-o-hotel-de-jemma-e-piers-num-vale-precioso-de-aragao\/#breadcrumb"},"inLanguage":"pt-PT","potentialAction":[{"@type":"ReadAction","target":["https:\/\/portaltela.pt\/noticias\/2026\/01\/10\/la-torre-del-visco-o-hotel-de-jemma-e-piers-num-vale-precioso-de-aragao\/"]}]},{"@type":"ImageObject","inLanguage":"pt-PT","@id":"https:\/\/portaltela.pt\/noticias\/2026\/01\/10\/la-torre-del-visco-o-hotel-de-jemma-e-piers-num-vale-precioso-de-aragao\/#primaryimage","url":"https:\/\/portaltela.pt\/s.01k8rhncp4jt1\/2026\/01\/2057208.jpg","contentUrl":"https:\/\/portaltela.pt\/s.01k8rhncp4jt1\/2026\/01\/2057208.jpg","width":796,"height":448,"caption":"Rodeada por natureza, La Torre del Visco \u00e9 um lugar ideal para desconectar"},{"@type":"BreadcrumbList","@id":"https:\/\/portaltela.pt\/noticias\/2026\/01\/10\/la-torre-del-visco-o-hotel-de-jemma-e-piers-num-vale-precioso-de-aragao\/#breadcrumb","itemListElement":[{"@type":"ListItem","position":1,"name":"In\u00edcio","item":"https:\/\/portaltela.pt\/"},{"@type":"ListItem","position":2,"name":"La Torre del Visco, o hotel de Jemma e Piers num vale precioso de Arag\u00e3o"}]},{"@type":"WebSite","@id":"https:\/\/portaltela.pt\/#website","url":"https:\/\/portaltela.pt\/","name":"Portal Tela Portugal","description":"","potentialAction":[{"@type":"SearchAction","target":{"@type":"EntryPoint","urlTemplate":"https:\/\/portaltela.pt\/?s={search_term_string}"},"query-input":{"@type":"PropertyValueSpecification","valueRequired":true,"valueName":"search_term_string"}}],"inLanguage":"pt-PT"},{"@type":"Person","@id":"https:\/\/portaltela.pt\/#\/schema\/person\/c4278d4a6028830caff9ee44b42d32ed","name":"Telinha","image":{"@type":"ImageObject","inLanguage":"pt-PT","@id":"https:\/\/portaltela.pt\/s.01k8rhncp4jt1\/2025\/11\/talking-bot-125x125.png","url":"https:\/\/portaltela.pt\/s.01k8rhncp4jt1\/2025\/11\/talking-bot-125x125.png","contentUrl":"https:\/\/portaltela.pt\/s.01k8rhncp4jt1\/2025\/11\/talking-bot-125x125.png","caption":"Telinha"},"sameAs":["https:\/\/portaltela.pt\/"],"url":"https:\/\/portaltela.pt\/por\/367410592786\/"}]}},"_links":{"self":[{"href":"https:\/\/portaltela.pt\/api\/wp\/v2\/posts\/130509","targetHints":{"allow":["GET"]}}],"collection":[{"href":"https:\/\/portaltela.pt\/api\/wp\/v2\/posts"}],"about":[{"href":"https:\/\/portaltela.pt\/api\/wp\/v2\/types\/post"}],"author":[{"embeddable":true,"href":"https:\/\/portaltela.pt\/api\/wp\/v2\/users\/2"}],"replies":[{"embeddable":true,"href":"https:\/\/portaltela.pt\/api\/wp\/v2\/comments?post=130509"}],"version-history":[{"count":0,"href":"https:\/\/portaltela.pt\/api\/wp\/v2\/posts\/130509\/revisions"}],"wp:featuredmedia":[{"embeddable":true,"href":"https:\/\/portaltela.pt\/api\/wp\/v2\/media\/130511"}],"wp:attachment":[{"href":"https:\/\/portaltela.pt\/api\/wp\/v2\/media?parent=130509"}],"wp:term":[{"taxonomy":"category","embeddable":true,"href":"https:\/\/portaltela.pt\/api\/wp\/v2\/categories?post=130509"},{"taxonomy":"post_tag","embeddable":true,"href":"https:\/\/portaltela.pt\/api\/wp\/v2\/tags?post=130509"}],"curies":[{"name":"wp","href":"https:\/\/api.w.org\/{rel}","templated":true}]}}