{"id":130496,"date":"2026-01-10T08:00:00","date_gmt":"2026-01-10T11:00:00","guid":{"rendered":"https:\/\/portaltela.pt\/noticias\/2026\/01\/10\/castro-daire-viaja-a-moimenta-da-beira-para-defender-a-lideranca\/"},"modified":"2026-01-10T08:00:00","modified_gmt":"2026-01-10T11:00:00","slug":"castro-daire-viaja-a-moimenta-da-beira-para-defender-a-lideranca","status":"publish","type":"post","link":"https:\/\/portaltela.pt\/desporto\/futebol\/2026\/01\/10\/castro-daire-viaja-a-moimenta-da-beira-para-defender-a-lideranca\/","title":{"rendered":"Castro Daire viaja a Moimenta da Beira para defender a lideran\u00e7a"},"content":{"rendered":"<p>O Castro Daire desloca-se este domingo a Moimenta da Beira para defender a lideran\u00e7a da Divis\u00e3o de Honra da Associa\u00e7\u00e3o de Futebol de Viseu. A equipa est\u00e1 isolada no comando, com apenas um ponto de vantagem sobre o Penalva do Castelo e dois de dist\u00e2ncia para Oliveira de Frades e Lamelas.<\/p>\n<p>O confronto de domingo \u00e9 visto como o jogo grande da 15.\u00aa jornada e realiza-se em Penalva do Castelo, diante do Lamelas. A prova envolve oito jogos no total, com os hor\u00e1rios marcados para as 15:00.<\/p>\n<h3>Jogo-chave na corrida \u00e0 lideran\u00e7a<\/h3>\n<p>Al\u00e9m do duelo entre Moimenta da Beira e Castro Daire, a jornada inclui Nelas vs Mangualde, Sampedrense vs S\u00e1t\u00e3o, Ferreira d\u2019 Aves vs Carvalhais, Nespereira vs Lusitano e Campia vs Vale de A\u00e7ores. Todas as partidas come\u00e7am \u00e0s 15:00.<\/p>\n<h3>Liga\u00e7\u00f5es e agenda<\/h3>\n<ul>\n<li>Moimenta da Beira \u2013 Castro Daire<\/li>\n<li>Nelas \u2013 Mangualde<\/li>\n<li>Sampedrense \u2013 S\u00e1t\u00e3o<\/li>\n<li>Ferreira d\u2019 Aves \u2013 Carvalhais<\/li>\n<li>Nespereira \u2013 Lusitano<\/li>\n<li>Penalva do Castelo \u2013 Lamelas<\/li>\n<li>Campia \u2013 Vale de A\u00e7ores<\/li>\n<\/ul>\n<p>Esta e outras not\u00edcias para ouvir na Esta\u00e7\u00e3o Di\u00e1ria \u2013 96.8 FM ou no site 968.fm.<\/p>\n","protected":false},"excerpt":{"rendered":"<ul>\n<li>Castro Daire viaja a Moimenta da Beira para defender a lideran\u00e7a da Divis\u00e3o de Honra da Associa\u00e7\u00e3o de Futebol de Viseu.<\/li>\n<li>\u00c0 hora atual, o Castro Daire tem um ponto de vantagem sobre o Penalva do Castelo, e Oliveira de Frades e Lamelas ficam a dois pontos.<\/li>\n<li>O jogo grande da jornada 15 acontece em Penalva do Castelo, com a rece\u00e7\u00e3o ao Lamelas.<\/li>\n<li>Outros encontros da ronda s\u00e3o Moimenta da Beira \u2013 Castro Daire, Nelas \u2013 Mangualde, Sampedrense \u2013 S\u00e1t\u00e3o, Ferreira d\u2019 Aves \u2013 Carvalhais, Nespereira \u2013 Lusitano e Campia \u2013 Vale de A\u00e7ores.<\/li>\n<li>Todas as partidas come\u00e7am \u00e0s 15:00.<\/li>\n<\/ul>\n","protected":false},"author":2,"featured_media":130507,"comment_status":"closed","ping_status":"closed","sticky":false,"template":"","format":"standard","meta":{"footnotes":""},"categories":[21,24],"tags":[1797,1302,2157,1307,1721,1801],"class_list":["post-130496","post","type-post","status-publish","format-standard","has-post-thumbnail","hentry","category-desporto","category-futebol","tag-castro-daire","tag-mangualde","tag-moimenta-da-beira","tag-nelas","tag-penalva-do-castelo","tag-satao"],"yoast_head":"<!-- This site is optimized with the Yoast SEO plugin v27.2 - https:\/\/yoast.com\/product\/yoast-seo-wordpress\/ -->\n<title>Castro Daire viaja a Moimenta da Beira para defender a lideran\u00e7a - Portal Tela Portugal<\/title>\n<meta name=\"robots\" content=\"index, follow, max-snippet:-1, max-image-preview:large, max-video-preview:-1\" \/>\n<meta property=\"og:locale\" content=\"pt_PT\" \/>\n<meta property=\"og:type\" content=\"article\" \/>\n<meta property=\"og:title\" content=\"Castro Daire viaja a Moimenta da Beira para defender a lideran\u00e7a - Portal Tela Portugal\" \/>\n<meta property=\"og:description\" content=\"Castro Daire viaja a Moimenta da Beira para defender a lideran\u00e7a da Divis\u00e3o de Honra da Associa\u00e7\u00e3o de Futebol de Viseu. \u00c0 hora atual, o Castro Daire tem um ponto de vantagem sobre o Penalva do Castelo, e Oliveira de Frades e Lamelas ficam a dois pontos. O jogo grande da jornada 15 acontece em Penalva do Castelo, com a rece\u00e7\u00e3o ao Lamelas. Outros encontros da ronda s\u00e3o Moimenta da Beira \u2013 Castro Daire, Nelas \u2013 Mangualde, Sampedrense \u2013 S\u00e1t\u00e3o, Ferreira d\u2019 Aves \u2013 Carvalhais, Nespereira \u2013 Lusitano e Campia \u2013 Vale de A\u00e7ores. Todas as partidas come\u00e7am \u00e0s 15:00.\" \/>\n<meta property=\"og:url\" content=\"https:\/\/portaltela.pt\/noticias\/2026\/01\/10\/castro-daire-viaja-a-moimenta-da-beira-para-defender-a-lideranca\/\" \/>\n<meta property=\"og:site_name\" content=\"Portal Tela Portugal\" \/>\n<meta property=\"article:published_time\" content=\"2026-01-10T11:00:00+00:00\" \/>\n<meta name=\"author\" content=\"Telinha\" \/>\n<meta name=\"twitter:card\" content=\"summary_large_image\" \/>\n<meta name=\"twitter:label1\" content=\"Escrito por\" \/>\n\t<meta name=\"twitter:data1\" content=\"Telinha\" \/>\n\t<meta name=\"twitter:label2\" content=\"Tempo estimado de leitura\" \/>\n\t<meta name=\"twitter:data2\" content=\"1 minuto\" \/>\n<script type=\"application\/ld+json\" class=\"yoast-schema-graph\">{\"@context\":\"https:\/\/schema.org\",\"@graph\":[{\"@type\":\"Article\",\"@id\":\"https:\/\/portaltela.pt\/noticias\/2026\/01\/10\/castro-daire-viaja-a-moimenta-da-beira-para-defender-a-lideranca\/#article\",\"isPartOf\":{\"@id\":\"https:\/\/portaltela.pt\/noticias\/2026\/01\/10\/castro-daire-viaja-a-moimenta-da-beira-para-defender-a-lideranca\/\"},\"author\":{\"name\":\"Telinha\",\"@id\":\"https:\/\/portaltela.pt\/#\/schema\/person\/c4278d4a6028830caff9ee44b42d32ed\"},\"headline\":\"Castro Daire viaja a Moimenta da Beira para defender a lideran\u00e7a\",\"datePublished\":\"2026-01-10T11:00:00+00:00\",\"mainEntityOfPage\":{\"@id\":\"https:\/\/portaltela.pt\/noticias\/2026\/01\/10\/castro-daire-viaja-a-moimenta-da-beira-para-defender-a-lideranca\/\"},\"wordCount\":196,\"image\":{\"@id\":\"https:\/\/portaltela.pt\/noticias\/2026\/01\/10\/castro-daire-viaja-a-moimenta-da-beira-para-defender-a-lideranca\/#primaryimage\"},\"thumbnailUrl\":\"https:\/\/portaltela.pt\/s.01k8rhncp4jt1\/2026\/01\/unnamed-file-2017.jpg\",\"keywords\":[\"Castro Daire\",\"Mangualde\",\"Moimenta da Beira\",\"Nelas\",\"Penalva do Castelo\",\"S\u00e1t\u00e3o\"],\"articleSection\":[\"Desporto\",\"Futebol\"],\"inLanguage\":\"pt-PT\"},{\"@type\":\"WebPage\",\"@id\":\"https:\/\/portaltela.pt\/noticias\/2026\/01\/10\/castro-daire-viaja-a-moimenta-da-beira-para-defender-a-lideranca\/\",\"url\":\"https:\/\/portaltela.pt\/noticias\/2026\/01\/10\/castro-daire-viaja-a-moimenta-da-beira-para-defender-a-lideranca\/\",\"name\":\"Castro Daire viaja a Moimenta da Beira para defender a lideran\u00e7a - Portal Tela Portugal\",\"isPartOf\":{\"@id\":\"https:\/\/portaltela.pt\/#website\"},\"primaryImageOfPage\":{\"@id\":\"https:\/\/portaltela.pt\/noticias\/2026\/01\/10\/castro-daire-viaja-a-moimenta-da-beira-para-defender-a-lideranca\/#primaryimage\"},\"image\":{\"@id\":\"https:\/\/portaltela.pt\/noticias\/2026\/01\/10\/castro-daire-viaja-a-moimenta-da-beira-para-defender-a-lideranca\/#primaryimage\"},\"thumbnailUrl\":\"https:\/\/portaltela.pt\/s.01k8rhncp4jt1\/2026\/01\/unnamed-file-2017.jpg\",\"datePublished\":\"2026-01-10T11:00:00+00:00\",\"author\":{\"@id\":\"https:\/\/portaltela.pt\/#\/schema\/person\/c4278d4a6028830caff9ee44b42d32ed\"},\"breadcrumb\":{\"@id\":\"https:\/\/portaltela.pt\/noticias\/2026\/01\/10\/castro-daire-viaja-a-moimenta-da-beira-para-defender-a-lideranca\/#breadcrumb\"},\"inLanguage\":\"pt-PT\",\"potentialAction\":[{\"@type\":\"ReadAction\",\"target\":[\"https:\/\/portaltela.pt\/noticias\/2026\/01\/10\/castro-daire-viaja-a-moimenta-da-beira-para-defender-a-lideranca\/\"]}]},{\"@type\":\"ImageObject\",\"inLanguage\":\"pt-PT\",\"@id\":\"https:\/\/portaltela.pt\/noticias\/2026\/01\/10\/castro-daire-viaja-a-moimenta-da-beira-para-defender-a-lideranca\/#primaryimage\",\"url\":\"https:\/\/portaltela.pt\/s.01k8rhncp4jt1\/2026\/01\/unnamed-file-2017.jpg\",\"contentUrl\":\"https:\/\/portaltela.pt\/s.01k8rhncp4jt1\/2026\/01\/unnamed-file-2017.jpg\",\"width\":796,\"height\":448,\"caption\":\"Campeonato de Portugal: Mort\u00e1gua e Resende somaram mais um ponto, Cinf\u00e3es voltou a perder\"},{\"@type\":\"BreadcrumbList\",\"@id\":\"https:\/\/portaltela.pt\/noticias\/2026\/01\/10\/castro-daire-viaja-a-moimenta-da-beira-para-defender-a-lideranca\/#breadcrumb\",\"itemListElement\":[{\"@type\":\"ListItem\",\"position\":1,\"name\":\"In\u00edcio\",\"item\":\"https:\/\/portaltela.pt\/\"},{\"@type\":\"ListItem\",\"position\":2,\"name\":\"Castro Daire viaja a Moimenta da Beira para defender a lideran\u00e7a\"}]},{\"@type\":\"WebSite\",\"@id\":\"https:\/\/portaltela.pt\/#website\",\"url\":\"https:\/\/portaltela.pt\/\",\"name\":\"Portal Tela Portugal\",\"description\":\"\",\"potentialAction\":[{\"@type\":\"SearchAction\",\"target\":{\"@type\":\"EntryPoint\",\"urlTemplate\":\"https:\/\/portaltela.pt\/?s={search_term_string}\"},\"query-input\":{\"@type\":\"PropertyValueSpecification\",\"valueRequired\":true,\"valueName\":\"search_term_string\"}}],\"inLanguage\":\"pt-PT\"},{\"@type\":\"Person\",\"@id\":\"https:\/\/portaltela.pt\/#\/schema\/person\/c4278d4a6028830caff9ee44b42d32ed\",\"name\":\"Telinha\",\"image\":{\"@type\":\"ImageObject\",\"inLanguage\":\"pt-PT\",\"@id\":\"https:\/\/portaltela.pt\/s.01k8rhncp4jt1\/2025\/11\/talking-bot-125x125.png\",\"url\":\"https:\/\/portaltela.pt\/s.01k8rhncp4jt1\/2025\/11\/talking-bot-125x125.png\",\"contentUrl\":\"https:\/\/portaltela.pt\/s.01k8rhncp4jt1\/2025\/11\/talking-bot-125x125.png\",\"caption\":\"Telinha\"},\"sameAs\":[\"https:\/\/portaltela.pt\/\"],\"url\":\"https:\/\/portaltela.pt\/por\/367410592786\/\"}]}<\/script>\n<!-- \/ Yoast SEO plugin. -->","yoast_head_json":{"title":"Castro Daire viaja a Moimenta da Beira para defender a lideran\u00e7a - Portal Tela Portugal","robots":{"index":"index","follow":"follow","max-snippet":"max-snippet:-1","max-image-preview":"max-image-preview:large","max-video-preview":"max-video-preview:-1"},"og_locale":"pt_PT","og_type":"article","og_title":"Castro Daire viaja a Moimenta da Beira para defender a lideran\u00e7a - Portal Tela Portugal","og_description":"Castro Daire viaja a Moimenta da Beira para defender a lideran\u00e7a da Divis\u00e3o de Honra da Associa\u00e7\u00e3o de Futebol de Viseu. \u00c0 hora atual, o Castro Daire tem um ponto de vantagem sobre o Penalva do Castelo, e Oliveira de Frades e Lamelas ficam a dois pontos. O jogo grande da jornada 15 acontece em Penalva do Castelo, com a rece\u00e7\u00e3o ao Lamelas. Outros encontros da ronda s\u00e3o Moimenta da Beira \u2013 Castro Daire, Nelas \u2013 Mangualde, Sampedrense \u2013 S\u00e1t\u00e3o, Ferreira d\u2019 Aves \u2013 Carvalhais, Nespereira \u2013 Lusitano e Campia \u2013 Vale de A\u00e7ores. Todas as partidas come\u00e7am \u00e0s 15:00.","og_url":"https:\/\/portaltela.pt\/noticias\/2026\/01\/10\/castro-daire-viaja-a-moimenta-da-beira-para-defender-a-lideranca\/","og_site_name":"Portal Tela Portugal","article_published_time":"2026-01-10T11:00:00+00:00","author":"Telinha","twitter_card":"summary_large_image","twitter_misc":{"Escrito por":"Telinha","Tempo estimado de leitura":"1 minuto"},"schema":{"@context":"https:\/\/schema.org","@graph":[{"@type":"Article","@id":"https:\/\/portaltela.pt\/noticias\/2026\/01\/10\/castro-daire-viaja-a-moimenta-da-beira-para-defender-a-lideranca\/#article","isPartOf":{"@id":"https:\/\/portaltela.pt\/noticias\/2026\/01\/10\/castro-daire-viaja-a-moimenta-da-beira-para-defender-a-lideranca\/"},"author":{"name":"Telinha","@id":"https:\/\/portaltela.pt\/#\/schema\/person\/c4278d4a6028830caff9ee44b42d32ed"},"headline":"Castro Daire viaja a Moimenta da Beira para defender a lideran\u00e7a","datePublished":"2026-01-10T11:00:00+00:00","mainEntityOfPage":{"@id":"https:\/\/portaltela.pt\/noticias\/2026\/01\/10\/castro-daire-viaja-a-moimenta-da-beira-para-defender-a-lideranca\/"},"wordCount":196,"image":{"@id":"https:\/\/portaltela.pt\/noticias\/2026\/01\/10\/castro-daire-viaja-a-moimenta-da-beira-para-defender-a-lideranca\/#primaryimage"},"thumbnailUrl":"https:\/\/portaltela.pt\/s.01k8rhncp4jt1\/2026\/01\/unnamed-file-2017.jpg","keywords":["Castro Daire","Mangualde","Moimenta da Beira","Nelas","Penalva do Castelo","S\u00e1t\u00e3o"],"articleSection":["Desporto","Futebol"],"inLanguage":"pt-PT"},{"@type":"WebPage","@id":"https:\/\/portaltela.pt\/noticias\/2026\/01\/10\/castro-daire-viaja-a-moimenta-da-beira-para-defender-a-lideranca\/","url":"https:\/\/portaltela.pt\/noticias\/2026\/01\/10\/castro-daire-viaja-a-moimenta-da-beira-para-defender-a-lideranca\/","name":"Castro Daire viaja a Moimenta da Beira para defender a lideran\u00e7a - Portal Tela Portugal","isPartOf":{"@id":"https:\/\/portaltela.pt\/#website"},"primaryImageOfPage":{"@id":"https:\/\/portaltela.pt\/noticias\/2026\/01\/10\/castro-daire-viaja-a-moimenta-da-beira-para-defender-a-lideranca\/#primaryimage"},"image":{"@id":"https:\/\/portaltela.pt\/noticias\/2026\/01\/10\/castro-daire-viaja-a-moimenta-da-beira-para-defender-a-lideranca\/#primaryimage"},"thumbnailUrl":"https:\/\/portaltela.pt\/s.01k8rhncp4jt1\/2026\/01\/unnamed-file-2017.jpg","datePublished":"2026-01-10T11:00:00+00:00","author":{"@id":"https:\/\/portaltela.pt\/#\/schema\/person\/c4278d4a6028830caff9ee44b42d32ed"},"breadcrumb":{"@id":"https:\/\/portaltela.pt\/noticias\/2026\/01\/10\/castro-daire-viaja-a-moimenta-da-beira-para-defender-a-lideranca\/#breadcrumb"},"inLanguage":"pt-PT","potentialAction":[{"@type":"ReadAction","target":["https:\/\/portaltela.pt\/noticias\/2026\/01\/10\/castro-daire-viaja-a-moimenta-da-beira-para-defender-a-lideranca\/"]}]},{"@type":"ImageObject","inLanguage":"pt-PT","@id":"https:\/\/portaltela.pt\/noticias\/2026\/01\/10\/castro-daire-viaja-a-moimenta-da-beira-para-defender-a-lideranca\/#primaryimage","url":"https:\/\/portaltela.pt\/s.01k8rhncp4jt1\/2026\/01\/unnamed-file-2017.jpg","contentUrl":"https:\/\/portaltela.pt\/s.01k8rhncp4jt1\/2026\/01\/unnamed-file-2017.jpg","width":796,"height":448,"caption":"Campeonato de Portugal: Mort\u00e1gua e Resende somaram mais um ponto, Cinf\u00e3es voltou a perder"},{"@type":"BreadcrumbList","@id":"https:\/\/portaltela.pt\/noticias\/2026\/01\/10\/castro-daire-viaja-a-moimenta-da-beira-para-defender-a-lideranca\/#breadcrumb","itemListElement":[{"@type":"ListItem","position":1,"name":"In\u00edcio","item":"https:\/\/portaltela.pt\/"},{"@type":"ListItem","position":2,"name":"Castro Daire viaja a Moimenta da Beira para defender a lideran\u00e7a"}]},{"@type":"WebSite","@id":"https:\/\/portaltela.pt\/#website","url":"https:\/\/portaltela.pt\/","name":"Portal Tela Portugal","description":"","potentialAction":[{"@type":"SearchAction","target":{"@type":"EntryPoint","urlTemplate":"https:\/\/portaltela.pt\/?s={search_term_string}"},"query-input":{"@type":"PropertyValueSpecification","valueRequired":true,"valueName":"search_term_string"}}],"inLanguage":"pt-PT"},{"@type":"Person","@id":"https:\/\/portaltela.pt\/#\/schema\/person\/c4278d4a6028830caff9ee44b42d32ed","name":"Telinha","image":{"@type":"ImageObject","inLanguage":"pt-PT","@id":"https:\/\/portaltela.pt\/s.01k8rhncp4jt1\/2025\/11\/talking-bot-125x125.png","url":"https:\/\/portaltela.pt\/s.01k8rhncp4jt1\/2025\/11\/talking-bot-125x125.png","contentUrl":"https:\/\/portaltela.pt\/s.01k8rhncp4jt1\/2025\/11\/talking-bot-125x125.png","caption":"Telinha"},"sameAs":["https:\/\/portaltela.pt\/"],"url":"https:\/\/portaltela.pt\/por\/367410592786\/"}]}},"_links":{"self":[{"href":"https:\/\/portaltela.pt\/api\/wp\/v2\/posts\/130496","targetHints":{"allow":["GET"]}}],"collection":[{"href":"https:\/\/portaltela.pt\/api\/wp\/v2\/posts"}],"about":[{"href":"https:\/\/portaltela.pt\/api\/wp\/v2\/types\/post"}],"author":[{"embeddable":true,"href":"https:\/\/portaltela.pt\/api\/wp\/v2\/users\/2"}],"replies":[{"embeddable":true,"href":"https:\/\/portaltela.pt\/api\/wp\/v2\/comments?post=130496"}],"version-history":[{"count":0,"href":"https:\/\/portaltela.pt\/api\/wp\/v2\/posts\/130496\/revisions"}],"wp:featuredmedia":[{"embeddable":true,"href":"https:\/\/portaltela.pt\/api\/wp\/v2\/media\/130507"}],"wp:attachment":[{"href":"https:\/\/portaltela.pt\/api\/wp\/v2\/media?parent=130496"}],"wp:term":[{"taxonomy":"category","embeddable":true,"href":"https:\/\/portaltela.pt\/api\/wp\/v2\/categories?post=130496"},{"taxonomy":"post_tag","embeddable":true,"href":"https:\/\/portaltela.pt\/api\/wp\/v2\/tags?post=130496"}],"curies":[{"name":"wp","href":"https:\/\/api.w.org\/{rel}","templated":true}]}}