{"id":130462,"date":"2026-01-10T07:28:00","date_gmt":"2026-01-10T10:28:00","guid":{"rendered":"https:\/\/portaltela.pt\/noticias\/2026\/01\/10\/suspeito-detido-por-se-fazer-passar-por-fisioterapeuta\/"},"modified":"2026-01-10T07:28:00","modified_gmt":"2026-01-10T10:28:00","slug":"suspeito-detido-por-se-fazer-passar-por-fisioterapeuta","status":"publish","type":"post","link":"https:\/\/portaltela.pt\/noticias\/2026\/01\/10\/suspeito-detido-por-se-fazer-passar-por-fisioterapeuta\/","title":{"rendered":"Suspeito detido por se fazer passar por fisioterapeuta"},"content":{"rendered":"<p>Um homem de 53 anos foi detido na quinta-feira em Oi\u00e3, Oliveira do Bairro, no distrito de Aveiro, por se suspeitar que se fazia passar por fisioterapeuta\/osteopata. A deten\u00e7\u00e3o ocorreu na casa do investigado, onde funcionava o consult\u00f3rio, ap\u00f3s uma den\u00fancia.<\/p>\n<p>Durante a opera\u00e7\u00e3o, a GNR apreendeu v\u00e1rios folhetos publicit\u00e1rios e exames m\u00e9dicos pertencentes a alegados clientes, bem como agendas com marca\u00e7\u00f5es de consultas. Os objetos reunidos devem servir para esclarecer as alegadas atividades da pessoa detida.<\/p>\n<p>Os factos foram comunicados ao Tribunal Judicial de Oliveira do Bairro, que fica respons\u00e1vel pelo processo. A investiga\u00e7\u00e3o est\u00e1 a decorrer, com a autoridade a confirmar a investiga\u00e7\u00e3o de eventuais liga\u00e7\u00f5es com outros pacientes ou casos reportados.<\/p>\n<h3>Deten\u00e7\u00e3o e materiais apreendidos<\/h3>\n<p>A a\u00e7\u00e3o policial teve como alvo a atividade profissional alegadamente exercida sem habilita\u00e7\u00e3o formal. A GNR frisa que ainda n\u00e3o foram divulgados detalhes sobre eventuais v\u00edtimas ou danos. O respons\u00e1vel pelo consult\u00f3rio permanece sob cust\u00f3dia at\u00e9 novas dilig\u00eancias.<\/p>\n","protected":false},"excerpt":{"rendered":"<ul>\n<li>Um homem de 53 anos foi detido na quinta-feira em Oi\u00e3, Oliveira do Bairro, pelo alegado uso indevido do t\u00edtulo de fisioterapeuta\/osteopata.<\/li>\n<li>A deten\u00e7\u00e3o ocorreu na casa do suspeito, onde tinha o consult\u00f3rio, ap\u00f3s uma den\u00fancia \u00e0 GNR.<\/li>\n<li>Na opera\u00e7\u00e3o foram apreendidos v\u00e1rios folhetos publicit\u00e1rios, exames m\u00e9dicos de supostos clientes e agendas com marca\u00e7\u00e3o de consultas.<\/li>\n<li>Os factos foram comunicados ao Tribunal Judicial de Oliveira do Bairro.<\/li>\n<\/ul>\n","protected":false},"author":2,"featured_media":130465,"comment_status":"closed","ping_status":"closed","sticky":false,"template":"","format":"standard","meta":{"footnotes":""},"categories":[1],"tags":[1059,1806,2264,1380,215,217],"class_list":["post-130462","post","type-post","status-publish","format-standard","has-post-thumbnail","hentry","category-noticias","tag-aveiro","tag-falta-de-habilitacao","tag-fisioterapia","tag-gnr","tag-investigacao","tag-investigacao-criminal"],"yoast_head":"<!-- This site is optimized with the Yoast SEO plugin v27.2 - https:\/\/yoast.com\/product\/yoast-seo-wordpress\/ -->\n<title>Suspeito detido por se fazer passar por fisioterapeuta - Portal Tela Portugal<\/title>\n<meta name=\"robots\" content=\"index, follow, max-snippet:-1, max-image-preview:large, max-video-preview:-1\" \/>\n<meta property=\"og:locale\" content=\"pt_PT\" \/>\n<meta property=\"og:type\" content=\"article\" \/>\n<meta property=\"og:title\" content=\"Suspeito detido por se fazer passar por fisioterapeuta - Portal Tela Portugal\" \/>\n<meta property=\"og:description\" content=\"Um homem de 53 anos foi detido na quinta-feira em Oi\u00e3, Oliveira do Bairro, pelo alegado uso indevido do t\u00edtulo de fisioterapeuta\/osteopata. A deten\u00e7\u00e3o ocorreu na casa do suspeito, onde tinha o consult\u00f3rio, ap\u00f3s uma den\u00fancia \u00e0 GNR. Na opera\u00e7\u00e3o foram apreendidos v\u00e1rios folhetos publicit\u00e1rios, exames m\u00e9dicos de supostos clientes e agendas com marca\u00e7\u00e3o de consultas. Os factos foram comunicados ao Tribunal Judicial de Oliveira do Bairro.\" \/>\n<meta property=\"og:url\" content=\"https:\/\/portaltela.pt\/noticias\/2026\/01\/10\/suspeito-detido-por-se-fazer-passar-por-fisioterapeuta\/\" \/>\n<meta property=\"og:site_name\" content=\"Portal Tela Portugal\" \/>\n<meta property=\"article:published_time\" content=\"2026-01-10T10:28:00+00:00\" \/>\n<meta name=\"author\" content=\"Telinha\" \/>\n<meta name=\"twitter:card\" content=\"summary_large_image\" \/>\n<meta name=\"twitter:label1\" content=\"Escrito por\" \/>\n\t<meta name=\"twitter:data1\" content=\"Telinha\" \/>\n\t<meta name=\"twitter:label2\" content=\"Tempo estimado de leitura\" \/>\n\t<meta name=\"twitter:data2\" content=\"1 minuto\" \/>\n<script type=\"application\/ld+json\" class=\"yoast-schema-graph\">{\"@context\":\"https:\/\/schema.org\",\"@graph\":[{\"@type\":\"Article\",\"@id\":\"https:\/\/portaltela.pt\/noticias\/2026\/01\/10\/suspeito-detido-por-se-fazer-passar-por-fisioterapeuta\/#article\",\"isPartOf\":{\"@id\":\"https:\/\/portaltela.pt\/noticias\/2026\/01\/10\/suspeito-detido-por-se-fazer-passar-por-fisioterapeuta\/\"},\"author\":{\"name\":\"Telinha\",\"@id\":\"https:\/\/portaltela.pt\/#\/schema\/person\/c4278d4a6028830caff9ee44b42d32ed\"},\"headline\":\"Suspeito detido por se fazer passar por fisioterapeuta\",\"datePublished\":\"2026-01-10T10:28:00+00:00\",\"mainEntityOfPage\":{\"@id\":\"https:\/\/portaltela.pt\/noticias\/2026\/01\/10\/suspeito-detido-por-se-fazer-passar-por-fisioterapeuta\/\"},\"wordCount\":186,\"image\":{\"@id\":\"https:\/\/portaltela.pt\/noticias\/2026\/01\/10\/suspeito-detido-por-se-fazer-passar-por-fisioterapeuta\/#primaryimage\"},\"thumbnailUrl\":\"https:\/\/portaltela.pt\/s.01k8rhncp4jt1\/2026\/01\/unnamed-file-2010.jpg\",\"keywords\":[\"Aveiro\",\"falta de habilita\u00e7\u00e3o\",\"fisioterapia\",\"GNR\",\"investiga\u00e7\u00e3o\",\"investiga\u00e7\u00e3o criminal\"],\"articleSection\":[\"Not\u00edcias\"],\"inLanguage\":\"pt-PT\"},{\"@type\":\"WebPage\",\"@id\":\"https:\/\/portaltela.pt\/noticias\/2026\/01\/10\/suspeito-detido-por-se-fazer-passar-por-fisioterapeuta\/\",\"url\":\"https:\/\/portaltela.pt\/noticias\/2026\/01\/10\/suspeito-detido-por-se-fazer-passar-por-fisioterapeuta\/\",\"name\":\"Suspeito detido por se fazer passar por fisioterapeuta - Portal Tela Portugal\",\"isPartOf\":{\"@id\":\"https:\/\/portaltela.pt\/#website\"},\"primaryImageOfPage\":{\"@id\":\"https:\/\/portaltela.pt\/noticias\/2026\/01\/10\/suspeito-detido-por-se-fazer-passar-por-fisioterapeuta\/#primaryimage\"},\"image\":{\"@id\":\"https:\/\/portaltela.pt\/noticias\/2026\/01\/10\/suspeito-detido-por-se-fazer-passar-por-fisioterapeuta\/#primaryimage\"},\"thumbnailUrl\":\"https:\/\/portaltela.pt\/s.01k8rhncp4jt1\/2026\/01\/unnamed-file-2010.jpg\",\"datePublished\":\"2026-01-10T10:28:00+00:00\",\"author\":{\"@id\":\"https:\/\/portaltela.pt\/#\/schema\/person\/c4278d4a6028830caff9ee44b42d32ed\"},\"breadcrumb\":{\"@id\":\"https:\/\/portaltela.pt\/noticias\/2026\/01\/10\/suspeito-detido-por-se-fazer-passar-por-fisioterapeuta\/#breadcrumb\"},\"inLanguage\":\"pt-PT\",\"potentialAction\":[{\"@type\":\"ReadAction\",\"target\":[\"https:\/\/portaltela.pt\/noticias\/2026\/01\/10\/suspeito-detido-por-se-fazer-passar-por-fisioterapeuta\/\"]}]},{\"@type\":\"ImageObject\",\"inLanguage\":\"pt-PT\",\"@id\":\"https:\/\/portaltela.pt\/noticias\/2026\/01\/10\/suspeito-detido-por-se-fazer-passar-por-fisioterapeuta\/#primaryimage\",\"url\":\"https:\/\/portaltela.pt\/s.01k8rhncp4jt1\/2026\/01\/unnamed-file-2010.jpg\",\"contentUrl\":\"https:\/\/portaltela.pt\/s.01k8rhncp4jt1\/2026\/01\/unnamed-file-2010.jpg\",\"width\":796,\"height\":448,\"caption\":\"Detido suspeito de se fazer passar por fisioterapeuta\"},{\"@type\":\"BreadcrumbList\",\"@id\":\"https:\/\/portaltela.pt\/noticias\/2026\/01\/10\/suspeito-detido-por-se-fazer-passar-por-fisioterapeuta\/#breadcrumb\",\"itemListElement\":[{\"@type\":\"ListItem\",\"position\":1,\"name\":\"In\u00edcio\",\"item\":\"https:\/\/portaltela.pt\/\"},{\"@type\":\"ListItem\",\"position\":2,\"name\":\"Suspeito detido por se fazer passar por fisioterapeuta\"}]},{\"@type\":\"WebSite\",\"@id\":\"https:\/\/portaltela.pt\/#website\",\"url\":\"https:\/\/portaltela.pt\/\",\"name\":\"Portal Tela Portugal\",\"description\":\"\",\"potentialAction\":[{\"@type\":\"SearchAction\",\"target\":{\"@type\":\"EntryPoint\",\"urlTemplate\":\"https:\/\/portaltela.pt\/?s={search_term_string}\"},\"query-input\":{\"@type\":\"PropertyValueSpecification\",\"valueRequired\":true,\"valueName\":\"search_term_string\"}}],\"inLanguage\":\"pt-PT\"},{\"@type\":\"Person\",\"@id\":\"https:\/\/portaltela.pt\/#\/schema\/person\/c4278d4a6028830caff9ee44b42d32ed\",\"name\":\"Telinha\",\"image\":{\"@type\":\"ImageObject\",\"inLanguage\":\"pt-PT\",\"@id\":\"https:\/\/portaltela.pt\/s.01k8rhncp4jt1\/2025\/11\/talking-bot-125x125.png\",\"url\":\"https:\/\/portaltela.pt\/s.01k8rhncp4jt1\/2025\/11\/talking-bot-125x125.png\",\"contentUrl\":\"https:\/\/portaltela.pt\/s.01k8rhncp4jt1\/2025\/11\/talking-bot-125x125.png\",\"caption\":\"Telinha\"},\"sameAs\":[\"https:\/\/portaltela.pt\/\"],\"url\":\"https:\/\/portaltela.pt\/por\/367410592786\/\"}]}<\/script>\n<!-- \/ Yoast SEO plugin. -->","yoast_head_json":{"title":"Suspeito detido por se fazer passar por fisioterapeuta - Portal Tela Portugal","robots":{"index":"index","follow":"follow","max-snippet":"max-snippet:-1","max-image-preview":"max-image-preview:large","max-video-preview":"max-video-preview:-1"},"og_locale":"pt_PT","og_type":"article","og_title":"Suspeito detido por se fazer passar por fisioterapeuta - Portal Tela Portugal","og_description":"Um homem de 53 anos foi detido na quinta-feira em Oi\u00e3, Oliveira do Bairro, pelo alegado uso indevido do t\u00edtulo de fisioterapeuta\/osteopata. A deten\u00e7\u00e3o ocorreu na casa do suspeito, onde tinha o consult\u00f3rio, ap\u00f3s uma den\u00fancia \u00e0 GNR. Na opera\u00e7\u00e3o foram apreendidos v\u00e1rios folhetos publicit\u00e1rios, exames m\u00e9dicos de supostos clientes e agendas com marca\u00e7\u00e3o de consultas. Os factos foram comunicados ao Tribunal Judicial de Oliveira do Bairro.","og_url":"https:\/\/portaltela.pt\/noticias\/2026\/01\/10\/suspeito-detido-por-se-fazer-passar-por-fisioterapeuta\/","og_site_name":"Portal Tela Portugal","article_published_time":"2026-01-10T10:28:00+00:00","author":"Telinha","twitter_card":"summary_large_image","twitter_misc":{"Escrito por":"Telinha","Tempo estimado de leitura":"1 minuto"},"schema":{"@context":"https:\/\/schema.org","@graph":[{"@type":"Article","@id":"https:\/\/portaltela.pt\/noticias\/2026\/01\/10\/suspeito-detido-por-se-fazer-passar-por-fisioterapeuta\/#article","isPartOf":{"@id":"https:\/\/portaltela.pt\/noticias\/2026\/01\/10\/suspeito-detido-por-se-fazer-passar-por-fisioterapeuta\/"},"author":{"name":"Telinha","@id":"https:\/\/portaltela.pt\/#\/schema\/person\/c4278d4a6028830caff9ee44b42d32ed"},"headline":"Suspeito detido por se fazer passar por fisioterapeuta","datePublished":"2026-01-10T10:28:00+00:00","mainEntityOfPage":{"@id":"https:\/\/portaltela.pt\/noticias\/2026\/01\/10\/suspeito-detido-por-se-fazer-passar-por-fisioterapeuta\/"},"wordCount":186,"image":{"@id":"https:\/\/portaltela.pt\/noticias\/2026\/01\/10\/suspeito-detido-por-se-fazer-passar-por-fisioterapeuta\/#primaryimage"},"thumbnailUrl":"https:\/\/portaltela.pt\/s.01k8rhncp4jt1\/2026\/01\/unnamed-file-2010.jpg","keywords":["Aveiro","falta de habilita\u00e7\u00e3o","fisioterapia","GNR","investiga\u00e7\u00e3o","investiga\u00e7\u00e3o criminal"],"articleSection":["Not\u00edcias"],"inLanguage":"pt-PT"},{"@type":"WebPage","@id":"https:\/\/portaltela.pt\/noticias\/2026\/01\/10\/suspeito-detido-por-se-fazer-passar-por-fisioterapeuta\/","url":"https:\/\/portaltela.pt\/noticias\/2026\/01\/10\/suspeito-detido-por-se-fazer-passar-por-fisioterapeuta\/","name":"Suspeito detido por se fazer passar por fisioterapeuta - Portal Tela Portugal","isPartOf":{"@id":"https:\/\/portaltela.pt\/#website"},"primaryImageOfPage":{"@id":"https:\/\/portaltela.pt\/noticias\/2026\/01\/10\/suspeito-detido-por-se-fazer-passar-por-fisioterapeuta\/#primaryimage"},"image":{"@id":"https:\/\/portaltela.pt\/noticias\/2026\/01\/10\/suspeito-detido-por-se-fazer-passar-por-fisioterapeuta\/#primaryimage"},"thumbnailUrl":"https:\/\/portaltela.pt\/s.01k8rhncp4jt1\/2026\/01\/unnamed-file-2010.jpg","datePublished":"2026-01-10T10:28:00+00:00","author":{"@id":"https:\/\/portaltela.pt\/#\/schema\/person\/c4278d4a6028830caff9ee44b42d32ed"},"breadcrumb":{"@id":"https:\/\/portaltela.pt\/noticias\/2026\/01\/10\/suspeito-detido-por-se-fazer-passar-por-fisioterapeuta\/#breadcrumb"},"inLanguage":"pt-PT","potentialAction":[{"@type":"ReadAction","target":["https:\/\/portaltela.pt\/noticias\/2026\/01\/10\/suspeito-detido-por-se-fazer-passar-por-fisioterapeuta\/"]}]},{"@type":"ImageObject","inLanguage":"pt-PT","@id":"https:\/\/portaltela.pt\/noticias\/2026\/01\/10\/suspeito-detido-por-se-fazer-passar-por-fisioterapeuta\/#primaryimage","url":"https:\/\/portaltela.pt\/s.01k8rhncp4jt1\/2026\/01\/unnamed-file-2010.jpg","contentUrl":"https:\/\/portaltela.pt\/s.01k8rhncp4jt1\/2026\/01\/unnamed-file-2010.jpg","width":796,"height":448,"caption":"Detido suspeito de se fazer passar por fisioterapeuta"},{"@type":"BreadcrumbList","@id":"https:\/\/portaltela.pt\/noticias\/2026\/01\/10\/suspeito-detido-por-se-fazer-passar-por-fisioterapeuta\/#breadcrumb","itemListElement":[{"@type":"ListItem","position":1,"name":"In\u00edcio","item":"https:\/\/portaltela.pt\/"},{"@type":"ListItem","position":2,"name":"Suspeito detido por se fazer passar por fisioterapeuta"}]},{"@type":"WebSite","@id":"https:\/\/portaltela.pt\/#website","url":"https:\/\/portaltela.pt\/","name":"Portal Tela Portugal","description":"","potentialAction":[{"@type":"SearchAction","target":{"@type":"EntryPoint","urlTemplate":"https:\/\/portaltela.pt\/?s={search_term_string}"},"query-input":{"@type":"PropertyValueSpecification","valueRequired":true,"valueName":"search_term_string"}}],"inLanguage":"pt-PT"},{"@type":"Person","@id":"https:\/\/portaltela.pt\/#\/schema\/person\/c4278d4a6028830caff9ee44b42d32ed","name":"Telinha","image":{"@type":"ImageObject","inLanguage":"pt-PT","@id":"https:\/\/portaltela.pt\/s.01k8rhncp4jt1\/2025\/11\/talking-bot-125x125.png","url":"https:\/\/portaltela.pt\/s.01k8rhncp4jt1\/2025\/11\/talking-bot-125x125.png","contentUrl":"https:\/\/portaltela.pt\/s.01k8rhncp4jt1\/2025\/11\/talking-bot-125x125.png","caption":"Telinha"},"sameAs":["https:\/\/portaltela.pt\/"],"url":"https:\/\/portaltela.pt\/por\/367410592786\/"}]}},"_links":{"self":[{"href":"https:\/\/portaltela.pt\/api\/wp\/v2\/posts\/130462","targetHints":{"allow":["GET"]}}],"collection":[{"href":"https:\/\/portaltela.pt\/api\/wp\/v2\/posts"}],"about":[{"href":"https:\/\/portaltela.pt\/api\/wp\/v2\/types\/post"}],"author":[{"embeddable":true,"href":"https:\/\/portaltela.pt\/api\/wp\/v2\/users\/2"}],"replies":[{"embeddable":true,"href":"https:\/\/portaltela.pt\/api\/wp\/v2\/comments?post=130462"}],"version-history":[{"count":0,"href":"https:\/\/portaltela.pt\/api\/wp\/v2\/posts\/130462\/revisions"}],"wp:featuredmedia":[{"embeddable":true,"href":"https:\/\/portaltela.pt\/api\/wp\/v2\/media\/130465"}],"wp:attachment":[{"href":"https:\/\/portaltela.pt\/api\/wp\/v2\/media?parent=130462"}],"wp:term":[{"taxonomy":"category","embeddable":true,"href":"https:\/\/portaltela.pt\/api\/wp\/v2\/categories?post=130462"},{"taxonomy":"post_tag","embeddable":true,"href":"https:\/\/portaltela.pt\/api\/wp\/v2\/tags?post=130462"}],"curies":[{"name":"wp","href":"https:\/\/api.w.org\/{rel}","templated":true}]}}