{"id":130378,"date":"2026-01-10T06:41:00","date_gmt":"2026-01-10T09:41:00","guid":{"rendered":"https:\/\/portaltela.pt\/noticias\/2026\/01\/10\/historias-de-aragao-na-catalunha-incluem-o-homem-abutre\/"},"modified":"2026-01-10T06:41:00","modified_gmt":"2026-01-10T09:41:00","slug":"historias-de-aragao-na-catalunha-incluem-o-homem-abutre","status":"publish","type":"post","link":"https:\/\/portaltela.pt\/noticias\/2026\/01\/10\/historias-de-aragao-na-catalunha-incluem-o-homem-abutre\/","title":{"rendered":"Hist\u00f3rias de Arag\u00e3o na Catalunha incluem o homem-abutre"},"content":{"rendered":"<p>O que aconteceu: um grupo de abutres foi avistado sobre um santu\u00e1rio de abutres e um parque de escultura ao ar livre na comarca de Matarra\u00f1a, Arag\u00e3o. Na passagem da manh\u00e3, as aves chegaram em n\u00famero crescente, planando sobre a zona antes de se aproximarem do local.<\/p>\n<p>Quem est\u00e1 envolvido: a observa\u00e7\u00e3o envolve os visitantes da \u00e1rea natural e, de forma central, Jos\u00e9 Ram\u00f3n Moraregra, visto a empurrar um carro de m\u00e3o carregado com 50 quilos de carne para alimentar as aves. O epis\u00f3dio ocorreu junto ao cen\u00e1rio natural de La Umbr\u00eda.<\/p>\n<p>Quando e onde: o registro ocorreu perto das 9h30, em La Umbr\u00eda, montanha vis\u00edvel contra um c\u00e9u de outono. O espa\u00e7o fica na comarca de Matarra\u00f1a, na regi\u00e3o de Arag\u00e3o, com a extens\u00e3o parcial de liga\u00e7\u00e3o \u00e0 Catalunha.<\/p>\n<p>Porqu\u00ea: o movimento das aves parece ter seguimento de alimenta\u00e7\u00e3o, com Moraregra a proceder ao carregamento de carne para sustentar a presen\u00e7a dos abutres na \u00e1rea. A a\u00e7\u00e3o ocorre num contexto de conserva\u00e7\u00e3o natural e turismo na regi\u00e3o.<\/p>\n<p>Ambiente natural e oferta cultural<\/p>\n<p>A \u00e1rea combina a presen\u00e7a de abutres com um parque de escultura contempor\u00e2nea ao ar livre. Os visitantes podem explorar o cen\u00e1rio natural de manh\u00e3, seguido de experi\u00eancias culturais locais, como degusta\u00e7\u00e3o de produtos t\u00edpicos da Catalunha, incluindo azeite e vinho.<\/p>\n","protected":false},"excerpt":{"rendered":"<ul>\n<li>Na comarca de Matarra\u00f1a, Arag\u00e3o, existe um santu\u00e1rio de abutres e um parque de escultura contempor\u00e2nea ao ar livre; na Catalunha vizinha, h\u00e1 prova de azeite e vinho.<\/li>\n<li>Primeiro aparecem meia d\u00fazia de abutres a planar em volta de La Umbr\u00eda, a montanha que se destaca contra um c\u00e9u de outono.<\/li>\n<li>Por volta das nove horas e meia chegam mais abutres, com as asas abertas a descer.<\/li>\n<li>O port\u00e3o aproxima\u2011se e Jos\u00e9 Ram\u00f3n Moraregra sai empurrando um carro de m\u00e3o carregado com 50 quilos de carne.<\/li>\n<li>O texto descreve, num momento, a intera\u00e7\u00e3o entre a natureza e uma interven\u00e7\u00e3o humana na regi\u00e3o.<\/li>\n<\/ul>\n","protected":false},"author":2,"featured_media":130380,"comment_status":"closed","ping_status":"closed","sticky":false,"template":"","format":"standard","meta":{"footnotes":""},"categories":[1],"tags":[167,2784,70,1002,787,169],"class_list":["post-130378","post","type-post","status-publish","format-standard","has-post-thumbnail","hentry","category-noticias","tag-ambiente","tag-aragao","tag-arte","tag-conservacao-da-natureza-e-da-biodiversidade-incluindo-especies-prioritarias-e-vigilancia-ambiental","tag-observacao","tag-turismo"],"yoast_head":"<!-- This site is optimized with the Yoast SEO plugin v27.2 - https:\/\/yoast.com\/product\/yoast-seo-wordpress\/ -->\n<title>Hist\u00f3rias de Arag\u00e3o na Catalunha incluem o homem-abutre - Portal Tela Portugal<\/title>\n<meta name=\"robots\" content=\"index, follow, max-snippet:-1, max-image-preview:large, max-video-preview:-1\" \/>\n<meta property=\"og:locale\" content=\"pt_PT\" \/>\n<meta property=\"og:type\" content=\"article\" \/>\n<meta property=\"og:title\" content=\"Hist\u00f3rias de Arag\u00e3o na Catalunha incluem o homem-abutre - Portal Tela Portugal\" \/>\n<meta property=\"og:description\" content=\"Na comarca de Matarra\u00f1a, Arag\u00e3o, existe um santu\u00e1rio de abutres e um parque de escultura contempor\u00e2nea ao ar livre; na Catalunha vizinha, h\u00e1 prova de azeite e vinho. Primeiro aparecem meia d\u00fazia de abutres a planar em volta de La Umbr\u00eda, a montanha que se destaca contra um c\u00e9u de outono. Por volta das nove horas e meia chegam mais abutres, com as asas abertas a descer. O port\u00e3o aproxima\u2011se e Jos\u00e9 Ram\u00f3n Moraregra sai empurrando um carro de m\u00e3o carregado com 50 quilos de carne. O texto descreve, num momento, a intera\u00e7\u00e3o entre a natureza e uma interven\u00e7\u00e3o humana na regi\u00e3o.\" \/>\n<meta property=\"og:url\" content=\"https:\/\/portaltela.pt\/noticias\/2026\/01\/10\/historias-de-aragao-na-catalunha-incluem-o-homem-abutre\/\" \/>\n<meta property=\"og:site_name\" content=\"Portal Tela Portugal\" \/>\n<meta property=\"article:published_time\" content=\"2026-01-10T09:41:00+00:00\" \/>\n<meta name=\"author\" content=\"Telinha\" \/>\n<meta name=\"twitter:card\" content=\"summary_large_image\" \/>\n<meta name=\"twitter:label1\" content=\"Escrito por\" \/>\n\t<meta name=\"twitter:data1\" content=\"Telinha\" \/>\n\t<meta name=\"twitter:label2\" content=\"Tempo estimado de leitura\" \/>\n\t<meta name=\"twitter:data2\" content=\"1 minuto\" \/>\n<script type=\"application\/ld+json\" class=\"yoast-schema-graph\">{\"@context\":\"https:\/\/schema.org\",\"@graph\":[{\"@type\":\"Article\",\"@id\":\"https:\/\/portaltela.pt\/noticias\/2026\/01\/10\/historias-de-aragao-na-catalunha-incluem-o-homem-abutre\/#article\",\"isPartOf\":{\"@id\":\"https:\/\/portaltela.pt\/noticias\/2026\/01\/10\/historias-de-aragao-na-catalunha-incluem-o-homem-abutre\/\"},\"author\":{\"name\":\"Telinha\",\"@id\":\"https:\/\/portaltela.pt\/#\/schema\/person\/c4278d4a6028830caff9ee44b42d32ed\"},\"headline\":\"Hist\u00f3rias de Arag\u00e3o na Catalunha incluem o homem-abutre\",\"datePublished\":\"2026-01-10T09:41:00+00:00\",\"mainEntityOfPage\":{\"@id\":\"https:\/\/portaltela.pt\/noticias\/2026\/01\/10\/historias-de-aragao-na-catalunha-incluem-o-homem-abutre\/\"},\"wordCount\":252,\"image\":{\"@id\":\"https:\/\/portaltela.pt\/noticias\/2026\/01\/10\/historias-de-aragao-na-catalunha-incluem-o-homem-abutre\/#primaryimage\"},\"thumbnailUrl\":\"https:\/\/portaltela.pt\/s.01k8rhncp4jt1\/2026\/01\/2057252.jpg\",\"keywords\":[\"ambiente\",\"Arag\u00e3o\",\"arte\",\"conserva\u00e7\u00e3o da natureza e da biodiversidade, incluindo esp\u00e9cies priorit\u00e1rias e vigil\u00e2ncia ambiental\",\"observa\u00e7\u00e3o\",\"turismo\"],\"articleSection\":[\"Not\u00edcias\"],\"inLanguage\":\"pt-PT\"},{\"@type\":\"WebPage\",\"@id\":\"https:\/\/portaltela.pt\/noticias\/2026\/01\/10\/historias-de-aragao-na-catalunha-incluem-o-homem-abutre\/\",\"url\":\"https:\/\/portaltela.pt\/noticias\/2026\/01\/10\/historias-de-aragao-na-catalunha-incluem-o-homem-abutre\/\",\"name\":\"Hist\u00f3rias de Arag\u00e3o na Catalunha incluem o homem-abutre - Portal Tela Portugal\",\"isPartOf\":{\"@id\":\"https:\/\/portaltela.pt\/#website\"},\"primaryImageOfPage\":{\"@id\":\"https:\/\/portaltela.pt\/noticias\/2026\/01\/10\/historias-de-aragao-na-catalunha-incluem-o-homem-abutre\/#primaryimage\"},\"image\":{\"@id\":\"https:\/\/portaltela.pt\/noticias\/2026\/01\/10\/historias-de-aragao-na-catalunha-incluem-o-homem-abutre\/#primaryimage\"},\"thumbnailUrl\":\"https:\/\/portaltela.pt\/s.01k8rhncp4jt1\/2026\/01\/2057252.jpg\",\"datePublished\":\"2026-01-10T09:41:00+00:00\",\"author\":{\"@id\":\"https:\/\/portaltela.pt\/#\/schema\/person\/c4278d4a6028830caff9ee44b42d32ed\"},\"breadcrumb\":{\"@id\":\"https:\/\/portaltela.pt\/noticias\/2026\/01\/10\/historias-de-aragao-na-catalunha-incluem-o-homem-abutre\/#breadcrumb\"},\"inLanguage\":\"pt-PT\",\"potentialAction\":[{\"@type\":\"ReadAction\",\"target\":[\"https:\/\/portaltela.pt\/noticias\/2026\/01\/10\/historias-de-aragao-na-catalunha-incluem-o-homem-abutre\/\"]}]},{\"@type\":\"ImageObject\",\"inLanguage\":\"pt-PT\",\"@id\":\"https:\/\/portaltela.pt\/noticias\/2026\/01\/10\/historias-de-aragao-na-catalunha-incluem-o-homem-abutre\/#primaryimage\",\"url\":\"https:\/\/portaltela.pt\/s.01k8rhncp4jt1\/2026\/01\/2057252.jpg\",\"contentUrl\":\"https:\/\/portaltela.pt\/s.01k8rhncp4jt1\/2026\/01\/2057252.jpg\",\"width\":796,\"height\":448,\"caption\":\"Jos\u00e9 Ram\u00f3n alimenta os abutres todos os dias h\u00e1 34 anos\"},{\"@type\":\"BreadcrumbList\",\"@id\":\"https:\/\/portaltela.pt\/noticias\/2026\/01\/10\/historias-de-aragao-na-catalunha-incluem-o-homem-abutre\/#breadcrumb\",\"itemListElement\":[{\"@type\":\"ListItem\",\"position\":1,\"name\":\"In\u00edcio\",\"item\":\"https:\/\/portaltela.pt\/\"},{\"@type\":\"ListItem\",\"position\":2,\"name\":\"Hist\u00f3rias de Arag\u00e3o na Catalunha incluem o homem-abutre\"}]},{\"@type\":\"WebSite\",\"@id\":\"https:\/\/portaltela.pt\/#website\",\"url\":\"https:\/\/portaltela.pt\/\",\"name\":\"Portal Tela Portugal\",\"description\":\"\",\"potentialAction\":[{\"@type\":\"SearchAction\",\"target\":{\"@type\":\"EntryPoint\",\"urlTemplate\":\"https:\/\/portaltela.pt\/?s={search_term_string}\"},\"query-input\":{\"@type\":\"PropertyValueSpecification\",\"valueRequired\":true,\"valueName\":\"search_term_string\"}}],\"inLanguage\":\"pt-PT\"},{\"@type\":\"Person\",\"@id\":\"https:\/\/portaltela.pt\/#\/schema\/person\/c4278d4a6028830caff9ee44b42d32ed\",\"name\":\"Telinha\",\"image\":{\"@type\":\"ImageObject\",\"inLanguage\":\"pt-PT\",\"@id\":\"https:\/\/portaltela.pt\/s.01k8rhncp4jt1\/2025\/11\/talking-bot-125x125.png\",\"url\":\"https:\/\/portaltela.pt\/s.01k8rhncp4jt1\/2025\/11\/talking-bot-125x125.png\",\"contentUrl\":\"https:\/\/portaltela.pt\/s.01k8rhncp4jt1\/2025\/11\/talking-bot-125x125.png\",\"caption\":\"Telinha\"},\"sameAs\":[\"https:\/\/portaltela.pt\/\"],\"url\":\"https:\/\/portaltela.pt\/por\/367410592786\/\"}]}<\/script>\n<!-- \/ Yoast SEO plugin. -->","yoast_head_json":{"title":"Hist\u00f3rias de Arag\u00e3o na Catalunha incluem o homem-abutre - Portal Tela Portugal","robots":{"index":"index","follow":"follow","max-snippet":"max-snippet:-1","max-image-preview":"max-image-preview:large","max-video-preview":"max-video-preview:-1"},"og_locale":"pt_PT","og_type":"article","og_title":"Hist\u00f3rias de Arag\u00e3o na Catalunha incluem o homem-abutre - Portal Tela Portugal","og_description":"Na comarca de Matarra\u00f1a, Arag\u00e3o, existe um santu\u00e1rio de abutres e um parque de escultura contempor\u00e2nea ao ar livre; na Catalunha vizinha, h\u00e1 prova de azeite e vinho. Primeiro aparecem meia d\u00fazia de abutres a planar em volta de La Umbr\u00eda, a montanha que se destaca contra um c\u00e9u de outono. Por volta das nove horas e meia chegam mais abutres, com as asas abertas a descer. O port\u00e3o aproxima\u2011se e Jos\u00e9 Ram\u00f3n Moraregra sai empurrando um carro de m\u00e3o carregado com 50 quilos de carne. O texto descreve, num momento, a intera\u00e7\u00e3o entre a natureza e uma interven\u00e7\u00e3o humana na regi\u00e3o.","og_url":"https:\/\/portaltela.pt\/noticias\/2026\/01\/10\/historias-de-aragao-na-catalunha-incluem-o-homem-abutre\/","og_site_name":"Portal Tela Portugal","article_published_time":"2026-01-10T09:41:00+00:00","author":"Telinha","twitter_card":"summary_large_image","twitter_misc":{"Escrito por":"Telinha","Tempo estimado de leitura":"1 minuto"},"schema":{"@context":"https:\/\/schema.org","@graph":[{"@type":"Article","@id":"https:\/\/portaltela.pt\/noticias\/2026\/01\/10\/historias-de-aragao-na-catalunha-incluem-o-homem-abutre\/#article","isPartOf":{"@id":"https:\/\/portaltela.pt\/noticias\/2026\/01\/10\/historias-de-aragao-na-catalunha-incluem-o-homem-abutre\/"},"author":{"name":"Telinha","@id":"https:\/\/portaltela.pt\/#\/schema\/person\/c4278d4a6028830caff9ee44b42d32ed"},"headline":"Hist\u00f3rias de Arag\u00e3o na Catalunha incluem o homem-abutre","datePublished":"2026-01-10T09:41:00+00:00","mainEntityOfPage":{"@id":"https:\/\/portaltela.pt\/noticias\/2026\/01\/10\/historias-de-aragao-na-catalunha-incluem-o-homem-abutre\/"},"wordCount":252,"image":{"@id":"https:\/\/portaltela.pt\/noticias\/2026\/01\/10\/historias-de-aragao-na-catalunha-incluem-o-homem-abutre\/#primaryimage"},"thumbnailUrl":"https:\/\/portaltela.pt\/s.01k8rhncp4jt1\/2026\/01\/2057252.jpg","keywords":["ambiente","Arag\u00e3o","arte","conserva\u00e7\u00e3o da natureza e da biodiversidade, incluindo esp\u00e9cies priorit\u00e1rias e vigil\u00e2ncia ambiental","observa\u00e7\u00e3o","turismo"],"articleSection":["Not\u00edcias"],"inLanguage":"pt-PT"},{"@type":"WebPage","@id":"https:\/\/portaltela.pt\/noticias\/2026\/01\/10\/historias-de-aragao-na-catalunha-incluem-o-homem-abutre\/","url":"https:\/\/portaltela.pt\/noticias\/2026\/01\/10\/historias-de-aragao-na-catalunha-incluem-o-homem-abutre\/","name":"Hist\u00f3rias de Arag\u00e3o na Catalunha incluem o homem-abutre - Portal Tela Portugal","isPartOf":{"@id":"https:\/\/portaltela.pt\/#website"},"primaryImageOfPage":{"@id":"https:\/\/portaltela.pt\/noticias\/2026\/01\/10\/historias-de-aragao-na-catalunha-incluem-o-homem-abutre\/#primaryimage"},"image":{"@id":"https:\/\/portaltela.pt\/noticias\/2026\/01\/10\/historias-de-aragao-na-catalunha-incluem-o-homem-abutre\/#primaryimage"},"thumbnailUrl":"https:\/\/portaltela.pt\/s.01k8rhncp4jt1\/2026\/01\/2057252.jpg","datePublished":"2026-01-10T09:41:00+00:00","author":{"@id":"https:\/\/portaltela.pt\/#\/schema\/person\/c4278d4a6028830caff9ee44b42d32ed"},"breadcrumb":{"@id":"https:\/\/portaltela.pt\/noticias\/2026\/01\/10\/historias-de-aragao-na-catalunha-incluem-o-homem-abutre\/#breadcrumb"},"inLanguage":"pt-PT","potentialAction":[{"@type":"ReadAction","target":["https:\/\/portaltela.pt\/noticias\/2026\/01\/10\/historias-de-aragao-na-catalunha-incluem-o-homem-abutre\/"]}]},{"@type":"ImageObject","inLanguage":"pt-PT","@id":"https:\/\/portaltela.pt\/noticias\/2026\/01\/10\/historias-de-aragao-na-catalunha-incluem-o-homem-abutre\/#primaryimage","url":"https:\/\/portaltela.pt\/s.01k8rhncp4jt1\/2026\/01\/2057252.jpg","contentUrl":"https:\/\/portaltela.pt\/s.01k8rhncp4jt1\/2026\/01\/2057252.jpg","width":796,"height":448,"caption":"Jos\u00e9 Ram\u00f3n alimenta os abutres todos os dias h\u00e1 34 anos"},{"@type":"BreadcrumbList","@id":"https:\/\/portaltela.pt\/noticias\/2026\/01\/10\/historias-de-aragao-na-catalunha-incluem-o-homem-abutre\/#breadcrumb","itemListElement":[{"@type":"ListItem","position":1,"name":"In\u00edcio","item":"https:\/\/portaltela.pt\/"},{"@type":"ListItem","position":2,"name":"Hist\u00f3rias de Arag\u00e3o na Catalunha incluem o homem-abutre"}]},{"@type":"WebSite","@id":"https:\/\/portaltela.pt\/#website","url":"https:\/\/portaltela.pt\/","name":"Portal Tela Portugal","description":"","potentialAction":[{"@type":"SearchAction","target":{"@type":"EntryPoint","urlTemplate":"https:\/\/portaltela.pt\/?s={search_term_string}"},"query-input":{"@type":"PropertyValueSpecification","valueRequired":true,"valueName":"search_term_string"}}],"inLanguage":"pt-PT"},{"@type":"Person","@id":"https:\/\/portaltela.pt\/#\/schema\/person\/c4278d4a6028830caff9ee44b42d32ed","name":"Telinha","image":{"@type":"ImageObject","inLanguage":"pt-PT","@id":"https:\/\/portaltela.pt\/s.01k8rhncp4jt1\/2025\/11\/talking-bot-125x125.png","url":"https:\/\/portaltela.pt\/s.01k8rhncp4jt1\/2025\/11\/talking-bot-125x125.png","contentUrl":"https:\/\/portaltela.pt\/s.01k8rhncp4jt1\/2025\/11\/talking-bot-125x125.png","caption":"Telinha"},"sameAs":["https:\/\/portaltela.pt\/"],"url":"https:\/\/portaltela.pt\/por\/367410592786\/"}]}},"_links":{"self":[{"href":"https:\/\/portaltela.pt\/api\/wp\/v2\/posts\/130378","targetHints":{"allow":["GET"]}}],"collection":[{"href":"https:\/\/portaltela.pt\/api\/wp\/v2\/posts"}],"about":[{"href":"https:\/\/portaltela.pt\/api\/wp\/v2\/types\/post"}],"author":[{"embeddable":true,"href":"https:\/\/portaltela.pt\/api\/wp\/v2\/users\/2"}],"replies":[{"embeddable":true,"href":"https:\/\/portaltela.pt\/api\/wp\/v2\/comments?post=130378"}],"version-history":[{"count":0,"href":"https:\/\/portaltela.pt\/api\/wp\/v2\/posts\/130378\/revisions"}],"wp:featuredmedia":[{"embeddable":true,"href":"https:\/\/portaltela.pt\/api\/wp\/v2\/media\/130380"}],"wp:attachment":[{"href":"https:\/\/portaltela.pt\/api\/wp\/v2\/media?parent=130378"}],"wp:term":[{"taxonomy":"category","embeddable":true,"href":"https:\/\/portaltela.pt\/api\/wp\/v2\/categories?post=130378"},{"taxonomy":"post_tag","embeddable":true,"href":"https:\/\/portaltela.pt\/api\/wp\/v2\/tags?post=130378"}],"curies":[{"name":"wp","href":"https:\/\/api.w.org\/{rel}","templated":true}]}}