{"id":130182,"date":"2026-01-10T05:40:00","date_gmt":"2026-01-10T08:40:00","guid":{"rendered":"https:\/\/portaltela.pt\/noticias\/2026\/01\/10\/fc-porto-estagio-com-thiago-silva-pietuszewski-e-o-quarteto-de-perolas\/"},"modified":"2026-01-10T05:40:00","modified_gmt":"2026-01-10T08:40:00","slug":"fc-porto-estagio-com-thiago-silva-pietuszewski-e-o-quarteto-de-perolas","status":"publish","type":"post","link":"https:\/\/portaltela.pt\/desporto\/futebol\/2026\/01\/10\/fc-porto-estagio-com-thiago-silva-pietuszewski-e-o-quarteto-de-perolas\/","title":{"rendered":"FC Porto: est\u00e1gio com Thiago Silva, Pietuszewski e o quarteto de p\u00e9rolas"},"content":{"rendered":"<p>O FC Porto encerrou ontem o est\u00e1gio de quatro dias no Algarve, preparando-se para o cl\u00e1ssico com o Benfica (Ta\u00e7a de Portugal, quartos de final). O foco incidiu na prepara\u00e7\u00e3o f\u00edsica, t\u00e1tica e na integra\u00e7\u00e3o dos refor\u00e7os de inverno. A equipa regressa aos treinos amanh\u00e3.<\/p>\n<p>Thiago Silva j\u00e1 cativou o grupo pela postura, mantendo-se reservado, mas empenhado. O defesa-central parece em boa forma e pode debutar em oficial j\u00e1 no duelo de dia 14. A presen\u00e7a do brasileiro contagia o plantel sem alterar o equil\u00edbrio dentro do balne\u00e1rio.<\/p>\n<p>Quanto a Oskar Pietuszewski, o extremo polaco de 17 anos ainda n\u00e3o pode treinar devido a quest\u00f5es da FIFA. Mesmo assim, a primeira impress\u00e3o \u00e9 positiva, sobretudo pela maturidade e pela comunica\u00e7\u00e3o em ingl\u00eas com os colegas e t\u00e9cnicos.<\/p>\n<h3>Promessas do sub-17<\/h3>\n<p>Quatro convocados de Portugal que disputaram o Mundial de sub-17 mostraram-se competitivos no est\u00e1gio. Chelmik, Lima, Mide e Cunha exibiram esfor\u00e7o e foco junto dos profissionais da equipa principal. O treinador Francesco Farioli elogiou o empenho do quarteto.<\/p>\n<p>A aposta passa por expor os jovens a treinos de maior intensidade para facilitar a transi\u00e7\u00e3o entre sub-17, juniores e equipa principal. No in\u00edcio da temporada, Lima j\u00e1 tinha sido integrado em treinos da equipa A, sinal de valoriza\u00e7\u00e3o do potencial emergente.<\/p>\n","protected":false},"excerpt":{"rendered":"<ul>\n<li>O FC Porto encerrou o est\u00e1gio de quatro dias no Algarve, com foco em v\u00e1rias vertentes antes do regresso aos jogos contra o Benfica, na Ta\u00e7a de Portugal.<\/li>\n<li>Thiago Silva j\u00e1 integrou o grupo e contagia pela aura vencedora; o jogador pode competir pela estreia oficial no cl\u00e1ssico de dia 14, apesar de ainda manter postura reservada.<\/li>\n<li>O extremo polaco Oskar Pietuszewski ainda n\u00e3o pode treinar, mas o clube j\u00e1 nota avalia\u00e7\u00e3o positiva do seu comportamento e maturidade para a idade, 17 anos.<\/li>\n<li>Quatro promessas do Mundial de sub-17 \u2013 Chelmik, Bernardo Lima, Mateus Mide e Duarte Cunha \u2013 impressionaram, com Farioli a valorizar a experi\u00eancia de treino com a equipa principal.<\/li>\n<li>Lima j\u00e1 tinha sido chamado a sess\u00f5es da equipa A, e o planeta de Oskar dever\u00e1 passar a incluir uma maior independ\u00eancia em Portugal, com a m\u00e3e a acompanhar temporariamente a mudan\u00e7a.<\/li>\n<\/ul>\n","protected":false},"author":2,"featured_media":130183,"comment_status":"closed","ping_status":"closed","sticky":false,"template":"","format":"standard","meta":{"footnotes":""},"categories":[21,24],"tags":[928,152,2028,32,2241,2050],"class_list":["post-130182","post","type-post","status-publish","format-standard","has-post-thumbnail","hentry","category-desporto","category-futebol","tag-algarve","tag-desporto","tag-fc-porto","tag-futebol","tag-jovens-talentos","tag-transferencias"],"yoast_head":"<!-- This site is optimized with the Yoast SEO plugin v27.2 - https:\/\/yoast.com\/product\/yoast-seo-wordpress\/ -->\n<title>FC Porto: est\u00e1gio com Thiago Silva, Pietuszewski e o quarteto de p\u00e9rolas - Portal Tela Portugal<\/title>\n<meta name=\"robots\" content=\"index, follow, max-snippet:-1, max-image-preview:large, max-video-preview:-1\" \/>\n<meta property=\"og:locale\" content=\"pt_PT\" \/>\n<meta property=\"og:type\" content=\"article\" \/>\n<meta property=\"og:title\" content=\"FC Porto: est\u00e1gio com Thiago Silva, Pietuszewski e o quarteto de p\u00e9rolas - Portal Tela Portugal\" \/>\n<meta property=\"og:description\" content=\"O FC Porto encerrou o est\u00e1gio de quatro dias no Algarve, com foco em v\u00e1rias vertentes antes do regresso aos jogos contra o Benfica, na Ta\u00e7a de Portugal. Thiago Silva j\u00e1 integrou o grupo e contagia pela aura vencedora; o jogador pode competir pela estreia oficial no cl\u00e1ssico de dia 14, apesar de ainda manter postura reservada. O extremo polaco Oskar Pietuszewski ainda n\u00e3o pode treinar, mas o clube j\u00e1 nota avalia\u00e7\u00e3o positiva do seu comportamento e maturidade para a idade, 17 anos. Quatro promessas do Mundial de sub-17 \u2013 Chelmik, Bernardo Lima, Mateus Mide e Duarte Cunha \u2013 impressionaram, com Farioli a valorizar a experi\u00eancia de treino com a equipa principal. Lima j\u00e1 tinha sido chamado a sess\u00f5es da equipa A, e o planeta de Oskar dever\u00e1 passar a incluir uma maior independ\u00eancia em Portugal, com a m\u00e3e a acompanhar temporariamente a mudan\u00e7a.\" \/>\n<meta property=\"og:url\" content=\"https:\/\/portaltela.pt\/noticias\/2026\/01\/10\/fc-porto-estagio-com-thiago-silva-pietuszewski-e-o-quarteto-de-perolas\/\" \/>\n<meta property=\"og:site_name\" content=\"Portal Tela Portugal\" \/>\n<meta property=\"article:published_time\" content=\"2026-01-10T08:40:00+00:00\" \/>\n<meta name=\"author\" content=\"Telinha\" \/>\n<meta name=\"twitter:card\" content=\"summary_large_image\" \/>\n<meta name=\"twitter:label1\" content=\"Escrito por\" \/>\n\t<meta name=\"twitter:data1\" content=\"Telinha\" \/>\n\t<meta name=\"twitter:label2\" content=\"Tempo estimado de leitura\" \/>\n\t<meta name=\"twitter:data2\" content=\"1 minuto\" \/>\n<script type=\"application\/ld+json\" class=\"yoast-schema-graph\">{\"@context\":\"https:\/\/schema.org\",\"@graph\":[{\"@type\":\"Article\",\"@id\":\"https:\/\/portaltela.pt\/noticias\/2026\/01\/10\/fc-porto-estagio-com-thiago-silva-pietuszewski-e-o-quarteto-de-perolas\/#article\",\"isPartOf\":{\"@id\":\"https:\/\/portaltela.pt\/noticias\/2026\/01\/10\/fc-porto-estagio-com-thiago-silva-pietuszewski-e-o-quarteto-de-perolas\/\"},\"author\":{\"name\":\"Telinha\",\"@id\":\"https:\/\/portaltela.pt\/#\/schema\/person\/c4278d4a6028830caff9ee44b42d32ed\"},\"headline\":\"FC Porto: est\u00e1gio com Thiago Silva, Pietuszewski e o quarteto de p\u00e9rolas\",\"datePublished\":\"2026-01-10T08:40:00+00:00\",\"mainEntityOfPage\":{\"@id\":\"https:\/\/portaltela.pt\/noticias\/2026\/01\/10\/fc-porto-estagio-com-thiago-silva-pietuszewski-e-o-quarteto-de-perolas\/\"},\"wordCount\":243,\"image\":{\"@id\":\"https:\/\/portaltela.pt\/noticias\/2026\/01\/10\/fc-porto-estagio-com-thiago-silva-pietuszewski-e-o-quarteto-de-perolas\/#primaryimage\"},\"thumbnailUrl\":\"https:\/\/portaltela.pt\/s.01k8rhncp4jt1\/2026\/01\/5efdaff3-918c-4bfb-93f1-0d6725e1a1b9.jpg\",\"keywords\":[\"Algarve\",\"desporto\",\"FC Porto\",\"futebol\",\"Jovens Talentos\",\"transfer\u00eancias\"],\"articleSection\":[\"Desporto\",\"Futebol\"],\"inLanguage\":\"pt-PT\"},{\"@type\":\"WebPage\",\"@id\":\"https:\/\/portaltela.pt\/noticias\/2026\/01\/10\/fc-porto-estagio-com-thiago-silva-pietuszewski-e-o-quarteto-de-perolas\/\",\"url\":\"https:\/\/portaltela.pt\/noticias\/2026\/01\/10\/fc-porto-estagio-com-thiago-silva-pietuszewski-e-o-quarteto-de-perolas\/\",\"name\":\"FC Porto: est\u00e1gio com Thiago Silva, Pietuszewski e o quarteto de p\u00e9rolas - Portal Tela Portugal\",\"isPartOf\":{\"@id\":\"https:\/\/portaltela.pt\/#website\"},\"primaryImageOfPage\":{\"@id\":\"https:\/\/portaltela.pt\/noticias\/2026\/01\/10\/fc-porto-estagio-com-thiago-silva-pietuszewski-e-o-quarteto-de-perolas\/#primaryimage\"},\"image\":{\"@id\":\"https:\/\/portaltela.pt\/noticias\/2026\/01\/10\/fc-porto-estagio-com-thiago-silva-pietuszewski-e-o-quarteto-de-perolas\/#primaryimage\"},\"thumbnailUrl\":\"https:\/\/portaltela.pt\/s.01k8rhncp4jt1\/2026\/01\/5efdaff3-918c-4bfb-93f1-0d6725e1a1b9.jpg\",\"datePublished\":\"2026-01-10T08:40:00+00:00\",\"author\":{\"@id\":\"https:\/\/portaltela.pt\/#\/schema\/person\/c4278d4a6028830caff9ee44b42d32ed\"},\"breadcrumb\":{\"@id\":\"https:\/\/portaltela.pt\/noticias\/2026\/01\/10\/fc-porto-estagio-com-thiago-silva-pietuszewski-e-o-quarteto-de-perolas\/#breadcrumb\"},\"inLanguage\":\"pt-PT\",\"potentialAction\":[{\"@type\":\"ReadAction\",\"target\":[\"https:\/\/portaltela.pt\/noticias\/2026\/01\/10\/fc-porto-estagio-com-thiago-silva-pietuszewski-e-o-quarteto-de-perolas\/\"]}]},{\"@type\":\"ImageObject\",\"inLanguage\":\"pt-PT\",\"@id\":\"https:\/\/portaltela.pt\/noticias\/2026\/01\/10\/fc-porto-estagio-com-thiago-silva-pietuszewski-e-o-quarteto-de-perolas\/#primaryimage\",\"url\":\"https:\/\/portaltela.pt\/s.01k8rhncp4jt1\/2026\/01\/5efdaff3-918c-4bfb-93f1-0d6725e1a1b9.jpg\",\"contentUrl\":\"https:\/\/portaltela.pt\/s.01k8rhncp4jt1\/2026\/01\/5efdaff3-918c-4bfb-93f1-0d6725e1a1b9.jpg\",\"width\":796,\"height\":448,\"caption\":\"Duarte Cunha e Mateus Mide (na foto), assim como Martim Chelmik e Bernardo Lima, deixaram boa impress\u00e3o junto de Farioli - Foto: FC PORTO\"},{\"@type\":\"BreadcrumbList\",\"@id\":\"https:\/\/portaltela.pt\/noticias\/2026\/01\/10\/fc-porto-estagio-com-thiago-silva-pietuszewski-e-o-quarteto-de-perolas\/#breadcrumb\",\"itemListElement\":[{\"@type\":\"ListItem\",\"position\":1,\"name\":\"In\u00edcio\",\"item\":\"https:\/\/portaltela.pt\/\"},{\"@type\":\"ListItem\",\"position\":2,\"name\":\"FC Porto: est\u00e1gio com Thiago Silva, Pietuszewski e o quarteto de p\u00e9rolas\"}]},{\"@type\":\"WebSite\",\"@id\":\"https:\/\/portaltela.pt\/#website\",\"url\":\"https:\/\/portaltela.pt\/\",\"name\":\"Portal Tela Portugal\",\"description\":\"\",\"potentialAction\":[{\"@type\":\"SearchAction\",\"target\":{\"@type\":\"EntryPoint\",\"urlTemplate\":\"https:\/\/portaltela.pt\/?s={search_term_string}\"},\"query-input\":{\"@type\":\"PropertyValueSpecification\",\"valueRequired\":true,\"valueName\":\"search_term_string\"}}],\"inLanguage\":\"pt-PT\"},{\"@type\":\"Person\",\"@id\":\"https:\/\/portaltela.pt\/#\/schema\/person\/c4278d4a6028830caff9ee44b42d32ed\",\"name\":\"Telinha\",\"image\":{\"@type\":\"ImageObject\",\"inLanguage\":\"pt-PT\",\"@id\":\"https:\/\/portaltela.pt\/s.01k8rhncp4jt1\/2025\/11\/talking-bot-125x125.png\",\"url\":\"https:\/\/portaltela.pt\/s.01k8rhncp4jt1\/2025\/11\/talking-bot-125x125.png\",\"contentUrl\":\"https:\/\/portaltela.pt\/s.01k8rhncp4jt1\/2025\/11\/talking-bot-125x125.png\",\"caption\":\"Telinha\"},\"sameAs\":[\"https:\/\/portaltela.pt\/\"],\"url\":\"https:\/\/portaltela.pt\/por\/367410592786\/\"}]}<\/script>\n<!-- \/ Yoast SEO plugin. -->","yoast_head_json":{"title":"FC Porto: est\u00e1gio com Thiago Silva, Pietuszewski e o quarteto de p\u00e9rolas - Portal Tela Portugal","robots":{"index":"index","follow":"follow","max-snippet":"max-snippet:-1","max-image-preview":"max-image-preview:large","max-video-preview":"max-video-preview:-1"},"og_locale":"pt_PT","og_type":"article","og_title":"FC Porto: est\u00e1gio com Thiago Silva, Pietuszewski e o quarteto de p\u00e9rolas - Portal Tela Portugal","og_description":"O FC Porto encerrou o est\u00e1gio de quatro dias no Algarve, com foco em v\u00e1rias vertentes antes do regresso aos jogos contra o Benfica, na Ta\u00e7a de Portugal. Thiago Silva j\u00e1 integrou o grupo e contagia pela aura vencedora; o jogador pode competir pela estreia oficial no cl\u00e1ssico de dia 14, apesar de ainda manter postura reservada. O extremo polaco Oskar Pietuszewski ainda n\u00e3o pode treinar, mas o clube j\u00e1 nota avalia\u00e7\u00e3o positiva do seu comportamento e maturidade para a idade, 17 anos. Quatro promessas do Mundial de sub-17 \u2013 Chelmik, Bernardo Lima, Mateus Mide e Duarte Cunha \u2013 impressionaram, com Farioli a valorizar a experi\u00eancia de treino com a equipa principal. Lima j\u00e1 tinha sido chamado a sess\u00f5es da equipa A, e o planeta de Oskar dever\u00e1 passar a incluir uma maior independ\u00eancia em Portugal, com a m\u00e3e a acompanhar temporariamente a mudan\u00e7a.","og_url":"https:\/\/portaltela.pt\/noticias\/2026\/01\/10\/fc-porto-estagio-com-thiago-silva-pietuszewski-e-o-quarteto-de-perolas\/","og_site_name":"Portal Tela Portugal","article_published_time":"2026-01-10T08:40:00+00:00","author":"Telinha","twitter_card":"summary_large_image","twitter_misc":{"Escrito por":"Telinha","Tempo estimado de leitura":"1 minuto"},"schema":{"@context":"https:\/\/schema.org","@graph":[{"@type":"Article","@id":"https:\/\/portaltela.pt\/noticias\/2026\/01\/10\/fc-porto-estagio-com-thiago-silva-pietuszewski-e-o-quarteto-de-perolas\/#article","isPartOf":{"@id":"https:\/\/portaltela.pt\/noticias\/2026\/01\/10\/fc-porto-estagio-com-thiago-silva-pietuszewski-e-o-quarteto-de-perolas\/"},"author":{"name":"Telinha","@id":"https:\/\/portaltela.pt\/#\/schema\/person\/c4278d4a6028830caff9ee44b42d32ed"},"headline":"FC Porto: est\u00e1gio com Thiago Silva, Pietuszewski e o quarteto de p\u00e9rolas","datePublished":"2026-01-10T08:40:00+00:00","mainEntityOfPage":{"@id":"https:\/\/portaltela.pt\/noticias\/2026\/01\/10\/fc-porto-estagio-com-thiago-silva-pietuszewski-e-o-quarteto-de-perolas\/"},"wordCount":243,"image":{"@id":"https:\/\/portaltela.pt\/noticias\/2026\/01\/10\/fc-porto-estagio-com-thiago-silva-pietuszewski-e-o-quarteto-de-perolas\/#primaryimage"},"thumbnailUrl":"https:\/\/portaltela.pt\/s.01k8rhncp4jt1\/2026\/01\/5efdaff3-918c-4bfb-93f1-0d6725e1a1b9.jpg","keywords":["Algarve","desporto","FC Porto","futebol","Jovens Talentos","transfer\u00eancias"],"articleSection":["Desporto","Futebol"],"inLanguage":"pt-PT"},{"@type":"WebPage","@id":"https:\/\/portaltela.pt\/noticias\/2026\/01\/10\/fc-porto-estagio-com-thiago-silva-pietuszewski-e-o-quarteto-de-perolas\/","url":"https:\/\/portaltela.pt\/noticias\/2026\/01\/10\/fc-porto-estagio-com-thiago-silva-pietuszewski-e-o-quarteto-de-perolas\/","name":"FC Porto: est\u00e1gio com Thiago Silva, Pietuszewski e o quarteto de p\u00e9rolas - Portal Tela Portugal","isPartOf":{"@id":"https:\/\/portaltela.pt\/#website"},"primaryImageOfPage":{"@id":"https:\/\/portaltela.pt\/noticias\/2026\/01\/10\/fc-porto-estagio-com-thiago-silva-pietuszewski-e-o-quarteto-de-perolas\/#primaryimage"},"image":{"@id":"https:\/\/portaltela.pt\/noticias\/2026\/01\/10\/fc-porto-estagio-com-thiago-silva-pietuszewski-e-o-quarteto-de-perolas\/#primaryimage"},"thumbnailUrl":"https:\/\/portaltela.pt\/s.01k8rhncp4jt1\/2026\/01\/5efdaff3-918c-4bfb-93f1-0d6725e1a1b9.jpg","datePublished":"2026-01-10T08:40:00+00:00","author":{"@id":"https:\/\/portaltela.pt\/#\/schema\/person\/c4278d4a6028830caff9ee44b42d32ed"},"breadcrumb":{"@id":"https:\/\/portaltela.pt\/noticias\/2026\/01\/10\/fc-porto-estagio-com-thiago-silva-pietuszewski-e-o-quarteto-de-perolas\/#breadcrumb"},"inLanguage":"pt-PT","potentialAction":[{"@type":"ReadAction","target":["https:\/\/portaltela.pt\/noticias\/2026\/01\/10\/fc-porto-estagio-com-thiago-silva-pietuszewski-e-o-quarteto-de-perolas\/"]}]},{"@type":"ImageObject","inLanguage":"pt-PT","@id":"https:\/\/portaltela.pt\/noticias\/2026\/01\/10\/fc-porto-estagio-com-thiago-silva-pietuszewski-e-o-quarteto-de-perolas\/#primaryimage","url":"https:\/\/portaltela.pt\/s.01k8rhncp4jt1\/2026\/01\/5efdaff3-918c-4bfb-93f1-0d6725e1a1b9.jpg","contentUrl":"https:\/\/portaltela.pt\/s.01k8rhncp4jt1\/2026\/01\/5efdaff3-918c-4bfb-93f1-0d6725e1a1b9.jpg","width":796,"height":448,"caption":"Duarte Cunha e Mateus Mide (na foto), assim como Martim Chelmik e Bernardo Lima, deixaram boa impress\u00e3o junto de Farioli - Foto: FC PORTO"},{"@type":"BreadcrumbList","@id":"https:\/\/portaltela.pt\/noticias\/2026\/01\/10\/fc-porto-estagio-com-thiago-silva-pietuszewski-e-o-quarteto-de-perolas\/#breadcrumb","itemListElement":[{"@type":"ListItem","position":1,"name":"In\u00edcio","item":"https:\/\/portaltela.pt\/"},{"@type":"ListItem","position":2,"name":"FC Porto: est\u00e1gio com Thiago Silva, Pietuszewski e o quarteto de p\u00e9rolas"}]},{"@type":"WebSite","@id":"https:\/\/portaltela.pt\/#website","url":"https:\/\/portaltela.pt\/","name":"Portal Tela Portugal","description":"","potentialAction":[{"@type":"SearchAction","target":{"@type":"EntryPoint","urlTemplate":"https:\/\/portaltela.pt\/?s={search_term_string}"},"query-input":{"@type":"PropertyValueSpecification","valueRequired":true,"valueName":"search_term_string"}}],"inLanguage":"pt-PT"},{"@type":"Person","@id":"https:\/\/portaltela.pt\/#\/schema\/person\/c4278d4a6028830caff9ee44b42d32ed","name":"Telinha","image":{"@type":"ImageObject","inLanguage":"pt-PT","@id":"https:\/\/portaltela.pt\/s.01k8rhncp4jt1\/2025\/11\/talking-bot-125x125.png","url":"https:\/\/portaltela.pt\/s.01k8rhncp4jt1\/2025\/11\/talking-bot-125x125.png","contentUrl":"https:\/\/portaltela.pt\/s.01k8rhncp4jt1\/2025\/11\/talking-bot-125x125.png","caption":"Telinha"},"sameAs":["https:\/\/portaltela.pt\/"],"url":"https:\/\/portaltela.pt\/por\/367410592786\/"}]}},"_links":{"self":[{"href":"https:\/\/portaltela.pt\/api\/wp\/v2\/posts\/130182","targetHints":{"allow":["GET"]}}],"collection":[{"href":"https:\/\/portaltela.pt\/api\/wp\/v2\/posts"}],"about":[{"href":"https:\/\/portaltela.pt\/api\/wp\/v2\/types\/post"}],"author":[{"embeddable":true,"href":"https:\/\/portaltela.pt\/api\/wp\/v2\/users\/2"}],"replies":[{"embeddable":true,"href":"https:\/\/portaltela.pt\/api\/wp\/v2\/comments?post=130182"}],"version-history":[{"count":0,"href":"https:\/\/portaltela.pt\/api\/wp\/v2\/posts\/130182\/revisions"}],"wp:featuredmedia":[{"embeddable":true,"href":"https:\/\/portaltela.pt\/api\/wp\/v2\/media\/130183"}],"wp:attachment":[{"href":"https:\/\/portaltela.pt\/api\/wp\/v2\/media?parent=130182"}],"wp:term":[{"taxonomy":"category","embeddable":true,"href":"https:\/\/portaltela.pt\/api\/wp\/v2\/categories?post=130182"},{"taxonomy":"post_tag","embeddable":true,"href":"https:\/\/portaltela.pt\/api\/wp\/v2\/tags?post=130182"}],"curies":[{"name":"wp","href":"https:\/\/api.w.org\/{rel}","templated":true}]}}