{"id":130089,"date":"2026-01-10T04:23:00","date_gmt":"2026-01-10T07:23:00","guid":{"rendered":"https:\/\/portaltela.pt\/noticias\/2026\/01\/10\/seul-nega-ter-lancado-drones-espioes-para-a-coreia-do-norte-2\/"},"modified":"2026-01-10T04:23:00","modified_gmt":"2026-01-10T07:23:00","slug":"seul-nega-ter-lancado-drones-espioes-para-a-coreia-do-norte-2","status":"publish","type":"post","link":"https:\/\/portaltela.pt\/noticias\/2026\/01\/10\/seul-nega-ter-lancado-drones-espioes-para-a-coreia-do-norte-2\/","title":{"rendered":"Seul nega ter lan\u00e7ado drones espi\u00f5es para a Coreia do Norte"},"content":{"rendered":"<p>O governo sul-coreano negou as acusa\u00e7\u00f5es de Pyongyang de que teriam sido lan\u00e7ados dois drones espi\u00f5es para territ\u00f3rio da Coreia do Norte, nos \u00faltimos meses. A defesa sul-coreana afastou as alega\u00e7\u00f5es feitas pela ag\u00eancia norte-coreana KCNA, que publicou imagens associadas ao suposto incidente.<\/p>\n<p>O ministro da Defesa, Ahn Gyu-back, classificou as acusa\u00e7\u00f5es como absolutamente falsas e afirmou que o Ex\u00e9rcito da Coreia do Sul n\u00e3o utiliza drones do tipo mostrado nas imagens divulgadas pela KCNA. As informa\u00e7\u00f5es foram repetidas por ele em declara\u00e7\u00f5es \u00e0 ag\u00eancia Yonhap.<\/p>\n<p>De acordo com Ahn, nenhuma unidade sul-coreana realizou opera\u00e7\u00f5es de voo nas datas mencionadas pela Coreia do Norte. A defesa reiterou que n\u00e3o houve atividades que corroborem as alega\u00e7\u00f5es divulgadas pela KCNA, salientando a falta de evid\u00eancias e contextualizando as imagens dentro de uma narrativa de Pyongyang.<\/p>\n","protected":false},"excerpt":{"rendered":"<ul>\n<li>O ministro da Defesa da Coreia do Sul, Ahn Gyu-back, rejeitou as declara\u00e7\u00f5es de Pyongyang sobre o lan\u00e7amento de dois drones espi\u00f5es para a Coreia do Norte.<\/li>\n<li>Ahn classificou as acusa\u00e7\u00f5es como \u201cabsolutamente falsas\u201d.<\/li>\n<li>Disse que o Ex\u00e9rcito sul-coreano n\u00e3o utiliza drones como os mostrados nas imagens divulgadas pela KCNA.<\/li>\n<li>Ahn afirmou ainda, em declara\u00e7\u00f5es \u00e0 Yonhap, que nenhuma unidade sul-coreana realizou opera\u00e7\u00f5es de voo nas datas mencionadas por Pyongyang.<\/li>\n<\/ul>\n","protected":false},"author":2,"featured_media":130091,"comment_status":"closed","ping_status":"closed","sticky":false,"template":"","format":"standard","meta":{"footnotes":""},"categories":[1],"tags":[230,2198,2336,34,195,250],"class_list":["post-130089","post","type-post","status-publish","format-standard","has-post-thumbnail","hentry","category-noticias","tag-accoes-internacionais","tag-conflitos-internacionais","tag-defesa-nacional","tag-governo","tag-informacao","tag-seguranca-publica"],"yoast_head":"<!-- This site is optimized with the Yoast SEO plugin v27.2 - https:\/\/yoast.com\/product\/yoast-seo-wordpress\/ -->\n<title>Seul nega ter lan\u00e7ado drones espi\u00f5es para a Coreia do Norte - Portal Tela Portugal<\/title>\n<meta name=\"robots\" content=\"index, follow, max-snippet:-1, max-image-preview:large, max-video-preview:-1\" \/>\n<meta property=\"og:locale\" content=\"pt_PT\" \/>\n<meta property=\"og:type\" content=\"article\" \/>\n<meta property=\"og:title\" content=\"Seul nega ter lan\u00e7ado drones espi\u00f5es para a Coreia do Norte - Portal Tela Portugal\" \/>\n<meta property=\"og:description\" content=\"O ministro da Defesa da Coreia do Sul, Ahn Gyu-back, rejeitou as declara\u00e7\u00f5es de Pyongyang sobre o lan\u00e7amento de dois drones espi\u00f5es para a Coreia do Norte. Ahn classificou as acusa\u00e7\u00f5es como \u201cabsolutamente falsas\u201d. Disse que o Ex\u00e9rcito sul-coreano n\u00e3o utiliza drones como os mostrados nas imagens divulgadas pela KCNA. Ahn afirmou ainda, em declara\u00e7\u00f5es \u00e0 Yonhap, que nenhuma unidade sul-coreana realizou opera\u00e7\u00f5es de voo nas datas mencionadas por Pyongyang.\" \/>\n<meta property=\"og:url\" content=\"https:\/\/portaltela.pt\/noticias\/2026\/01\/10\/seul-nega-ter-lancado-drones-espioes-para-a-coreia-do-norte-2\/\" \/>\n<meta property=\"og:site_name\" content=\"Portal Tela Portugal\" \/>\n<meta property=\"article:published_time\" content=\"2026-01-10T07:23:00+00:00\" \/>\n<meta name=\"author\" content=\"Telinha\" \/>\n<meta name=\"twitter:card\" content=\"summary_large_image\" \/>\n<meta name=\"twitter:label1\" content=\"Escrito por\" \/>\n\t<meta name=\"twitter:data1\" content=\"Telinha\" \/>\n\t<meta name=\"twitter:label2\" content=\"Tempo estimado de leitura\" \/>\n\t<meta name=\"twitter:data2\" content=\"1 minuto\" \/>\n<script type=\"application\/ld+json\" class=\"yoast-schema-graph\">{\"@context\":\"https:\/\/schema.org\",\"@graph\":[{\"@type\":\"Article\",\"@id\":\"https:\/\/portaltela.pt\/noticias\/2026\/01\/10\/seul-nega-ter-lancado-drones-espioes-para-a-coreia-do-norte-2\/#article\",\"isPartOf\":{\"@id\":\"https:\/\/portaltela.pt\/noticias\/2026\/01\/10\/seul-nega-ter-lancado-drones-espioes-para-a-coreia-do-norte-2\/\"},\"author\":{\"name\":\"Telinha\",\"@id\":\"https:\/\/portaltela.pt\/#\/schema\/person\/c4278d4a6028830caff9ee44b42d32ed\"},\"headline\":\"Seul nega ter lan\u00e7ado drones espi\u00f5es para a Coreia do Norte\",\"datePublished\":\"2026-01-10T07:23:00+00:00\",\"mainEntityOfPage\":{\"@id\":\"https:\/\/portaltela.pt\/noticias\/2026\/01\/10\/seul-nega-ter-lancado-drones-espioes-para-a-coreia-do-norte-2\/\"},\"wordCount\":161,\"image\":{\"@id\":\"https:\/\/portaltela.pt\/noticias\/2026\/01\/10\/seul-nega-ter-lancado-drones-espioes-para-a-coreia-do-norte-2\/#primaryimage\"},\"thumbnailUrl\":\"https:\/\/portaltela.pt\/s.01k8rhncp4jt1\/2026\/01\/img_1500x1000uu2025-05-22-08-04-56-2210976.jpg\",\"keywords\":[\"ac\u00e7\u00f5es internacionais\",\"conflitos internacionais\",\"Defesa Nacional\",\"governo\",\"informa\u00e7\u00e3o\",\"seguran\u00e7a p\u00fablica\"],\"articleSection\":[\"Not\u00edcias\"],\"inLanguage\":\"pt-PT\"},{\"@type\":\"WebPage\",\"@id\":\"https:\/\/portaltela.pt\/noticias\/2026\/01\/10\/seul-nega-ter-lancado-drones-espioes-para-a-coreia-do-norte-2\/\",\"url\":\"https:\/\/portaltela.pt\/noticias\/2026\/01\/10\/seul-nega-ter-lancado-drones-espioes-para-a-coreia-do-norte-2\/\",\"name\":\"Seul nega ter lan\u00e7ado drones espi\u00f5es para a Coreia do Norte - Portal Tela Portugal\",\"isPartOf\":{\"@id\":\"https:\/\/portaltela.pt\/#website\"},\"primaryImageOfPage\":{\"@id\":\"https:\/\/portaltela.pt\/noticias\/2026\/01\/10\/seul-nega-ter-lancado-drones-espioes-para-a-coreia-do-norte-2\/#primaryimage\"},\"image\":{\"@id\":\"https:\/\/portaltela.pt\/noticias\/2026\/01\/10\/seul-nega-ter-lancado-drones-espioes-para-a-coreia-do-norte-2\/#primaryimage\"},\"thumbnailUrl\":\"https:\/\/portaltela.pt\/s.01k8rhncp4jt1\/2026\/01\/img_1500x1000uu2025-05-22-08-04-56-2210976.jpg\",\"datePublished\":\"2026-01-10T07:23:00+00:00\",\"author\":{\"@id\":\"https:\/\/portaltela.pt\/#\/schema\/person\/c4278d4a6028830caff9ee44b42d32ed\"},\"breadcrumb\":{\"@id\":\"https:\/\/portaltela.pt\/noticias\/2026\/01\/10\/seul-nega-ter-lancado-drones-espioes-para-a-coreia-do-norte-2\/#breadcrumb\"},\"inLanguage\":\"pt-PT\",\"potentialAction\":[{\"@type\":\"ReadAction\",\"target\":[\"https:\/\/portaltela.pt\/noticias\/2026\/01\/10\/seul-nega-ter-lancado-drones-espioes-para-a-coreia-do-norte-2\/\"]}]},{\"@type\":\"ImageObject\",\"inLanguage\":\"pt-PT\",\"@id\":\"https:\/\/portaltela.pt\/noticias\/2026\/01\/10\/seul-nega-ter-lancado-drones-espioes-para-a-coreia-do-norte-2\/#primaryimage\",\"url\":\"https:\/\/portaltela.pt\/s.01k8rhncp4jt1\/2026\/01\/img_1500x1000uu2025-05-22-08-04-56-2210976.jpg\",\"contentUrl\":\"https:\/\/portaltela.pt\/s.01k8rhncp4jt1\/2026\/01\/img_1500x1000uu2025-05-22-08-04-56-2210976.jpg\",\"width\":796,\"height\":448,\"caption\":\"Bandeira da Coreia do Sul\"},{\"@type\":\"BreadcrumbList\",\"@id\":\"https:\/\/portaltela.pt\/noticias\/2026\/01\/10\/seul-nega-ter-lancado-drones-espioes-para-a-coreia-do-norte-2\/#breadcrumb\",\"itemListElement\":[{\"@type\":\"ListItem\",\"position\":1,\"name\":\"In\u00edcio\",\"item\":\"https:\/\/portaltela.pt\/\"},{\"@type\":\"ListItem\",\"position\":2,\"name\":\"Seul nega ter lan\u00e7ado drones espi\u00f5es para a Coreia do Norte\"}]},{\"@type\":\"WebSite\",\"@id\":\"https:\/\/portaltela.pt\/#website\",\"url\":\"https:\/\/portaltela.pt\/\",\"name\":\"Portal Tela Portugal\",\"description\":\"\",\"potentialAction\":[{\"@type\":\"SearchAction\",\"target\":{\"@type\":\"EntryPoint\",\"urlTemplate\":\"https:\/\/portaltela.pt\/?s={search_term_string}\"},\"query-input\":{\"@type\":\"PropertyValueSpecification\",\"valueRequired\":true,\"valueName\":\"search_term_string\"}}],\"inLanguage\":\"pt-PT\"},{\"@type\":\"Person\",\"@id\":\"https:\/\/portaltela.pt\/#\/schema\/person\/c4278d4a6028830caff9ee44b42d32ed\",\"name\":\"Telinha\",\"image\":{\"@type\":\"ImageObject\",\"inLanguage\":\"pt-PT\",\"@id\":\"https:\/\/portaltela.pt\/s.01k8rhncp4jt1\/2025\/11\/talking-bot-125x125.png\",\"url\":\"https:\/\/portaltela.pt\/s.01k8rhncp4jt1\/2025\/11\/talking-bot-125x125.png\",\"contentUrl\":\"https:\/\/portaltela.pt\/s.01k8rhncp4jt1\/2025\/11\/talking-bot-125x125.png\",\"caption\":\"Telinha\"},\"sameAs\":[\"https:\/\/portaltela.pt\/\"],\"url\":\"https:\/\/portaltela.pt\/por\/367410592786\/\"}]}<\/script>\n<!-- \/ Yoast SEO plugin. -->","yoast_head_json":{"title":"Seul nega ter lan\u00e7ado drones espi\u00f5es para a Coreia do Norte - Portal Tela Portugal","robots":{"index":"index","follow":"follow","max-snippet":"max-snippet:-1","max-image-preview":"max-image-preview:large","max-video-preview":"max-video-preview:-1"},"og_locale":"pt_PT","og_type":"article","og_title":"Seul nega ter lan\u00e7ado drones espi\u00f5es para a Coreia do Norte - Portal Tela Portugal","og_description":"O ministro da Defesa da Coreia do Sul, Ahn Gyu-back, rejeitou as declara\u00e7\u00f5es de Pyongyang sobre o lan\u00e7amento de dois drones espi\u00f5es para a Coreia do Norte. Ahn classificou as acusa\u00e7\u00f5es como \u201cabsolutamente falsas\u201d. Disse que o Ex\u00e9rcito sul-coreano n\u00e3o utiliza drones como os mostrados nas imagens divulgadas pela KCNA. Ahn afirmou ainda, em declara\u00e7\u00f5es \u00e0 Yonhap, que nenhuma unidade sul-coreana realizou opera\u00e7\u00f5es de voo nas datas mencionadas por Pyongyang.","og_url":"https:\/\/portaltela.pt\/noticias\/2026\/01\/10\/seul-nega-ter-lancado-drones-espioes-para-a-coreia-do-norte-2\/","og_site_name":"Portal Tela Portugal","article_published_time":"2026-01-10T07:23:00+00:00","author":"Telinha","twitter_card":"summary_large_image","twitter_misc":{"Escrito por":"Telinha","Tempo estimado de leitura":"1 minuto"},"schema":{"@context":"https:\/\/schema.org","@graph":[{"@type":"Article","@id":"https:\/\/portaltela.pt\/noticias\/2026\/01\/10\/seul-nega-ter-lancado-drones-espioes-para-a-coreia-do-norte-2\/#article","isPartOf":{"@id":"https:\/\/portaltela.pt\/noticias\/2026\/01\/10\/seul-nega-ter-lancado-drones-espioes-para-a-coreia-do-norte-2\/"},"author":{"name":"Telinha","@id":"https:\/\/portaltela.pt\/#\/schema\/person\/c4278d4a6028830caff9ee44b42d32ed"},"headline":"Seul nega ter lan\u00e7ado drones espi\u00f5es para a Coreia do Norte","datePublished":"2026-01-10T07:23:00+00:00","mainEntityOfPage":{"@id":"https:\/\/portaltela.pt\/noticias\/2026\/01\/10\/seul-nega-ter-lancado-drones-espioes-para-a-coreia-do-norte-2\/"},"wordCount":161,"image":{"@id":"https:\/\/portaltela.pt\/noticias\/2026\/01\/10\/seul-nega-ter-lancado-drones-espioes-para-a-coreia-do-norte-2\/#primaryimage"},"thumbnailUrl":"https:\/\/portaltela.pt\/s.01k8rhncp4jt1\/2026\/01\/img_1500x1000uu2025-05-22-08-04-56-2210976.jpg","keywords":["ac\u00e7\u00f5es internacionais","conflitos internacionais","Defesa Nacional","governo","informa\u00e7\u00e3o","seguran\u00e7a p\u00fablica"],"articleSection":["Not\u00edcias"],"inLanguage":"pt-PT"},{"@type":"WebPage","@id":"https:\/\/portaltela.pt\/noticias\/2026\/01\/10\/seul-nega-ter-lancado-drones-espioes-para-a-coreia-do-norte-2\/","url":"https:\/\/portaltela.pt\/noticias\/2026\/01\/10\/seul-nega-ter-lancado-drones-espioes-para-a-coreia-do-norte-2\/","name":"Seul nega ter lan\u00e7ado drones espi\u00f5es para a Coreia do Norte - Portal Tela Portugal","isPartOf":{"@id":"https:\/\/portaltela.pt\/#website"},"primaryImageOfPage":{"@id":"https:\/\/portaltela.pt\/noticias\/2026\/01\/10\/seul-nega-ter-lancado-drones-espioes-para-a-coreia-do-norte-2\/#primaryimage"},"image":{"@id":"https:\/\/portaltela.pt\/noticias\/2026\/01\/10\/seul-nega-ter-lancado-drones-espioes-para-a-coreia-do-norte-2\/#primaryimage"},"thumbnailUrl":"https:\/\/portaltela.pt\/s.01k8rhncp4jt1\/2026\/01\/img_1500x1000uu2025-05-22-08-04-56-2210976.jpg","datePublished":"2026-01-10T07:23:00+00:00","author":{"@id":"https:\/\/portaltela.pt\/#\/schema\/person\/c4278d4a6028830caff9ee44b42d32ed"},"breadcrumb":{"@id":"https:\/\/portaltela.pt\/noticias\/2026\/01\/10\/seul-nega-ter-lancado-drones-espioes-para-a-coreia-do-norte-2\/#breadcrumb"},"inLanguage":"pt-PT","potentialAction":[{"@type":"ReadAction","target":["https:\/\/portaltela.pt\/noticias\/2026\/01\/10\/seul-nega-ter-lancado-drones-espioes-para-a-coreia-do-norte-2\/"]}]},{"@type":"ImageObject","inLanguage":"pt-PT","@id":"https:\/\/portaltela.pt\/noticias\/2026\/01\/10\/seul-nega-ter-lancado-drones-espioes-para-a-coreia-do-norte-2\/#primaryimage","url":"https:\/\/portaltela.pt\/s.01k8rhncp4jt1\/2026\/01\/img_1500x1000uu2025-05-22-08-04-56-2210976.jpg","contentUrl":"https:\/\/portaltela.pt\/s.01k8rhncp4jt1\/2026\/01\/img_1500x1000uu2025-05-22-08-04-56-2210976.jpg","width":796,"height":448,"caption":"Bandeira da Coreia do Sul"},{"@type":"BreadcrumbList","@id":"https:\/\/portaltela.pt\/noticias\/2026\/01\/10\/seul-nega-ter-lancado-drones-espioes-para-a-coreia-do-norte-2\/#breadcrumb","itemListElement":[{"@type":"ListItem","position":1,"name":"In\u00edcio","item":"https:\/\/portaltela.pt\/"},{"@type":"ListItem","position":2,"name":"Seul nega ter lan\u00e7ado drones espi\u00f5es para a Coreia do Norte"}]},{"@type":"WebSite","@id":"https:\/\/portaltela.pt\/#website","url":"https:\/\/portaltela.pt\/","name":"Portal Tela Portugal","description":"","potentialAction":[{"@type":"SearchAction","target":{"@type":"EntryPoint","urlTemplate":"https:\/\/portaltela.pt\/?s={search_term_string}"},"query-input":{"@type":"PropertyValueSpecification","valueRequired":true,"valueName":"search_term_string"}}],"inLanguage":"pt-PT"},{"@type":"Person","@id":"https:\/\/portaltela.pt\/#\/schema\/person\/c4278d4a6028830caff9ee44b42d32ed","name":"Telinha","image":{"@type":"ImageObject","inLanguage":"pt-PT","@id":"https:\/\/portaltela.pt\/s.01k8rhncp4jt1\/2025\/11\/talking-bot-125x125.png","url":"https:\/\/portaltela.pt\/s.01k8rhncp4jt1\/2025\/11\/talking-bot-125x125.png","contentUrl":"https:\/\/portaltela.pt\/s.01k8rhncp4jt1\/2025\/11\/talking-bot-125x125.png","caption":"Telinha"},"sameAs":["https:\/\/portaltela.pt\/"],"url":"https:\/\/portaltela.pt\/por\/367410592786\/"}]}},"_links":{"self":[{"href":"https:\/\/portaltela.pt\/api\/wp\/v2\/posts\/130089","targetHints":{"allow":["GET"]}}],"collection":[{"href":"https:\/\/portaltela.pt\/api\/wp\/v2\/posts"}],"about":[{"href":"https:\/\/portaltela.pt\/api\/wp\/v2\/types\/post"}],"author":[{"embeddable":true,"href":"https:\/\/portaltela.pt\/api\/wp\/v2\/users\/2"}],"replies":[{"embeddable":true,"href":"https:\/\/portaltela.pt\/api\/wp\/v2\/comments?post=130089"}],"version-history":[{"count":0,"href":"https:\/\/portaltela.pt\/api\/wp\/v2\/posts\/130089\/revisions"}],"wp:featuredmedia":[{"embeddable":true,"href":"https:\/\/portaltela.pt\/api\/wp\/v2\/media\/130091"}],"wp:attachment":[{"href":"https:\/\/portaltela.pt\/api\/wp\/v2\/media?parent=130089"}],"wp:term":[{"taxonomy":"category","embeddable":true,"href":"https:\/\/portaltela.pt\/api\/wp\/v2\/categories?post=130089"},{"taxonomy":"post_tag","embeddable":true,"href":"https:\/\/portaltela.pt\/api\/wp\/v2\/tags?post=130089"}],"curies":[{"name":"wp","href":"https:\/\/api.w.org\/{rel}","templated":true}]}}