{"id":129808,"date":"2026-01-09T18:43:00","date_gmt":"2026-01-09T21:43:00","guid":{"rendered":"https:\/\/portaltela.pt\/noticias\/2026\/01\/09\/mercado-record-com-goalpoint-analisa-extremos-desejados-pelo-benfica-e-quenda\/"},"modified":"2026-01-09T18:43:00","modified_gmt":"2026-01-09T21:43:00","slug":"mercado-record-com-goalpoint-analisa-extremos-desejados-pelo-benfica-e-quenda","status":"publish","type":"post","link":"https:\/\/portaltela.pt\/desporto\/futebol\/2026\/01\/09\/mercado-record-com-goalpoint-analisa-extremos-desejados-pelo-benfica-e-quenda\/","title":{"rendered":"Mercado Record com GoalPoint analisa extremos desejados pelo Benfica e Quenda"},"content":{"rendered":"<p>O Mercado Record com GoalPoint tra\u00e7a um raio-x aos extremos desejados pelo Benfica e Faye, com tra\u00e7os de Quenda. A an\u00e1lise descreve as movimenta\u00e7\u00f5es e estrat\u00e9gias dos clubes na procura de refor\u00e7os e potenciais chegadas. O objetivo \u00e9 clarificar tend\u00eancias no mercado de transfer\u00eancias.<\/p>\n<p>A pe\u00e7a destaca a import\u00e2ncia de identificar os extremos desejados, bem como as caracter\u00edsticas adequadas para encaixar no plantel. S\u00e3o exploradas negocia\u00e7\u00f5es em curso e as consequ\u00eancias para as op\u00e7\u00f5es de ataque de cada equipa.<\/p>\n<p>A leitura foca ainda nos formatos de ataque, no encaixe t\u00e1tico e na adapta\u00e7\u00e3o de futuros refor\u00e7os. A dire\u00e7\u00e3o de cada clube \u00e9 apresentada de forma neutra, sem ju\u00edzos de valor, apenas com dados das negocia\u00e7\u00f5es.<\/p>\n<h3>Mercado Record: Andr\u00e9 Luiz \u00e0 vista na Luz, Sporting reorganiza casa e City abre cord\u00f5es \u00e0 bolsa<\/h3>\n<p>O artigo identificou Andr\u00e9 Luiz como poss\u00edvel refor\u00e7o para a Luz, com negocia\u00e7\u00f5es em curso. O foco recai sobre o encaixe estrat\u00e9gico do atleta no esquema de jogo e na viabilidade financeira do neg\u00f3cio.<\/p>\n<p>No Sporting, a reorganiza\u00e7\u00e3o interna \u00e9 descrita como prioridade para acomodar refor\u00e7os, incluindo o tema Faye. A an\u00e1lise aborda prazos, custos e impactos desportivos da opera\u00e7\u00e3o, sem antecipar desfechos.<\/p>\n<p>O registo do Manchester City \u00e9 citado como vari\u00e1vel externa que pode influenciar negocia\u00e7\u00f5es. A pe\u00e7a aponta a press\u00e3o de cen\u00e1rios econ\u00f3micos e a necessidade de resposta r\u00e1pida por parte dos clubes portugueses.<\/p>\n<h3>Mercado Record: os detalhes de Faye no Sporting e o que impede Pietuszewski de treinar no FC Porto<\/h3>\n<p>O foco passa a Faye no Sporting, com avan\u00e7os relativos e obst\u00e1culos administrativos que atrasam a conclus\u00e3o do acordo. A reportagem descreve os crit\u00e9rios t\u00e9cnicos considerados pela equipa verde e branca.<\/p>\n<p>Quanto a Pietuszewski, o texto explica as raz\u00f5es que impedem o registo para treinar no FC Porto neste momento. S\u00e3o apresentados prazos legais e condicionantes contratuais que moldam o panorama do atleta.<\/p>\n<p>A reportagem detalha ainda as repercuss\u00f5es desportivas para o plantel portista, incluindo op\u00e7\u00f5es de substitui\u00e7\u00e3o e o impacto na rota\u00e7\u00e3o de titulares. A cobertura mant\u00e9m o tom informativo e objetivo.<\/p>\n<h3>Mercado Record: Faye quase fechado no Sporting e Jur\u00e1sek liberta espa\u00e7o no Benfica<\/h3>\n<p>Faye surge como acordo pr\u00f3ximo de conclus\u00e3o no Sporting, com liberta\u00e7\u00e3o de espa\u00e7o no plantel do Benfica associada a movimenta\u00e7\u00f5es de Jur\u00e1sek. A pe\u00e7a descreve como as opera\u00e7\u00f5es se inter-relacionam entre os clubes.<\/p>\n<p>A leitura explica as implica\u00e7\u00f5es t\u00e1ticas de cada decis\u00e3o, incluindo a poss\u00edvel abertura de espa\u00e7o para outras entradas e a gest\u00e3o de or\u00e7amentos. A an\u00e1lise mant\u00e9m o foco em fatos verific\u00e1veis.<\/p>\n<h3>Mercado Record: futuro de Amorim, FC Porto oficializa extremo e as \u00faltimas de Benfica e Sporting<\/h3>\n<p>O relat\u00f3rio aborda o poss\u00edvel futuro de Amorim na \u00f3rbita de clubes europeus, com o FC Porto a confirmar a temporada de um extremo. A not\u00edcia apresenta os contornos oficiais do neg\u00f3cio em curso.<\/p>\n<p>As mudan\u00e7as no Benfica e no Sporting s\u00e3o apresentadas com datas e etapas importantes, destacando refor\u00e7os anunciados, rumores e confirma\u00e7\u00f5es oficiais. O texto evita especula\u00e7\u00e3o sem fonte.<\/p>\n<h3>Mercado Record: Benfica acelera extremo, Farioli pode renovar e portugu\u00eas em risco na Premier League<\/h3>\n<p>O Benfica acelera as negocia\u00e7\u00f5es por um extremo, com foco na adequa\u00e7\u00e3o ao estilo de jogo da equipa. A poss\u00edvel renova\u00e7\u00e3o de Farioli \u00e9 mencionada como etapa estrat\u00e9gica.<\/p>\n<p>A nota menciona um jogador portugu\u00eas em risco na Premier League, descrevendo os crit\u00e9rios de sele\u00e7\u00e3o e as situa\u00e7\u00f5es contratuais que influenciam a decis\u00e3o. A linha central permanece factual.<\/p>\n<h3>Mercado Record: ponto de situa\u00e7\u00e3o de Andr\u00e9 Luiz e Faye e um portugu\u00eas de volta ao Bar\u00e7a<\/h3>\n<p>A pe\u00e7a atualiza a posi\u00e7\u00e3o de Andr\u00e9 Luiz e Faye, consolidando a leitura de que ambas as opera\u00e7\u00f5es caminham com avan\u00e7os ou ajustes. S\u00e3o apresentados cen\u00e1rios de negocia\u00e7\u00e3o.<\/p>\n<p>A volta de um jogador portugu\u00eas ao Bar\u00e7a \u00e9 apresentada como linha adicional, com refer\u00eancias a eventuais impactos na log\u00edstica dos clubes envolvidos. O tom mant\u00e9m neutralidade.<\/p>\n<h3>Mercado Record: Andr\u00e9 Luiz mais perto da Luz, Sporting avan\u00e7a por Faye e United olha para Farioli<\/h3>\n<p>A not\u00edcia sinaliza Andr\u00e9 Luiz como mais pr\u00f3ximo de assinar com a Luz, ap\u00f3s conversas intensificadas. O Sporting continua firme na batalha por Faye.<\/p>\n<p>O Manchester United surge como interessado em Farioli, com o jornalizando descrevendo a posi\u00e7\u00e3o dos clubes na corrida e poss\u00edveis etapas futuras. O enfoque \u00e9 objetivo.<\/p>\n<h3>Mercado Record: Amorim despedido do United com portugu\u00eas &#8216;\u00e0 espreita&#8217; e Sporting sobe parada por Faye<\/h3>\n<p>A cobertura registra rumores sobre mudan\u00e7as na rela\u00e7\u00e3o entre o treinador Amorim e o United, sem ju\u00edzos de valor. O portugu\u00eas referido permanece em posi\u00e7\u00e3o de alerta.<\/p>\n<p>Aumenta a press\u00e3o do Sporting na negocia\u00e7\u00e3o por Faye, com reportagens a apontar avan\u00e7os significativos e etapas subsequentes para o desfecho.<\/p>\n<h3>Mercado Record: Cancelo \u00e0 espera de luz verde do Barcelona, ex-alvo do Benfica na mira do Palmeiras e Jorge Mendes tenta neg\u00f3cio milion\u00e1rio<\/h3>\n<p>O relat\u00f3rio cita Cancelo em espera de aprova\u00e7\u00e3o da opera\u00e7\u00e3o com o Barcelona, enquanto um antigo alvo do Benfica surge no radar do Palmeiras. Jorge Mendes \u00e9 apontado como mediador em negocia\u00e7\u00f5es de alto valor.<\/p>\n<p>Este conjunto de informa\u00e7\u00f5es apresenta o panorama internacional, com foco na verifica\u00e7\u00e3o de etapas legais e contratuais. A reda\u00e7\u00e3o mant\u00e9m-se fiel aos fatos confirmados.<\/p>\n<h3>Mercado Record: A estat\u00edstica alucinante de Gon\u00e7alo Ramos que impressiona os franceses<\/h3>\n<p>O texto inclui dados estat\u00edsticos de Gon\u00e7alo Ramos, destacando o impacto no interesse de equipas francesas. A an\u00e1lise \u00e9 apresentada como refer\u00eancia para avalia\u00e7\u00e3o de desempenho.<\/p>\n<h3>Mercado Record: Boas not\u00edcias para Mourinho: t\u00e9cnico pode dormir descansado em rela\u00e7\u00e3o \u00e0 dupla de centrais para o cl\u00e1ssico<\/h3>\n<p>A not\u00edcia aponta evolu\u00e7\u00f5es positivas na condi\u00e7\u00e3o da dupla de centrais, influenciando a prepara\u00e7\u00e3o para o cl\u00e1ssico. A linguagem \u00e9 t\u00e9cnica e descritiva, sem julgamentos.<\/p>\n<h3>Mercado Record: Ex-Chelsea anuncia que est\u00e1 a lutar para sobreviver: talvez s\u00f3 me restem alguns dias<\/h3>\n<p>O portal reporta a fala de um antigo jogador do Chelsea sobre a situa\u00e7\u00e3o dif\u00edcil no momento atual. A apresenta\u00e7\u00e3o \u00e9 factual, com foco nos fatos comunicados.<\/p>\n","protected":false},"excerpt":{"rendered":"<ul>\n<li>O Mercado Record com GoalPoint apresenta um raio-x aos extremos desejados pelo Benfica e pela Faye, com tra\u00e7os de Quenda, revelando as movimenta\u00e7\u00f5es e negocia\u00e7\u00f5es em curso.<\/li>\n<li>O v\u00eddeo destaca a import\u00e2ncia de identificar os extremos ideais e as caracter\u00edsticas espec\u00edficas que cada jogador deve ter para encaixar na equipa.<\/li>\n<li>O objetivo \u00e9 oferecer uma vis\u00e3o clara sobre as tend\u00eancias do mercado, ajudando f\u00e3s e profissionais a entenderem as estrat\u00e9gias de refor\u00e7os.<\/li>\n<li>Entre os temas abordados, est\u00e3o refer\u00eancias a Andr\u00e9 Luiz na Luz, a\u00e7\u00f5es do Sporting e altera\u00e7\u00f5es potenciais na gest\u00e3o de verbs de mercado pelo City.<\/li>\n<li>O material tamb\u00e9m aborda eventuais avan\u00e7os e entraves em negocia\u00e7\u00f5es envolvendo Faye, Pietuszewski, Jur\u00e1sek, Amorim, Farioli e outros nomes ligados ao Benfica, Sporting e FC Porto.<\/li>\n<\/ul>\n","protected":false},"author":2,"featured_media":129809,"comment_status":"closed","ping_status":"closed","sticky":false,"template":"","format":"standard","meta":{"footnotes":""},"categories":[21,24],"tags":[2769,1946,2028,2041,1652,2050],"class_list":["post-129808","post","type-post","status-publish","format-standard","has-post-thumbnail","hentry","category-desporto","category-futebol","tag-andre-luiz","tag-benfica","tag-fc-porto","tag-jorge-mendes","tag-sporting","tag-transferencias"],"yoast_head":"<!-- This site is optimized with the Yoast SEO plugin v27.2 - https:\/\/yoast.com\/product\/yoast-seo-wordpress\/ -->\n<title>Mercado Record com GoalPoint analisa extremos desejados pelo Benfica e Quenda - Portal Tela Portugal<\/title>\n<meta name=\"robots\" content=\"index, follow, max-snippet:-1, max-image-preview:large, max-video-preview:-1\" \/>\n<meta property=\"og:locale\" content=\"pt_PT\" \/>\n<meta property=\"og:type\" content=\"article\" \/>\n<meta property=\"og:title\" content=\"Mercado Record com GoalPoint analisa extremos desejados pelo Benfica e Quenda - Portal Tela Portugal\" \/>\n<meta property=\"og:description\" content=\"O Mercado Record com GoalPoint apresenta um raio-x aos extremos desejados pelo Benfica e pela Faye, com tra\u00e7os de Quenda, revelando as movimenta\u00e7\u00f5es e negocia\u00e7\u00f5es em curso. O v\u00eddeo destaca a import\u00e2ncia de identificar os extremos ideais e as caracter\u00edsticas espec\u00edficas que cada jogador deve ter para encaixar na equipa. O objetivo \u00e9 oferecer uma vis\u00e3o clara sobre as tend\u00eancias do mercado, ajudando f\u00e3s e profissionais a entenderem as estrat\u00e9gias de refor\u00e7os. Entre os temas abordados, est\u00e3o refer\u00eancias a Andr\u00e9 Luiz na Luz, a\u00e7\u00f5es do Sporting e altera\u00e7\u00f5es potenciais na gest\u00e3o de verbs de mercado pelo City. O material tamb\u00e9m aborda eventuais avan\u00e7os e entraves em negocia\u00e7\u00f5es envolvendo Faye, Pietuszewski, Jur\u00e1sek, Amorim, Farioli e outros nomes ligados ao Benfica, Sporting e FC Porto.\" \/>\n<meta property=\"og:url\" content=\"https:\/\/portaltela.pt\/noticias\/2026\/01\/09\/mercado-record-com-goalpoint-analisa-extremos-desejados-pelo-benfica-e-quenda\/\" \/>\n<meta property=\"og:site_name\" content=\"Portal Tela Portugal\" \/>\n<meta property=\"article:published_time\" content=\"2026-01-09T21:43:00+00:00\" \/>\n<meta name=\"author\" content=\"Telinha\" \/>\n<meta name=\"twitter:card\" content=\"summary_large_image\" \/>\n<meta name=\"twitter:label1\" content=\"Escrito por\" \/>\n\t<meta name=\"twitter:data1\" content=\"Telinha\" \/>\n\t<meta name=\"twitter:label2\" content=\"Tempo estimado de leitura\" \/>\n\t<meta name=\"twitter:data2\" content=\"6 minutos\" \/>\n<script type=\"application\/ld+json\" class=\"yoast-schema-graph\">{\"@context\":\"https:\/\/schema.org\",\"@graph\":[{\"@type\":\"Article\",\"@id\":\"https:\/\/portaltela.pt\/noticias\/2026\/01\/09\/mercado-record-com-goalpoint-analisa-extremos-desejados-pelo-benfica-e-quenda\/#article\",\"isPartOf\":{\"@id\":\"https:\/\/portaltela.pt\/noticias\/2026\/01\/09\/mercado-record-com-goalpoint-analisa-extremos-desejados-pelo-benfica-e-quenda\/\"},\"author\":{\"name\":\"Telinha\",\"@id\":\"https:\/\/portaltela.pt\/#\/schema\/person\/c4278d4a6028830caff9ee44b42d32ed\"},\"headline\":\"Mercado Record com GoalPoint analisa extremos desejados pelo Benfica e Quenda\",\"datePublished\":\"2026-01-09T21:43:00+00:00\",\"mainEntityOfPage\":{\"@id\":\"https:\/\/portaltela.pt\/noticias\/2026\/01\/09\/mercado-record-com-goalpoint-analisa-extremos-desejados-pelo-benfica-e-quenda\/\"},\"wordCount\":1120,\"image\":{\"@id\":\"https:\/\/portaltela.pt\/noticias\/2026\/01\/09\/mercado-record-com-goalpoint-analisa-extremos-desejados-pelo-benfica-e-quenda\/#primaryimage\"},\"thumbnailUrl\":\"https:\/\/portaltela.pt\/s.01k8rhncp4jt1\/2026\/01\/img_1200x721uu2026-01-09-21-43-41-2413860-3.jpg\",\"keywords\":[\"Andr\u00e9 Luiz\",\"Benfica\",\"FC Porto\",\"Jorge Mendes\",\"Sporting\",\"transfer\u00eancias\"],\"articleSection\":[\"Desporto\",\"Futebol\"],\"inLanguage\":\"pt-PT\"},{\"@type\":\"WebPage\",\"@id\":\"https:\/\/portaltela.pt\/noticias\/2026\/01\/09\/mercado-record-com-goalpoint-analisa-extremos-desejados-pelo-benfica-e-quenda\/\",\"url\":\"https:\/\/portaltela.pt\/noticias\/2026\/01\/09\/mercado-record-com-goalpoint-analisa-extremos-desejados-pelo-benfica-e-quenda\/\",\"name\":\"Mercado Record com GoalPoint analisa extremos desejados pelo Benfica e Quenda - Portal Tela Portugal\",\"isPartOf\":{\"@id\":\"https:\/\/portaltela.pt\/#website\"},\"primaryImageOfPage\":{\"@id\":\"https:\/\/portaltela.pt\/noticias\/2026\/01\/09\/mercado-record-com-goalpoint-analisa-extremos-desejados-pelo-benfica-e-quenda\/#primaryimage\"},\"image\":{\"@id\":\"https:\/\/portaltela.pt\/noticias\/2026\/01\/09\/mercado-record-com-goalpoint-analisa-extremos-desejados-pelo-benfica-e-quenda\/#primaryimage\"},\"thumbnailUrl\":\"https:\/\/portaltela.pt\/s.01k8rhncp4jt1\/2026\/01\/img_1200x721uu2026-01-09-21-43-41-2413860-3.jpg\",\"datePublished\":\"2026-01-09T21:43:00+00:00\",\"author\":{\"@id\":\"https:\/\/portaltela.pt\/#\/schema\/person\/c4278d4a6028830caff9ee44b42d32ed\"},\"breadcrumb\":{\"@id\":\"https:\/\/portaltela.pt\/noticias\/2026\/01\/09\/mercado-record-com-goalpoint-analisa-extremos-desejados-pelo-benfica-e-quenda\/#breadcrumb\"},\"inLanguage\":\"pt-PT\",\"potentialAction\":[{\"@type\":\"ReadAction\",\"target\":[\"https:\/\/portaltela.pt\/noticias\/2026\/01\/09\/mercado-record-com-goalpoint-analisa-extremos-desejados-pelo-benfica-e-quenda\/\"]}]},{\"@type\":\"ImageObject\",\"inLanguage\":\"pt-PT\",\"@id\":\"https:\/\/portaltela.pt\/noticias\/2026\/01\/09\/mercado-record-com-goalpoint-analisa-extremos-desejados-pelo-benfica-e-quenda\/#primaryimage\",\"url\":\"https:\/\/portaltela.pt\/s.01k8rhncp4jt1\/2026\/01\/img_1200x721uu2026-01-09-21-43-41-2413860-3.jpg\",\"contentUrl\":\"https:\/\/portaltela.pt\/s.01k8rhncp4jt1\/2026\/01\/img_1200x721uu2026-01-09-21-43-41-2413860-3.jpg\",\"width\":796,\"height\":448,\"caption\":\"Mercado Record com GoalPoint: raio-x aos extremos desejados pelo Benfica e Faye com tra\u00e7os de Quenda\"},{\"@type\":\"BreadcrumbList\",\"@id\":\"https:\/\/portaltela.pt\/noticias\/2026\/01\/09\/mercado-record-com-goalpoint-analisa-extremos-desejados-pelo-benfica-e-quenda\/#breadcrumb\",\"itemListElement\":[{\"@type\":\"ListItem\",\"position\":1,\"name\":\"In\u00edcio\",\"item\":\"https:\/\/portaltela.pt\/\"},{\"@type\":\"ListItem\",\"position\":2,\"name\":\"Mercado Record com GoalPoint analisa extremos desejados pelo Benfica e Quenda\"}]},{\"@type\":\"WebSite\",\"@id\":\"https:\/\/portaltela.pt\/#website\",\"url\":\"https:\/\/portaltela.pt\/\",\"name\":\"Portal Tela Portugal\",\"description\":\"\",\"potentialAction\":[{\"@type\":\"SearchAction\",\"target\":{\"@type\":\"EntryPoint\",\"urlTemplate\":\"https:\/\/portaltela.pt\/?s={search_term_string}\"},\"query-input\":{\"@type\":\"PropertyValueSpecification\",\"valueRequired\":true,\"valueName\":\"search_term_string\"}}],\"inLanguage\":\"pt-PT\"},{\"@type\":\"Person\",\"@id\":\"https:\/\/portaltela.pt\/#\/schema\/person\/c4278d4a6028830caff9ee44b42d32ed\",\"name\":\"Telinha\",\"image\":{\"@type\":\"ImageObject\",\"inLanguage\":\"pt-PT\",\"@id\":\"https:\/\/portaltela.pt\/s.01k8rhncp4jt1\/2025\/11\/talking-bot-125x125.png\",\"url\":\"https:\/\/portaltela.pt\/s.01k8rhncp4jt1\/2025\/11\/talking-bot-125x125.png\",\"contentUrl\":\"https:\/\/portaltela.pt\/s.01k8rhncp4jt1\/2025\/11\/talking-bot-125x125.png\",\"caption\":\"Telinha\"},\"sameAs\":[\"https:\/\/portaltela.pt\/\"],\"url\":\"https:\/\/portaltela.pt\/por\/367410592786\/\"}]}<\/script>\n<!-- \/ Yoast SEO plugin. -->","yoast_head_json":{"title":"Mercado Record com GoalPoint analisa extremos desejados pelo Benfica e Quenda - Portal Tela Portugal","robots":{"index":"index","follow":"follow","max-snippet":"max-snippet:-1","max-image-preview":"max-image-preview:large","max-video-preview":"max-video-preview:-1"},"og_locale":"pt_PT","og_type":"article","og_title":"Mercado Record com GoalPoint analisa extremos desejados pelo Benfica e Quenda - Portal Tela Portugal","og_description":"O Mercado Record com GoalPoint apresenta um raio-x aos extremos desejados pelo Benfica e pela Faye, com tra\u00e7os de Quenda, revelando as movimenta\u00e7\u00f5es e negocia\u00e7\u00f5es em curso. O v\u00eddeo destaca a import\u00e2ncia de identificar os extremos ideais e as caracter\u00edsticas espec\u00edficas que cada jogador deve ter para encaixar na equipa. O objetivo \u00e9 oferecer uma vis\u00e3o clara sobre as tend\u00eancias do mercado, ajudando f\u00e3s e profissionais a entenderem as estrat\u00e9gias de refor\u00e7os. Entre os temas abordados, est\u00e3o refer\u00eancias a Andr\u00e9 Luiz na Luz, a\u00e7\u00f5es do Sporting e altera\u00e7\u00f5es potenciais na gest\u00e3o de verbs de mercado pelo City. O material tamb\u00e9m aborda eventuais avan\u00e7os e entraves em negocia\u00e7\u00f5es envolvendo Faye, Pietuszewski, Jur\u00e1sek, Amorim, Farioli e outros nomes ligados ao Benfica, Sporting e FC Porto.","og_url":"https:\/\/portaltela.pt\/noticias\/2026\/01\/09\/mercado-record-com-goalpoint-analisa-extremos-desejados-pelo-benfica-e-quenda\/","og_site_name":"Portal Tela Portugal","article_published_time":"2026-01-09T21:43:00+00:00","author":"Telinha","twitter_card":"summary_large_image","twitter_misc":{"Escrito por":"Telinha","Tempo estimado de leitura":"6 minutos"},"schema":{"@context":"https:\/\/schema.org","@graph":[{"@type":"Article","@id":"https:\/\/portaltela.pt\/noticias\/2026\/01\/09\/mercado-record-com-goalpoint-analisa-extremos-desejados-pelo-benfica-e-quenda\/#article","isPartOf":{"@id":"https:\/\/portaltela.pt\/noticias\/2026\/01\/09\/mercado-record-com-goalpoint-analisa-extremos-desejados-pelo-benfica-e-quenda\/"},"author":{"name":"Telinha","@id":"https:\/\/portaltela.pt\/#\/schema\/person\/c4278d4a6028830caff9ee44b42d32ed"},"headline":"Mercado Record com GoalPoint analisa extremos desejados pelo Benfica e Quenda","datePublished":"2026-01-09T21:43:00+00:00","mainEntityOfPage":{"@id":"https:\/\/portaltela.pt\/noticias\/2026\/01\/09\/mercado-record-com-goalpoint-analisa-extremos-desejados-pelo-benfica-e-quenda\/"},"wordCount":1120,"image":{"@id":"https:\/\/portaltela.pt\/noticias\/2026\/01\/09\/mercado-record-com-goalpoint-analisa-extremos-desejados-pelo-benfica-e-quenda\/#primaryimage"},"thumbnailUrl":"https:\/\/portaltela.pt\/s.01k8rhncp4jt1\/2026\/01\/img_1200x721uu2026-01-09-21-43-41-2413860-3.jpg","keywords":["Andr\u00e9 Luiz","Benfica","FC Porto","Jorge Mendes","Sporting","transfer\u00eancias"],"articleSection":["Desporto","Futebol"],"inLanguage":"pt-PT"},{"@type":"WebPage","@id":"https:\/\/portaltela.pt\/noticias\/2026\/01\/09\/mercado-record-com-goalpoint-analisa-extremos-desejados-pelo-benfica-e-quenda\/","url":"https:\/\/portaltela.pt\/noticias\/2026\/01\/09\/mercado-record-com-goalpoint-analisa-extremos-desejados-pelo-benfica-e-quenda\/","name":"Mercado Record com GoalPoint analisa extremos desejados pelo Benfica e Quenda - Portal Tela Portugal","isPartOf":{"@id":"https:\/\/portaltela.pt\/#website"},"primaryImageOfPage":{"@id":"https:\/\/portaltela.pt\/noticias\/2026\/01\/09\/mercado-record-com-goalpoint-analisa-extremos-desejados-pelo-benfica-e-quenda\/#primaryimage"},"image":{"@id":"https:\/\/portaltela.pt\/noticias\/2026\/01\/09\/mercado-record-com-goalpoint-analisa-extremos-desejados-pelo-benfica-e-quenda\/#primaryimage"},"thumbnailUrl":"https:\/\/portaltela.pt\/s.01k8rhncp4jt1\/2026\/01\/img_1200x721uu2026-01-09-21-43-41-2413860-3.jpg","datePublished":"2026-01-09T21:43:00+00:00","author":{"@id":"https:\/\/portaltela.pt\/#\/schema\/person\/c4278d4a6028830caff9ee44b42d32ed"},"breadcrumb":{"@id":"https:\/\/portaltela.pt\/noticias\/2026\/01\/09\/mercado-record-com-goalpoint-analisa-extremos-desejados-pelo-benfica-e-quenda\/#breadcrumb"},"inLanguage":"pt-PT","potentialAction":[{"@type":"ReadAction","target":["https:\/\/portaltela.pt\/noticias\/2026\/01\/09\/mercado-record-com-goalpoint-analisa-extremos-desejados-pelo-benfica-e-quenda\/"]}]},{"@type":"ImageObject","inLanguage":"pt-PT","@id":"https:\/\/portaltela.pt\/noticias\/2026\/01\/09\/mercado-record-com-goalpoint-analisa-extremos-desejados-pelo-benfica-e-quenda\/#primaryimage","url":"https:\/\/portaltela.pt\/s.01k8rhncp4jt1\/2026\/01\/img_1200x721uu2026-01-09-21-43-41-2413860-3.jpg","contentUrl":"https:\/\/portaltela.pt\/s.01k8rhncp4jt1\/2026\/01\/img_1200x721uu2026-01-09-21-43-41-2413860-3.jpg","width":796,"height":448,"caption":"Mercado Record com GoalPoint: raio-x aos extremos desejados pelo Benfica e Faye com tra\u00e7os de Quenda"},{"@type":"BreadcrumbList","@id":"https:\/\/portaltela.pt\/noticias\/2026\/01\/09\/mercado-record-com-goalpoint-analisa-extremos-desejados-pelo-benfica-e-quenda\/#breadcrumb","itemListElement":[{"@type":"ListItem","position":1,"name":"In\u00edcio","item":"https:\/\/portaltela.pt\/"},{"@type":"ListItem","position":2,"name":"Mercado Record com GoalPoint analisa extremos desejados pelo Benfica e Quenda"}]},{"@type":"WebSite","@id":"https:\/\/portaltela.pt\/#website","url":"https:\/\/portaltela.pt\/","name":"Portal Tela Portugal","description":"","potentialAction":[{"@type":"SearchAction","target":{"@type":"EntryPoint","urlTemplate":"https:\/\/portaltela.pt\/?s={search_term_string}"},"query-input":{"@type":"PropertyValueSpecification","valueRequired":true,"valueName":"search_term_string"}}],"inLanguage":"pt-PT"},{"@type":"Person","@id":"https:\/\/portaltela.pt\/#\/schema\/person\/c4278d4a6028830caff9ee44b42d32ed","name":"Telinha","image":{"@type":"ImageObject","inLanguage":"pt-PT","@id":"https:\/\/portaltela.pt\/s.01k8rhncp4jt1\/2025\/11\/talking-bot-125x125.png","url":"https:\/\/portaltela.pt\/s.01k8rhncp4jt1\/2025\/11\/talking-bot-125x125.png","contentUrl":"https:\/\/portaltela.pt\/s.01k8rhncp4jt1\/2025\/11\/talking-bot-125x125.png","caption":"Telinha"},"sameAs":["https:\/\/portaltela.pt\/"],"url":"https:\/\/portaltela.pt\/por\/367410592786\/"}]}},"_links":{"self":[{"href":"https:\/\/portaltela.pt\/api\/wp\/v2\/posts\/129808","targetHints":{"allow":["GET"]}}],"collection":[{"href":"https:\/\/portaltela.pt\/api\/wp\/v2\/posts"}],"about":[{"href":"https:\/\/portaltela.pt\/api\/wp\/v2\/types\/post"}],"author":[{"embeddable":true,"href":"https:\/\/portaltela.pt\/api\/wp\/v2\/users\/2"}],"replies":[{"embeddable":true,"href":"https:\/\/portaltela.pt\/api\/wp\/v2\/comments?post=129808"}],"version-history":[{"count":0,"href":"https:\/\/portaltela.pt\/api\/wp\/v2\/posts\/129808\/revisions"}],"wp:featuredmedia":[{"embeddable":true,"href":"https:\/\/portaltela.pt\/api\/wp\/v2\/media\/129809"}],"wp:attachment":[{"href":"https:\/\/portaltela.pt\/api\/wp\/v2\/media?parent=129808"}],"wp:term":[{"taxonomy":"category","embeddable":true,"href":"https:\/\/portaltela.pt\/api\/wp\/v2\/categories?post=129808"},{"taxonomy":"post_tag","embeddable":true,"href":"https:\/\/portaltela.pt\/api\/wp\/v2\/tags?post=129808"}],"curies":[{"name":"wp","href":"https:\/\/api.w.org\/{rel}","templated":true}]}}