{"id":129777,"date":"2026-01-09T19:42:52","date_gmt":"2026-01-09T22:42:52","guid":{"rendered":"https:\/\/portaltela.pt\/noticias\/2026\/01\/09\/mbappe-pode-reforcar-o-real-madrid-na-final-da-supertaca\/"},"modified":"2026-01-09T19:42:52","modified_gmt":"2026-01-09T22:42:52","slug":"mbappe-pode-reforcar-o-real-madrid-na-final-da-supertaca","status":"publish","type":"post","link":"https:\/\/portaltela.pt\/desporto\/futebol\/2026\/01\/09\/mbappe-pode-reforcar-o-real-madrid-na-final-da-supertaca\/","title":{"rendered":"Mbapp\u00e9 pode refor\u00e7ar o Real Madrid na final da Superta\u00e7a"},"content":{"rendered":"<p>Mbapp\u00e9 pode ser o refor\u00e7o-bomba do Real Madrid para a final da Superta\u00e7a. O avan\u00e7ado chegou \u00e0 noite de sexta-feira a Jed\u00e1 e, segundo Xabi Alonso, est\u00e1 em condi\u00e7\u00f5es de ajudar amanh\u00e3 frente ao Barcelona. O treinador disse que Mbapp\u00e9 saiu do treino com boas sensa\u00e7\u00f5es.<\/p>\n<p>O franc\u00eas tem estado sob pareceria do departamento m\u00e9dico desde o R\u00e9veillon, devido a um estiramento no joelho esquerdo, e n\u00e3o atua desde 20 de dezembro. Ontem, antes de viajar para a Ar\u00e1bia Saudita, cumpriu uma sess\u00e3o em Madrid e voltou moderadamente otimista para a partida.<\/p>\n<p>Na temporada anterior, Mbapp\u00e9 venceu em todas as finais disputadas com a camisola do Real Madrid, incluindo a Ta\u00e7a Intercontinental e a Superta\u00e7a Europeia, mas falhou Ta\u00e7a do Rei e a Superta\u00e7a de Espanha. O plantel partiu para Jed\u00e1 j\u00e1 na sexta-feira \u00e0 noite.<\/p>\n<h3>Estado f\u00edsico e op\u00e7\u00f5es de defesa<\/h3>\n<p>Xabi Alonso dever\u00e1 confirmar a equipa para o jogo de amanh\u00e3, enfrentando um quebra-cabe\u00e7as na defesa. R\u00fcdiger est\u00e1 quase descartado, Alaba n\u00e3o parece op\u00e7\u00e3o no totobola e Asencio saiu tocado da semifinal, com Huijsen no banco.<\/p>\n<p>Segundo o jornal AS, a solu\u00e7\u00e3o pode passar por Tchouam\u00e9ni no eixo do meio-campo e Carreras como alternativa. A forma\u00e7\u00e3o depende ainda de como Mbapp\u00e9 reage ao regresso e da disponibilidade dos companheiros em condi\u00e7\u00e3o f\u00edsica.<\/p>\n","protected":false},"excerpt":{"rendered":"<ul>\n<li>Mbapp\u00e9 chegou a Jed\u00e1 na noite de sexta-feira e est\u00e1 em condi\u00e7\u00f5es de ajudar o Real Madrid na final da Superta\u00e7a de Espanha frente ao Barcelona.<\/li>\n<li>O avan\u00e7ado, arrolado pelo departamento m\u00e9dico desde o R\u00e9veillon devido a um estiramento no joelho esquerdo, treinou em Madrid e saiu com sensa\u00e7\u00f5es positivas.<\/li>\n<li>O treinador Xabi Alonso disse que Mbapp\u00e9 tem \u201ctantas hip\u00f3teses de jogar como os restantes colegas\u201d, embora possa estar a fazer bluff.<\/li>\n<li>O franc\u00eas n\u00e3o atua desde 20 de dezembro e na \u00e9poca anterior marcou nas quatro finais com a camisola merengue.<\/li>\n<li>Na defesa, R\u00fcdiger est\u00e1 quase descartado e Alaba dificilmente conta; a solu\u00e7\u00e3o pode passar por Tchouam\u00e9ni e Carreras, com Huijsen sem saltar do banco na semifinal.<\/li>\n<\/ul>\n","protected":false},"author":2,"featured_media":129786,"comment_status":"closed","ping_status":"closed","sticky":false,"template":"","format":"standard","meta":{"footnotes":""},"categories":[21,24],"tags":[2587,32,242,50,2165,2170],"class_list":["post-129777","post","type-post","status-publish","format-standard","has-post-thumbnail","hentry","category-desporto","category-futebol","tag-barcelona","tag-futebol","tag-jogadores","tag-mercado-da-bola","tag-supertaca-europeia","tag-taca-intercontinental"],"yoast_head":"<!-- This site is optimized with the Yoast SEO plugin v27.2 - https:\/\/yoast.com\/product\/yoast-seo-wordpress\/ -->\n<title>Mbapp\u00e9 pode refor\u00e7ar o Real Madrid na final da Superta\u00e7a - Portal Tela Portugal<\/title>\n<meta name=\"robots\" content=\"index, follow, max-snippet:-1, max-image-preview:large, max-video-preview:-1\" \/>\n<meta property=\"og:locale\" content=\"pt_PT\" \/>\n<meta property=\"og:type\" content=\"article\" \/>\n<meta property=\"og:title\" content=\"Mbapp\u00e9 pode refor\u00e7ar o Real Madrid na final da Superta\u00e7a - Portal Tela Portugal\" \/>\n<meta property=\"og:description\" content=\"Mbapp\u00e9 chegou a Jed\u00e1 na noite de sexta-feira e est\u00e1 em condi\u00e7\u00f5es de ajudar o Real Madrid na final da Superta\u00e7a de Espanha frente ao Barcelona. O avan\u00e7ado, arrolado pelo departamento m\u00e9dico desde o R\u00e9veillon devido a um estiramento no joelho esquerdo, treinou em Madrid e saiu com sensa\u00e7\u00f5es positivas. O treinador Xabi Alonso disse que Mbapp\u00e9 tem \u201ctantas hip\u00f3teses de jogar como os restantes colegas\u201d, embora possa estar a fazer bluff. O franc\u00eas n\u00e3o atua desde 20 de dezembro e na \u00e9poca anterior marcou nas quatro finais com a camisola merengue. Na defesa, R\u00fcdiger est\u00e1 quase descartado e Alaba dificilmente conta; a solu\u00e7\u00e3o pode passar por Tchouam\u00e9ni e Carreras, com Huijsen sem saltar do banco na semifinal.\" \/>\n<meta property=\"og:url\" content=\"https:\/\/portaltela.pt\/noticias\/2026\/01\/09\/mbappe-pode-reforcar-o-real-madrid-na-final-da-supertaca\/\" \/>\n<meta property=\"og:site_name\" content=\"Portal Tela Portugal\" \/>\n<meta property=\"article:published_time\" content=\"2026-01-09T22:42:52+00:00\" \/>\n<meta name=\"author\" content=\"Telinha\" \/>\n<meta name=\"twitter:card\" content=\"summary_large_image\" \/>\n<meta name=\"twitter:label1\" content=\"Escrito por\" \/>\n\t<meta name=\"twitter:data1\" content=\"Telinha\" \/>\n\t<meta name=\"twitter:label2\" content=\"Tempo estimado de leitura\" \/>\n\t<meta name=\"twitter:data2\" content=\"1 minuto\" \/>\n<script type=\"application\/ld+json\" class=\"yoast-schema-graph\">{\"@context\":\"https:\/\/schema.org\",\"@graph\":[{\"@type\":\"Article\",\"@id\":\"https:\/\/portaltela.pt\/noticias\/2026\/01\/09\/mbappe-pode-reforcar-o-real-madrid-na-final-da-supertaca\/#article\",\"isPartOf\":{\"@id\":\"https:\/\/portaltela.pt\/noticias\/2026\/01\/09\/mbappe-pode-reforcar-o-real-madrid-na-final-da-supertaca\/\"},\"author\":{\"name\":\"Telinha\",\"@id\":\"https:\/\/portaltela.pt\/#\/schema\/person\/c4278d4a6028830caff9ee44b42d32ed\"},\"headline\":\"Mbapp\u00e9 pode refor\u00e7ar o Real Madrid na final da Superta\u00e7a\",\"datePublished\":\"2026-01-09T22:42:52+00:00\",\"mainEntityOfPage\":{\"@id\":\"https:\/\/portaltela.pt\/noticias\/2026\/01\/09\/mbappe-pode-reforcar-o-real-madrid-na-final-da-supertaca\/\"},\"wordCount\":249,\"image\":{\"@id\":\"https:\/\/portaltela.pt\/noticias\/2026\/01\/09\/mbappe-pode-reforcar-o-real-madrid-na-final-da-supertaca\/#primaryimage\"},\"thumbnailUrl\":\"https:\/\/portaltela.pt\/s.01k8rhncp4jt1\/2026\/01\/img_920x518uu2026-01-09-22-40-37-2413871.jpg\",\"keywords\":[\"Barcelona\",\"futebol\",\"jogadores\",\"mercado da bola\",\"Superta\u00e7a Europeia\",\"Ta\u00e7a Intercontinental\"],\"articleSection\":[\"Desporto\",\"Futebol\"],\"inLanguage\":\"pt-PT\"},{\"@type\":\"WebPage\",\"@id\":\"https:\/\/portaltela.pt\/noticias\/2026\/01\/09\/mbappe-pode-reforcar-o-real-madrid-na-final-da-supertaca\/\",\"url\":\"https:\/\/portaltela.pt\/noticias\/2026\/01\/09\/mbappe-pode-reforcar-o-real-madrid-na-final-da-supertaca\/\",\"name\":\"Mbapp\u00e9 pode refor\u00e7ar o Real Madrid na final da Superta\u00e7a - Portal Tela Portugal\",\"isPartOf\":{\"@id\":\"https:\/\/portaltela.pt\/#website\"},\"primaryImageOfPage\":{\"@id\":\"https:\/\/portaltela.pt\/noticias\/2026\/01\/09\/mbappe-pode-reforcar-o-real-madrid-na-final-da-supertaca\/#primaryimage\"},\"image\":{\"@id\":\"https:\/\/portaltela.pt\/noticias\/2026\/01\/09\/mbappe-pode-reforcar-o-real-madrid-na-final-da-supertaca\/#primaryimage\"},\"thumbnailUrl\":\"https:\/\/portaltela.pt\/s.01k8rhncp4jt1\/2026\/01\/img_920x518uu2026-01-09-22-40-37-2413871.jpg\",\"datePublished\":\"2026-01-09T22:42:52+00:00\",\"author\":{\"@id\":\"https:\/\/portaltela.pt\/#\/schema\/person\/c4278d4a6028830caff9ee44b42d32ed\"},\"breadcrumb\":{\"@id\":\"https:\/\/portaltela.pt\/noticias\/2026\/01\/09\/mbappe-pode-reforcar-o-real-madrid-na-final-da-supertaca\/#breadcrumb\"},\"inLanguage\":\"pt-PT\",\"potentialAction\":[{\"@type\":\"ReadAction\",\"target\":[\"https:\/\/portaltela.pt\/noticias\/2026\/01\/09\/mbappe-pode-reforcar-o-real-madrid-na-final-da-supertaca\/\"]}]},{\"@type\":\"ImageObject\",\"inLanguage\":\"pt-PT\",\"@id\":\"https:\/\/portaltela.pt\/noticias\/2026\/01\/09\/mbappe-pode-reforcar-o-real-madrid-na-final-da-supertaca\/#primaryimage\",\"url\":\"https:\/\/portaltela.pt\/s.01k8rhncp4jt1\/2026\/01\/img_920x518uu2026-01-09-22-40-37-2413871.jpg\",\"contentUrl\":\"https:\/\/portaltela.pt\/s.01k8rhncp4jt1\/2026\/01\/img_920x518uu2026-01-09-22-40-37-2413871.jpg\",\"width\":796,\"height\":448,\"caption\":\"Mbapp\u00e9 \u00e9 mais uma arma para Xabi Alonso\"},{\"@type\":\"BreadcrumbList\",\"@id\":\"https:\/\/portaltela.pt\/noticias\/2026\/01\/09\/mbappe-pode-reforcar-o-real-madrid-na-final-da-supertaca\/#breadcrumb\",\"itemListElement\":[{\"@type\":\"ListItem\",\"position\":1,\"name\":\"In\u00edcio\",\"item\":\"https:\/\/portaltela.pt\/\"},{\"@type\":\"ListItem\",\"position\":2,\"name\":\"Mbapp\u00e9 pode refor\u00e7ar o Real Madrid na final da Superta\u00e7a\"}]},{\"@type\":\"WebSite\",\"@id\":\"https:\/\/portaltela.pt\/#website\",\"url\":\"https:\/\/portaltela.pt\/\",\"name\":\"Portal Tela Portugal\",\"description\":\"\",\"potentialAction\":[{\"@type\":\"SearchAction\",\"target\":{\"@type\":\"EntryPoint\",\"urlTemplate\":\"https:\/\/portaltela.pt\/?s={search_term_string}\"},\"query-input\":{\"@type\":\"PropertyValueSpecification\",\"valueRequired\":true,\"valueName\":\"search_term_string\"}}],\"inLanguage\":\"pt-PT\"},{\"@type\":\"Person\",\"@id\":\"https:\/\/portaltela.pt\/#\/schema\/person\/c4278d4a6028830caff9ee44b42d32ed\",\"name\":\"Telinha\",\"image\":{\"@type\":\"ImageObject\",\"inLanguage\":\"pt-PT\",\"@id\":\"https:\/\/portaltela.pt\/s.01k8rhncp4jt1\/2025\/11\/talking-bot-125x125.png\",\"url\":\"https:\/\/portaltela.pt\/s.01k8rhncp4jt1\/2025\/11\/talking-bot-125x125.png\",\"contentUrl\":\"https:\/\/portaltela.pt\/s.01k8rhncp4jt1\/2025\/11\/talking-bot-125x125.png\",\"caption\":\"Telinha\"},\"sameAs\":[\"https:\/\/portaltela.pt\/\"],\"url\":\"https:\/\/portaltela.pt\/por\/367410592786\/\"}]}<\/script>\n<!-- \/ Yoast SEO plugin. -->","yoast_head_json":{"title":"Mbapp\u00e9 pode refor\u00e7ar o Real Madrid na final da Superta\u00e7a - Portal Tela Portugal","robots":{"index":"index","follow":"follow","max-snippet":"max-snippet:-1","max-image-preview":"max-image-preview:large","max-video-preview":"max-video-preview:-1"},"og_locale":"pt_PT","og_type":"article","og_title":"Mbapp\u00e9 pode refor\u00e7ar o Real Madrid na final da Superta\u00e7a - Portal Tela Portugal","og_description":"Mbapp\u00e9 chegou a Jed\u00e1 na noite de sexta-feira e est\u00e1 em condi\u00e7\u00f5es de ajudar o Real Madrid na final da Superta\u00e7a de Espanha frente ao Barcelona. O avan\u00e7ado, arrolado pelo departamento m\u00e9dico desde o R\u00e9veillon devido a um estiramento no joelho esquerdo, treinou em Madrid e saiu com sensa\u00e7\u00f5es positivas. O treinador Xabi Alonso disse que Mbapp\u00e9 tem \u201ctantas hip\u00f3teses de jogar como os restantes colegas\u201d, embora possa estar a fazer bluff. O franc\u00eas n\u00e3o atua desde 20 de dezembro e na \u00e9poca anterior marcou nas quatro finais com a camisola merengue. Na defesa, R\u00fcdiger est\u00e1 quase descartado e Alaba dificilmente conta; a solu\u00e7\u00e3o pode passar por Tchouam\u00e9ni e Carreras, com Huijsen sem saltar do banco na semifinal.","og_url":"https:\/\/portaltela.pt\/noticias\/2026\/01\/09\/mbappe-pode-reforcar-o-real-madrid-na-final-da-supertaca\/","og_site_name":"Portal Tela Portugal","article_published_time":"2026-01-09T22:42:52+00:00","author":"Telinha","twitter_card":"summary_large_image","twitter_misc":{"Escrito por":"Telinha","Tempo estimado de leitura":"1 minuto"},"schema":{"@context":"https:\/\/schema.org","@graph":[{"@type":"Article","@id":"https:\/\/portaltela.pt\/noticias\/2026\/01\/09\/mbappe-pode-reforcar-o-real-madrid-na-final-da-supertaca\/#article","isPartOf":{"@id":"https:\/\/portaltela.pt\/noticias\/2026\/01\/09\/mbappe-pode-reforcar-o-real-madrid-na-final-da-supertaca\/"},"author":{"name":"Telinha","@id":"https:\/\/portaltela.pt\/#\/schema\/person\/c4278d4a6028830caff9ee44b42d32ed"},"headline":"Mbapp\u00e9 pode refor\u00e7ar o Real Madrid na final da Superta\u00e7a","datePublished":"2026-01-09T22:42:52+00:00","mainEntityOfPage":{"@id":"https:\/\/portaltela.pt\/noticias\/2026\/01\/09\/mbappe-pode-reforcar-o-real-madrid-na-final-da-supertaca\/"},"wordCount":249,"image":{"@id":"https:\/\/portaltela.pt\/noticias\/2026\/01\/09\/mbappe-pode-reforcar-o-real-madrid-na-final-da-supertaca\/#primaryimage"},"thumbnailUrl":"https:\/\/portaltela.pt\/s.01k8rhncp4jt1\/2026\/01\/img_920x518uu2026-01-09-22-40-37-2413871.jpg","keywords":["Barcelona","futebol","jogadores","mercado da bola","Superta\u00e7a Europeia","Ta\u00e7a Intercontinental"],"articleSection":["Desporto","Futebol"],"inLanguage":"pt-PT"},{"@type":"WebPage","@id":"https:\/\/portaltela.pt\/noticias\/2026\/01\/09\/mbappe-pode-reforcar-o-real-madrid-na-final-da-supertaca\/","url":"https:\/\/portaltela.pt\/noticias\/2026\/01\/09\/mbappe-pode-reforcar-o-real-madrid-na-final-da-supertaca\/","name":"Mbapp\u00e9 pode refor\u00e7ar o Real Madrid na final da Superta\u00e7a - Portal Tela Portugal","isPartOf":{"@id":"https:\/\/portaltela.pt\/#website"},"primaryImageOfPage":{"@id":"https:\/\/portaltela.pt\/noticias\/2026\/01\/09\/mbappe-pode-reforcar-o-real-madrid-na-final-da-supertaca\/#primaryimage"},"image":{"@id":"https:\/\/portaltela.pt\/noticias\/2026\/01\/09\/mbappe-pode-reforcar-o-real-madrid-na-final-da-supertaca\/#primaryimage"},"thumbnailUrl":"https:\/\/portaltela.pt\/s.01k8rhncp4jt1\/2026\/01\/img_920x518uu2026-01-09-22-40-37-2413871.jpg","datePublished":"2026-01-09T22:42:52+00:00","author":{"@id":"https:\/\/portaltela.pt\/#\/schema\/person\/c4278d4a6028830caff9ee44b42d32ed"},"breadcrumb":{"@id":"https:\/\/portaltela.pt\/noticias\/2026\/01\/09\/mbappe-pode-reforcar-o-real-madrid-na-final-da-supertaca\/#breadcrumb"},"inLanguage":"pt-PT","potentialAction":[{"@type":"ReadAction","target":["https:\/\/portaltela.pt\/noticias\/2026\/01\/09\/mbappe-pode-reforcar-o-real-madrid-na-final-da-supertaca\/"]}]},{"@type":"ImageObject","inLanguage":"pt-PT","@id":"https:\/\/portaltela.pt\/noticias\/2026\/01\/09\/mbappe-pode-reforcar-o-real-madrid-na-final-da-supertaca\/#primaryimage","url":"https:\/\/portaltela.pt\/s.01k8rhncp4jt1\/2026\/01\/img_920x518uu2026-01-09-22-40-37-2413871.jpg","contentUrl":"https:\/\/portaltela.pt\/s.01k8rhncp4jt1\/2026\/01\/img_920x518uu2026-01-09-22-40-37-2413871.jpg","width":796,"height":448,"caption":"Mbapp\u00e9 \u00e9 mais uma arma para Xabi Alonso"},{"@type":"BreadcrumbList","@id":"https:\/\/portaltela.pt\/noticias\/2026\/01\/09\/mbappe-pode-reforcar-o-real-madrid-na-final-da-supertaca\/#breadcrumb","itemListElement":[{"@type":"ListItem","position":1,"name":"In\u00edcio","item":"https:\/\/portaltela.pt\/"},{"@type":"ListItem","position":2,"name":"Mbapp\u00e9 pode refor\u00e7ar o Real Madrid na final da Superta\u00e7a"}]},{"@type":"WebSite","@id":"https:\/\/portaltela.pt\/#website","url":"https:\/\/portaltela.pt\/","name":"Portal Tela Portugal","description":"","potentialAction":[{"@type":"SearchAction","target":{"@type":"EntryPoint","urlTemplate":"https:\/\/portaltela.pt\/?s={search_term_string}"},"query-input":{"@type":"PropertyValueSpecification","valueRequired":true,"valueName":"search_term_string"}}],"inLanguage":"pt-PT"},{"@type":"Person","@id":"https:\/\/portaltela.pt\/#\/schema\/person\/c4278d4a6028830caff9ee44b42d32ed","name":"Telinha","image":{"@type":"ImageObject","inLanguage":"pt-PT","@id":"https:\/\/portaltela.pt\/s.01k8rhncp4jt1\/2025\/11\/talking-bot-125x125.png","url":"https:\/\/portaltela.pt\/s.01k8rhncp4jt1\/2025\/11\/talking-bot-125x125.png","contentUrl":"https:\/\/portaltela.pt\/s.01k8rhncp4jt1\/2025\/11\/talking-bot-125x125.png","caption":"Telinha"},"sameAs":["https:\/\/portaltela.pt\/"],"url":"https:\/\/portaltela.pt\/por\/367410592786\/"}]}},"_links":{"self":[{"href":"https:\/\/portaltela.pt\/api\/wp\/v2\/posts\/129777","targetHints":{"allow":["GET"]}}],"collection":[{"href":"https:\/\/portaltela.pt\/api\/wp\/v2\/posts"}],"about":[{"href":"https:\/\/portaltela.pt\/api\/wp\/v2\/types\/post"}],"author":[{"embeddable":true,"href":"https:\/\/portaltela.pt\/api\/wp\/v2\/users\/2"}],"replies":[{"embeddable":true,"href":"https:\/\/portaltela.pt\/api\/wp\/v2\/comments?post=129777"}],"version-history":[{"count":0,"href":"https:\/\/portaltela.pt\/api\/wp\/v2\/posts\/129777\/revisions"}],"wp:featuredmedia":[{"embeddable":true,"href":"https:\/\/portaltela.pt\/api\/wp\/v2\/media\/129786"}],"wp:attachment":[{"href":"https:\/\/portaltela.pt\/api\/wp\/v2\/media?parent=129777"}],"wp:term":[{"taxonomy":"category","embeddable":true,"href":"https:\/\/portaltela.pt\/api\/wp\/v2\/categories?post=129777"},{"taxonomy":"post_tag","embeddable":true,"href":"https:\/\/portaltela.pt\/api\/wp\/v2\/tags?post=129777"}],"curies":[{"name":"wp","href":"https:\/\/api.w.org\/{rel}","templated":true}]}}