{"id":129752,"date":"2026-01-09T18:52:58","date_gmt":"2026-01-09T21:52:58","guid":{"rendered":"https:\/\/portaltela.pt\/noticias\/2026\/01\/09\/parque-ambiental-de-agueda-consolida-adaptacao-climatica-e-reconexao-urbana\/"},"modified":"2026-01-09T18:52:58","modified_gmt":"2026-01-09T21:52:58","slug":"parque-ambiental-de-agueda-consolida-adaptacao-climatica-e-reconexao-urbana","status":"publish","type":"post","link":"https:\/\/portaltela.pt\/noticias\/2026\/01\/09\/parque-ambiental-de-agueda-consolida-adaptacao-climatica-e-reconexao-urbana\/","title":{"rendered":"Parque Ambiental de \u00c1gueda consolida adapta\u00e7\u00e3o clim\u00e1tica e reconex\u00e3o urbana"},"content":{"rendered":"<p>O Parque Ambiental de \u00c1gueda foi apresentado como um projeto estruturante para o concelho, integrado na estrat\u00e9gia de sustentabilidade associada a \u00c1gueda Cidade Verde Europeia. A iniciativa v\u00ea a paisagem como infraestrutura estrat\u00e9gica frente aos desafios clim\u00e1ticos, ambientais e urbanos.<\/p>\n<p>A apresenta\u00e7\u00e3o ficou a cargo do arquiteto paisagista Paulo Ribeiro Dias, natural de \u00c1gueda e respons\u00e1vel pelo desenvolvimento do projeto. O t\u00e9cnico destacou a rela\u00e7\u00e3o hist\u00f3rica do territ\u00f3rio com o rio e com inunda\u00e7\u00f5es recorrentes, que marcam o leito de cheia prim\u00e1rio e os canais.<\/p>\n<p>Segundo Dias, o paradigma muda: a fragilidade do leito de cheia \u00e9 transformada em oportunidade. Esta infraestrutura verde estrat\u00e9gica pretende responder \u00e0s altera\u00e7\u00f5es clim\u00e1ticas, reduzir a fragmenta\u00e7\u00e3o urbana e refor\u00e7ar a biodiversidade, no territ\u00f3rio marcado por monoculturas.<\/p>\n<p>O Parque Ambiental de \u00c1gueda n\u00e3o \u00e9 um parque urbano tradicional. Trata-se de uma interven\u00e7\u00e3o territorial de grande escala, baseada em solu\u00e7\u00f5es de base natural e alinhada com prioridades europeias. O projeto assenta em tr\u00eas pilares centrais.<\/p>\n<h3>Estrutura e objetivos<\/h3>\n<p>O primeiro objetivo \u00e9 a assun\u00e7\u00e3o plena do leito de cheia. O segundo passa pela reconstru\u00e7\u00e3o funcional da paisagem do Vale do Vouga, com floresta adaptada \u00e0 humidade, esp\u00e9cies aut\u00f3ctones, prados extensivos e zonas h\u00famidas permanentes e tempor\u00e1rias. O terceiro prev\u00ea transformar o territ\u00f3rio numa matriz ecol\u00f3gica diversificada, alternando bosque e clareira.<\/p>\n<p>As zonas h\u00famidas desempenham papel central na melhoria da qualidade da \u00e1gua, na fixa\u00e7\u00e3o de carbono e no abrigo de diversas esp\u00e9cies, especialmente aves. Est\u00e3o previstas \u00e1reas de transi\u00e7\u00e3o entre o natural e o urbano, como o Parque dos Mi\u00fados, espa\u00e7os de estadia, um labirinto e zonas de observa\u00e7\u00e3o de aves.<\/p>\n<h3>Conectividade e uso p\u00fablico<\/h3>\n<p>O projeto inclui um corredor verde estruturante para reconectar margens do rio e articular \u00e1reas urbanas e periurbanas. O territ\u00f3rio, j\u00e1 marcado pela atividade cultural, procura distribuir melhor as press\u00f5es de circula\u00e7\u00e3o, promovendo uma cidade mais equilibrada e respir\u00e1vel.<\/p>\n<p>Os planos preveem ainda zonas de praia fluvial naturalizada, pavimentos perme\u00e1veis e \u00e1reas de estacionamento com menor impacto ambiental. O conjunto visa aumentar a capacidade de acolhimento sem comprometer o equil\u00edbrio ecol\u00f3gico.<\/p>\n<p>O Parque Ambiental de \u00c1gueda surge, assim, como resposta concreta \u00e0s altera\u00e7\u00f5es clim\u00e1ticas, uma infraestrutura verde de escala territorial, regulador ecol\u00f3gico e sistema de fixa\u00e7\u00e3o de carbono. Representa, acima de tudo, uma mudan\u00e7a de vis\u00e3o para uma cidade que trabalha a geografia existente.<\/p>\n","protected":false},"excerpt":{"rendered":"<ul>\n<li>O Parque Ambiental de \u00c1gueda \u00e9 apresentado como projeto estruturante da estrat\u00e9gia de sustentabilidade \u00c1gueda Cidade Verde Europeia, visando adaptar-se aos desafios clim\u00e1ticos e reconectar a cidade ao rio Vale do Vouga.<\/li>\n<li>O arquiteto paisagista Paulo Ribeiro Dias destaca a rela\u00e7\u00e3o hist\u00f3rica com o rio e afirma que o leito de cheia passa a ser uma infraestrutura verde estrat\u00e9gica para reduzir a fragmenta\u00e7\u00e3o urbana e ampliar a biodiversidade.<\/li>\n<li>O projeto aposta numa interven\u00e7\u00e3o de grande escala com base natural, incluindo floresta adaptada \u00e0 humidade, esp\u00e9cies aut\u00f3ctones, prados extensivos e zonas h\u00famidas permanentes e tempor\u00e1rias.<\/li>\n<li>As zonas h\u00famidas v\u00e3o melhorar a qualidade da \u00e1gua por processos naturais de depura\u00e7\u00e3o, al\u00e9m de fixar carbono e servir de abrigo para aves e outros auxiliares da agricultura; o plano prev\u00ea espa\u00e7os de transi\u00e7\u00e3o entre o natural e o urbano, como o Parque dos Mi\u00fados e uma praia fluvial naturalizada.<\/li>\n<li>Conta ainda com um corredor verde estruturante para reconectar as margens do rio, articular \u00e1reas urbanas e periurbanas e integrar redes pedonais, cicl\u00e1veis e ecol\u00f3gicas, promovendo uma cidade mais equilibrada e preparada para o futuro.<\/li>\n<\/ul>\n","protected":false},"author":2,"featured_media":129761,"comment_status":"closed","ping_status":"closed","sticky":false,"template":"","format":"standard","meta":{"footnotes":""},"categories":[1],"tags":[1272,1062,167,1701,2768,1615],"class_list":["post-129752","post","type-post","status-publish","format-standard","has-post-thumbnail","hentry","category-noticias","tag-adaptacao-climatica","tag-agueda","tag-ambiente","tag-biodiversidade","tag-captacao-de-carbono","tag-infraestrutura"],"yoast_head":"<!-- This site is optimized with the Yoast SEO plugin v27.2 - https:\/\/yoast.com\/product\/yoast-seo-wordpress\/ -->\n<title>Parque Ambiental de \u00c1gueda consolida adapta\u00e7\u00e3o clim\u00e1tica e reconex\u00e3o urbana - Portal Tela Portugal<\/title>\n<meta name=\"robots\" content=\"index, follow, max-snippet:-1, max-image-preview:large, max-video-preview:-1\" \/>\n<meta property=\"og:locale\" content=\"pt_PT\" \/>\n<meta property=\"og:type\" content=\"article\" \/>\n<meta property=\"og:title\" content=\"Parque Ambiental de \u00c1gueda consolida adapta\u00e7\u00e3o clim\u00e1tica e reconex\u00e3o urbana - Portal Tela Portugal\" \/>\n<meta property=\"og:description\" content=\"O Parque Ambiental de \u00c1gueda \u00e9 apresentado como projeto estruturante da estrat\u00e9gia de sustentabilidade \u00c1gueda Cidade Verde Europeia, visando adaptar-se aos desafios clim\u00e1ticos e reconectar a cidade ao rio Vale do Vouga. O arquiteto paisagista Paulo Ribeiro Dias destaca a rela\u00e7\u00e3o hist\u00f3rica com o rio e afirma que o leito de cheia passa a ser uma infraestrutura verde estrat\u00e9gica para reduzir a fragmenta\u00e7\u00e3o urbana e ampliar a biodiversidade. O projeto aposta numa interven\u00e7\u00e3o de grande escala com base natural, incluindo floresta adaptada \u00e0 humidade, esp\u00e9cies aut\u00f3ctones, prados extensivos e zonas h\u00famidas permanentes e tempor\u00e1rias. As zonas h\u00famidas v\u00e3o melhorar a qualidade da \u00e1gua por processos naturais de depura\u00e7\u00e3o, al\u00e9m de fixar carbono e servir de abrigo para aves e outros auxiliares da agricultura; o plano prev\u00ea espa\u00e7os de transi\u00e7\u00e3o entre o natural e o urbano, como o Parque dos Mi\u00fados e uma praia fluvial naturalizada. Conta ainda com um corredor verde estruturante para reconectar as margens do rio, articular \u00e1reas urbanas e periurbanas e integrar redes pedonais, cicl\u00e1veis e ecol\u00f3gicas, promovendo uma cidade mais equilibrada e preparada para o futuro.\" \/>\n<meta property=\"og:url\" content=\"https:\/\/portaltela.pt\/noticias\/2026\/01\/09\/parque-ambiental-de-agueda-consolida-adaptacao-climatica-e-reconexao-urbana\/\" \/>\n<meta property=\"og:site_name\" content=\"Portal Tela Portugal\" \/>\n<meta property=\"article:published_time\" content=\"2026-01-09T21:52:58+00:00\" \/>\n<meta name=\"author\" content=\"Telinha\" \/>\n<meta name=\"twitter:card\" content=\"summary_large_image\" \/>\n<meta name=\"twitter:label1\" content=\"Escrito por\" \/>\n\t<meta name=\"twitter:data1\" content=\"Telinha\" \/>\n\t<meta name=\"twitter:label2\" content=\"Tempo estimado de leitura\" \/>\n\t<meta name=\"twitter:data2\" content=\"2 minutos\" \/>\n<script type=\"application\/ld+json\" class=\"yoast-schema-graph\">{\"@context\":\"https:\/\/schema.org\",\"@graph\":[{\"@type\":\"Article\",\"@id\":\"https:\/\/portaltela.pt\/noticias\/2026\/01\/09\/parque-ambiental-de-agueda-consolida-adaptacao-climatica-e-reconexao-urbana\/#article\",\"isPartOf\":{\"@id\":\"https:\/\/portaltela.pt\/noticias\/2026\/01\/09\/parque-ambiental-de-agueda-consolida-adaptacao-climatica-e-reconexao-urbana\/\"},\"author\":{\"name\":\"Telinha\",\"@id\":\"https:\/\/portaltela.pt\/#\/schema\/person\/c4278d4a6028830caff9ee44b42d32ed\"},\"headline\":\"Parque Ambiental de \u00c1gueda consolida adapta\u00e7\u00e3o clim\u00e1tica e reconex\u00e3o urbana\",\"datePublished\":\"2026-01-09T21:52:58+00:00\",\"mainEntityOfPage\":{\"@id\":\"https:\/\/portaltela.pt\/noticias\/2026\/01\/09\/parque-ambiental-de-agueda-consolida-adaptacao-climatica-e-reconexao-urbana\/\"},\"wordCount\":443,\"image\":{\"@id\":\"https:\/\/portaltela.pt\/noticias\/2026\/01\/09\/parque-ambiental-de-agueda-consolida-adaptacao-climatica-e-reconexao-urbana\/#primaryimage\"},\"thumbnailUrl\":\"https:\/\/portaltela.pt\/s.01k8rhncp4jt1\/2026\/01\/WhatsApp-Image-2026-01-09-at-19.22.53.jpg\",\"keywords\":[\"adapta\u00e7\u00e3o clim\u00e1tica\",\"\u00c1gueda\",\"ambiente\",\"biodiversidade\",\"capta\u00e7\u00e3o de carbono\",\"infraestrutura\"],\"articleSection\":[\"Not\u00edcias\"],\"inLanguage\":\"pt-PT\"},{\"@type\":\"WebPage\",\"@id\":\"https:\/\/portaltela.pt\/noticias\/2026\/01\/09\/parque-ambiental-de-agueda-consolida-adaptacao-climatica-e-reconexao-urbana\/\",\"url\":\"https:\/\/portaltela.pt\/noticias\/2026\/01\/09\/parque-ambiental-de-agueda-consolida-adaptacao-climatica-e-reconexao-urbana\/\",\"name\":\"Parque Ambiental de \u00c1gueda consolida adapta\u00e7\u00e3o clim\u00e1tica e reconex\u00e3o urbana - Portal Tela Portugal\",\"isPartOf\":{\"@id\":\"https:\/\/portaltela.pt\/#website\"},\"primaryImageOfPage\":{\"@id\":\"https:\/\/portaltela.pt\/noticias\/2026\/01\/09\/parque-ambiental-de-agueda-consolida-adaptacao-climatica-e-reconexao-urbana\/#primaryimage\"},\"image\":{\"@id\":\"https:\/\/portaltela.pt\/noticias\/2026\/01\/09\/parque-ambiental-de-agueda-consolida-adaptacao-climatica-e-reconexao-urbana\/#primaryimage\"},\"thumbnailUrl\":\"https:\/\/portaltela.pt\/s.01k8rhncp4jt1\/2026\/01\/WhatsApp-Image-2026-01-09-at-19.22.53.jpg\",\"datePublished\":\"2026-01-09T21:52:58+00:00\",\"author\":{\"@id\":\"https:\/\/portaltela.pt\/#\/schema\/person\/c4278d4a6028830caff9ee44b42d32ed\"},\"breadcrumb\":{\"@id\":\"https:\/\/portaltela.pt\/noticias\/2026\/01\/09\/parque-ambiental-de-agueda-consolida-adaptacao-climatica-e-reconexao-urbana\/#breadcrumb\"},\"inLanguage\":\"pt-PT\",\"potentialAction\":[{\"@type\":\"ReadAction\",\"target\":[\"https:\/\/portaltela.pt\/noticias\/2026\/01\/09\/parque-ambiental-de-agueda-consolida-adaptacao-climatica-e-reconexao-urbana\/\"]}]},{\"@type\":\"ImageObject\",\"inLanguage\":\"pt-PT\",\"@id\":\"https:\/\/portaltela.pt\/noticias\/2026\/01\/09\/parque-ambiental-de-agueda-consolida-adaptacao-climatica-e-reconexao-urbana\/#primaryimage\",\"url\":\"https:\/\/portaltela.pt\/s.01k8rhncp4jt1\/2026\/01\/WhatsApp-Image-2026-01-09-at-19.22.53.jpg\",\"contentUrl\":\"https:\/\/portaltela.pt\/s.01k8rhncp4jt1\/2026\/01\/WhatsApp-Image-2026-01-09-at-19.22.53.jpg\",\"width\":796,\"height\":448,\"caption\":\"Parque Ambiental de \u00c1gueda assume-se como projeto estruturante para adapta\u00e7\u00e3o clim\u00e1tica e reconex\u00e3o urbana\"},{\"@type\":\"BreadcrumbList\",\"@id\":\"https:\/\/portaltela.pt\/noticias\/2026\/01\/09\/parque-ambiental-de-agueda-consolida-adaptacao-climatica-e-reconexao-urbana\/#breadcrumb\",\"itemListElement\":[{\"@type\":\"ListItem\",\"position\":1,\"name\":\"In\u00edcio\",\"item\":\"https:\/\/portaltela.pt\/\"},{\"@type\":\"ListItem\",\"position\":2,\"name\":\"Parque Ambiental de \u00c1gueda consolida adapta\u00e7\u00e3o clim\u00e1tica e reconex\u00e3o urbana\"}]},{\"@type\":\"WebSite\",\"@id\":\"https:\/\/portaltela.pt\/#website\",\"url\":\"https:\/\/portaltela.pt\/\",\"name\":\"Portal Tela Portugal\",\"description\":\"\",\"potentialAction\":[{\"@type\":\"SearchAction\",\"target\":{\"@type\":\"EntryPoint\",\"urlTemplate\":\"https:\/\/portaltela.pt\/?s={search_term_string}\"},\"query-input\":{\"@type\":\"PropertyValueSpecification\",\"valueRequired\":true,\"valueName\":\"search_term_string\"}}],\"inLanguage\":\"pt-PT\"},{\"@type\":\"Person\",\"@id\":\"https:\/\/portaltela.pt\/#\/schema\/person\/c4278d4a6028830caff9ee44b42d32ed\",\"name\":\"Telinha\",\"image\":{\"@type\":\"ImageObject\",\"inLanguage\":\"pt-PT\",\"@id\":\"https:\/\/portaltela.pt\/s.01k8rhncp4jt1\/2025\/11\/talking-bot-125x125.png\",\"url\":\"https:\/\/portaltela.pt\/s.01k8rhncp4jt1\/2025\/11\/talking-bot-125x125.png\",\"contentUrl\":\"https:\/\/portaltela.pt\/s.01k8rhncp4jt1\/2025\/11\/talking-bot-125x125.png\",\"caption\":\"Telinha\"},\"sameAs\":[\"https:\/\/portaltela.pt\/\"],\"url\":\"https:\/\/portaltela.pt\/por\/367410592786\/\"}]}<\/script>\n<!-- \/ Yoast SEO plugin. -->","yoast_head_json":{"title":"Parque Ambiental de \u00c1gueda consolida adapta\u00e7\u00e3o clim\u00e1tica e reconex\u00e3o urbana - Portal Tela Portugal","robots":{"index":"index","follow":"follow","max-snippet":"max-snippet:-1","max-image-preview":"max-image-preview:large","max-video-preview":"max-video-preview:-1"},"og_locale":"pt_PT","og_type":"article","og_title":"Parque Ambiental de \u00c1gueda consolida adapta\u00e7\u00e3o clim\u00e1tica e reconex\u00e3o urbana - Portal Tela Portugal","og_description":"O Parque Ambiental de \u00c1gueda \u00e9 apresentado como projeto estruturante da estrat\u00e9gia de sustentabilidade \u00c1gueda Cidade Verde Europeia, visando adaptar-se aos desafios clim\u00e1ticos e reconectar a cidade ao rio Vale do Vouga. O arquiteto paisagista Paulo Ribeiro Dias destaca a rela\u00e7\u00e3o hist\u00f3rica com o rio e afirma que o leito de cheia passa a ser uma infraestrutura verde estrat\u00e9gica para reduzir a fragmenta\u00e7\u00e3o urbana e ampliar a biodiversidade. O projeto aposta numa interven\u00e7\u00e3o de grande escala com base natural, incluindo floresta adaptada \u00e0 humidade, esp\u00e9cies aut\u00f3ctones, prados extensivos e zonas h\u00famidas permanentes e tempor\u00e1rias. As zonas h\u00famidas v\u00e3o melhorar a qualidade da \u00e1gua por processos naturais de depura\u00e7\u00e3o, al\u00e9m de fixar carbono e servir de abrigo para aves e outros auxiliares da agricultura; o plano prev\u00ea espa\u00e7os de transi\u00e7\u00e3o entre o natural e o urbano, como o Parque dos Mi\u00fados e uma praia fluvial naturalizada. Conta ainda com um corredor verde estruturante para reconectar as margens do rio, articular \u00e1reas urbanas e periurbanas e integrar redes pedonais, cicl\u00e1veis e ecol\u00f3gicas, promovendo uma cidade mais equilibrada e preparada para o futuro.","og_url":"https:\/\/portaltela.pt\/noticias\/2026\/01\/09\/parque-ambiental-de-agueda-consolida-adaptacao-climatica-e-reconexao-urbana\/","og_site_name":"Portal Tela Portugal","article_published_time":"2026-01-09T21:52:58+00:00","author":"Telinha","twitter_card":"summary_large_image","twitter_misc":{"Escrito por":"Telinha","Tempo estimado de leitura":"2 minutos"},"schema":{"@context":"https:\/\/schema.org","@graph":[{"@type":"Article","@id":"https:\/\/portaltela.pt\/noticias\/2026\/01\/09\/parque-ambiental-de-agueda-consolida-adaptacao-climatica-e-reconexao-urbana\/#article","isPartOf":{"@id":"https:\/\/portaltela.pt\/noticias\/2026\/01\/09\/parque-ambiental-de-agueda-consolida-adaptacao-climatica-e-reconexao-urbana\/"},"author":{"name":"Telinha","@id":"https:\/\/portaltela.pt\/#\/schema\/person\/c4278d4a6028830caff9ee44b42d32ed"},"headline":"Parque Ambiental de \u00c1gueda consolida adapta\u00e7\u00e3o clim\u00e1tica e reconex\u00e3o urbana","datePublished":"2026-01-09T21:52:58+00:00","mainEntityOfPage":{"@id":"https:\/\/portaltela.pt\/noticias\/2026\/01\/09\/parque-ambiental-de-agueda-consolida-adaptacao-climatica-e-reconexao-urbana\/"},"wordCount":443,"image":{"@id":"https:\/\/portaltela.pt\/noticias\/2026\/01\/09\/parque-ambiental-de-agueda-consolida-adaptacao-climatica-e-reconexao-urbana\/#primaryimage"},"thumbnailUrl":"https:\/\/portaltela.pt\/s.01k8rhncp4jt1\/2026\/01\/WhatsApp-Image-2026-01-09-at-19.22.53.jpg","keywords":["adapta\u00e7\u00e3o clim\u00e1tica","\u00c1gueda","ambiente","biodiversidade","capta\u00e7\u00e3o de carbono","infraestrutura"],"articleSection":["Not\u00edcias"],"inLanguage":"pt-PT"},{"@type":"WebPage","@id":"https:\/\/portaltela.pt\/noticias\/2026\/01\/09\/parque-ambiental-de-agueda-consolida-adaptacao-climatica-e-reconexao-urbana\/","url":"https:\/\/portaltela.pt\/noticias\/2026\/01\/09\/parque-ambiental-de-agueda-consolida-adaptacao-climatica-e-reconexao-urbana\/","name":"Parque Ambiental de \u00c1gueda consolida adapta\u00e7\u00e3o clim\u00e1tica e reconex\u00e3o urbana - Portal Tela Portugal","isPartOf":{"@id":"https:\/\/portaltela.pt\/#website"},"primaryImageOfPage":{"@id":"https:\/\/portaltela.pt\/noticias\/2026\/01\/09\/parque-ambiental-de-agueda-consolida-adaptacao-climatica-e-reconexao-urbana\/#primaryimage"},"image":{"@id":"https:\/\/portaltela.pt\/noticias\/2026\/01\/09\/parque-ambiental-de-agueda-consolida-adaptacao-climatica-e-reconexao-urbana\/#primaryimage"},"thumbnailUrl":"https:\/\/portaltela.pt\/s.01k8rhncp4jt1\/2026\/01\/WhatsApp-Image-2026-01-09-at-19.22.53.jpg","datePublished":"2026-01-09T21:52:58+00:00","author":{"@id":"https:\/\/portaltela.pt\/#\/schema\/person\/c4278d4a6028830caff9ee44b42d32ed"},"breadcrumb":{"@id":"https:\/\/portaltela.pt\/noticias\/2026\/01\/09\/parque-ambiental-de-agueda-consolida-adaptacao-climatica-e-reconexao-urbana\/#breadcrumb"},"inLanguage":"pt-PT","potentialAction":[{"@type":"ReadAction","target":["https:\/\/portaltela.pt\/noticias\/2026\/01\/09\/parque-ambiental-de-agueda-consolida-adaptacao-climatica-e-reconexao-urbana\/"]}]},{"@type":"ImageObject","inLanguage":"pt-PT","@id":"https:\/\/portaltela.pt\/noticias\/2026\/01\/09\/parque-ambiental-de-agueda-consolida-adaptacao-climatica-e-reconexao-urbana\/#primaryimage","url":"https:\/\/portaltela.pt\/s.01k8rhncp4jt1\/2026\/01\/WhatsApp-Image-2026-01-09-at-19.22.53.jpg","contentUrl":"https:\/\/portaltela.pt\/s.01k8rhncp4jt1\/2026\/01\/WhatsApp-Image-2026-01-09-at-19.22.53.jpg","width":796,"height":448,"caption":"Parque Ambiental de \u00c1gueda assume-se como projeto estruturante para adapta\u00e7\u00e3o clim\u00e1tica e reconex\u00e3o urbana"},{"@type":"BreadcrumbList","@id":"https:\/\/portaltela.pt\/noticias\/2026\/01\/09\/parque-ambiental-de-agueda-consolida-adaptacao-climatica-e-reconexao-urbana\/#breadcrumb","itemListElement":[{"@type":"ListItem","position":1,"name":"In\u00edcio","item":"https:\/\/portaltela.pt\/"},{"@type":"ListItem","position":2,"name":"Parque Ambiental de \u00c1gueda consolida adapta\u00e7\u00e3o clim\u00e1tica e reconex\u00e3o urbana"}]},{"@type":"WebSite","@id":"https:\/\/portaltela.pt\/#website","url":"https:\/\/portaltela.pt\/","name":"Portal Tela Portugal","description":"","potentialAction":[{"@type":"SearchAction","target":{"@type":"EntryPoint","urlTemplate":"https:\/\/portaltela.pt\/?s={search_term_string}"},"query-input":{"@type":"PropertyValueSpecification","valueRequired":true,"valueName":"search_term_string"}}],"inLanguage":"pt-PT"},{"@type":"Person","@id":"https:\/\/portaltela.pt\/#\/schema\/person\/c4278d4a6028830caff9ee44b42d32ed","name":"Telinha","image":{"@type":"ImageObject","inLanguage":"pt-PT","@id":"https:\/\/portaltela.pt\/s.01k8rhncp4jt1\/2025\/11\/talking-bot-125x125.png","url":"https:\/\/portaltela.pt\/s.01k8rhncp4jt1\/2025\/11\/talking-bot-125x125.png","contentUrl":"https:\/\/portaltela.pt\/s.01k8rhncp4jt1\/2025\/11\/talking-bot-125x125.png","caption":"Telinha"},"sameAs":["https:\/\/portaltela.pt\/"],"url":"https:\/\/portaltela.pt\/por\/367410592786\/"}]}},"_links":{"self":[{"href":"https:\/\/portaltela.pt\/api\/wp\/v2\/posts\/129752","targetHints":{"allow":["GET"]}}],"collection":[{"href":"https:\/\/portaltela.pt\/api\/wp\/v2\/posts"}],"about":[{"href":"https:\/\/portaltela.pt\/api\/wp\/v2\/types\/post"}],"author":[{"embeddable":true,"href":"https:\/\/portaltela.pt\/api\/wp\/v2\/users\/2"}],"replies":[{"embeddable":true,"href":"https:\/\/portaltela.pt\/api\/wp\/v2\/comments?post=129752"}],"version-history":[{"count":0,"href":"https:\/\/portaltela.pt\/api\/wp\/v2\/posts\/129752\/revisions"}],"wp:featuredmedia":[{"embeddable":true,"href":"https:\/\/portaltela.pt\/api\/wp\/v2\/media\/129761"}],"wp:attachment":[{"href":"https:\/\/portaltela.pt\/api\/wp\/v2\/media?parent=129752"}],"wp:term":[{"taxonomy":"category","embeddable":true,"href":"https:\/\/portaltela.pt\/api\/wp\/v2\/categories?post=129752"},{"taxonomy":"post_tag","embeddable":true,"href":"https:\/\/portaltela.pt\/api\/wp\/v2\/tags?post=129752"}],"curies":[{"name":"wp","href":"https:\/\/api.w.org\/{rel}","templated":true}]}}