{"id":129589,"date":"2026-01-09T13:54:44","date_gmt":"2026-01-09T16:54:44","guid":{"rendered":"https:\/\/portaltela.pt\/noticias\/2026\/01\/09\/ex-chelsea-admite-incerteza-sobre-quantos-dias-lhe-restam\/"},"modified":"2026-01-09T13:54:44","modified_gmt":"2026-01-09T16:54:44","slug":"ex-chelsea-admite-incerteza-sobre-quantos-dias-lhe-restam","status":"publish","type":"post","link":"https:\/\/portaltela.pt\/desporto\/futebol\/2026\/01\/09\/ex-chelsea-admite-incerteza-sobre-quantos-dias-lhe-restam\/","title":{"rendered":"Ex-Chelsea admite incerteza sobre quantos dias lhe restam"},"content":{"rendered":"<p>Lamisha Musonda, antigo m\u00e9dio e internacional belga sub-21, revelou pelas redes sociais que enfrenta um grave problema de sa\u00fade. Sem entrar em detalhes, afirmou lutar para manter-se vivo e pediu apoio e ora\u00e7\u00f5es ao longo deste per\u00edodo.<\/p>\n<p>Na mensagem, real\u00e7a que a doen\u00e7a tem sido cr\u00f3nica e que n\u00e3o tem conseguido manter a atividade nas redes. A fam\u00edlia tamb\u00e9m est\u00e1 a lidar com a situa\u00e7\u00e3o, deixando claro que n\u00e3o desistir\u00e1 apesar da gravidade.<\/p>\n<p>A not\u00edcia vem \u00e0 tona num momento em que o ex-jogador admite uma luta dif\u00edcil pela sa\u00fade, lembrando que interrompeu a carreira em 2019 ap\u00f3s passagens por clubes de diferentes pa\u00edses. A situa\u00e7\u00e3o p\u00fablica \u00e9 acompanhada pela sua comunidade.<\/p>\n<h3>Carreira de Lamisha Musonda<\/h3>\n<p>Antes de vestir a camisola do Chelsea, Musonda jogou pelo Anderlecht, da B\u00e9lgica.<\/p>\n<p>No Chelsea, tornou-se conhecido \u00e0 escala internacional e manteve-se ligado ao clube durante parte da d\u00e9cada anterior \u00e0 sua sa\u00edda.<\/p>\n<p>Concluiu a carreira em 2019 ao servi\u00e7o do TP Mazembe, na Rep\u00fablica Democr\u00e1tica do Congo, ap\u00f3s passagem por v\u00e1rios elos no futebol europeu.<\/p>\n","protected":false},"excerpt":{"rendered":"<ul>\n<li>Lamisha Musonda, antigo m\u00e9dio belga e internacional sub-21, revelou nas redes sociais estar a lutar contra um grave problema de sa\u00fade.<\/li>\n<li>A mensagem, publicada no Instagram, n\u00e3o detalha o diagn\u00f3stico, mas afirma que o estado de sa\u00fade \u00e9 cr\u00edtico e que n\u00e3o desiste de lutar pela vida.<\/li>\n<li>O jogador pediu ajuda e ora\u00e7\u00f5es, indicando que a fam\u00edlia tamb\u00e9m est\u00e1 a enfrentar o desafio.<\/li>\n<li>Musonda j\u00e1 passou pelo Chelsea, ap\u00f3s passagem por outras equipas, incluindo Anderlecht e, na fase final da carreira, o TP Mazembe, no Congo, terminando a carreira em 2019.<\/li>\n<li>O texto refor\u00e7a que, apesar das dificuldades, tem ainda muito para dar e que n\u00e3o sabe se ter\u00e1 oportunidade de agradecer pessoalmente \u00e0s pessoas.<\/li>\n<\/ul>\n","protected":false},"author":2,"featured_media":129594,"comment_status":"closed","ping_status":"closed","sticky":false,"template":"","format":"standard","meta":{"footnotes":""},"categories":[21,24],"tags":[2726,1599,2164,32,2064,172],"class_list":["post-129589","post","type-post","status-publish","format-standard","has-post-thumbnail","hentry","category-desporto","category-futebol","tag-anderlecht","tag-belgica","tag-chelsea","tag-futebol","tag-republica-democratica-do-congo","tag-saude"],"yoast_head":"<!-- This site is optimized with the Yoast SEO plugin v27.2 - https:\/\/yoast.com\/product\/yoast-seo-wordpress\/ -->\n<title>Ex-Chelsea admite incerteza sobre quantos dias lhe restam - Portal Tela Portugal<\/title>\n<meta name=\"robots\" content=\"index, follow, max-snippet:-1, max-image-preview:large, max-video-preview:-1\" \/>\n<meta property=\"og:locale\" content=\"pt_PT\" \/>\n<meta property=\"og:type\" content=\"article\" \/>\n<meta property=\"og:title\" content=\"Ex-Chelsea admite incerteza sobre quantos dias lhe restam - Portal Tela Portugal\" \/>\n<meta property=\"og:description\" content=\"Lamisha Musonda, antigo m\u00e9dio belga e internacional sub-21, revelou nas redes sociais estar a lutar contra um grave problema de sa\u00fade. A mensagem, publicada no Instagram, n\u00e3o detalha o diagn\u00f3stico, mas afirma que o estado de sa\u00fade \u00e9 cr\u00edtico e que n\u00e3o desiste de lutar pela vida. O jogador pediu ajuda e ora\u00e7\u00f5es, indicando que a fam\u00edlia tamb\u00e9m est\u00e1 a enfrentar o desafio. Musonda j\u00e1 passou pelo Chelsea, ap\u00f3s passagem por outras equipas, incluindo Anderlecht e, na fase final da carreira, o TP Mazembe, no Congo, terminando a carreira em 2019. O texto refor\u00e7a que, apesar das dificuldades, tem ainda muito para dar e que n\u00e3o sabe se ter\u00e1 oportunidade de agradecer pessoalmente \u00e0s pessoas.\" \/>\n<meta property=\"og:url\" content=\"https:\/\/portaltela.pt\/noticias\/2026\/01\/09\/ex-chelsea-admite-incerteza-sobre-quantos-dias-lhe-restam\/\" \/>\n<meta property=\"og:site_name\" content=\"Portal Tela Portugal\" \/>\n<meta property=\"article:published_time\" content=\"2026-01-09T16:54:44+00:00\" \/>\n<meta name=\"author\" content=\"Telinha\" \/>\n<meta name=\"twitter:card\" content=\"summary_large_image\" \/>\n<meta name=\"twitter:label1\" content=\"Escrito por\" \/>\n\t<meta name=\"twitter:data1\" content=\"Telinha\" \/>\n\t<meta name=\"twitter:label2\" content=\"Tempo estimado de leitura\" \/>\n\t<meta name=\"twitter:data2\" content=\"1 minuto\" \/>\n<script type=\"application\/ld+json\" class=\"yoast-schema-graph\">{\"@context\":\"https:\/\/schema.org\",\"@graph\":[{\"@type\":\"Article\",\"@id\":\"https:\/\/portaltela.pt\/noticias\/2026\/01\/09\/ex-chelsea-admite-incerteza-sobre-quantos-dias-lhe-restam\/#article\",\"isPartOf\":{\"@id\":\"https:\/\/portaltela.pt\/noticias\/2026\/01\/09\/ex-chelsea-admite-incerteza-sobre-quantos-dias-lhe-restam\/\"},\"author\":{\"name\":\"Telinha\",\"@id\":\"https:\/\/portaltela.pt\/#\/schema\/person\/c4278d4a6028830caff9ee44b42d32ed\"},\"headline\":\"Ex-Chelsea admite incerteza sobre quantos dias lhe restam\",\"datePublished\":\"2026-01-09T16:54:44+00:00\",\"mainEntityOfPage\":{\"@id\":\"https:\/\/portaltela.pt\/noticias\/2026\/01\/09\/ex-chelsea-admite-incerteza-sobre-quantos-dias-lhe-restam\/\"},\"wordCount\":201,\"image\":{\"@id\":\"https:\/\/portaltela.pt\/noticias\/2026\/01\/09\/ex-chelsea-admite-incerteza-sobre-quantos-dias-lhe-restam\/#primaryimage\"},\"thumbnailUrl\":\"https:\/\/portaltela.pt\/s.01k8rhncp4jt1\/2026\/01\/39b18eab-cfdf-4a9d-ba2e-6653b8e00d6d-1.jpg\",\"keywords\":[\"Anderlecht\",\"B\u00e9lgica\",\"Chelsea\",\"futebol\",\"Rep\u00fablica Democr\u00e1tica do Congo\",\"sa\u00fade\"],\"articleSection\":[\"Desporto\",\"Futebol\"],\"inLanguage\":\"pt-PT\"},{\"@type\":\"WebPage\",\"@id\":\"https:\/\/portaltela.pt\/noticias\/2026\/01\/09\/ex-chelsea-admite-incerteza-sobre-quantos-dias-lhe-restam\/\",\"url\":\"https:\/\/portaltela.pt\/noticias\/2026\/01\/09\/ex-chelsea-admite-incerteza-sobre-quantos-dias-lhe-restam\/\",\"name\":\"Ex-Chelsea admite incerteza sobre quantos dias lhe restam - Portal Tela Portugal\",\"isPartOf\":{\"@id\":\"https:\/\/portaltela.pt\/#website\"},\"primaryImageOfPage\":{\"@id\":\"https:\/\/portaltela.pt\/noticias\/2026\/01\/09\/ex-chelsea-admite-incerteza-sobre-quantos-dias-lhe-restam\/#primaryimage\"},\"image\":{\"@id\":\"https:\/\/portaltela.pt\/noticias\/2026\/01\/09\/ex-chelsea-admite-incerteza-sobre-quantos-dias-lhe-restam\/#primaryimage\"},\"thumbnailUrl\":\"https:\/\/portaltela.pt\/s.01k8rhncp4jt1\/2026\/01\/39b18eab-cfdf-4a9d-ba2e-6653b8e00d6d-1.jpg\",\"datePublished\":\"2026-01-09T16:54:44+00:00\",\"author\":{\"@id\":\"https:\/\/portaltela.pt\/#\/schema\/person\/c4278d4a6028830caff9ee44b42d32ed\"},\"breadcrumb\":{\"@id\":\"https:\/\/portaltela.pt\/noticias\/2026\/01\/09\/ex-chelsea-admite-incerteza-sobre-quantos-dias-lhe-restam\/#breadcrumb\"},\"inLanguage\":\"pt-PT\",\"potentialAction\":[{\"@type\":\"ReadAction\",\"target\":[\"https:\/\/portaltela.pt\/noticias\/2026\/01\/09\/ex-chelsea-admite-incerteza-sobre-quantos-dias-lhe-restam\/\"]}]},{\"@type\":\"ImageObject\",\"inLanguage\":\"pt-PT\",\"@id\":\"https:\/\/portaltela.pt\/noticias\/2026\/01\/09\/ex-chelsea-admite-incerteza-sobre-quantos-dias-lhe-restam\/#primaryimage\",\"url\":\"https:\/\/portaltela.pt\/s.01k8rhncp4jt1\/2026\/01\/39b18eab-cfdf-4a9d-ba2e-6653b8e00d6d-1.jpg\",\"contentUrl\":\"https:\/\/portaltela.pt\/s.01k8rhncp4jt1\/2026\/01\/39b18eab-cfdf-4a9d-ba2e-6653b8e00d6d-1.jpg\",\"width\":796,\"height\":448,\"caption\":\"Lamisha Musonda, ex-Chelsea - Foto: IMAGO\"},{\"@type\":\"BreadcrumbList\",\"@id\":\"https:\/\/portaltela.pt\/noticias\/2026\/01\/09\/ex-chelsea-admite-incerteza-sobre-quantos-dias-lhe-restam\/#breadcrumb\",\"itemListElement\":[{\"@type\":\"ListItem\",\"position\":1,\"name\":\"In\u00edcio\",\"item\":\"https:\/\/portaltela.pt\/\"},{\"@type\":\"ListItem\",\"position\":2,\"name\":\"Ex-Chelsea admite incerteza sobre quantos dias lhe restam\"}]},{\"@type\":\"WebSite\",\"@id\":\"https:\/\/portaltela.pt\/#website\",\"url\":\"https:\/\/portaltela.pt\/\",\"name\":\"Portal Tela Portugal\",\"description\":\"\",\"potentialAction\":[{\"@type\":\"SearchAction\",\"target\":{\"@type\":\"EntryPoint\",\"urlTemplate\":\"https:\/\/portaltela.pt\/?s={search_term_string}\"},\"query-input\":{\"@type\":\"PropertyValueSpecification\",\"valueRequired\":true,\"valueName\":\"search_term_string\"}}],\"inLanguage\":\"pt-PT\"},{\"@type\":\"Person\",\"@id\":\"https:\/\/portaltela.pt\/#\/schema\/person\/c4278d4a6028830caff9ee44b42d32ed\",\"name\":\"Telinha\",\"image\":{\"@type\":\"ImageObject\",\"inLanguage\":\"pt-PT\",\"@id\":\"https:\/\/portaltela.pt\/s.01k8rhncp4jt1\/2025\/11\/talking-bot-125x125.png\",\"url\":\"https:\/\/portaltela.pt\/s.01k8rhncp4jt1\/2025\/11\/talking-bot-125x125.png\",\"contentUrl\":\"https:\/\/portaltela.pt\/s.01k8rhncp4jt1\/2025\/11\/talking-bot-125x125.png\",\"caption\":\"Telinha\"},\"sameAs\":[\"https:\/\/portaltela.pt\/\"],\"url\":\"https:\/\/portaltela.pt\/por\/367410592786\/\"}]}<\/script>\n<!-- \/ Yoast SEO plugin. -->","yoast_head_json":{"title":"Ex-Chelsea admite incerteza sobre quantos dias lhe restam - Portal Tela Portugal","robots":{"index":"index","follow":"follow","max-snippet":"max-snippet:-1","max-image-preview":"max-image-preview:large","max-video-preview":"max-video-preview:-1"},"og_locale":"pt_PT","og_type":"article","og_title":"Ex-Chelsea admite incerteza sobre quantos dias lhe restam - Portal Tela Portugal","og_description":"Lamisha Musonda, antigo m\u00e9dio belga e internacional sub-21, revelou nas redes sociais estar a lutar contra um grave problema de sa\u00fade. A mensagem, publicada no Instagram, n\u00e3o detalha o diagn\u00f3stico, mas afirma que o estado de sa\u00fade \u00e9 cr\u00edtico e que n\u00e3o desiste de lutar pela vida. O jogador pediu ajuda e ora\u00e7\u00f5es, indicando que a fam\u00edlia tamb\u00e9m est\u00e1 a enfrentar o desafio. Musonda j\u00e1 passou pelo Chelsea, ap\u00f3s passagem por outras equipas, incluindo Anderlecht e, na fase final da carreira, o TP Mazembe, no Congo, terminando a carreira em 2019. O texto refor\u00e7a que, apesar das dificuldades, tem ainda muito para dar e que n\u00e3o sabe se ter\u00e1 oportunidade de agradecer pessoalmente \u00e0s pessoas.","og_url":"https:\/\/portaltela.pt\/noticias\/2026\/01\/09\/ex-chelsea-admite-incerteza-sobre-quantos-dias-lhe-restam\/","og_site_name":"Portal Tela Portugal","article_published_time":"2026-01-09T16:54:44+00:00","author":"Telinha","twitter_card":"summary_large_image","twitter_misc":{"Escrito por":"Telinha","Tempo estimado de leitura":"1 minuto"},"schema":{"@context":"https:\/\/schema.org","@graph":[{"@type":"Article","@id":"https:\/\/portaltela.pt\/noticias\/2026\/01\/09\/ex-chelsea-admite-incerteza-sobre-quantos-dias-lhe-restam\/#article","isPartOf":{"@id":"https:\/\/portaltela.pt\/noticias\/2026\/01\/09\/ex-chelsea-admite-incerteza-sobre-quantos-dias-lhe-restam\/"},"author":{"name":"Telinha","@id":"https:\/\/portaltela.pt\/#\/schema\/person\/c4278d4a6028830caff9ee44b42d32ed"},"headline":"Ex-Chelsea admite incerteza sobre quantos dias lhe restam","datePublished":"2026-01-09T16:54:44+00:00","mainEntityOfPage":{"@id":"https:\/\/portaltela.pt\/noticias\/2026\/01\/09\/ex-chelsea-admite-incerteza-sobre-quantos-dias-lhe-restam\/"},"wordCount":201,"image":{"@id":"https:\/\/portaltela.pt\/noticias\/2026\/01\/09\/ex-chelsea-admite-incerteza-sobre-quantos-dias-lhe-restam\/#primaryimage"},"thumbnailUrl":"https:\/\/portaltela.pt\/s.01k8rhncp4jt1\/2026\/01\/39b18eab-cfdf-4a9d-ba2e-6653b8e00d6d-1.jpg","keywords":["Anderlecht","B\u00e9lgica","Chelsea","futebol","Rep\u00fablica Democr\u00e1tica do Congo","sa\u00fade"],"articleSection":["Desporto","Futebol"],"inLanguage":"pt-PT"},{"@type":"WebPage","@id":"https:\/\/portaltela.pt\/noticias\/2026\/01\/09\/ex-chelsea-admite-incerteza-sobre-quantos-dias-lhe-restam\/","url":"https:\/\/portaltela.pt\/noticias\/2026\/01\/09\/ex-chelsea-admite-incerteza-sobre-quantos-dias-lhe-restam\/","name":"Ex-Chelsea admite incerteza sobre quantos dias lhe restam - Portal Tela Portugal","isPartOf":{"@id":"https:\/\/portaltela.pt\/#website"},"primaryImageOfPage":{"@id":"https:\/\/portaltela.pt\/noticias\/2026\/01\/09\/ex-chelsea-admite-incerteza-sobre-quantos-dias-lhe-restam\/#primaryimage"},"image":{"@id":"https:\/\/portaltela.pt\/noticias\/2026\/01\/09\/ex-chelsea-admite-incerteza-sobre-quantos-dias-lhe-restam\/#primaryimage"},"thumbnailUrl":"https:\/\/portaltela.pt\/s.01k8rhncp4jt1\/2026\/01\/39b18eab-cfdf-4a9d-ba2e-6653b8e00d6d-1.jpg","datePublished":"2026-01-09T16:54:44+00:00","author":{"@id":"https:\/\/portaltela.pt\/#\/schema\/person\/c4278d4a6028830caff9ee44b42d32ed"},"breadcrumb":{"@id":"https:\/\/portaltela.pt\/noticias\/2026\/01\/09\/ex-chelsea-admite-incerteza-sobre-quantos-dias-lhe-restam\/#breadcrumb"},"inLanguage":"pt-PT","potentialAction":[{"@type":"ReadAction","target":["https:\/\/portaltela.pt\/noticias\/2026\/01\/09\/ex-chelsea-admite-incerteza-sobre-quantos-dias-lhe-restam\/"]}]},{"@type":"ImageObject","inLanguage":"pt-PT","@id":"https:\/\/portaltela.pt\/noticias\/2026\/01\/09\/ex-chelsea-admite-incerteza-sobre-quantos-dias-lhe-restam\/#primaryimage","url":"https:\/\/portaltela.pt\/s.01k8rhncp4jt1\/2026\/01\/39b18eab-cfdf-4a9d-ba2e-6653b8e00d6d-1.jpg","contentUrl":"https:\/\/portaltela.pt\/s.01k8rhncp4jt1\/2026\/01\/39b18eab-cfdf-4a9d-ba2e-6653b8e00d6d-1.jpg","width":796,"height":448,"caption":"Lamisha Musonda, ex-Chelsea - Foto: IMAGO"},{"@type":"BreadcrumbList","@id":"https:\/\/portaltela.pt\/noticias\/2026\/01\/09\/ex-chelsea-admite-incerteza-sobre-quantos-dias-lhe-restam\/#breadcrumb","itemListElement":[{"@type":"ListItem","position":1,"name":"In\u00edcio","item":"https:\/\/portaltela.pt\/"},{"@type":"ListItem","position":2,"name":"Ex-Chelsea admite incerteza sobre quantos dias lhe restam"}]},{"@type":"WebSite","@id":"https:\/\/portaltela.pt\/#website","url":"https:\/\/portaltela.pt\/","name":"Portal Tela Portugal","description":"","potentialAction":[{"@type":"SearchAction","target":{"@type":"EntryPoint","urlTemplate":"https:\/\/portaltela.pt\/?s={search_term_string}"},"query-input":{"@type":"PropertyValueSpecification","valueRequired":true,"valueName":"search_term_string"}}],"inLanguage":"pt-PT"},{"@type":"Person","@id":"https:\/\/portaltela.pt\/#\/schema\/person\/c4278d4a6028830caff9ee44b42d32ed","name":"Telinha","image":{"@type":"ImageObject","inLanguage":"pt-PT","@id":"https:\/\/portaltela.pt\/s.01k8rhncp4jt1\/2025\/11\/talking-bot-125x125.png","url":"https:\/\/portaltela.pt\/s.01k8rhncp4jt1\/2025\/11\/talking-bot-125x125.png","contentUrl":"https:\/\/portaltela.pt\/s.01k8rhncp4jt1\/2025\/11\/talking-bot-125x125.png","caption":"Telinha"},"sameAs":["https:\/\/portaltela.pt\/"],"url":"https:\/\/portaltela.pt\/por\/367410592786\/"}]}},"_links":{"self":[{"href":"https:\/\/portaltela.pt\/api\/wp\/v2\/posts\/129589","targetHints":{"allow":["GET"]}}],"collection":[{"href":"https:\/\/portaltela.pt\/api\/wp\/v2\/posts"}],"about":[{"href":"https:\/\/portaltela.pt\/api\/wp\/v2\/types\/post"}],"author":[{"embeddable":true,"href":"https:\/\/portaltela.pt\/api\/wp\/v2\/users\/2"}],"replies":[{"embeddable":true,"href":"https:\/\/portaltela.pt\/api\/wp\/v2\/comments?post=129589"}],"version-history":[{"count":0,"href":"https:\/\/portaltela.pt\/api\/wp\/v2\/posts\/129589\/revisions"}],"wp:featuredmedia":[{"embeddable":true,"href":"https:\/\/portaltela.pt\/api\/wp\/v2\/media\/129594"}],"wp:attachment":[{"href":"https:\/\/portaltela.pt\/api\/wp\/v2\/media?parent=129589"}],"wp:term":[{"taxonomy":"category","embeddable":true,"href":"https:\/\/portaltela.pt\/api\/wp\/v2\/categories?post=129589"},{"taxonomy":"post_tag","embeddable":true,"href":"https:\/\/portaltela.pt\/api\/wp\/v2\/tags?post=129589"}],"curies":[{"name":"wp","href":"https:\/\/api.w.org\/{rel}","templated":true}]}}