{"id":129569,"date":"2026-01-09T17:23:00","date_gmt":"2026-01-09T20:23:00","guid":{"rendered":"https:\/\/portaltela.pt\/noticias\/2026\/01\/09\/internamentos-por-gripe-sobem-na-ultima-semana\/"},"modified":"2026-01-09T17:23:00","modified_gmt":"2026-01-09T20:23:00","slug":"internamentos-por-gripe-sobem-na-ultima-semana","status":"publish","type":"post","link":"https:\/\/portaltela.pt\/noticias\/2026\/01\/09\/internamentos-por-gripe-sobem-na-ultima-semana\/","title":{"rendered":"Internamentos por gripe sobem na \u00faltima semana"},"content":{"rendered":"<p>O internamento por gripe aumentou na \u00faltima semana, segundo o INSA. Foram registados 1.340 casos de infe\u00e7\u00e3o respirat\u00f3ria aguda grave (SARI) e um excesso de mortalidade por todas as causas. A monitoriza\u00e7\u00e3o abrange a \u00e9poca 2025\/2026, iniciada na semana 40 de 2025.<\/p>\n<p>Desde o in\u00edcio da \u00e9poca, os laborat\u00f3rios notificaram 59.135 casos de infe\u00e7\u00e3o respirat\u00f3ria e 11.795 de gripe, entre 29 de setembro e 4 de janeiro de 2026. A propor\u00e7\u00e3o de gripe nas Unidades de Cuidados Intensivos (UCI) foi de 18,8% na \u00faltima semana, acima dos 11,3% da anterior.<\/p>\n<p>Apenas 16 UCI reportaram dados, com 27 casos de gripe na semana em an\u00e1lise, contra 16 na anterior. Entre os casos, 65+ anos predominaram, seguidos por 55-64, 45-54 e 35-44 anos. 22 pacientes tinham doen\u00e7a cr\u00f3nica; 24 tinham vacina\u00e7\u00e3o recomendada, sendo 6 vacinados e estado vacinal desconhecido em 2.<\/p>\n<h3>SARI e vacina\u00e7\u00e3o<\/h3>\n<p>Na semana, 91 casos de SARI foram admitidos nas Unidades Locais de Sa\u00fade que reportam dados, correspondendo a 11,7 por 100 mil habitantes. As taxas de SARI mantiveram-se mais elevadas nos maiores de 65 anos, com tend\u00eancia decrescente nos 0-4 anos.<\/p>\n<p>Em rela\u00e7\u00e3o a outros agentes respirat\u00f3rios, foram identificados 397 casos, com o V\u00edrus Sincicial Respirat\u00f3rio (RSV) como o mais detetado. Desde a semana 40\/2024, houve 74 internamentos por RSV em crian\u00e7as com menos de 24 meses.<\/p>\n<h3>Mortalidade e SARS-CoV-2<\/h3>\n<p>Foram registrados excessos de mortalidade em todas as regi\u00f5es de Portugal continental e em ambos os sexos, nos grupos 45-64, 65-74, 75-84 e 85+ anos. No estudo da diversidade gen\u00e9tica do SARS-CoV-2, j\u00e1 foram analisadas 911 amostras positivas desde a semana 21 de 2025, com sete variantes em circula\u00e7\u00e3o.<\/p>\n<p>A variante mais frequente foi a \u00d3micron BA.2.86 XFG, representando 60,3% dos casos sequenciados. Os dados refletem a perspetiva da vigil\u00e2ncia epidemiol\u00f3gica e gen\u00e9tica at\u00e9 ao in\u00edcio de janeiro de 2026.<\/p>\n","protected":false},"excerpt":{"rendered":"<ul>\n<li>Os internamentos em unidades de cuidados intensivos por gripe aumentaram na \u00faltima semana, com 1.340 casos da doen\u00e7a e um excesso de mortalidade por todas as causas reportado.<\/li>\n<li>Desde o in\u00edcio da \u00e9poca 2025\/2026 (semana 40\/2025), os laborat\u00f3rios notificaram 59.135 casos de infe\u00e7\u00e3o respirat\u00f3ria e identificaram 11.795 casos de gripe.<\/li>\n<li>Entre 29 de dezembro de 2025 a 4 de janeiro de 2026, a propor\u00e7\u00e3o da gripe em UCI foi de 18,8% (aumento face \u00e0 semana anterior, 11,3%), com 27 casos de gripe reportados por 16 UCI.<\/li>\n<li>Na semana em an\u00e1lise, 14 dos pacientes com gripe tinham 65 ou mais anos; 22 tinham doen\u00e7a cr\u00f3nica; 24 tinham recomenda\u00e7\u00e3o de vacina\u00e7\u00e3o contra gripe sazonal, sendo que seis estavam vacinados (estado vacinal desconhecido em dois).<\/li>\n<li>Foram reportadas 91 admiss\u00f5es por infe\u00e7\u00e3o respirat\u00f3ria aguda grave (SARI) e houve circula\u00e7\u00e3o de RSV entre outros agentes; desde a semana 21\/2025, foram sequenciadas 911 amostras de SARS\u2011CoV\u20112 com sete variedades em circula\u00e7\u00e3o, sendo \u00d3micron BA.2.86 XFG a mais frequente (60,3%).<\/li>\n<\/ul>\n","protected":false},"author":2,"featured_media":129578,"comment_status":"closed","ping_status":"closed","sticky":false,"template":"","format":"standard","meta":{"footnotes":""},"categories":[1],"tags":[2763,1014,271,374,2760],"class_list":["post-129569","post","type-post","status-publish","format-standard","has-post-thumbnail","hentry","category-noticias","tag-infecao-respiratoria-aguda-grave","tag-portugal","tag-saude-publica","tag-vigilancia-epidemiologica","tag-virus-sincicial-respiratorio"],"yoast_head":"<!-- This site is optimized with the Yoast SEO plugin v27.2 - https:\/\/yoast.com\/product\/yoast-seo-wordpress\/ -->\n<title>Internamentos por gripe sobem na \u00faltima semana - Portal Tela Portugal<\/title>\n<meta name=\"robots\" content=\"index, follow, max-snippet:-1, max-image-preview:large, max-video-preview:-1\" \/>\n<meta property=\"og:locale\" content=\"pt_PT\" \/>\n<meta property=\"og:type\" content=\"article\" \/>\n<meta property=\"og:title\" content=\"Internamentos por gripe sobem na \u00faltima semana - Portal Tela Portugal\" \/>\n<meta property=\"og:description\" content=\"Os internamentos em unidades de cuidados intensivos por gripe aumentaram na \u00faltima semana, com 1.340 casos da doen\u00e7a e um excesso de mortalidade por todas as causas reportado. Desde o in\u00edcio da \u00e9poca 2025\/2026 (semana 40\/2025), os laborat\u00f3rios notificaram 59.135 casos de infe\u00e7\u00e3o respirat\u00f3ria e identificaram 11.795 casos de gripe. Entre 29 de dezembro de 2025 a 4 de janeiro de 2026, a propor\u00e7\u00e3o da gripe em UCI foi de 18,8% (aumento face \u00e0 semana anterior, 11,3%), com 27 casos de gripe reportados por 16 UCI. Na semana em an\u00e1lise, 14 dos pacientes com gripe tinham 65 ou mais anos; 22 tinham doen\u00e7a cr\u00f3nica; 24 tinham recomenda\u00e7\u00e3o de vacina\u00e7\u00e3o contra gripe sazonal, sendo que seis estavam vacinados (estado vacinal desconhecido em dois). Foram reportadas 91 admiss\u00f5es por infe\u00e7\u00e3o respirat\u00f3ria aguda grave (SARI) e houve circula\u00e7\u00e3o de RSV entre outros agentes; desde a semana 21\/2025, foram sequenciadas 911 amostras de SARS\u2011CoV\u20112 com sete variedades em circula\u00e7\u00e3o, sendo \u00d3micron BA.2.86 XFG a mais frequente (60,3%).\" \/>\n<meta property=\"og:url\" content=\"https:\/\/portaltela.pt\/noticias\/2026\/01\/09\/internamentos-por-gripe-sobem-na-ultima-semana\/\" \/>\n<meta property=\"og:site_name\" content=\"Portal Tela Portugal\" \/>\n<meta property=\"article:published_time\" content=\"2026-01-09T20:23:00+00:00\" \/>\n<meta name=\"author\" content=\"Telinha\" \/>\n<meta name=\"twitter:card\" content=\"summary_large_image\" \/>\n<meta name=\"twitter:label1\" content=\"Escrito por\" \/>\n\t<meta name=\"twitter:data1\" content=\"Telinha\" \/>\n\t<meta name=\"twitter:label2\" content=\"Tempo estimado de leitura\" \/>\n\t<meta name=\"twitter:data2\" content=\"1 minuto\" \/>\n<script type=\"application\/ld+json\" class=\"yoast-schema-graph\">{\"@context\":\"https:\/\/schema.org\",\"@graph\":[{\"@type\":\"Article\",\"@id\":\"https:\/\/portaltela.pt\/noticias\/2026\/01\/09\/internamentos-por-gripe-sobem-na-ultima-semana\/#article\",\"isPartOf\":{\"@id\":\"https:\/\/portaltela.pt\/noticias\/2026\/01\/09\/internamentos-por-gripe-sobem-na-ultima-semana\/\"},\"author\":{\"name\":\"Telinha\",\"@id\":\"https:\/\/portaltela.pt\/#\/schema\/person\/c4278d4a6028830caff9ee44b42d32ed\"},\"headline\":\"Internamentos por gripe sobem na \u00faltima semana\",\"datePublished\":\"2026-01-09T20:23:00+00:00\",\"mainEntityOfPage\":{\"@id\":\"https:\/\/portaltela.pt\/noticias\/2026\/01\/09\/internamentos-por-gripe-sobem-na-ultima-semana\/\"},\"wordCount\":303,\"image\":{\"@id\":\"https:\/\/portaltela.pt\/noticias\/2026\/01\/09\/internamentos-por-gripe-sobem-na-ultima-semana\/#primaryimage\"},\"thumbnailUrl\":\"https:\/\/portaltela.pt\/s.01k8rhncp4jt1\/2026\/01\/unnamed-file-1934.jpg\",\"keywords\":[\"infe\u00e7\u00e3o respirat\u00f3ria aguda grave\",\"Portugal\",\"sa\u00fade p\u00fablica\",\"vigil\u00e2ncia epidemiol\u00f3gica\",\"V\u00edrus Sincicial Respirat\u00f3rio\"],\"articleSection\":[\"Not\u00edcias\"],\"inLanguage\":\"pt-PT\"},{\"@type\":\"WebPage\",\"@id\":\"https:\/\/portaltela.pt\/noticias\/2026\/01\/09\/internamentos-por-gripe-sobem-na-ultima-semana\/\",\"url\":\"https:\/\/portaltela.pt\/noticias\/2026\/01\/09\/internamentos-por-gripe-sobem-na-ultima-semana\/\",\"name\":\"Internamentos por gripe sobem na \u00faltima semana - Portal Tela Portugal\",\"isPartOf\":{\"@id\":\"https:\/\/portaltela.pt\/#website\"},\"primaryImageOfPage\":{\"@id\":\"https:\/\/portaltela.pt\/noticias\/2026\/01\/09\/internamentos-por-gripe-sobem-na-ultima-semana\/#primaryimage\"},\"image\":{\"@id\":\"https:\/\/portaltela.pt\/noticias\/2026\/01\/09\/internamentos-por-gripe-sobem-na-ultima-semana\/#primaryimage\"},\"thumbnailUrl\":\"https:\/\/portaltela.pt\/s.01k8rhncp4jt1\/2026\/01\/unnamed-file-1934.jpg\",\"datePublished\":\"2026-01-09T20:23:00+00:00\",\"author\":{\"@id\":\"https:\/\/portaltela.pt\/#\/schema\/person\/c4278d4a6028830caff9ee44b42d32ed\"},\"breadcrumb\":{\"@id\":\"https:\/\/portaltela.pt\/noticias\/2026\/01\/09\/internamentos-por-gripe-sobem-na-ultima-semana\/#breadcrumb\"},\"inLanguage\":\"pt-PT\",\"potentialAction\":[{\"@type\":\"ReadAction\",\"target\":[\"https:\/\/portaltela.pt\/noticias\/2026\/01\/09\/internamentos-por-gripe-sobem-na-ultima-semana\/\"]}]},{\"@type\":\"ImageObject\",\"inLanguage\":\"pt-PT\",\"@id\":\"https:\/\/portaltela.pt\/noticias\/2026\/01\/09\/internamentos-por-gripe-sobem-na-ultima-semana\/#primaryimage\",\"url\":\"https:\/\/portaltela.pt\/s.01k8rhncp4jt1\/2026\/01\/unnamed-file-1934.jpg\",\"contentUrl\":\"https:\/\/portaltela.pt\/s.01k8rhncp4jt1\/2026\/01\/unnamed-file-1934.jpg\",\"width\":796,\"height\":448,\"caption\":\"V\u00e1rios hospitais t\u00eam taxas de ocupa\u00e7\u00e3o superiores a 100%\"},{\"@type\":\"BreadcrumbList\",\"@id\":\"https:\/\/portaltela.pt\/noticias\/2026\/01\/09\/internamentos-por-gripe-sobem-na-ultima-semana\/#breadcrumb\",\"itemListElement\":[{\"@type\":\"ListItem\",\"position\":1,\"name\":\"In\u00edcio\",\"item\":\"https:\/\/portaltela.pt\/\"},{\"@type\":\"ListItem\",\"position\":2,\"name\":\"Internamentos por gripe sobem na \u00faltima semana\"}]},{\"@type\":\"WebSite\",\"@id\":\"https:\/\/portaltela.pt\/#website\",\"url\":\"https:\/\/portaltela.pt\/\",\"name\":\"Portal Tela Portugal\",\"description\":\"\",\"potentialAction\":[{\"@type\":\"SearchAction\",\"target\":{\"@type\":\"EntryPoint\",\"urlTemplate\":\"https:\/\/portaltela.pt\/?s={search_term_string}\"},\"query-input\":{\"@type\":\"PropertyValueSpecification\",\"valueRequired\":true,\"valueName\":\"search_term_string\"}}],\"inLanguage\":\"pt-PT\"},{\"@type\":\"Person\",\"@id\":\"https:\/\/portaltela.pt\/#\/schema\/person\/c4278d4a6028830caff9ee44b42d32ed\",\"name\":\"Telinha\",\"image\":{\"@type\":\"ImageObject\",\"inLanguage\":\"pt-PT\",\"@id\":\"https:\/\/portaltela.pt\/s.01k8rhncp4jt1\/2025\/11\/talking-bot-125x125.png\",\"url\":\"https:\/\/portaltela.pt\/s.01k8rhncp4jt1\/2025\/11\/talking-bot-125x125.png\",\"contentUrl\":\"https:\/\/portaltela.pt\/s.01k8rhncp4jt1\/2025\/11\/talking-bot-125x125.png\",\"caption\":\"Telinha\"},\"sameAs\":[\"https:\/\/portaltela.pt\/\"],\"url\":\"https:\/\/portaltela.pt\/por\/367410592786\/\"}]}<\/script>\n<!-- \/ Yoast SEO plugin. -->","yoast_head_json":{"title":"Internamentos por gripe sobem na \u00faltima semana - Portal Tela Portugal","robots":{"index":"index","follow":"follow","max-snippet":"max-snippet:-1","max-image-preview":"max-image-preview:large","max-video-preview":"max-video-preview:-1"},"og_locale":"pt_PT","og_type":"article","og_title":"Internamentos por gripe sobem na \u00faltima semana - Portal Tela Portugal","og_description":"Os internamentos em unidades de cuidados intensivos por gripe aumentaram na \u00faltima semana, com 1.340 casos da doen\u00e7a e um excesso de mortalidade por todas as causas reportado. Desde o in\u00edcio da \u00e9poca 2025\/2026 (semana 40\/2025), os laborat\u00f3rios notificaram 59.135 casos de infe\u00e7\u00e3o respirat\u00f3ria e identificaram 11.795 casos de gripe. Entre 29 de dezembro de 2025 a 4 de janeiro de 2026, a propor\u00e7\u00e3o da gripe em UCI foi de 18,8% (aumento face \u00e0 semana anterior, 11,3%), com 27 casos de gripe reportados por 16 UCI. Na semana em an\u00e1lise, 14 dos pacientes com gripe tinham 65 ou mais anos; 22 tinham doen\u00e7a cr\u00f3nica; 24 tinham recomenda\u00e7\u00e3o de vacina\u00e7\u00e3o contra gripe sazonal, sendo que seis estavam vacinados (estado vacinal desconhecido em dois). Foram reportadas 91 admiss\u00f5es por infe\u00e7\u00e3o respirat\u00f3ria aguda grave (SARI) e houve circula\u00e7\u00e3o de RSV entre outros agentes; desde a semana 21\/2025, foram sequenciadas 911 amostras de SARS\u2011CoV\u20112 com sete variedades em circula\u00e7\u00e3o, sendo \u00d3micron BA.2.86 XFG a mais frequente (60,3%).","og_url":"https:\/\/portaltela.pt\/noticias\/2026\/01\/09\/internamentos-por-gripe-sobem-na-ultima-semana\/","og_site_name":"Portal Tela Portugal","article_published_time":"2026-01-09T20:23:00+00:00","author":"Telinha","twitter_card":"summary_large_image","twitter_misc":{"Escrito por":"Telinha","Tempo estimado de leitura":"1 minuto"},"schema":{"@context":"https:\/\/schema.org","@graph":[{"@type":"Article","@id":"https:\/\/portaltela.pt\/noticias\/2026\/01\/09\/internamentos-por-gripe-sobem-na-ultima-semana\/#article","isPartOf":{"@id":"https:\/\/portaltela.pt\/noticias\/2026\/01\/09\/internamentos-por-gripe-sobem-na-ultima-semana\/"},"author":{"name":"Telinha","@id":"https:\/\/portaltela.pt\/#\/schema\/person\/c4278d4a6028830caff9ee44b42d32ed"},"headline":"Internamentos por gripe sobem na \u00faltima semana","datePublished":"2026-01-09T20:23:00+00:00","mainEntityOfPage":{"@id":"https:\/\/portaltela.pt\/noticias\/2026\/01\/09\/internamentos-por-gripe-sobem-na-ultima-semana\/"},"wordCount":303,"image":{"@id":"https:\/\/portaltela.pt\/noticias\/2026\/01\/09\/internamentos-por-gripe-sobem-na-ultima-semana\/#primaryimage"},"thumbnailUrl":"https:\/\/portaltela.pt\/s.01k8rhncp4jt1\/2026\/01\/unnamed-file-1934.jpg","keywords":["infe\u00e7\u00e3o respirat\u00f3ria aguda grave","Portugal","sa\u00fade p\u00fablica","vigil\u00e2ncia epidemiol\u00f3gica","V\u00edrus Sincicial Respirat\u00f3rio"],"articleSection":["Not\u00edcias"],"inLanguage":"pt-PT"},{"@type":"WebPage","@id":"https:\/\/portaltela.pt\/noticias\/2026\/01\/09\/internamentos-por-gripe-sobem-na-ultima-semana\/","url":"https:\/\/portaltela.pt\/noticias\/2026\/01\/09\/internamentos-por-gripe-sobem-na-ultima-semana\/","name":"Internamentos por gripe sobem na \u00faltima semana - Portal Tela Portugal","isPartOf":{"@id":"https:\/\/portaltela.pt\/#website"},"primaryImageOfPage":{"@id":"https:\/\/portaltela.pt\/noticias\/2026\/01\/09\/internamentos-por-gripe-sobem-na-ultima-semana\/#primaryimage"},"image":{"@id":"https:\/\/portaltela.pt\/noticias\/2026\/01\/09\/internamentos-por-gripe-sobem-na-ultima-semana\/#primaryimage"},"thumbnailUrl":"https:\/\/portaltela.pt\/s.01k8rhncp4jt1\/2026\/01\/unnamed-file-1934.jpg","datePublished":"2026-01-09T20:23:00+00:00","author":{"@id":"https:\/\/portaltela.pt\/#\/schema\/person\/c4278d4a6028830caff9ee44b42d32ed"},"breadcrumb":{"@id":"https:\/\/portaltela.pt\/noticias\/2026\/01\/09\/internamentos-por-gripe-sobem-na-ultima-semana\/#breadcrumb"},"inLanguage":"pt-PT","potentialAction":[{"@type":"ReadAction","target":["https:\/\/portaltela.pt\/noticias\/2026\/01\/09\/internamentos-por-gripe-sobem-na-ultima-semana\/"]}]},{"@type":"ImageObject","inLanguage":"pt-PT","@id":"https:\/\/portaltela.pt\/noticias\/2026\/01\/09\/internamentos-por-gripe-sobem-na-ultima-semana\/#primaryimage","url":"https:\/\/portaltela.pt\/s.01k8rhncp4jt1\/2026\/01\/unnamed-file-1934.jpg","contentUrl":"https:\/\/portaltela.pt\/s.01k8rhncp4jt1\/2026\/01\/unnamed-file-1934.jpg","width":796,"height":448,"caption":"V\u00e1rios hospitais t\u00eam taxas de ocupa\u00e7\u00e3o superiores a 100%"},{"@type":"BreadcrumbList","@id":"https:\/\/portaltela.pt\/noticias\/2026\/01\/09\/internamentos-por-gripe-sobem-na-ultima-semana\/#breadcrumb","itemListElement":[{"@type":"ListItem","position":1,"name":"In\u00edcio","item":"https:\/\/portaltela.pt\/"},{"@type":"ListItem","position":2,"name":"Internamentos por gripe sobem na \u00faltima semana"}]},{"@type":"WebSite","@id":"https:\/\/portaltela.pt\/#website","url":"https:\/\/portaltela.pt\/","name":"Portal Tela Portugal","description":"","potentialAction":[{"@type":"SearchAction","target":{"@type":"EntryPoint","urlTemplate":"https:\/\/portaltela.pt\/?s={search_term_string}"},"query-input":{"@type":"PropertyValueSpecification","valueRequired":true,"valueName":"search_term_string"}}],"inLanguage":"pt-PT"},{"@type":"Person","@id":"https:\/\/portaltela.pt\/#\/schema\/person\/c4278d4a6028830caff9ee44b42d32ed","name":"Telinha","image":{"@type":"ImageObject","inLanguage":"pt-PT","@id":"https:\/\/portaltela.pt\/s.01k8rhncp4jt1\/2025\/11\/talking-bot-125x125.png","url":"https:\/\/portaltela.pt\/s.01k8rhncp4jt1\/2025\/11\/talking-bot-125x125.png","contentUrl":"https:\/\/portaltela.pt\/s.01k8rhncp4jt1\/2025\/11\/talking-bot-125x125.png","caption":"Telinha"},"sameAs":["https:\/\/portaltela.pt\/"],"url":"https:\/\/portaltela.pt\/por\/367410592786\/"}]}},"_links":{"self":[{"href":"https:\/\/portaltela.pt\/api\/wp\/v2\/posts\/129569","targetHints":{"allow":["GET"]}}],"collection":[{"href":"https:\/\/portaltela.pt\/api\/wp\/v2\/posts"}],"about":[{"href":"https:\/\/portaltela.pt\/api\/wp\/v2\/types\/post"}],"author":[{"embeddable":true,"href":"https:\/\/portaltela.pt\/api\/wp\/v2\/users\/2"}],"replies":[{"embeddable":true,"href":"https:\/\/portaltela.pt\/api\/wp\/v2\/comments?post=129569"}],"version-history":[{"count":0,"href":"https:\/\/portaltela.pt\/api\/wp\/v2\/posts\/129569\/revisions"}],"wp:featuredmedia":[{"embeddable":true,"href":"https:\/\/portaltela.pt\/api\/wp\/v2\/media\/129578"}],"wp:attachment":[{"href":"https:\/\/portaltela.pt\/api\/wp\/v2\/media?parent=129569"}],"wp:term":[{"taxonomy":"category","embeddable":true,"href":"https:\/\/portaltela.pt\/api\/wp\/v2\/categories?post=129569"},{"taxonomy":"post_tag","embeddable":true,"href":"https:\/\/portaltela.pt\/api\/wp\/v2\/tags?post=129569"}],"curies":[{"name":"wp","href":"https:\/\/api.w.org\/{rel}","templated":true}]}}