{"id":129486,"date":"2026-01-09T13:20:33","date_gmt":"2026-01-09T16:20:33","guid":{"rendered":"https:\/\/portaltela.pt\/noticias\/2026\/01\/09\/internamentos-em-cuidados-intensivos-por-gripe-sobem-na-ultima-semana\/"},"modified":"2026-01-09T13:20:33","modified_gmt":"2026-01-09T16:20:33","slug":"internamentos-em-cuidados-intensivos-por-gripe-sobem-na-ultima-semana","status":"publish","type":"post","link":"https:\/\/portaltela.pt\/noticias\/2026\/01\/09\/internamentos-em-cuidados-intensivos-por-gripe-sobem-na-ultima-semana\/","title":{"rendered":"Internamentos em cuidados intensivos por gripe sobem na \u00faltima semana"},"content":{"rendered":"<p>O INSA (Instituto Nacional de Sa\u00fade Doutor Ricardo Jorge) anunciou um aumento dos internamentos em cuidados intensivos por gripe na \u00faltima semana. Entre 29 de dezembro de 2025 e 4 de janeiro de 2026 foram registados 1.340 casos de gripe e um excesso de mortalidade por todas as causas.<\/p>\n<p>No conjunto da \u00e9poca 2025\/2026, que come\u00e7ou na semana 40\/2025, os laborat\u00f3rios da Rede Portuguesa notificaram 59.135 infe\u00e7\u00f5es respirat\u00f3rias e 11.795 casos de gripe at\u00e9 04 de janeiro de 2026.<\/p>\n<p>A propor\u00e7\u00e3o de gripe nas UCI situou-se em 18,8%, subindo face \u00e0 semana anterior (11,3%). Foram 27 casos reportados por 16 UCI que enviaram dados, frente a 16 casos por 13 UCI na semana anterior.<\/p>\n<h3>Dados por faixa et\u00e1ria e SARI<\/h3>\n<p>Entre os 27 casos da primeira semana de 2026, 14 tinham 65 ou mais anos, 5 tinham entre 55-64, 5 entre 45-54 e 3 entre 35-44. 22 tinham doen\u00e7a cr\u00f3nica, 24 recomenda\u00e7\u00e3o de vacina\u00e7\u00e3o, sendo 6 vacinados.<\/p>\n<p>Foram admitidos 91 casos de infe\u00e7\u00e3o respirat\u00f3ria aguda grave (SARI) nas Unidades Locais de Sa\u00fade que reportaram dados, isto \u00e9, 11,7 por 100.000 habitantes. As taxas mant\u00eam-se mais elevadas entre 65+ anos.<\/p>\n<p>Na semana em an\u00e1lise, identificaram-se outros agentes respirat\u00f3rios em 397 casos, com o V\u00edrus Sincicial Respirat\u00f3rio (RSV) a predominar. Desde 40\/2024, registaram-se 74 internamentos por RSV em menores de 24 meses na rede VigiRSV.<\/p>\n<h3>Variedades virais e contexto geral<\/h3>\n<p>Na vigil\u00e2ncia, 911 amostras positivas de SARS\u2011CoV\u20112 foram analisadas desde a semana 21\/2025, com sete variantes em circula\u00e7\u00e3o. A variante mais detetada foi \u00d3micron BA.2.86 XFG, representando 60,3% dos casos sequenciados.<\/p>\n","protected":false},"excerpt":{"rendered":"<ul>\n<li>Na \u00faltima semana, as internamentos em cuidados intensivos por gripe aumentaram, com 27 casos reportados por 16 UCI, face a 16 casos na semana anterior.<\/li>\n<li>Foram registados 1.340 casos de gripe e um excesso de mortalidade por todas as causas, segundo o boletim do INSA.<\/li>\n<li>Desde o in\u00edcio da \u00e9poca 2025\/2026, 29 de setembro a 5 de outubro, os laborat\u00f3rios notificaram 59.135 infe\u00e7\u00f5es respirat\u00f3rias e identificaram 11.795 casos de gripe.<\/li>\n<li>A propor\u00e7\u00e3o de gripe em UCI atingiu 18,8 por cento, acima dos 11,3 por cento da semana anterior; 14 doentes tinham 65 ou mais anos.<\/li>\n<li>Em rela\u00e7\u00e3o a outros v\u00edrus, foi detetido o V\u00edrus Sincicial Respirat\u00f3rio (RSV) com maior frequ\u00eancia; registaram-se tamb\u00e9m excessos de mortalidade por regi\u00e3o e idade, e 60,3 por cento das amostras de SARS\u2011CoV\u20112 analisadas pertenciam \u00e0 variante \u00d3micron BA.2.86 XFG.<\/li>\n<\/ul>\n","protected":false},"author":2,"featured_media":129504,"comment_status":"closed","ping_status":"closed","sticky":false,"template":"","format":"standard","meta":{"footnotes":""},"categories":[1],"tags":[1905,2736,2394,1014,271,2760],"class_list":["post-129486","post","type-post","status-publish","format-standard","has-post-thumbnail","hentry","category-noticias","tag-gripe","tag-idosos","tag-infeccoes-respiratorias-agudas","tag-portugal","tag-saude-publica","tag-virus-sincicial-respiratorio"],"yoast_head":"<!-- This site is optimized with the Yoast SEO plugin v27.2 - https:\/\/yoast.com\/product\/yoast-seo-wordpress\/ -->\n<title>Internamentos em cuidados intensivos por gripe sobem na \u00faltima semana - Portal Tela Portugal<\/title>\n<meta name=\"robots\" content=\"index, follow, max-snippet:-1, max-image-preview:large, max-video-preview:-1\" \/>\n<meta property=\"og:locale\" content=\"pt_PT\" \/>\n<meta property=\"og:type\" content=\"article\" \/>\n<meta property=\"og:title\" content=\"Internamentos em cuidados intensivos por gripe sobem na \u00faltima semana - Portal Tela Portugal\" \/>\n<meta property=\"og:description\" content=\"Na \u00faltima semana, as internamentos em cuidados intensivos por gripe aumentaram, com 27 casos reportados por 16 UCI, face a 16 casos na semana anterior. Foram registados 1.340 casos de gripe e um excesso de mortalidade por todas as causas, segundo o boletim do INSA. Desde o in\u00edcio da \u00e9poca 2025\/2026, 29 de setembro a 5 de outubro, os laborat\u00f3rios notificaram 59.135 infe\u00e7\u00f5es respirat\u00f3rias e identificaram 11.795 casos de gripe. A propor\u00e7\u00e3o de gripe em UCI atingiu 18,8 por cento, acima dos 11,3 por cento da semana anterior; 14 doentes tinham 65 ou mais anos. Em rela\u00e7\u00e3o a outros v\u00edrus, foi detetido o V\u00edrus Sincicial Respirat\u00f3rio (RSV) com maior frequ\u00eancia; registaram-se tamb\u00e9m excessos de mortalidade por regi\u00e3o e idade, e 60,3 por cento das amostras de SARS\u2011CoV\u20112 analisadas pertenciam \u00e0 variante \u00d3micron BA.2.86 XFG.\" \/>\n<meta property=\"og:url\" content=\"https:\/\/portaltela.pt\/noticias\/2026\/01\/09\/internamentos-em-cuidados-intensivos-por-gripe-sobem-na-ultima-semana\/\" \/>\n<meta property=\"og:site_name\" content=\"Portal Tela Portugal\" \/>\n<meta property=\"article:published_time\" content=\"2026-01-09T16:20:33+00:00\" \/>\n<meta name=\"author\" content=\"Telinha\" \/>\n<meta name=\"twitter:card\" content=\"summary_large_image\" \/>\n<meta name=\"twitter:label1\" content=\"Escrito por\" \/>\n\t<meta name=\"twitter:data1\" content=\"Telinha\" \/>\n\t<meta name=\"twitter:label2\" content=\"Tempo estimado de leitura\" \/>\n\t<meta name=\"twitter:data2\" content=\"1 minuto\" \/>\n<script type=\"application\/ld+json\" class=\"yoast-schema-graph\">{\"@context\":\"https:\/\/schema.org\",\"@graph\":[{\"@type\":\"Article\",\"@id\":\"https:\/\/portaltela.pt\/noticias\/2026\/01\/09\/internamentos-em-cuidados-intensivos-por-gripe-sobem-na-ultima-semana\/#article\",\"isPartOf\":{\"@id\":\"https:\/\/portaltela.pt\/noticias\/2026\/01\/09\/internamentos-em-cuidados-intensivos-por-gripe-sobem-na-ultima-semana\/\"},\"author\":{\"name\":\"Telinha\",\"@id\":\"https:\/\/portaltela.pt\/#\/schema\/person\/c4278d4a6028830caff9ee44b42d32ed\"},\"headline\":\"Internamentos em cuidados intensivos por gripe sobem na \u00faltima semana\",\"datePublished\":\"2026-01-09T16:20:33+00:00\",\"mainEntityOfPage\":{\"@id\":\"https:\/\/portaltela.pt\/noticias\/2026\/01\/09\/internamentos-em-cuidados-intensivos-por-gripe-sobem-na-ultima-semana\/\"},\"wordCount\":251,\"image\":{\"@id\":\"https:\/\/portaltela.pt\/noticias\/2026\/01\/09\/internamentos-em-cuidados-intensivos-por-gripe-sobem-na-ultima-semana\/#primaryimage\"},\"thumbnailUrl\":\"https:\/\/portaltela.pt\/s.01k8rhncp4jt1\/2026\/01\/unnamed-file-1925.jpg\",\"keywords\":[\"gripe\",\"idosos\",\"infec\u00e7\u00f5es respirat\u00f3rias agudas\",\"Portugal\",\"sa\u00fade p\u00fablica\",\"V\u00edrus Sincicial Respirat\u00f3rio\"],\"articleSection\":[\"Not\u00edcias\"],\"inLanguage\":\"pt-PT\"},{\"@type\":\"WebPage\",\"@id\":\"https:\/\/portaltela.pt\/noticias\/2026\/01\/09\/internamentos-em-cuidados-intensivos-por-gripe-sobem-na-ultima-semana\/\",\"url\":\"https:\/\/portaltela.pt\/noticias\/2026\/01\/09\/internamentos-em-cuidados-intensivos-por-gripe-sobem-na-ultima-semana\/\",\"name\":\"Internamentos em cuidados intensivos por gripe sobem na \u00faltima semana - Portal Tela Portugal\",\"isPartOf\":{\"@id\":\"https:\/\/portaltela.pt\/#website\"},\"primaryImageOfPage\":{\"@id\":\"https:\/\/portaltela.pt\/noticias\/2026\/01\/09\/internamentos-em-cuidados-intensivos-por-gripe-sobem-na-ultima-semana\/#primaryimage\"},\"image\":{\"@id\":\"https:\/\/portaltela.pt\/noticias\/2026\/01\/09\/internamentos-em-cuidados-intensivos-por-gripe-sobem-na-ultima-semana\/#primaryimage\"},\"thumbnailUrl\":\"https:\/\/portaltela.pt\/s.01k8rhncp4jt1\/2026\/01\/unnamed-file-1925.jpg\",\"datePublished\":\"2026-01-09T16:20:33+00:00\",\"author\":{\"@id\":\"https:\/\/portaltela.pt\/#\/schema\/person\/c4278d4a6028830caff9ee44b42d32ed\"},\"breadcrumb\":{\"@id\":\"https:\/\/portaltela.pt\/noticias\/2026\/01\/09\/internamentos-em-cuidados-intensivos-por-gripe-sobem-na-ultima-semana\/#breadcrumb\"},\"inLanguage\":\"pt-PT\",\"potentialAction\":[{\"@type\":\"ReadAction\",\"target\":[\"https:\/\/portaltela.pt\/noticias\/2026\/01\/09\/internamentos-em-cuidados-intensivos-por-gripe-sobem-na-ultima-semana\/\"]}]},{\"@type\":\"ImageObject\",\"inLanguage\":\"pt-PT\",\"@id\":\"https:\/\/portaltela.pt\/noticias\/2026\/01\/09\/internamentos-em-cuidados-intensivos-por-gripe-sobem-na-ultima-semana\/#primaryimage\",\"url\":\"https:\/\/portaltela.pt\/s.01k8rhncp4jt1\/2026\/01\/unnamed-file-1925.jpg\",\"contentUrl\":\"https:\/\/portaltela.pt\/s.01k8rhncp4jt1\/2026\/01\/unnamed-file-1925.jpg\",\"width\":796,\"height\":448,\"caption\":\"Internamentos em cuidados intensivos por gripe aumentaram na \u00faltima semana - INSA\"},{\"@type\":\"BreadcrumbList\",\"@id\":\"https:\/\/portaltela.pt\/noticias\/2026\/01\/09\/internamentos-em-cuidados-intensivos-por-gripe-sobem-na-ultima-semana\/#breadcrumb\",\"itemListElement\":[{\"@type\":\"ListItem\",\"position\":1,\"name\":\"In\u00edcio\",\"item\":\"https:\/\/portaltela.pt\/\"},{\"@type\":\"ListItem\",\"position\":2,\"name\":\"Internamentos em cuidados intensivos por gripe sobem na \u00faltima semana\"}]},{\"@type\":\"WebSite\",\"@id\":\"https:\/\/portaltela.pt\/#website\",\"url\":\"https:\/\/portaltela.pt\/\",\"name\":\"Portal Tela Portugal\",\"description\":\"\",\"potentialAction\":[{\"@type\":\"SearchAction\",\"target\":{\"@type\":\"EntryPoint\",\"urlTemplate\":\"https:\/\/portaltela.pt\/?s={search_term_string}\"},\"query-input\":{\"@type\":\"PropertyValueSpecification\",\"valueRequired\":true,\"valueName\":\"search_term_string\"}}],\"inLanguage\":\"pt-PT\"},{\"@type\":\"Person\",\"@id\":\"https:\/\/portaltela.pt\/#\/schema\/person\/c4278d4a6028830caff9ee44b42d32ed\",\"name\":\"Telinha\",\"image\":{\"@type\":\"ImageObject\",\"inLanguage\":\"pt-PT\",\"@id\":\"https:\/\/portaltela.pt\/s.01k8rhncp4jt1\/2025\/11\/talking-bot-125x125.png\",\"url\":\"https:\/\/portaltela.pt\/s.01k8rhncp4jt1\/2025\/11\/talking-bot-125x125.png\",\"contentUrl\":\"https:\/\/portaltela.pt\/s.01k8rhncp4jt1\/2025\/11\/talking-bot-125x125.png\",\"caption\":\"Telinha\"},\"sameAs\":[\"https:\/\/portaltela.pt\/\"],\"url\":\"https:\/\/portaltela.pt\/por\/367410592786\/\"}]}<\/script>\n<!-- \/ Yoast SEO plugin. -->","yoast_head_json":{"title":"Internamentos em cuidados intensivos por gripe sobem na \u00faltima semana - Portal Tela Portugal","robots":{"index":"index","follow":"follow","max-snippet":"max-snippet:-1","max-image-preview":"max-image-preview:large","max-video-preview":"max-video-preview:-1"},"og_locale":"pt_PT","og_type":"article","og_title":"Internamentos em cuidados intensivos por gripe sobem na \u00faltima semana - Portal Tela Portugal","og_description":"Na \u00faltima semana, as internamentos em cuidados intensivos por gripe aumentaram, com 27 casos reportados por 16 UCI, face a 16 casos na semana anterior. Foram registados 1.340 casos de gripe e um excesso de mortalidade por todas as causas, segundo o boletim do INSA. Desde o in\u00edcio da \u00e9poca 2025\/2026, 29 de setembro a 5 de outubro, os laborat\u00f3rios notificaram 59.135 infe\u00e7\u00f5es respirat\u00f3rias e identificaram 11.795 casos de gripe. A propor\u00e7\u00e3o de gripe em UCI atingiu 18,8 por cento, acima dos 11,3 por cento da semana anterior; 14 doentes tinham 65 ou mais anos. Em rela\u00e7\u00e3o a outros v\u00edrus, foi detetido o V\u00edrus Sincicial Respirat\u00f3rio (RSV) com maior frequ\u00eancia; registaram-se tamb\u00e9m excessos de mortalidade por regi\u00e3o e idade, e 60,3 por cento das amostras de SARS\u2011CoV\u20112 analisadas pertenciam \u00e0 variante \u00d3micron BA.2.86 XFG.","og_url":"https:\/\/portaltela.pt\/noticias\/2026\/01\/09\/internamentos-em-cuidados-intensivos-por-gripe-sobem-na-ultima-semana\/","og_site_name":"Portal Tela Portugal","article_published_time":"2026-01-09T16:20:33+00:00","author":"Telinha","twitter_card":"summary_large_image","twitter_misc":{"Escrito por":"Telinha","Tempo estimado de leitura":"1 minuto"},"schema":{"@context":"https:\/\/schema.org","@graph":[{"@type":"Article","@id":"https:\/\/portaltela.pt\/noticias\/2026\/01\/09\/internamentos-em-cuidados-intensivos-por-gripe-sobem-na-ultima-semana\/#article","isPartOf":{"@id":"https:\/\/portaltela.pt\/noticias\/2026\/01\/09\/internamentos-em-cuidados-intensivos-por-gripe-sobem-na-ultima-semana\/"},"author":{"name":"Telinha","@id":"https:\/\/portaltela.pt\/#\/schema\/person\/c4278d4a6028830caff9ee44b42d32ed"},"headline":"Internamentos em cuidados intensivos por gripe sobem na \u00faltima semana","datePublished":"2026-01-09T16:20:33+00:00","mainEntityOfPage":{"@id":"https:\/\/portaltela.pt\/noticias\/2026\/01\/09\/internamentos-em-cuidados-intensivos-por-gripe-sobem-na-ultima-semana\/"},"wordCount":251,"image":{"@id":"https:\/\/portaltela.pt\/noticias\/2026\/01\/09\/internamentos-em-cuidados-intensivos-por-gripe-sobem-na-ultima-semana\/#primaryimage"},"thumbnailUrl":"https:\/\/portaltela.pt\/s.01k8rhncp4jt1\/2026\/01\/unnamed-file-1925.jpg","keywords":["gripe","idosos","infec\u00e7\u00f5es respirat\u00f3rias agudas","Portugal","sa\u00fade p\u00fablica","V\u00edrus Sincicial Respirat\u00f3rio"],"articleSection":["Not\u00edcias"],"inLanguage":"pt-PT"},{"@type":"WebPage","@id":"https:\/\/portaltela.pt\/noticias\/2026\/01\/09\/internamentos-em-cuidados-intensivos-por-gripe-sobem-na-ultima-semana\/","url":"https:\/\/portaltela.pt\/noticias\/2026\/01\/09\/internamentos-em-cuidados-intensivos-por-gripe-sobem-na-ultima-semana\/","name":"Internamentos em cuidados intensivos por gripe sobem na \u00faltima semana - Portal Tela Portugal","isPartOf":{"@id":"https:\/\/portaltela.pt\/#website"},"primaryImageOfPage":{"@id":"https:\/\/portaltela.pt\/noticias\/2026\/01\/09\/internamentos-em-cuidados-intensivos-por-gripe-sobem-na-ultima-semana\/#primaryimage"},"image":{"@id":"https:\/\/portaltela.pt\/noticias\/2026\/01\/09\/internamentos-em-cuidados-intensivos-por-gripe-sobem-na-ultima-semana\/#primaryimage"},"thumbnailUrl":"https:\/\/portaltela.pt\/s.01k8rhncp4jt1\/2026\/01\/unnamed-file-1925.jpg","datePublished":"2026-01-09T16:20:33+00:00","author":{"@id":"https:\/\/portaltela.pt\/#\/schema\/person\/c4278d4a6028830caff9ee44b42d32ed"},"breadcrumb":{"@id":"https:\/\/portaltela.pt\/noticias\/2026\/01\/09\/internamentos-em-cuidados-intensivos-por-gripe-sobem-na-ultima-semana\/#breadcrumb"},"inLanguage":"pt-PT","potentialAction":[{"@type":"ReadAction","target":["https:\/\/portaltela.pt\/noticias\/2026\/01\/09\/internamentos-em-cuidados-intensivos-por-gripe-sobem-na-ultima-semana\/"]}]},{"@type":"ImageObject","inLanguage":"pt-PT","@id":"https:\/\/portaltela.pt\/noticias\/2026\/01\/09\/internamentos-em-cuidados-intensivos-por-gripe-sobem-na-ultima-semana\/#primaryimage","url":"https:\/\/portaltela.pt\/s.01k8rhncp4jt1\/2026\/01\/unnamed-file-1925.jpg","contentUrl":"https:\/\/portaltela.pt\/s.01k8rhncp4jt1\/2026\/01\/unnamed-file-1925.jpg","width":796,"height":448,"caption":"Internamentos em cuidados intensivos por gripe aumentaram na \u00faltima semana - INSA"},{"@type":"BreadcrumbList","@id":"https:\/\/portaltela.pt\/noticias\/2026\/01\/09\/internamentos-em-cuidados-intensivos-por-gripe-sobem-na-ultima-semana\/#breadcrumb","itemListElement":[{"@type":"ListItem","position":1,"name":"In\u00edcio","item":"https:\/\/portaltela.pt\/"},{"@type":"ListItem","position":2,"name":"Internamentos em cuidados intensivos por gripe sobem na \u00faltima semana"}]},{"@type":"WebSite","@id":"https:\/\/portaltela.pt\/#website","url":"https:\/\/portaltela.pt\/","name":"Portal Tela Portugal","description":"","potentialAction":[{"@type":"SearchAction","target":{"@type":"EntryPoint","urlTemplate":"https:\/\/portaltela.pt\/?s={search_term_string}"},"query-input":{"@type":"PropertyValueSpecification","valueRequired":true,"valueName":"search_term_string"}}],"inLanguage":"pt-PT"},{"@type":"Person","@id":"https:\/\/portaltela.pt\/#\/schema\/person\/c4278d4a6028830caff9ee44b42d32ed","name":"Telinha","image":{"@type":"ImageObject","inLanguage":"pt-PT","@id":"https:\/\/portaltela.pt\/s.01k8rhncp4jt1\/2025\/11\/talking-bot-125x125.png","url":"https:\/\/portaltela.pt\/s.01k8rhncp4jt1\/2025\/11\/talking-bot-125x125.png","contentUrl":"https:\/\/portaltela.pt\/s.01k8rhncp4jt1\/2025\/11\/talking-bot-125x125.png","caption":"Telinha"},"sameAs":["https:\/\/portaltela.pt\/"],"url":"https:\/\/portaltela.pt\/por\/367410592786\/"}]}},"_links":{"self":[{"href":"https:\/\/portaltela.pt\/api\/wp\/v2\/posts\/129486","targetHints":{"allow":["GET"]}}],"collection":[{"href":"https:\/\/portaltela.pt\/api\/wp\/v2\/posts"}],"about":[{"href":"https:\/\/portaltela.pt\/api\/wp\/v2\/types\/post"}],"author":[{"embeddable":true,"href":"https:\/\/portaltela.pt\/api\/wp\/v2\/users\/2"}],"replies":[{"embeddable":true,"href":"https:\/\/portaltela.pt\/api\/wp\/v2\/comments?post=129486"}],"version-history":[{"count":0,"href":"https:\/\/portaltela.pt\/api\/wp\/v2\/posts\/129486\/revisions"}],"wp:featuredmedia":[{"embeddable":true,"href":"https:\/\/portaltela.pt\/api\/wp\/v2\/media\/129504"}],"wp:attachment":[{"href":"https:\/\/portaltela.pt\/api\/wp\/v2\/media?parent=129486"}],"wp:term":[{"taxonomy":"category","embeddable":true,"href":"https:\/\/portaltela.pt\/api\/wp\/v2\/categories?post=129486"},{"taxonomy":"post_tag","embeddable":true,"href":"https:\/\/portaltela.pt\/api\/wp\/v2\/tags?post=129486"}],"curies":[{"name":"wp","href":"https:\/\/api.w.org\/{rel}","templated":true}]}}