{"id":129435,"date":"2026-01-09T16:45:26","date_gmt":"2026-01-09T19:45:26","guid":{"rendered":"https:\/\/portaltela.pt\/noticias\/2026\/01\/09\/saude-e-arte-unem-se-no-novo-campus-da-misericordia-em-vila-franca-de-xira\/"},"modified":"2026-01-09T16:45:26","modified_gmt":"2026-01-09T19:45:26","slug":"saude-e-arte-unem-se-no-novo-campus-da-misericordia-em-vila-franca-de-xira","status":"publish","type":"post","link":"https:\/\/portaltela.pt\/noticias\/2026\/01\/09\/saude-e-arte-unem-se-no-novo-campus-da-misericordia-em-vila-franca-de-xira\/","title":{"rendered":"Sa\u00fade e Arte unem-se no novo Campus da Miseric\u00f3rdia em Vila Franca de Xira"},"content":{"rendered":"<p>A Santa Casa da Miseric\u00f3rdia de Vila Franca de Xira inaugurou, na quinta-feira, 8 de janeiro, dois novos espa\u00e7os no Campus de Sa\u00fade: a Cl\u00ednica FisioCampus e a galeria Campus 7 Art. A cerim\u00f3nia contou com dirigentes da institui\u00e7\u00e3o, autarcas, a administra\u00e7\u00e3o da ULS e representantes da comunidade cultural local, refor\u00e7ando a aposta na reabilita\u00e7\u00e3o e na integra\u00e7\u00e3o do campus na vida da cidade.<\/p>\n<p>A FisioCampus j\u00e1 funciona h\u00e1 v\u00e1rias semanas, de segunda a sexta, entre as 09h00 e as 17h30, oferecendo fisioterapia, pilates cl\u00ednico e pilates de equipamentos, com a fisiatria integrada por especialistas. O projeto prev\u00ea ampliar a oferta com novos servi\u00e7os, ainda em prepara\u00e7\u00e3o, numa estrat\u00e9gia de refor\u00e7o da reabilita\u00e7\u00e3o.<\/p>\n<h3>Investimento e vis\u00e3o institucional<\/h3>\n<p>O provedor Armando Jorge de Carvalho enfatizou que a FisioCampus responde a uma necessidade do concelho, destacando qualidade, inova\u00e7\u00e3o e excel\u00eancia cl\u00ednica com foco na pessoa. A gest\u00e3o \u00e9 orientada para sustentabilidade e crescimento cont\u00ednuo do servi\u00e7o.<\/p>\n<p>Paralelamente, abriu a galeria Campus 7 Art, um corredor expositivo que d\u00e1 acesso \u00e0 FisioCampus. O espa\u00e7o celebra as Obras de Miseric\u00f3rdia, mantendo uma vertente solid\u00e1ria atrav\u00e9s de um leil\u00e3o cuja verba reverte para uma institui\u00e7\u00e3o local que apoia crian\u00e7as e jovens com defici\u00eancia.<\/p>\n<h3>Declara\u00e7\u00f5es e refor\u00e7o comunit\u00e1rio<\/h3>\n<p>O diretor executivo Marco de Sousa Nunes destacou que sa\u00fade e arte podem restaurar equil\u00edbrio, promover autonomia e melhorar a qualidade de vida quando articuladas com o bem-comum. O presidente da C\u00e2mara Municipal, Fernando Paulo Ferreira, elogiou a proximidade do Campus e a sua capacidade de oferecer respostas a v\u00e1rias idades, enfatizando a integra\u00e7\u00e3o com a cidade.<\/p>\n<p>A primeira exposi\u00e7\u00e3o da galeria, Shades of Dance, \u00e9 de Ad\u00e3o Conde, designer e artista ligado \u00e0 Miseric\u00f3rdia. Conde descreveu o Campus como uma \u00e1rvore em crescimento e explicou que a mostra trabalha a linha e os espa\u00e7os como convite \u00e0 imagina\u00e7\u00e3o do observador.<\/p>\n<p>A cerim\u00f3nia contou ainda com a presen\u00e7a da diretora t\u00e9cnica do Campus, Cristina Oliveira, do presidente da Uni\u00e3o das Miseric\u00f3rdias Portuguesas, Fernando Paulo Ferreira, do diretor cient\u00edfico do Museu do Neo-Realismo, David Santos, e do coordenador de fisioterapia Bruno Pereira, entre outros.<\/p>\n","protected":false},"excerpt":{"rendered":"<ul>\n<li>A Santa Casa da Miseric\u00f3rdia de Vila Franca de Xira inaugurou, no Campus de Sa\u00fade, a Cl\u00ednica FisioCampus e a galeria Campus 7 Art, no dia 8 de janeiro.<\/li>\n<li>A Cl\u00ednica FisioCampus est\u00e1 em funcionamento h\u00e1 v\u00e1rias semanas, de segundas a sextas, entre as 09h00 e as 17h30, oferecendo fisioterapia, pilates cl\u00ednico, pilates de equipamento e fisiatria.<\/li>\n<li>O projeto visa expandir a oferta na \u00e1rea da reabilita\u00e7\u00e3o, com foco na pessoa e numa gest\u00e3o sustent\u00e1vel.<\/li>\n<li>A galeria Campus 7 Art funciona como corredor expositivo que liga \u00e0 FisioCampus, promovendo exposi\u00e7\u00f5es de artistas locais e um leil\u00e3o solid\u00e1rio para apoiar crian\u00e7as e jovens com defici\u00eancia.<\/li>\n<li>Autoridades locais destacaram a proximidade do Campus com a cidade, sublinhando a integra\u00e7\u00e3o entre sa\u00fade, cultura e solidariedade.<\/li>\n<\/ul>\n","protected":false},"author":2,"featured_media":129437,"comment_status":"closed","ping_status":"closed","sticky":false,"template":"","format":"standard","meta":{"footnotes":""},"categories":[1],"tags":[70,1144,2643,172,1221,2757],"class_list":["post-129435","post","type-post","status-publish","format-standard","has-post-thumbnail","hentry","category-noticias","tag-arte","tag-instituicoes","tag-reabilitacao-urbana","tag-saude","tag-servicos-publicos","tag-uniao-das-misericordias-portuguesas"],"yoast_head":"<!-- This site is optimized with the Yoast SEO plugin v27.2 - https:\/\/yoast.com\/product\/yoast-seo-wordpress\/ -->\n<title>Sa\u00fade e Arte unem-se no novo Campus da Miseric\u00f3rdia em Vila Franca de Xira - Portal Tela Portugal<\/title>\n<meta name=\"robots\" content=\"index, follow, max-snippet:-1, max-image-preview:large, max-video-preview:-1\" \/>\n<meta property=\"og:locale\" content=\"pt_PT\" \/>\n<meta property=\"og:type\" content=\"article\" \/>\n<meta property=\"og:title\" content=\"Sa\u00fade e Arte unem-se no novo Campus da Miseric\u00f3rdia em Vila Franca de Xira - Portal Tela Portugal\" \/>\n<meta property=\"og:description\" content=\"A Santa Casa da Miseric\u00f3rdia de Vila Franca de Xira inaugurou, no Campus de Sa\u00fade, a Cl\u00ednica FisioCampus e a galeria Campus 7 Art, no dia 8 de janeiro. A Cl\u00ednica FisioCampus est\u00e1 em funcionamento h\u00e1 v\u00e1rias semanas, de segundas a sextas, entre as 09h00 e as 17h30, oferecendo fisioterapia, pilates cl\u00ednico, pilates de equipamento e fisiatria. O projeto visa expandir a oferta na \u00e1rea da reabilita\u00e7\u00e3o, com foco na pessoa e numa gest\u00e3o sustent\u00e1vel. A galeria Campus 7 Art funciona como corredor expositivo que liga \u00e0 FisioCampus, promovendo exposi\u00e7\u00f5es de artistas locais e um leil\u00e3o solid\u00e1rio para apoiar crian\u00e7as e jovens com defici\u00eancia. Autoridades locais destacaram a proximidade do Campus com a cidade, sublinhando a integra\u00e7\u00e3o entre sa\u00fade, cultura e solidariedade.\" \/>\n<meta property=\"og:url\" content=\"https:\/\/portaltela.pt\/noticias\/2026\/01\/09\/saude-e-arte-unem-se-no-novo-campus-da-misericordia-em-vila-franca-de-xira\/\" \/>\n<meta property=\"og:site_name\" content=\"Portal Tela Portugal\" \/>\n<meta property=\"article:published_time\" content=\"2026-01-09T19:45:26+00:00\" \/>\n<meta name=\"author\" content=\"Telinha\" \/>\n<meta name=\"twitter:card\" content=\"summary_large_image\" \/>\n<meta name=\"twitter:label1\" content=\"Escrito por\" \/>\n\t<meta name=\"twitter:data1\" content=\"Telinha\" \/>\n\t<meta name=\"twitter:label2\" content=\"Tempo estimado de leitura\" \/>\n\t<meta name=\"twitter:data2\" content=\"2 minutos\" \/>\n<script type=\"application\/ld+json\" class=\"yoast-schema-graph\">{\"@context\":\"https:\/\/schema.org\",\"@graph\":[{\"@type\":\"Article\",\"@id\":\"https:\/\/portaltela.pt\/noticias\/2026\/01\/09\/saude-e-arte-unem-se-no-novo-campus-da-misericordia-em-vila-franca-de-xira\/#article\",\"isPartOf\":{\"@id\":\"https:\/\/portaltela.pt\/noticias\/2026\/01\/09\/saude-e-arte-unem-se-no-novo-campus-da-misericordia-em-vila-franca-de-xira\/\"},\"author\":{\"name\":\"Telinha\",\"@id\":\"https:\/\/portaltela.pt\/#\/schema\/person\/c4278d4a6028830caff9ee44b42d32ed\"},\"headline\":\"Sa\u00fade e Arte unem-se no novo Campus da Miseric\u00f3rdia em Vila Franca de Xira\",\"datePublished\":\"2026-01-09T19:45:26+00:00\",\"mainEntityOfPage\":{\"@id\":\"https:\/\/portaltela.pt\/noticias\/2026\/01\/09\/saude-e-arte-unem-se-no-novo-campus-da-misericordia-em-vila-franca-de-xira\/\"},\"wordCount\":404,\"image\":{\"@id\":\"https:\/\/portaltela.pt\/noticias\/2026\/01\/09\/saude-e-arte-unem-se-no-novo-campus-da-misericordia-em-vila-franca-de-xira\/#primaryimage\"},\"thumbnailUrl\":\"https:\/\/portaltela.pt\/s.01k8rhncp4jt1\/2026\/01\/Fisiocampus_VFX_08012026-22.jpg\",\"keywords\":[\"arte\",\"institui\u00e7\u00f5es\",\"reabilita\u00e7\u00e3o urbana\",\"sa\u00fade\",\"servi\u00e7os p\u00fablicos\",\"Uni\u00e3o das Miseric\u00f3rdias Portuguesas\"],\"articleSection\":[\"Not\u00edcias\"],\"inLanguage\":\"pt-PT\"},{\"@type\":\"WebPage\",\"@id\":\"https:\/\/portaltela.pt\/noticias\/2026\/01\/09\/saude-e-arte-unem-se-no-novo-campus-da-misericordia-em-vila-franca-de-xira\/\",\"url\":\"https:\/\/portaltela.pt\/noticias\/2026\/01\/09\/saude-e-arte-unem-se-no-novo-campus-da-misericordia-em-vila-franca-de-xira\/\",\"name\":\"Sa\u00fade e Arte unem-se no novo Campus da Miseric\u00f3rdia em Vila Franca de Xira - Portal Tela Portugal\",\"isPartOf\":{\"@id\":\"https:\/\/portaltela.pt\/#website\"},\"primaryImageOfPage\":{\"@id\":\"https:\/\/portaltela.pt\/noticias\/2026\/01\/09\/saude-e-arte-unem-se-no-novo-campus-da-misericordia-em-vila-franca-de-xira\/#primaryimage\"},\"image\":{\"@id\":\"https:\/\/portaltela.pt\/noticias\/2026\/01\/09\/saude-e-arte-unem-se-no-novo-campus-da-misericordia-em-vila-franca-de-xira\/#primaryimage\"},\"thumbnailUrl\":\"https:\/\/portaltela.pt\/s.01k8rhncp4jt1\/2026\/01\/Fisiocampus_VFX_08012026-22.jpg\",\"datePublished\":\"2026-01-09T19:45:26+00:00\",\"author\":{\"@id\":\"https:\/\/portaltela.pt\/#\/schema\/person\/c4278d4a6028830caff9ee44b42d32ed\"},\"breadcrumb\":{\"@id\":\"https:\/\/portaltela.pt\/noticias\/2026\/01\/09\/saude-e-arte-unem-se-no-novo-campus-da-misericordia-em-vila-franca-de-xira\/#breadcrumb\"},\"inLanguage\":\"pt-PT\",\"potentialAction\":[{\"@type\":\"ReadAction\",\"target\":[\"https:\/\/portaltela.pt\/noticias\/2026\/01\/09\/saude-e-arte-unem-se-no-novo-campus-da-misericordia-em-vila-franca-de-xira\/\"]}]},{\"@type\":\"ImageObject\",\"inLanguage\":\"pt-PT\",\"@id\":\"https:\/\/portaltela.pt\/noticias\/2026\/01\/09\/saude-e-arte-unem-se-no-novo-campus-da-misericordia-em-vila-franca-de-xira\/#primaryimage\",\"url\":\"https:\/\/portaltela.pt\/s.01k8rhncp4jt1\/2026\/01\/Fisiocampus_VFX_08012026-22.jpg\",\"contentUrl\":\"https:\/\/portaltela.pt\/s.01k8rhncp4jt1\/2026\/01\/Fisiocampus_VFX_08012026-22.jpg\",\"width\":796,\"height\":448,\"caption\":\"Sa\u00fade e Arte de m\u00e3os dadas no novo Campus da Miseric\u00f3rdia de Vila Franca de Xira\"},{\"@type\":\"BreadcrumbList\",\"@id\":\"https:\/\/portaltela.pt\/noticias\/2026\/01\/09\/saude-e-arte-unem-se-no-novo-campus-da-misericordia-em-vila-franca-de-xira\/#breadcrumb\",\"itemListElement\":[{\"@type\":\"ListItem\",\"position\":1,\"name\":\"In\u00edcio\",\"item\":\"https:\/\/portaltela.pt\/\"},{\"@type\":\"ListItem\",\"position\":2,\"name\":\"Sa\u00fade e Arte unem-se no novo Campus da Miseric\u00f3rdia em Vila Franca de Xira\"}]},{\"@type\":\"WebSite\",\"@id\":\"https:\/\/portaltela.pt\/#website\",\"url\":\"https:\/\/portaltela.pt\/\",\"name\":\"Portal Tela Portugal\",\"description\":\"\",\"potentialAction\":[{\"@type\":\"SearchAction\",\"target\":{\"@type\":\"EntryPoint\",\"urlTemplate\":\"https:\/\/portaltela.pt\/?s={search_term_string}\"},\"query-input\":{\"@type\":\"PropertyValueSpecification\",\"valueRequired\":true,\"valueName\":\"search_term_string\"}}],\"inLanguage\":\"pt-PT\"},{\"@type\":\"Person\",\"@id\":\"https:\/\/portaltela.pt\/#\/schema\/person\/c4278d4a6028830caff9ee44b42d32ed\",\"name\":\"Telinha\",\"image\":{\"@type\":\"ImageObject\",\"inLanguage\":\"pt-PT\",\"@id\":\"https:\/\/portaltela.pt\/s.01k8rhncp4jt1\/2025\/11\/talking-bot-125x125.png\",\"url\":\"https:\/\/portaltela.pt\/s.01k8rhncp4jt1\/2025\/11\/talking-bot-125x125.png\",\"contentUrl\":\"https:\/\/portaltela.pt\/s.01k8rhncp4jt1\/2025\/11\/talking-bot-125x125.png\",\"caption\":\"Telinha\"},\"sameAs\":[\"https:\/\/portaltela.pt\/\"],\"url\":\"https:\/\/portaltela.pt\/por\/367410592786\/\"}]}<\/script>\n<!-- \/ Yoast SEO plugin. -->","yoast_head_json":{"title":"Sa\u00fade e Arte unem-se no novo Campus da Miseric\u00f3rdia em Vila Franca de Xira - Portal Tela Portugal","robots":{"index":"index","follow":"follow","max-snippet":"max-snippet:-1","max-image-preview":"max-image-preview:large","max-video-preview":"max-video-preview:-1"},"og_locale":"pt_PT","og_type":"article","og_title":"Sa\u00fade e Arte unem-se no novo Campus da Miseric\u00f3rdia em Vila Franca de Xira - Portal Tela Portugal","og_description":"A Santa Casa da Miseric\u00f3rdia de Vila Franca de Xira inaugurou, no Campus de Sa\u00fade, a Cl\u00ednica FisioCampus e a galeria Campus 7 Art, no dia 8 de janeiro. A Cl\u00ednica FisioCampus est\u00e1 em funcionamento h\u00e1 v\u00e1rias semanas, de segundas a sextas, entre as 09h00 e as 17h30, oferecendo fisioterapia, pilates cl\u00ednico, pilates de equipamento e fisiatria. O projeto visa expandir a oferta na \u00e1rea da reabilita\u00e7\u00e3o, com foco na pessoa e numa gest\u00e3o sustent\u00e1vel. A galeria Campus 7 Art funciona como corredor expositivo que liga \u00e0 FisioCampus, promovendo exposi\u00e7\u00f5es de artistas locais e um leil\u00e3o solid\u00e1rio para apoiar crian\u00e7as e jovens com defici\u00eancia. Autoridades locais destacaram a proximidade do Campus com a cidade, sublinhando a integra\u00e7\u00e3o entre sa\u00fade, cultura e solidariedade.","og_url":"https:\/\/portaltela.pt\/noticias\/2026\/01\/09\/saude-e-arte-unem-se-no-novo-campus-da-misericordia-em-vila-franca-de-xira\/","og_site_name":"Portal Tela Portugal","article_published_time":"2026-01-09T19:45:26+00:00","author":"Telinha","twitter_card":"summary_large_image","twitter_misc":{"Escrito por":"Telinha","Tempo estimado de leitura":"2 minutos"},"schema":{"@context":"https:\/\/schema.org","@graph":[{"@type":"Article","@id":"https:\/\/portaltela.pt\/noticias\/2026\/01\/09\/saude-e-arte-unem-se-no-novo-campus-da-misericordia-em-vila-franca-de-xira\/#article","isPartOf":{"@id":"https:\/\/portaltela.pt\/noticias\/2026\/01\/09\/saude-e-arte-unem-se-no-novo-campus-da-misericordia-em-vila-franca-de-xira\/"},"author":{"name":"Telinha","@id":"https:\/\/portaltela.pt\/#\/schema\/person\/c4278d4a6028830caff9ee44b42d32ed"},"headline":"Sa\u00fade e Arte unem-se no novo Campus da Miseric\u00f3rdia em Vila Franca de Xira","datePublished":"2026-01-09T19:45:26+00:00","mainEntityOfPage":{"@id":"https:\/\/portaltela.pt\/noticias\/2026\/01\/09\/saude-e-arte-unem-se-no-novo-campus-da-misericordia-em-vila-franca-de-xira\/"},"wordCount":404,"image":{"@id":"https:\/\/portaltela.pt\/noticias\/2026\/01\/09\/saude-e-arte-unem-se-no-novo-campus-da-misericordia-em-vila-franca-de-xira\/#primaryimage"},"thumbnailUrl":"https:\/\/portaltela.pt\/s.01k8rhncp4jt1\/2026\/01\/Fisiocampus_VFX_08012026-22.jpg","keywords":["arte","institui\u00e7\u00f5es","reabilita\u00e7\u00e3o urbana","sa\u00fade","servi\u00e7os p\u00fablicos","Uni\u00e3o das Miseric\u00f3rdias Portuguesas"],"articleSection":["Not\u00edcias"],"inLanguage":"pt-PT"},{"@type":"WebPage","@id":"https:\/\/portaltela.pt\/noticias\/2026\/01\/09\/saude-e-arte-unem-se-no-novo-campus-da-misericordia-em-vila-franca-de-xira\/","url":"https:\/\/portaltela.pt\/noticias\/2026\/01\/09\/saude-e-arte-unem-se-no-novo-campus-da-misericordia-em-vila-franca-de-xira\/","name":"Sa\u00fade e Arte unem-se no novo Campus da Miseric\u00f3rdia em Vila Franca de Xira - Portal Tela Portugal","isPartOf":{"@id":"https:\/\/portaltela.pt\/#website"},"primaryImageOfPage":{"@id":"https:\/\/portaltela.pt\/noticias\/2026\/01\/09\/saude-e-arte-unem-se-no-novo-campus-da-misericordia-em-vila-franca-de-xira\/#primaryimage"},"image":{"@id":"https:\/\/portaltela.pt\/noticias\/2026\/01\/09\/saude-e-arte-unem-se-no-novo-campus-da-misericordia-em-vila-franca-de-xira\/#primaryimage"},"thumbnailUrl":"https:\/\/portaltela.pt\/s.01k8rhncp4jt1\/2026\/01\/Fisiocampus_VFX_08012026-22.jpg","datePublished":"2026-01-09T19:45:26+00:00","author":{"@id":"https:\/\/portaltela.pt\/#\/schema\/person\/c4278d4a6028830caff9ee44b42d32ed"},"breadcrumb":{"@id":"https:\/\/portaltela.pt\/noticias\/2026\/01\/09\/saude-e-arte-unem-se-no-novo-campus-da-misericordia-em-vila-franca-de-xira\/#breadcrumb"},"inLanguage":"pt-PT","potentialAction":[{"@type":"ReadAction","target":["https:\/\/portaltela.pt\/noticias\/2026\/01\/09\/saude-e-arte-unem-se-no-novo-campus-da-misericordia-em-vila-franca-de-xira\/"]}]},{"@type":"ImageObject","inLanguage":"pt-PT","@id":"https:\/\/portaltela.pt\/noticias\/2026\/01\/09\/saude-e-arte-unem-se-no-novo-campus-da-misericordia-em-vila-franca-de-xira\/#primaryimage","url":"https:\/\/portaltela.pt\/s.01k8rhncp4jt1\/2026\/01\/Fisiocampus_VFX_08012026-22.jpg","contentUrl":"https:\/\/portaltela.pt\/s.01k8rhncp4jt1\/2026\/01\/Fisiocampus_VFX_08012026-22.jpg","width":796,"height":448,"caption":"Sa\u00fade e Arte de m\u00e3os dadas no novo Campus da Miseric\u00f3rdia de Vila Franca de Xira"},{"@type":"BreadcrumbList","@id":"https:\/\/portaltela.pt\/noticias\/2026\/01\/09\/saude-e-arte-unem-se-no-novo-campus-da-misericordia-em-vila-franca-de-xira\/#breadcrumb","itemListElement":[{"@type":"ListItem","position":1,"name":"In\u00edcio","item":"https:\/\/portaltela.pt\/"},{"@type":"ListItem","position":2,"name":"Sa\u00fade e Arte unem-se no novo Campus da Miseric\u00f3rdia em Vila Franca de Xira"}]},{"@type":"WebSite","@id":"https:\/\/portaltela.pt\/#website","url":"https:\/\/portaltela.pt\/","name":"Portal Tela Portugal","description":"","potentialAction":[{"@type":"SearchAction","target":{"@type":"EntryPoint","urlTemplate":"https:\/\/portaltela.pt\/?s={search_term_string}"},"query-input":{"@type":"PropertyValueSpecification","valueRequired":true,"valueName":"search_term_string"}}],"inLanguage":"pt-PT"},{"@type":"Person","@id":"https:\/\/portaltela.pt\/#\/schema\/person\/c4278d4a6028830caff9ee44b42d32ed","name":"Telinha","image":{"@type":"ImageObject","inLanguage":"pt-PT","@id":"https:\/\/portaltela.pt\/s.01k8rhncp4jt1\/2025\/11\/talking-bot-125x125.png","url":"https:\/\/portaltela.pt\/s.01k8rhncp4jt1\/2025\/11\/talking-bot-125x125.png","contentUrl":"https:\/\/portaltela.pt\/s.01k8rhncp4jt1\/2025\/11\/talking-bot-125x125.png","caption":"Telinha"},"sameAs":["https:\/\/portaltela.pt\/"],"url":"https:\/\/portaltela.pt\/por\/367410592786\/"}]}},"_links":{"self":[{"href":"https:\/\/portaltela.pt\/api\/wp\/v2\/posts\/129435","targetHints":{"allow":["GET"]}}],"collection":[{"href":"https:\/\/portaltela.pt\/api\/wp\/v2\/posts"}],"about":[{"href":"https:\/\/portaltela.pt\/api\/wp\/v2\/types\/post"}],"author":[{"embeddable":true,"href":"https:\/\/portaltela.pt\/api\/wp\/v2\/users\/2"}],"replies":[{"embeddable":true,"href":"https:\/\/portaltela.pt\/api\/wp\/v2\/comments?post=129435"}],"version-history":[{"count":0,"href":"https:\/\/portaltela.pt\/api\/wp\/v2\/posts\/129435\/revisions"}],"wp:featuredmedia":[{"embeddable":true,"href":"https:\/\/portaltela.pt\/api\/wp\/v2\/media\/129437"}],"wp:attachment":[{"href":"https:\/\/portaltela.pt\/api\/wp\/v2\/media?parent=129435"}],"wp:term":[{"taxonomy":"category","embeddable":true,"href":"https:\/\/portaltela.pt\/api\/wp\/v2\/categories?post=129435"},{"taxonomy":"post_tag","embeddable":true,"href":"https:\/\/portaltela.pt\/api\/wp\/v2\/tags?post=129435"}],"curies":[{"name":"wp","href":"https:\/\/api.w.org\/{rel}","templated":true}]}}