{"id":129302,"date":"2026-01-09T16:04:49","date_gmt":"2026-01-09T19:04:49","guid":{"rendered":"https:\/\/portaltela.pt\/noticias\/2026\/01\/09\/afvr-designa-arbitros-para-a-17-a-jornada-da-divisao-de-honra\/"},"modified":"2026-01-09T16:04:49","modified_gmt":"2026-01-09T19:04:49","slug":"afvr-designa-arbitros-para-a-17-a-jornada-da-divisao-de-honra","status":"publish","type":"post","link":"https:\/\/portaltela.pt\/desporto\/futebol\/2026\/01\/09\/afvr-designa-arbitros-para-a-17-a-jornada-da-divisao-de-honra\/","title":{"rendered":"AFVR designa \u00e1rbitros para a 17.\u00aa jornada da Divis\u00e3o de Honra"},"content":{"rendered":"<p>O Conselho de Arbitragem da Associa\u00e7\u00e3o de Futebol de Vila Real (AFVR) divulgou as equipas de arbitragem para oito jogos da 17.\u00aa jornada da Divis\u00e3o de Honra, realizados no dia 11 de janeiro. As nomea\u00e7\u00f5es incluem \u00e1rbitros e assistentes para cada partida.<\/p>\n<p>Entre os encontros programados para domingo, 11 de janeiro, \u00e0s 15:00, constam R\u00e9gua frente a Mondinense, com Andr\u00e9 Santos no apito e Fernando Nunes e Gon\u00e7alo Sim\u00f5es como assistentes.<\/p>\n<p>Pedras Salgadas recebe Valpa\u00e7os, com Flavio Melo a dirigir e Afonso Correia e Mario Monteiro como assistentes.<\/p>\n<p>Vila Pouca defronta Sabroso, tendo Henrique Sousa a equipa de arbitragem e Gon\u00e7alo Alves e Jo\u00e3o Ros\u00e1rio como assistentes.<\/p>\n<p>Constantim recebe Montalegre, com Carlos Leite a arbitrar e Ruben Fernandes e Hugo Zineira como assistentes.<\/p>\n<p>Mes\u00e3o Frio joga com Vidago, sob dire\u00e7\u00e3o de David Barbosa e com Ricardo Dias e Jo\u00e3o Botelho como assistentes.<\/p>\n<p>Atei defronta Fontelas, com Luis Amaral a apitar e Claudino Monteiro e Sim\u00e3o Branco como assistentes.<\/p>\n<p>Cerva mede for\u00e7as com Cumieira, tendo Miguel Carvalho como \u00e1rbitro e Alex Cunha e Lara Sousa como assistentes.<\/p>\n<p>Por fim, Vilar Perdizes recebe Abambres, com Sergio Faceira no apito e Jo\u00e3o Moreira e Diogo Pereira como assistentes.<\/p>\n","protected":false},"excerpt":{"rendered":"<ul>\n<li>AFVR divulgou as nomea\u00e7\u00f5es para oito jogos da 17.\u00aa jornada da Divis\u00e3o de Honra, a realizar no dia 11 de janeiro.<\/li>\n<li>R\u00e9gua vs Mondinense: \u00e1rbitro Andr\u00e9 Santos; assistentes Fernando Nunes e Gon\u00e7alo Sim\u00f5es.<\/li>\n<li>Pedras Salgadas vs Valpa\u00e7os: \u00e1rbitro Flavio Melo; assistentes Afonso Correia e Mario Monteiro.<\/li>\n<li>Vila Pouca vs Sabroso: \u00e1rbitro Henrique Sousa; assistentes Gon\u00e7alo Alves e Jo\u00e3o Ros\u00e1rio.<\/li>\n<li>Constantim vs Montalegre, Mes\u00e3o Frio vs Vidago, Atei vs Fontelas, Cerva vs Cumieira e Vilar Perdizes vs Abambres: \u00e1rbitro Carlos Leite, David Barbosa, Luis Amaral, Miguel Carvalho e Sergio Faceira, respetivamente, com os assistentes Ruben Fernandes e Hugo Zineira; Ricardo Dias e Jo\u00e3o Botelho; Claudino Monteiro e Sim\u00e3o Branco; Jo\u00e3o Moreira e Diogo Pereira.<\/li>\n<\/ul>\n","protected":false},"author":2,"featured_media":129315,"comment_status":"closed","ping_status":"closed","sticky":false,"template":"","format":"standard","meta":{"footnotes":""},"categories":[21,24],"tags":[1289,1336,1390,1393,1391,2146],"class_list":["post-129302","post","type-post","status-publish","format-standard","has-post-thumbnail","hentry","category-desporto","category-futebol","tag-arbitragem","tag-arbitro","tag-mondinense","tag-pedras-salgadas","tag-regua","tag-valpacos"],"yoast_head":"<!-- This site is optimized with the Yoast SEO plugin v27.2 - https:\/\/yoast.com\/product\/yoast-seo-wordpress\/ -->\n<title>AFVR designa \u00e1rbitros para a 17.\u00aa jornada da Divis\u00e3o de Honra - Portal Tela Portugal<\/title>\n<meta name=\"robots\" content=\"index, follow, max-snippet:-1, max-image-preview:large, max-video-preview:-1\" \/>\n<meta property=\"og:locale\" content=\"pt_PT\" \/>\n<meta property=\"og:type\" content=\"article\" \/>\n<meta property=\"og:title\" content=\"AFVR designa \u00e1rbitros para a 17.\u00aa jornada da Divis\u00e3o de Honra - Portal Tela Portugal\" \/>\n<meta property=\"og:description\" content=\"AFVR divulgou as nomea\u00e7\u00f5es para oito jogos da 17.\u00aa jornada da Divis\u00e3o de Honra, a realizar no dia 11 de janeiro. R\u00e9gua vs Mondinense: \u00e1rbitro Andr\u00e9 Santos; assistentes Fernando Nunes e Gon\u00e7alo Sim\u00f5es. Pedras Salgadas vs Valpa\u00e7os: \u00e1rbitro Flavio Melo; assistentes Afonso Correia e Mario Monteiro. Vila Pouca vs Sabroso: \u00e1rbitro Henrique Sousa; assistentes Gon\u00e7alo Alves e Jo\u00e3o Ros\u00e1rio. Constantim vs Montalegre, Mes\u00e3o Frio vs Vidago, Atei vs Fontelas, Cerva vs Cumieira e Vilar Perdizes vs Abambres: \u00e1rbitro Carlos Leite, David Barbosa, Luis Amaral, Miguel Carvalho e Sergio Faceira, respetivamente, com os assistentes Ruben Fernandes e Hugo Zineira; Ricardo Dias e Jo\u00e3o Botelho; Claudino Monteiro e Sim\u00e3o Branco; Jo\u00e3o Moreira e Diogo Pereira.\" \/>\n<meta property=\"og:url\" content=\"https:\/\/portaltela.pt\/noticias\/2026\/01\/09\/afvr-designa-arbitros-para-a-17-a-jornada-da-divisao-de-honra\/\" \/>\n<meta property=\"og:site_name\" content=\"Portal Tela Portugal\" \/>\n<meta property=\"article:published_time\" content=\"2026-01-09T19:04:49+00:00\" \/>\n<meta name=\"author\" content=\"Telinha\" \/>\n<meta name=\"twitter:card\" content=\"summary_large_image\" \/>\n<meta name=\"twitter:label1\" content=\"Escrito por\" \/>\n\t<meta name=\"twitter:data1\" content=\"Telinha\" \/>\n\t<meta name=\"twitter:label2\" content=\"Tempo estimado de leitura\" \/>\n\t<meta name=\"twitter:data2\" content=\"1 minuto\" \/>\n<script type=\"application\/ld+json\" class=\"yoast-schema-graph\">{\"@context\":\"https:\/\/schema.org\",\"@graph\":[{\"@type\":\"Article\",\"@id\":\"https:\/\/portaltela.pt\/noticias\/2026\/01\/09\/afvr-designa-arbitros-para-a-17-a-jornada-da-divisao-de-honra\/#article\",\"isPartOf\":{\"@id\":\"https:\/\/portaltela.pt\/noticias\/2026\/01\/09\/afvr-designa-arbitros-para-a-17-a-jornada-da-divisao-de-honra\/\"},\"author\":{\"name\":\"Telinha\",\"@id\":\"https:\/\/portaltela.pt\/#\/schema\/person\/c4278d4a6028830caff9ee44b42d32ed\"},\"headline\":\"AFVR designa \u00e1rbitros para a 17.\u00aa jornada da Divis\u00e3o de Honra\",\"datePublished\":\"2026-01-09T19:04:49+00:00\",\"mainEntityOfPage\":{\"@id\":\"https:\/\/portaltela.pt\/noticias\/2026\/01\/09\/afvr-designa-arbitros-para-a-17-a-jornada-da-divisao-de-honra\/\"},\"wordCount\":218,\"image\":{\"@id\":\"https:\/\/portaltela.pt\/noticias\/2026\/01\/09\/afvr-designa-arbitros-para-a-17-a-jornada-da-divisao-de-honra\/#primaryimage\"},\"thumbnailUrl\":\"https:\/\/portaltela.pt\/s.01k8rhncp4jt1\/2026\/01\/unnamed-file-1904.jpg\",\"keywords\":[\"arbitragem\",\"\u00e1rbitro\",\"Mondinense\",\"Pedras Salgadas\",\"R\u00e9gua\",\"Valpa\u00e7os\"],\"articleSection\":[\"Desporto\",\"Futebol\"],\"inLanguage\":\"pt-PT\"},{\"@type\":\"WebPage\",\"@id\":\"https:\/\/portaltela.pt\/noticias\/2026\/01\/09\/afvr-designa-arbitros-para-a-17-a-jornada-da-divisao-de-honra\/\",\"url\":\"https:\/\/portaltela.pt\/noticias\/2026\/01\/09\/afvr-designa-arbitros-para-a-17-a-jornada-da-divisao-de-honra\/\",\"name\":\"AFVR designa \u00e1rbitros para a 17.\u00aa jornada da Divis\u00e3o de Honra - Portal Tela Portugal\",\"isPartOf\":{\"@id\":\"https:\/\/portaltela.pt\/#website\"},\"primaryImageOfPage\":{\"@id\":\"https:\/\/portaltela.pt\/noticias\/2026\/01\/09\/afvr-designa-arbitros-para-a-17-a-jornada-da-divisao-de-honra\/#primaryimage\"},\"image\":{\"@id\":\"https:\/\/portaltela.pt\/noticias\/2026\/01\/09\/afvr-designa-arbitros-para-a-17-a-jornada-da-divisao-de-honra\/#primaryimage\"},\"thumbnailUrl\":\"https:\/\/portaltela.pt\/s.01k8rhncp4jt1\/2026\/01\/unnamed-file-1904.jpg\",\"datePublished\":\"2026-01-09T19:04:49+00:00\",\"author\":{\"@id\":\"https:\/\/portaltela.pt\/#\/schema\/person\/c4278d4a6028830caff9ee44b42d32ed\"},\"breadcrumb\":{\"@id\":\"https:\/\/portaltela.pt\/noticias\/2026\/01\/09\/afvr-designa-arbitros-para-a-17-a-jornada-da-divisao-de-honra\/#breadcrumb\"},\"inLanguage\":\"pt-PT\",\"potentialAction\":[{\"@type\":\"ReadAction\",\"target\":[\"https:\/\/portaltela.pt\/noticias\/2026\/01\/09\/afvr-designa-arbitros-para-a-17-a-jornada-da-divisao-de-honra\/\"]}]},{\"@type\":\"ImageObject\",\"inLanguage\":\"pt-PT\",\"@id\":\"https:\/\/portaltela.pt\/noticias\/2026\/01\/09\/afvr-designa-arbitros-para-a-17-a-jornada-da-divisao-de-honra\/#primaryimage\",\"url\":\"https:\/\/portaltela.pt\/s.01k8rhncp4jt1\/2026\/01\/unnamed-file-1904.jpg\",\"contentUrl\":\"https:\/\/portaltela.pt\/s.01k8rhncp4jt1\/2026\/01\/unnamed-file-1904.jpg\",\"width\":796,\"height\":448,\"caption\":\"AFVR: Anunciados os \u00e1rbitros da \u00faltima jornada da Divis\u00e3o de Honra\"},{\"@type\":\"BreadcrumbList\",\"@id\":\"https:\/\/portaltela.pt\/noticias\/2026\/01\/09\/afvr-designa-arbitros-para-a-17-a-jornada-da-divisao-de-honra\/#breadcrumb\",\"itemListElement\":[{\"@type\":\"ListItem\",\"position\":1,\"name\":\"In\u00edcio\",\"item\":\"https:\/\/portaltela.pt\/\"},{\"@type\":\"ListItem\",\"position\":2,\"name\":\"AFVR designa \u00e1rbitros para a 17.\u00aa jornada da Divis\u00e3o de Honra\"}]},{\"@type\":\"WebSite\",\"@id\":\"https:\/\/portaltela.pt\/#website\",\"url\":\"https:\/\/portaltela.pt\/\",\"name\":\"Portal Tela Portugal\",\"description\":\"\",\"potentialAction\":[{\"@type\":\"SearchAction\",\"target\":{\"@type\":\"EntryPoint\",\"urlTemplate\":\"https:\/\/portaltela.pt\/?s={search_term_string}\"},\"query-input\":{\"@type\":\"PropertyValueSpecification\",\"valueRequired\":true,\"valueName\":\"search_term_string\"}}],\"inLanguage\":\"pt-PT\"},{\"@type\":\"Person\",\"@id\":\"https:\/\/portaltela.pt\/#\/schema\/person\/c4278d4a6028830caff9ee44b42d32ed\",\"name\":\"Telinha\",\"image\":{\"@type\":\"ImageObject\",\"inLanguage\":\"pt-PT\",\"@id\":\"https:\/\/portaltela.pt\/s.01k8rhncp4jt1\/2025\/11\/talking-bot-125x125.png\",\"url\":\"https:\/\/portaltela.pt\/s.01k8rhncp4jt1\/2025\/11\/talking-bot-125x125.png\",\"contentUrl\":\"https:\/\/portaltela.pt\/s.01k8rhncp4jt1\/2025\/11\/talking-bot-125x125.png\",\"caption\":\"Telinha\"},\"sameAs\":[\"https:\/\/portaltela.pt\/\"],\"url\":\"https:\/\/portaltela.pt\/por\/367410592786\/\"}]}<\/script>\n<!-- \/ Yoast SEO plugin. -->","yoast_head_json":{"title":"AFVR designa \u00e1rbitros para a 17.\u00aa jornada da Divis\u00e3o de Honra - Portal Tela Portugal","robots":{"index":"index","follow":"follow","max-snippet":"max-snippet:-1","max-image-preview":"max-image-preview:large","max-video-preview":"max-video-preview:-1"},"og_locale":"pt_PT","og_type":"article","og_title":"AFVR designa \u00e1rbitros para a 17.\u00aa jornada da Divis\u00e3o de Honra - Portal Tela Portugal","og_description":"AFVR divulgou as nomea\u00e7\u00f5es para oito jogos da 17.\u00aa jornada da Divis\u00e3o de Honra, a realizar no dia 11 de janeiro. R\u00e9gua vs Mondinense: \u00e1rbitro Andr\u00e9 Santos; assistentes Fernando Nunes e Gon\u00e7alo Sim\u00f5es. Pedras Salgadas vs Valpa\u00e7os: \u00e1rbitro Flavio Melo; assistentes Afonso Correia e Mario Monteiro. Vila Pouca vs Sabroso: \u00e1rbitro Henrique Sousa; assistentes Gon\u00e7alo Alves e Jo\u00e3o Ros\u00e1rio. Constantim vs Montalegre, Mes\u00e3o Frio vs Vidago, Atei vs Fontelas, Cerva vs Cumieira e Vilar Perdizes vs Abambres: \u00e1rbitro Carlos Leite, David Barbosa, Luis Amaral, Miguel Carvalho e Sergio Faceira, respetivamente, com os assistentes Ruben Fernandes e Hugo Zineira; Ricardo Dias e Jo\u00e3o Botelho; Claudino Monteiro e Sim\u00e3o Branco; Jo\u00e3o Moreira e Diogo Pereira.","og_url":"https:\/\/portaltela.pt\/noticias\/2026\/01\/09\/afvr-designa-arbitros-para-a-17-a-jornada-da-divisao-de-honra\/","og_site_name":"Portal Tela Portugal","article_published_time":"2026-01-09T19:04:49+00:00","author":"Telinha","twitter_card":"summary_large_image","twitter_misc":{"Escrito por":"Telinha","Tempo estimado de leitura":"1 minuto"},"schema":{"@context":"https:\/\/schema.org","@graph":[{"@type":"Article","@id":"https:\/\/portaltela.pt\/noticias\/2026\/01\/09\/afvr-designa-arbitros-para-a-17-a-jornada-da-divisao-de-honra\/#article","isPartOf":{"@id":"https:\/\/portaltela.pt\/noticias\/2026\/01\/09\/afvr-designa-arbitros-para-a-17-a-jornada-da-divisao-de-honra\/"},"author":{"name":"Telinha","@id":"https:\/\/portaltela.pt\/#\/schema\/person\/c4278d4a6028830caff9ee44b42d32ed"},"headline":"AFVR designa \u00e1rbitros para a 17.\u00aa jornada da Divis\u00e3o de Honra","datePublished":"2026-01-09T19:04:49+00:00","mainEntityOfPage":{"@id":"https:\/\/portaltela.pt\/noticias\/2026\/01\/09\/afvr-designa-arbitros-para-a-17-a-jornada-da-divisao-de-honra\/"},"wordCount":218,"image":{"@id":"https:\/\/portaltela.pt\/noticias\/2026\/01\/09\/afvr-designa-arbitros-para-a-17-a-jornada-da-divisao-de-honra\/#primaryimage"},"thumbnailUrl":"https:\/\/portaltela.pt\/s.01k8rhncp4jt1\/2026\/01\/unnamed-file-1904.jpg","keywords":["arbitragem","\u00e1rbitro","Mondinense","Pedras Salgadas","R\u00e9gua","Valpa\u00e7os"],"articleSection":["Desporto","Futebol"],"inLanguage":"pt-PT"},{"@type":"WebPage","@id":"https:\/\/portaltela.pt\/noticias\/2026\/01\/09\/afvr-designa-arbitros-para-a-17-a-jornada-da-divisao-de-honra\/","url":"https:\/\/portaltela.pt\/noticias\/2026\/01\/09\/afvr-designa-arbitros-para-a-17-a-jornada-da-divisao-de-honra\/","name":"AFVR designa \u00e1rbitros para a 17.\u00aa jornada da Divis\u00e3o de Honra - Portal Tela Portugal","isPartOf":{"@id":"https:\/\/portaltela.pt\/#website"},"primaryImageOfPage":{"@id":"https:\/\/portaltela.pt\/noticias\/2026\/01\/09\/afvr-designa-arbitros-para-a-17-a-jornada-da-divisao-de-honra\/#primaryimage"},"image":{"@id":"https:\/\/portaltela.pt\/noticias\/2026\/01\/09\/afvr-designa-arbitros-para-a-17-a-jornada-da-divisao-de-honra\/#primaryimage"},"thumbnailUrl":"https:\/\/portaltela.pt\/s.01k8rhncp4jt1\/2026\/01\/unnamed-file-1904.jpg","datePublished":"2026-01-09T19:04:49+00:00","author":{"@id":"https:\/\/portaltela.pt\/#\/schema\/person\/c4278d4a6028830caff9ee44b42d32ed"},"breadcrumb":{"@id":"https:\/\/portaltela.pt\/noticias\/2026\/01\/09\/afvr-designa-arbitros-para-a-17-a-jornada-da-divisao-de-honra\/#breadcrumb"},"inLanguage":"pt-PT","potentialAction":[{"@type":"ReadAction","target":["https:\/\/portaltela.pt\/noticias\/2026\/01\/09\/afvr-designa-arbitros-para-a-17-a-jornada-da-divisao-de-honra\/"]}]},{"@type":"ImageObject","inLanguage":"pt-PT","@id":"https:\/\/portaltela.pt\/noticias\/2026\/01\/09\/afvr-designa-arbitros-para-a-17-a-jornada-da-divisao-de-honra\/#primaryimage","url":"https:\/\/portaltela.pt\/s.01k8rhncp4jt1\/2026\/01\/unnamed-file-1904.jpg","contentUrl":"https:\/\/portaltela.pt\/s.01k8rhncp4jt1\/2026\/01\/unnamed-file-1904.jpg","width":796,"height":448,"caption":"AFVR: Anunciados os \u00e1rbitros da \u00faltima jornada da Divis\u00e3o de Honra"},{"@type":"BreadcrumbList","@id":"https:\/\/portaltela.pt\/noticias\/2026\/01\/09\/afvr-designa-arbitros-para-a-17-a-jornada-da-divisao-de-honra\/#breadcrumb","itemListElement":[{"@type":"ListItem","position":1,"name":"In\u00edcio","item":"https:\/\/portaltela.pt\/"},{"@type":"ListItem","position":2,"name":"AFVR designa \u00e1rbitros para a 17.\u00aa jornada da Divis\u00e3o de Honra"}]},{"@type":"WebSite","@id":"https:\/\/portaltela.pt\/#website","url":"https:\/\/portaltela.pt\/","name":"Portal Tela Portugal","description":"","potentialAction":[{"@type":"SearchAction","target":{"@type":"EntryPoint","urlTemplate":"https:\/\/portaltela.pt\/?s={search_term_string}"},"query-input":{"@type":"PropertyValueSpecification","valueRequired":true,"valueName":"search_term_string"}}],"inLanguage":"pt-PT"},{"@type":"Person","@id":"https:\/\/portaltela.pt\/#\/schema\/person\/c4278d4a6028830caff9ee44b42d32ed","name":"Telinha","image":{"@type":"ImageObject","inLanguage":"pt-PT","@id":"https:\/\/portaltela.pt\/s.01k8rhncp4jt1\/2025\/11\/talking-bot-125x125.png","url":"https:\/\/portaltela.pt\/s.01k8rhncp4jt1\/2025\/11\/talking-bot-125x125.png","contentUrl":"https:\/\/portaltela.pt\/s.01k8rhncp4jt1\/2025\/11\/talking-bot-125x125.png","caption":"Telinha"},"sameAs":["https:\/\/portaltela.pt\/"],"url":"https:\/\/portaltela.pt\/por\/367410592786\/"}]}},"_links":{"self":[{"href":"https:\/\/portaltela.pt\/api\/wp\/v2\/posts\/129302","targetHints":{"allow":["GET"]}}],"collection":[{"href":"https:\/\/portaltela.pt\/api\/wp\/v2\/posts"}],"about":[{"href":"https:\/\/portaltela.pt\/api\/wp\/v2\/types\/post"}],"author":[{"embeddable":true,"href":"https:\/\/portaltela.pt\/api\/wp\/v2\/users\/2"}],"replies":[{"embeddable":true,"href":"https:\/\/portaltela.pt\/api\/wp\/v2\/comments?post=129302"}],"version-history":[{"count":0,"href":"https:\/\/portaltela.pt\/api\/wp\/v2\/posts\/129302\/revisions"}],"wp:featuredmedia":[{"embeddable":true,"href":"https:\/\/portaltela.pt\/api\/wp\/v2\/media\/129315"}],"wp:attachment":[{"href":"https:\/\/portaltela.pt\/api\/wp\/v2\/media?parent=129302"}],"wp:term":[{"taxonomy":"category","embeddable":true,"href":"https:\/\/portaltela.pt\/api\/wp\/v2\/categories?post=129302"},{"taxonomy":"post_tag","embeddable":true,"href":"https:\/\/portaltela.pt\/api\/wp\/v2\/tags?post=129302"}],"curies":[{"name":"wp","href":"https:\/\/api.w.org\/{rel}","templated":true}]}}