{"id":129027,"date":"2026-01-09T14:26:50","date_gmt":"2026-01-09T17:26:50","guid":{"rendered":"https:\/\/portaltela.pt\/noticias\/2026\/01\/09\/sporting-garante-tatiana-pereira-mais-uma-ex-benfica\/"},"modified":"2026-01-09T14:26:50","modified_gmt":"2026-01-09T17:26:50","slug":"sporting-garante-tatiana-pereira-mais-uma-ex-benfica","status":"publish","type":"post","link":"https:\/\/portaltela.pt\/desporto\/2026\/01\/09\/sporting-garante-tatiana-pereira-mais-uma-ex-benfica\/","title":{"rendered":"Sporting garante Tatiana Pereira, mais uma ex-Benfica"},"content":{"rendered":"<p>O Sporting anunciou a contrata\u00e7\u00e3o de Tatiana Pereira, atleta de 19 anos que deixa o Benfica no final da \u00faltima \u00e9poca. A jovem ocupa as provas de salto em comprimento e triplo salto e chega aos Le\u00f5es num refor\u00e7o que j\u00e1 inclui outras sa\u00eddas da forma\u00e7\u00e3o encarnada.<\/p>\n<p>Pereira tem marcas de refer\u00eancia de 6,33 metros no salto em comprimento e 13,16 metros no triplo salto. O clube alude a um ingresso vindo de uma rival, refor\u00e7ando o projeto de atletismo com jovens promessas no plantel. A atleta chega ap\u00f3s um per\u00edodo de liga\u00e7\u00e3o com o Benfica.<\/p>\n<p>O acordo surge depois de j\u00e1 terem sido anunciadas contrata\u00e7\u00f5es de Jos\u00e9 Carlos Pinto, Gerson Bald\u00e9 e Joana Barreto, ex-Benfica, bem como a not\u00edcia de ontem da chegada de Francisco Marques, 23 anos, que esteve no Belenenses e foi vice-campe\u00e3o nacional nos 110 metros barreiras.<\/p>\n<p>Tatiana Pereira junta-se ao plantel do Sporting com o objetivo de disputar t\u00edtulos nacionais e provas europeias. No \u00e2mbito de objetivos desportivos, a atleta ressalta inten\u00e7\u00e3o de melhorar marcas e alcan\u00e7ar participation em provas internacionais, alicer\u00e7ando uma poss\u00edvel presen\u00e7a ol\u00edmpista a longo prazo.<\/p>\n<p>Ao mesmo tempo, o clube confirmou a entrada de Francisco Marques, que ter\u00e1 de competir nos 110 metros barreiras, contribuindo para o refor\u00e7o global do atletismo do Sporting em v\u00e1rias disciplinas. A equipa t\u00e9cnico-desportiva passa a contar com quatro refor\u00e7os oriundos de clubes rivais.<\/p>\n","protected":false},"excerpt":{"rendered":"<ul>\n<li>O Sporting anunciou a contrata\u00e7\u00e3o da atleta Tatiana Pereira, ex-Benfica, para o atletismo, com especializa\u00e7\u00e3o no salto em comprimento e no triplo salto.<\/li>\n<li>Tatiana Pereira tem 19 anos e chega aos Le\u00f5es ap\u00f3s deixar o Benfica no final da \u00faltima \u00e9poca, depois de um percurso de cerca de um ano e meio.<\/li>\n<li>No seu palmar\u00e9s, regista 6,33 metros no salto em comprimento e 13,16 metros no triplo salto, respetivamente.<\/li>\n<li>A atleta revelou que pretende vencer o Campeonato Nacional de Clubes, a Ta\u00e7a dos Clubes Campe\u00f5es Europeus e melhorar os seus recordes, com objetivo final de disputar provas internacionais e, a longo prazo, os Jogos Ol\u00edmpicos.<\/li>\n<li>Al\u00e9m de Tatiana Pereira, o Sporting anunciou recentemente a entrada de Francisco Marques, 23 anos, ex-Belenenses, vicecampe\u00e3o nacional nos 110 metros barreiras, somando refor\u00e7os com passado no Benfica.<\/li>\n<\/ul>\n","protected":false},"author":2,"featured_media":129037,"comment_status":"closed","ping_status":"closed","sticky":false,"template":"","format":"standard","meta":{"footnotes":""},"categories":[21],"tags":[2742,252,137,1946,1652,2050],"class_list":["post-129027","post","type-post","status-publish","format-standard","has-post-thumbnail","hentry","category-desporto","tag-110-metros-barreiras","tag-atletas","tag-atletismo","tag-benfica","tag-sporting","tag-transferencias"],"yoast_head":"<!-- This site is optimized with the Yoast SEO plugin v27.2 - https:\/\/yoast.com\/product\/yoast-seo-wordpress\/ -->\n<title>Sporting garante Tatiana Pereira, mais uma ex-Benfica - Portal Tela Portugal<\/title>\n<meta name=\"robots\" content=\"index, follow, max-snippet:-1, max-image-preview:large, max-video-preview:-1\" \/>\n<meta property=\"og:locale\" content=\"pt_PT\" \/>\n<meta property=\"og:type\" content=\"article\" \/>\n<meta property=\"og:title\" content=\"Sporting garante Tatiana Pereira, mais uma ex-Benfica - Portal Tela Portugal\" \/>\n<meta property=\"og:description\" content=\"O Sporting anunciou a contrata\u00e7\u00e3o da atleta Tatiana Pereira, ex-Benfica, para o atletismo, com especializa\u00e7\u00e3o no salto em comprimento e no triplo salto. Tatiana Pereira tem 19 anos e chega aos Le\u00f5es ap\u00f3s deixar o Benfica no final da \u00faltima \u00e9poca, depois de um percurso de cerca de um ano e meio. No seu palmar\u00e9s, regista 6,33 metros no salto em comprimento e 13,16 metros no triplo salto, respetivamente. A atleta revelou que pretende vencer o Campeonato Nacional de Clubes, a Ta\u00e7a dos Clubes Campe\u00f5es Europeus e melhorar os seus recordes, com objetivo final de disputar provas internacionais e, a longo prazo, os Jogos Ol\u00edmpicos. Al\u00e9m de Tatiana Pereira, o Sporting anunciou recentemente a entrada de Francisco Marques, 23 anos, ex-Belenenses, vicecampe\u00e3o nacional nos 110 metros barreiras, somando refor\u00e7os com passado no Benfica.\" \/>\n<meta property=\"og:url\" content=\"https:\/\/portaltela.pt\/noticias\/2026\/01\/09\/sporting-garante-tatiana-pereira-mais-uma-ex-benfica\/\" \/>\n<meta property=\"og:site_name\" content=\"Portal Tela Portugal\" \/>\n<meta property=\"article:published_time\" content=\"2026-01-09T17:26:50+00:00\" \/>\n<meta name=\"author\" content=\"Telinha\" \/>\n<meta name=\"twitter:card\" content=\"summary_large_image\" \/>\n<meta name=\"twitter:label1\" content=\"Escrito por\" \/>\n\t<meta name=\"twitter:data1\" content=\"Telinha\" \/>\n\t<meta name=\"twitter:label2\" content=\"Tempo estimado de leitura\" \/>\n\t<meta name=\"twitter:data2\" content=\"1 minuto\" \/>\n<script type=\"application\/ld+json\" class=\"yoast-schema-graph\">{\"@context\":\"https:\/\/schema.org\",\"@graph\":[{\"@type\":\"Article\",\"@id\":\"https:\/\/portaltela.pt\/noticias\/2026\/01\/09\/sporting-garante-tatiana-pereira-mais-uma-ex-benfica\/#article\",\"isPartOf\":{\"@id\":\"https:\/\/portaltela.pt\/noticias\/2026\/01\/09\/sporting-garante-tatiana-pereira-mais-uma-ex-benfica\/\"},\"author\":{\"name\":\"Telinha\",\"@id\":\"https:\/\/portaltela.pt\/#\/schema\/person\/c4278d4a6028830caff9ee44b42d32ed\"},\"headline\":\"Sporting garante Tatiana Pereira, mais uma ex-Benfica\",\"datePublished\":\"2026-01-09T17:26:50+00:00\",\"mainEntityOfPage\":{\"@id\":\"https:\/\/portaltela.pt\/noticias\/2026\/01\/09\/sporting-garante-tatiana-pereira-mais-uma-ex-benfica\/\"},\"wordCount\":253,\"image\":{\"@id\":\"https:\/\/portaltela.pt\/noticias\/2026\/01\/09\/sporting-garante-tatiana-pereira-mais-uma-ex-benfica\/#primaryimage\"},\"thumbnailUrl\":\"https:\/\/portaltela.pt\/s.01k8rhncp4jt1\/2026\/01\/img_920x518uu2026-01-09-17-24-27-2413780.jpg\",\"keywords\":[\"110 metros barreiras\",\"atletas\",\"atletismo\",\"Benfica\",\"Sporting\",\"transfer\u00eancias\"],\"articleSection\":[\"Desporto\"],\"inLanguage\":\"pt-PT\"},{\"@type\":\"WebPage\",\"@id\":\"https:\/\/portaltela.pt\/noticias\/2026\/01\/09\/sporting-garante-tatiana-pereira-mais-uma-ex-benfica\/\",\"url\":\"https:\/\/portaltela.pt\/noticias\/2026\/01\/09\/sporting-garante-tatiana-pereira-mais-uma-ex-benfica\/\",\"name\":\"Sporting garante Tatiana Pereira, mais uma ex-Benfica - Portal Tela Portugal\",\"isPartOf\":{\"@id\":\"https:\/\/portaltela.pt\/#website\"},\"primaryImageOfPage\":{\"@id\":\"https:\/\/portaltela.pt\/noticias\/2026\/01\/09\/sporting-garante-tatiana-pereira-mais-uma-ex-benfica\/#primaryimage\"},\"image\":{\"@id\":\"https:\/\/portaltela.pt\/noticias\/2026\/01\/09\/sporting-garante-tatiana-pereira-mais-uma-ex-benfica\/#primaryimage\"},\"thumbnailUrl\":\"https:\/\/portaltela.pt\/s.01k8rhncp4jt1\/2026\/01\/img_920x518uu2026-01-09-17-24-27-2413780.jpg\",\"datePublished\":\"2026-01-09T17:26:50+00:00\",\"author\":{\"@id\":\"https:\/\/portaltela.pt\/#\/schema\/person\/c4278d4a6028830caff9ee44b42d32ed\"},\"breadcrumb\":{\"@id\":\"https:\/\/portaltela.pt\/noticias\/2026\/01\/09\/sporting-garante-tatiana-pereira-mais-uma-ex-benfica\/#breadcrumb\"},\"inLanguage\":\"pt-PT\",\"potentialAction\":[{\"@type\":\"ReadAction\",\"target\":[\"https:\/\/portaltela.pt\/noticias\/2026\/01\/09\/sporting-garante-tatiana-pereira-mais-uma-ex-benfica\/\"]}]},{\"@type\":\"ImageObject\",\"inLanguage\":\"pt-PT\",\"@id\":\"https:\/\/portaltela.pt\/noticias\/2026\/01\/09\/sporting-garante-tatiana-pereira-mais-uma-ex-benfica\/#primaryimage\",\"url\":\"https:\/\/portaltela.pt\/s.01k8rhncp4jt1\/2026\/01\/img_920x518uu2026-01-09-17-24-27-2413780.jpg\",\"contentUrl\":\"https:\/\/portaltela.pt\/s.01k8rhncp4jt1\/2026\/01\/img_920x518uu2026-01-09-17-24-27-2413780.jpg\",\"width\":796,\"height\":448,\"caption\":\"Tatiana Pereira tem 19 anos\"},{\"@type\":\"BreadcrumbList\",\"@id\":\"https:\/\/portaltela.pt\/noticias\/2026\/01\/09\/sporting-garante-tatiana-pereira-mais-uma-ex-benfica\/#breadcrumb\",\"itemListElement\":[{\"@type\":\"ListItem\",\"position\":1,\"name\":\"In\u00edcio\",\"item\":\"https:\/\/portaltela.pt\/\"},{\"@type\":\"ListItem\",\"position\":2,\"name\":\"Sporting garante Tatiana Pereira, mais uma ex-Benfica\"}]},{\"@type\":\"WebSite\",\"@id\":\"https:\/\/portaltela.pt\/#website\",\"url\":\"https:\/\/portaltela.pt\/\",\"name\":\"Portal Tela Portugal\",\"description\":\"\",\"potentialAction\":[{\"@type\":\"SearchAction\",\"target\":{\"@type\":\"EntryPoint\",\"urlTemplate\":\"https:\/\/portaltela.pt\/?s={search_term_string}\"},\"query-input\":{\"@type\":\"PropertyValueSpecification\",\"valueRequired\":true,\"valueName\":\"search_term_string\"}}],\"inLanguage\":\"pt-PT\"},{\"@type\":\"Person\",\"@id\":\"https:\/\/portaltela.pt\/#\/schema\/person\/c4278d4a6028830caff9ee44b42d32ed\",\"name\":\"Telinha\",\"image\":{\"@type\":\"ImageObject\",\"inLanguage\":\"pt-PT\",\"@id\":\"https:\/\/portaltela.pt\/s.01k8rhncp4jt1\/2025\/11\/talking-bot-125x125.png\",\"url\":\"https:\/\/portaltela.pt\/s.01k8rhncp4jt1\/2025\/11\/talking-bot-125x125.png\",\"contentUrl\":\"https:\/\/portaltela.pt\/s.01k8rhncp4jt1\/2025\/11\/talking-bot-125x125.png\",\"caption\":\"Telinha\"},\"sameAs\":[\"https:\/\/portaltela.pt\/\"],\"url\":\"https:\/\/portaltela.pt\/por\/367410592786\/\"}]}<\/script>\n<!-- \/ Yoast SEO plugin. -->","yoast_head_json":{"title":"Sporting garante Tatiana Pereira, mais uma ex-Benfica - Portal Tela Portugal","robots":{"index":"index","follow":"follow","max-snippet":"max-snippet:-1","max-image-preview":"max-image-preview:large","max-video-preview":"max-video-preview:-1"},"og_locale":"pt_PT","og_type":"article","og_title":"Sporting garante Tatiana Pereira, mais uma ex-Benfica - Portal Tela Portugal","og_description":"O Sporting anunciou a contrata\u00e7\u00e3o da atleta Tatiana Pereira, ex-Benfica, para o atletismo, com especializa\u00e7\u00e3o no salto em comprimento e no triplo salto. Tatiana Pereira tem 19 anos e chega aos Le\u00f5es ap\u00f3s deixar o Benfica no final da \u00faltima \u00e9poca, depois de um percurso de cerca de um ano e meio. No seu palmar\u00e9s, regista 6,33 metros no salto em comprimento e 13,16 metros no triplo salto, respetivamente. A atleta revelou que pretende vencer o Campeonato Nacional de Clubes, a Ta\u00e7a dos Clubes Campe\u00f5es Europeus e melhorar os seus recordes, com objetivo final de disputar provas internacionais e, a longo prazo, os Jogos Ol\u00edmpicos. Al\u00e9m de Tatiana Pereira, o Sporting anunciou recentemente a entrada de Francisco Marques, 23 anos, ex-Belenenses, vicecampe\u00e3o nacional nos 110 metros barreiras, somando refor\u00e7os com passado no Benfica.","og_url":"https:\/\/portaltela.pt\/noticias\/2026\/01\/09\/sporting-garante-tatiana-pereira-mais-uma-ex-benfica\/","og_site_name":"Portal Tela Portugal","article_published_time":"2026-01-09T17:26:50+00:00","author":"Telinha","twitter_card":"summary_large_image","twitter_misc":{"Escrito por":"Telinha","Tempo estimado de leitura":"1 minuto"},"schema":{"@context":"https:\/\/schema.org","@graph":[{"@type":"Article","@id":"https:\/\/portaltela.pt\/noticias\/2026\/01\/09\/sporting-garante-tatiana-pereira-mais-uma-ex-benfica\/#article","isPartOf":{"@id":"https:\/\/portaltela.pt\/noticias\/2026\/01\/09\/sporting-garante-tatiana-pereira-mais-uma-ex-benfica\/"},"author":{"name":"Telinha","@id":"https:\/\/portaltela.pt\/#\/schema\/person\/c4278d4a6028830caff9ee44b42d32ed"},"headline":"Sporting garante Tatiana Pereira, mais uma ex-Benfica","datePublished":"2026-01-09T17:26:50+00:00","mainEntityOfPage":{"@id":"https:\/\/portaltela.pt\/noticias\/2026\/01\/09\/sporting-garante-tatiana-pereira-mais-uma-ex-benfica\/"},"wordCount":253,"image":{"@id":"https:\/\/portaltela.pt\/noticias\/2026\/01\/09\/sporting-garante-tatiana-pereira-mais-uma-ex-benfica\/#primaryimage"},"thumbnailUrl":"https:\/\/portaltela.pt\/s.01k8rhncp4jt1\/2026\/01\/img_920x518uu2026-01-09-17-24-27-2413780.jpg","keywords":["110 metros barreiras","atletas","atletismo","Benfica","Sporting","transfer\u00eancias"],"articleSection":["Desporto"],"inLanguage":"pt-PT"},{"@type":"WebPage","@id":"https:\/\/portaltela.pt\/noticias\/2026\/01\/09\/sporting-garante-tatiana-pereira-mais-uma-ex-benfica\/","url":"https:\/\/portaltela.pt\/noticias\/2026\/01\/09\/sporting-garante-tatiana-pereira-mais-uma-ex-benfica\/","name":"Sporting garante Tatiana Pereira, mais uma ex-Benfica - Portal Tela Portugal","isPartOf":{"@id":"https:\/\/portaltela.pt\/#website"},"primaryImageOfPage":{"@id":"https:\/\/portaltela.pt\/noticias\/2026\/01\/09\/sporting-garante-tatiana-pereira-mais-uma-ex-benfica\/#primaryimage"},"image":{"@id":"https:\/\/portaltela.pt\/noticias\/2026\/01\/09\/sporting-garante-tatiana-pereira-mais-uma-ex-benfica\/#primaryimage"},"thumbnailUrl":"https:\/\/portaltela.pt\/s.01k8rhncp4jt1\/2026\/01\/img_920x518uu2026-01-09-17-24-27-2413780.jpg","datePublished":"2026-01-09T17:26:50+00:00","author":{"@id":"https:\/\/portaltela.pt\/#\/schema\/person\/c4278d4a6028830caff9ee44b42d32ed"},"breadcrumb":{"@id":"https:\/\/portaltela.pt\/noticias\/2026\/01\/09\/sporting-garante-tatiana-pereira-mais-uma-ex-benfica\/#breadcrumb"},"inLanguage":"pt-PT","potentialAction":[{"@type":"ReadAction","target":["https:\/\/portaltela.pt\/noticias\/2026\/01\/09\/sporting-garante-tatiana-pereira-mais-uma-ex-benfica\/"]}]},{"@type":"ImageObject","inLanguage":"pt-PT","@id":"https:\/\/portaltela.pt\/noticias\/2026\/01\/09\/sporting-garante-tatiana-pereira-mais-uma-ex-benfica\/#primaryimage","url":"https:\/\/portaltela.pt\/s.01k8rhncp4jt1\/2026\/01\/img_920x518uu2026-01-09-17-24-27-2413780.jpg","contentUrl":"https:\/\/portaltela.pt\/s.01k8rhncp4jt1\/2026\/01\/img_920x518uu2026-01-09-17-24-27-2413780.jpg","width":796,"height":448,"caption":"Tatiana Pereira tem 19 anos"},{"@type":"BreadcrumbList","@id":"https:\/\/portaltela.pt\/noticias\/2026\/01\/09\/sporting-garante-tatiana-pereira-mais-uma-ex-benfica\/#breadcrumb","itemListElement":[{"@type":"ListItem","position":1,"name":"In\u00edcio","item":"https:\/\/portaltela.pt\/"},{"@type":"ListItem","position":2,"name":"Sporting garante Tatiana Pereira, mais uma ex-Benfica"}]},{"@type":"WebSite","@id":"https:\/\/portaltela.pt\/#website","url":"https:\/\/portaltela.pt\/","name":"Portal Tela Portugal","description":"","potentialAction":[{"@type":"SearchAction","target":{"@type":"EntryPoint","urlTemplate":"https:\/\/portaltela.pt\/?s={search_term_string}"},"query-input":{"@type":"PropertyValueSpecification","valueRequired":true,"valueName":"search_term_string"}}],"inLanguage":"pt-PT"},{"@type":"Person","@id":"https:\/\/portaltela.pt\/#\/schema\/person\/c4278d4a6028830caff9ee44b42d32ed","name":"Telinha","image":{"@type":"ImageObject","inLanguage":"pt-PT","@id":"https:\/\/portaltela.pt\/s.01k8rhncp4jt1\/2025\/11\/talking-bot-125x125.png","url":"https:\/\/portaltela.pt\/s.01k8rhncp4jt1\/2025\/11\/talking-bot-125x125.png","contentUrl":"https:\/\/portaltela.pt\/s.01k8rhncp4jt1\/2025\/11\/talking-bot-125x125.png","caption":"Telinha"},"sameAs":["https:\/\/portaltela.pt\/"],"url":"https:\/\/portaltela.pt\/por\/367410592786\/"}]}},"_links":{"self":[{"href":"https:\/\/portaltela.pt\/api\/wp\/v2\/posts\/129027","targetHints":{"allow":["GET"]}}],"collection":[{"href":"https:\/\/portaltela.pt\/api\/wp\/v2\/posts"}],"about":[{"href":"https:\/\/portaltela.pt\/api\/wp\/v2\/types\/post"}],"author":[{"embeddable":true,"href":"https:\/\/portaltela.pt\/api\/wp\/v2\/users\/2"}],"replies":[{"embeddable":true,"href":"https:\/\/portaltela.pt\/api\/wp\/v2\/comments?post=129027"}],"version-history":[{"count":0,"href":"https:\/\/portaltela.pt\/api\/wp\/v2\/posts\/129027\/revisions"}],"wp:featuredmedia":[{"embeddable":true,"href":"https:\/\/portaltela.pt\/api\/wp\/v2\/media\/129037"}],"wp:attachment":[{"href":"https:\/\/portaltela.pt\/api\/wp\/v2\/media?parent=129027"}],"wp:term":[{"taxonomy":"category","embeddable":true,"href":"https:\/\/portaltela.pt\/api\/wp\/v2\/categories?post=129027"},{"taxonomy":"post_tag","embeddable":true,"href":"https:\/\/portaltela.pt\/api\/wp\/v2\/tags?post=129027"}],"curies":[{"name":"wp","href":"https:\/\/api.w.org\/{rel}","templated":true}]}}