{"id":128863,"date":"2026-01-09T13:26:46","date_gmt":"2026-01-09T16:26:46","guid":{"rendered":"https:\/\/portaltela.pt\/noticias\/2026\/01\/09\/proximo-euromilhoes-do-mercado-fica-nas-maos-de-jorge-mendes\/"},"modified":"2026-01-09T13:26:46","modified_gmt":"2026-01-09T16:26:46","slug":"proximo-euromilhoes-do-mercado-fica-nas-maos-de-jorge-mendes","status":"publish","type":"post","link":"https:\/\/portaltela.pt\/desporto\/futebol\/2026\/01\/09\/proximo-euromilhoes-do-mercado-fica-nas-maos-de-jorge-mendes\/","title":{"rendered":"Pr\u00f3ximo Euromilh\u00f5es do mercado fica nas m\u00e3os de Jorge Mendes"},"content":{"rendered":"<p>O AZ Alkmaar entregou a gest\u00e3o da futura transfer\u00eancia de Kees Smit a Jorge Mendes. O agente portugu\u00eas foi mandatado para conduzir o que pode vir a ser a maior venda da hist\u00f3ria do clube neerland\u00eas.<\/p>\n<p>Max Huiberts, diretor t\u00e9cnico do AZ, autorizou Mendes a negociar com clubes interessados e definiu o valor m\u00ednimo de venda. O processo decorre em articula\u00e7\u00e3o com a Forza Sports Group, representante do jogador.<\/p>\n<p>Interesse de clubes europeus<\/p>\n<p>Smit, internacional neerland\u00eas sub-19 e campe\u00e3o europeu de escal\u00e3o, est\u00e1 no centro do mercado no pr\u00f3ximo ver\u00e3o. O AZ lembra que o extremo ainda tem contrato at\u00e9 2028 e que propostas muito altas n\u00e3o refletem o cen\u00e1rio atual.<\/p>\n<p>Desempenho e proje\u00e7\u00e3o<\/p>\n<p>O jovem m\u00e9dio soma 58 jogos pela equipa principal do AZ, com quatro golos e sete assist\u00eancias. Huiberts afirmou que o jogador tem o acompanhamento de \u201ctodos os clubes do top-5\u201d das principais ligas europeias.<\/p>\n","protected":false},"excerpt":{"rendered":"<ul>\n<li>O AZ mandatou o agente portugu\u00eas Jorge Mendes para gerir a futura transfer\u00eancia de Kees Smit, m\u00e9dio do clube, cujo contrato vai at\u00e9 ao ver\u00e3o de 2028.<\/li>\n<li>O processo ser\u00e1 conduzido em articula\u00e7\u00e3o com a Forza Sports Group, com o objetivo de atingir a maior venda da hist\u00f3ria do Alkmaar.<\/li>\n<li>O diretor desportivo Max Huiberts afirmou que Smit \u00e9 seguido pelos clubes do top cinco das ligas e anunciou um valor m\u00ednimo de negocia\u00e7\u00e3o, rejeitando propostas pr\u00f3ximas de 60 milh\u00f5es de euros como n\u00e3o realistas.<\/li>\n<li>O interesse de grandes clubes europeus coloca Smit no centro do mercado j\u00e1 no pr\u00f3ximo ver\u00e3o, com poss\u00edvel sa\u00edda no inverno ainda em estudo.<\/li>\n<li>O jogador soma 58 jogos pela equipa principal do AZ, com quatro golos e sete assist\u00eancias, e \u00e9 internacional neerland\u00eas sub-19 e campe\u00e3o europeu nessa categoria.<\/li>\n<\/ul>\n","protected":false},"author":2,"featured_media":128869,"comment_status":"closed","ping_status":"closed","sticky":false,"template":"","format":"standard","meta":{"footnotes":""},"categories":[21,24],"tags":[1231,32,2432,2041,50,2050],"class_list":["post-128863","post","type-post","status-publish","format-standard","has-post-thumbnail","hentry","category-desporto","category-futebol","tag-az-alkmaar","tag-futebol","tag-interesses-internacionais","tag-jorge-mendes","tag-mercado-da-bola","tag-transferencias"],"yoast_head":"<!-- This site is optimized with the Yoast SEO plugin v27.2 - https:\/\/yoast.com\/product\/yoast-seo-wordpress\/ -->\n<title>Pr\u00f3ximo Euromilh\u00f5es do mercado fica nas m\u00e3os de Jorge Mendes - Portal Tela Portugal<\/title>\n<meta name=\"robots\" content=\"index, follow, max-snippet:-1, max-image-preview:large, max-video-preview:-1\" \/>\n<meta property=\"og:locale\" content=\"pt_PT\" \/>\n<meta property=\"og:type\" content=\"article\" \/>\n<meta property=\"og:title\" content=\"Pr\u00f3ximo Euromilh\u00f5es do mercado fica nas m\u00e3os de Jorge Mendes - Portal Tela Portugal\" \/>\n<meta property=\"og:description\" content=\"O AZ mandatou o agente portugu\u00eas Jorge Mendes para gerir a futura transfer\u00eancia de Kees Smit, m\u00e9dio do clube, cujo contrato vai at\u00e9 ao ver\u00e3o de 2028. O processo ser\u00e1 conduzido em articula\u00e7\u00e3o com a Forza Sports Group, com o objetivo de atingir a maior venda da hist\u00f3ria do Alkmaar. O diretor desportivo Max Huiberts afirmou que Smit \u00e9 seguido pelos clubes do top cinco das ligas e anunciou um valor m\u00ednimo de negocia\u00e7\u00e3o, rejeitando propostas pr\u00f3ximas de 60 milh\u00f5es de euros como n\u00e3o realistas. O interesse de grandes clubes europeus coloca Smit no centro do mercado j\u00e1 no pr\u00f3ximo ver\u00e3o, com poss\u00edvel sa\u00edda no inverno ainda em estudo. O jogador soma 58 jogos pela equipa principal do AZ, com quatro golos e sete assist\u00eancias, e \u00e9 internacional neerland\u00eas sub-19 e campe\u00e3o europeu nessa categoria.\" \/>\n<meta property=\"og:url\" content=\"https:\/\/portaltela.pt\/noticias\/2026\/01\/09\/proximo-euromilhoes-do-mercado-fica-nas-maos-de-jorge-mendes\/\" \/>\n<meta property=\"og:site_name\" content=\"Portal Tela Portugal\" \/>\n<meta property=\"article:published_time\" content=\"2026-01-09T16:26:46+00:00\" \/>\n<meta name=\"author\" content=\"Telinha\" \/>\n<meta name=\"twitter:card\" content=\"summary_large_image\" \/>\n<meta name=\"twitter:label1\" content=\"Escrito por\" \/>\n\t<meta name=\"twitter:data1\" content=\"Telinha\" \/>\n\t<meta name=\"twitter:label2\" content=\"Tempo estimado de leitura\" \/>\n\t<meta name=\"twitter:data2\" content=\"1 minuto\" \/>\n<script type=\"application\/ld+json\" class=\"yoast-schema-graph\">{\"@context\":\"https:\/\/schema.org\",\"@graph\":[{\"@type\":\"Article\",\"@id\":\"https:\/\/portaltela.pt\/noticias\/2026\/01\/09\/proximo-euromilhoes-do-mercado-fica-nas-maos-de-jorge-mendes\/#article\",\"isPartOf\":{\"@id\":\"https:\/\/portaltela.pt\/noticias\/2026\/01\/09\/proximo-euromilhoes-do-mercado-fica-nas-maos-de-jorge-mendes\/\"},\"author\":{\"name\":\"Telinha\",\"@id\":\"https:\/\/portaltela.pt\/#\/schema\/person\/c4278d4a6028830caff9ee44b42d32ed\"},\"headline\":\"Pr\u00f3ximo Euromilh\u00f5es do mercado fica nas m\u00e3os de Jorge Mendes\",\"datePublished\":\"2026-01-09T16:26:46+00:00\",\"mainEntityOfPage\":{\"@id\":\"https:\/\/portaltela.pt\/noticias\/2026\/01\/09\/proximo-euromilhoes-do-mercado-fica-nas-maos-de-jorge-mendes\/\"},\"wordCount\":178,\"image\":{\"@id\":\"https:\/\/portaltela.pt\/noticias\/2026\/01\/09\/proximo-euromilhoes-do-mercado-fica-nas-maos-de-jorge-mendes\/#primaryimage\"},\"thumbnailUrl\":\"https:\/\/portaltela.pt\/s.01k8rhncp4jt1\/2026\/01\/e5edca20-e748-488e-aa02-38a63a585ca6.jpg\",\"keywords\":[\"AZ Alkmaar\",\"futebol\",\"interesses internacionais\",\"Jorge Mendes\",\"mercado da bola\",\"transfer\u00eancias\"],\"articleSection\":[\"Desporto\",\"Futebol\"],\"inLanguage\":\"pt-PT\"},{\"@type\":\"WebPage\",\"@id\":\"https:\/\/portaltela.pt\/noticias\/2026\/01\/09\/proximo-euromilhoes-do-mercado-fica-nas-maos-de-jorge-mendes\/\",\"url\":\"https:\/\/portaltela.pt\/noticias\/2026\/01\/09\/proximo-euromilhoes-do-mercado-fica-nas-maos-de-jorge-mendes\/\",\"name\":\"Pr\u00f3ximo Euromilh\u00f5es do mercado fica nas m\u00e3os de Jorge Mendes - Portal Tela Portugal\",\"isPartOf\":{\"@id\":\"https:\/\/portaltela.pt\/#website\"},\"primaryImageOfPage\":{\"@id\":\"https:\/\/portaltela.pt\/noticias\/2026\/01\/09\/proximo-euromilhoes-do-mercado-fica-nas-maos-de-jorge-mendes\/#primaryimage\"},\"image\":{\"@id\":\"https:\/\/portaltela.pt\/noticias\/2026\/01\/09\/proximo-euromilhoes-do-mercado-fica-nas-maos-de-jorge-mendes\/#primaryimage\"},\"thumbnailUrl\":\"https:\/\/portaltela.pt\/s.01k8rhncp4jt1\/2026\/01\/e5edca20-e748-488e-aa02-38a63a585ca6.jpg\",\"datePublished\":\"2026-01-09T16:26:46+00:00\",\"author\":{\"@id\":\"https:\/\/portaltela.pt\/#\/schema\/person\/c4278d4a6028830caff9ee44b42d32ed\"},\"breadcrumb\":{\"@id\":\"https:\/\/portaltela.pt\/noticias\/2026\/01\/09\/proximo-euromilhoes-do-mercado-fica-nas-maos-de-jorge-mendes\/#breadcrumb\"},\"inLanguage\":\"pt-PT\",\"potentialAction\":[{\"@type\":\"ReadAction\",\"target\":[\"https:\/\/portaltela.pt\/noticias\/2026\/01\/09\/proximo-euromilhoes-do-mercado-fica-nas-maos-de-jorge-mendes\/\"]}]},{\"@type\":\"ImageObject\",\"inLanguage\":\"pt-PT\",\"@id\":\"https:\/\/portaltela.pt\/noticias\/2026\/01\/09\/proximo-euromilhoes-do-mercado-fica-nas-maos-de-jorge-mendes\/#primaryimage\",\"url\":\"https:\/\/portaltela.pt\/s.01k8rhncp4jt1\/2026\/01\/e5edca20-e748-488e-aa02-38a63a585ca6.jpg\",\"contentUrl\":\"https:\/\/portaltela.pt\/s.01k8rhncp4jt1\/2026\/01\/e5edca20-e748-488e-aa02-38a63a585ca6.jpg\",\"width\":796,\"height\":448,\"caption\":\"Kees Smit, m\u00e9dio do AZ Alkmaar\"},{\"@type\":\"BreadcrumbList\",\"@id\":\"https:\/\/portaltela.pt\/noticias\/2026\/01\/09\/proximo-euromilhoes-do-mercado-fica-nas-maos-de-jorge-mendes\/#breadcrumb\",\"itemListElement\":[{\"@type\":\"ListItem\",\"position\":1,\"name\":\"In\u00edcio\",\"item\":\"https:\/\/portaltela.pt\/\"},{\"@type\":\"ListItem\",\"position\":2,\"name\":\"Pr\u00f3ximo Euromilh\u00f5es do mercado fica nas m\u00e3os de Jorge Mendes\"}]},{\"@type\":\"WebSite\",\"@id\":\"https:\/\/portaltela.pt\/#website\",\"url\":\"https:\/\/portaltela.pt\/\",\"name\":\"Portal Tela Portugal\",\"description\":\"\",\"potentialAction\":[{\"@type\":\"SearchAction\",\"target\":{\"@type\":\"EntryPoint\",\"urlTemplate\":\"https:\/\/portaltela.pt\/?s={search_term_string}\"},\"query-input\":{\"@type\":\"PropertyValueSpecification\",\"valueRequired\":true,\"valueName\":\"search_term_string\"}}],\"inLanguage\":\"pt-PT\"},{\"@type\":\"Person\",\"@id\":\"https:\/\/portaltela.pt\/#\/schema\/person\/c4278d4a6028830caff9ee44b42d32ed\",\"name\":\"Telinha\",\"image\":{\"@type\":\"ImageObject\",\"inLanguage\":\"pt-PT\",\"@id\":\"https:\/\/portaltela.pt\/s.01k8rhncp4jt1\/2025\/11\/talking-bot-125x125.png\",\"url\":\"https:\/\/portaltela.pt\/s.01k8rhncp4jt1\/2025\/11\/talking-bot-125x125.png\",\"contentUrl\":\"https:\/\/portaltela.pt\/s.01k8rhncp4jt1\/2025\/11\/talking-bot-125x125.png\",\"caption\":\"Telinha\"},\"sameAs\":[\"https:\/\/portaltela.pt\/\"],\"url\":\"https:\/\/portaltela.pt\/por\/367410592786\/\"}]}<\/script>\n<!-- \/ Yoast SEO plugin. -->","yoast_head_json":{"title":"Pr\u00f3ximo Euromilh\u00f5es do mercado fica nas m\u00e3os de Jorge Mendes - Portal Tela Portugal","robots":{"index":"index","follow":"follow","max-snippet":"max-snippet:-1","max-image-preview":"max-image-preview:large","max-video-preview":"max-video-preview:-1"},"og_locale":"pt_PT","og_type":"article","og_title":"Pr\u00f3ximo Euromilh\u00f5es do mercado fica nas m\u00e3os de Jorge Mendes - Portal Tela Portugal","og_description":"O AZ mandatou o agente portugu\u00eas Jorge Mendes para gerir a futura transfer\u00eancia de Kees Smit, m\u00e9dio do clube, cujo contrato vai at\u00e9 ao ver\u00e3o de 2028. O processo ser\u00e1 conduzido em articula\u00e7\u00e3o com a Forza Sports Group, com o objetivo de atingir a maior venda da hist\u00f3ria do Alkmaar. O diretor desportivo Max Huiberts afirmou que Smit \u00e9 seguido pelos clubes do top cinco das ligas e anunciou um valor m\u00ednimo de negocia\u00e7\u00e3o, rejeitando propostas pr\u00f3ximas de 60 milh\u00f5es de euros como n\u00e3o realistas. O interesse de grandes clubes europeus coloca Smit no centro do mercado j\u00e1 no pr\u00f3ximo ver\u00e3o, com poss\u00edvel sa\u00edda no inverno ainda em estudo. O jogador soma 58 jogos pela equipa principal do AZ, com quatro golos e sete assist\u00eancias, e \u00e9 internacional neerland\u00eas sub-19 e campe\u00e3o europeu nessa categoria.","og_url":"https:\/\/portaltela.pt\/noticias\/2026\/01\/09\/proximo-euromilhoes-do-mercado-fica-nas-maos-de-jorge-mendes\/","og_site_name":"Portal Tela Portugal","article_published_time":"2026-01-09T16:26:46+00:00","author":"Telinha","twitter_card":"summary_large_image","twitter_misc":{"Escrito por":"Telinha","Tempo estimado de leitura":"1 minuto"},"schema":{"@context":"https:\/\/schema.org","@graph":[{"@type":"Article","@id":"https:\/\/portaltela.pt\/noticias\/2026\/01\/09\/proximo-euromilhoes-do-mercado-fica-nas-maos-de-jorge-mendes\/#article","isPartOf":{"@id":"https:\/\/portaltela.pt\/noticias\/2026\/01\/09\/proximo-euromilhoes-do-mercado-fica-nas-maos-de-jorge-mendes\/"},"author":{"name":"Telinha","@id":"https:\/\/portaltela.pt\/#\/schema\/person\/c4278d4a6028830caff9ee44b42d32ed"},"headline":"Pr\u00f3ximo Euromilh\u00f5es do mercado fica nas m\u00e3os de Jorge Mendes","datePublished":"2026-01-09T16:26:46+00:00","mainEntityOfPage":{"@id":"https:\/\/portaltela.pt\/noticias\/2026\/01\/09\/proximo-euromilhoes-do-mercado-fica-nas-maos-de-jorge-mendes\/"},"wordCount":178,"image":{"@id":"https:\/\/portaltela.pt\/noticias\/2026\/01\/09\/proximo-euromilhoes-do-mercado-fica-nas-maos-de-jorge-mendes\/#primaryimage"},"thumbnailUrl":"https:\/\/portaltela.pt\/s.01k8rhncp4jt1\/2026\/01\/e5edca20-e748-488e-aa02-38a63a585ca6.jpg","keywords":["AZ Alkmaar","futebol","interesses internacionais","Jorge Mendes","mercado da bola","transfer\u00eancias"],"articleSection":["Desporto","Futebol"],"inLanguage":"pt-PT"},{"@type":"WebPage","@id":"https:\/\/portaltela.pt\/noticias\/2026\/01\/09\/proximo-euromilhoes-do-mercado-fica-nas-maos-de-jorge-mendes\/","url":"https:\/\/portaltela.pt\/noticias\/2026\/01\/09\/proximo-euromilhoes-do-mercado-fica-nas-maos-de-jorge-mendes\/","name":"Pr\u00f3ximo Euromilh\u00f5es do mercado fica nas m\u00e3os de Jorge Mendes - Portal Tela Portugal","isPartOf":{"@id":"https:\/\/portaltela.pt\/#website"},"primaryImageOfPage":{"@id":"https:\/\/portaltela.pt\/noticias\/2026\/01\/09\/proximo-euromilhoes-do-mercado-fica-nas-maos-de-jorge-mendes\/#primaryimage"},"image":{"@id":"https:\/\/portaltela.pt\/noticias\/2026\/01\/09\/proximo-euromilhoes-do-mercado-fica-nas-maos-de-jorge-mendes\/#primaryimage"},"thumbnailUrl":"https:\/\/portaltela.pt\/s.01k8rhncp4jt1\/2026\/01\/e5edca20-e748-488e-aa02-38a63a585ca6.jpg","datePublished":"2026-01-09T16:26:46+00:00","author":{"@id":"https:\/\/portaltela.pt\/#\/schema\/person\/c4278d4a6028830caff9ee44b42d32ed"},"breadcrumb":{"@id":"https:\/\/portaltela.pt\/noticias\/2026\/01\/09\/proximo-euromilhoes-do-mercado-fica-nas-maos-de-jorge-mendes\/#breadcrumb"},"inLanguage":"pt-PT","potentialAction":[{"@type":"ReadAction","target":["https:\/\/portaltela.pt\/noticias\/2026\/01\/09\/proximo-euromilhoes-do-mercado-fica-nas-maos-de-jorge-mendes\/"]}]},{"@type":"ImageObject","inLanguage":"pt-PT","@id":"https:\/\/portaltela.pt\/noticias\/2026\/01\/09\/proximo-euromilhoes-do-mercado-fica-nas-maos-de-jorge-mendes\/#primaryimage","url":"https:\/\/portaltela.pt\/s.01k8rhncp4jt1\/2026\/01\/e5edca20-e748-488e-aa02-38a63a585ca6.jpg","contentUrl":"https:\/\/portaltela.pt\/s.01k8rhncp4jt1\/2026\/01\/e5edca20-e748-488e-aa02-38a63a585ca6.jpg","width":796,"height":448,"caption":"Kees Smit, m\u00e9dio do AZ Alkmaar"},{"@type":"BreadcrumbList","@id":"https:\/\/portaltela.pt\/noticias\/2026\/01\/09\/proximo-euromilhoes-do-mercado-fica-nas-maos-de-jorge-mendes\/#breadcrumb","itemListElement":[{"@type":"ListItem","position":1,"name":"In\u00edcio","item":"https:\/\/portaltela.pt\/"},{"@type":"ListItem","position":2,"name":"Pr\u00f3ximo Euromilh\u00f5es do mercado fica nas m\u00e3os de Jorge Mendes"}]},{"@type":"WebSite","@id":"https:\/\/portaltela.pt\/#website","url":"https:\/\/portaltela.pt\/","name":"Portal Tela Portugal","description":"","potentialAction":[{"@type":"SearchAction","target":{"@type":"EntryPoint","urlTemplate":"https:\/\/portaltela.pt\/?s={search_term_string}"},"query-input":{"@type":"PropertyValueSpecification","valueRequired":true,"valueName":"search_term_string"}}],"inLanguage":"pt-PT"},{"@type":"Person","@id":"https:\/\/portaltela.pt\/#\/schema\/person\/c4278d4a6028830caff9ee44b42d32ed","name":"Telinha","image":{"@type":"ImageObject","inLanguage":"pt-PT","@id":"https:\/\/portaltela.pt\/s.01k8rhncp4jt1\/2025\/11\/talking-bot-125x125.png","url":"https:\/\/portaltela.pt\/s.01k8rhncp4jt1\/2025\/11\/talking-bot-125x125.png","contentUrl":"https:\/\/portaltela.pt\/s.01k8rhncp4jt1\/2025\/11\/talking-bot-125x125.png","caption":"Telinha"},"sameAs":["https:\/\/portaltela.pt\/"],"url":"https:\/\/portaltela.pt\/por\/367410592786\/"}]}},"_links":{"self":[{"href":"https:\/\/portaltela.pt\/api\/wp\/v2\/posts\/128863","targetHints":{"allow":["GET"]}}],"collection":[{"href":"https:\/\/portaltela.pt\/api\/wp\/v2\/posts"}],"about":[{"href":"https:\/\/portaltela.pt\/api\/wp\/v2\/types\/post"}],"author":[{"embeddable":true,"href":"https:\/\/portaltela.pt\/api\/wp\/v2\/users\/2"}],"replies":[{"embeddable":true,"href":"https:\/\/portaltela.pt\/api\/wp\/v2\/comments?post=128863"}],"version-history":[{"count":0,"href":"https:\/\/portaltela.pt\/api\/wp\/v2\/posts\/128863\/revisions"}],"wp:featuredmedia":[{"embeddable":true,"href":"https:\/\/portaltela.pt\/api\/wp\/v2\/media\/128869"}],"wp:attachment":[{"href":"https:\/\/portaltela.pt\/api\/wp\/v2\/media?parent=128863"}],"wp:term":[{"taxonomy":"category","embeddable":true,"href":"https:\/\/portaltela.pt\/api\/wp\/v2\/categories?post=128863"},{"taxonomy":"post_tag","embeddable":true,"href":"https:\/\/portaltela.pt\/api\/wp\/v2\/tags?post=128863"}],"curies":[{"name":"wp","href":"https:\/\/api.w.org\/{rel}","templated":true}]}}