{"id":128847,"date":"2026-01-09T13:13:07","date_gmt":"2026-01-09T16:13:07","guid":{"rendered":"https:\/\/portaltela.pt\/noticias\/2026\/01\/09\/internamentos-em-cuidados-intensivos-por-gripe-aumentaram-na-ultima-semana-2\/"},"modified":"2026-01-09T13:13:07","modified_gmt":"2026-01-09T16:13:07","slug":"internamentos-em-cuidados-intensivos-por-gripe-aumentaram-na-ultima-semana-2","status":"publish","type":"post","link":"https:\/\/portaltela.pt\/noticias\/2026\/01\/09\/internamentos-em-cuidados-intensivos-por-gripe-aumentaram-na-ultima-semana-2\/","title":{"rendered":"Internamentos em cuidados intensivos por gripe aumentaram na \u00faltima semana"},"content":{"rendered":"<p>O que aconteceu: os internamentos por gripe em unidades de cuidados intensivos (UCI) aumentaram na \u00faltima semana no pa\u00eds, segundo o INSA. Entre 29 de dezembro de 2025 e 4 de janeiro de 2026 foram registados 1.340 casos de gripe e um excesso de mortalidade por todas as causas.<\/p>\n<p>Quem est\u00e1 envolvido: o boletim de vigil\u00e2ncia epidemiol\u00f3gica re\u00fane dados da Rede Portuguesa de Laborat\u00f3rios para o Diagn\u00f3stico da Gripe e Outros V\u00edrus Respirat\u00f3rios e das Unidades de Sa\u00fade que reportam SARI e gripe.<\/p>\n<p>Quando e onde: o per\u00edodo analisado \u00e9 29\/12\/2025 a 04\/01\/2026, com incid\u00eancia reportada em Portugal continental e dados de 16 UCI que enviaram informa\u00e7\u00e3o. A tend\u00eancia continua a ser monitorizada pela comunidade cient\u00edfica.<\/p>\n<p>O que aconteceu a seguir: na semana analisada, a propor\u00e7\u00e3o de gripe nas UCI foi de 18,8%, acima da semana anterior (11,3%). Foram reportados 27 casos de gripe por 16 UCI que contribu\u00edram com dados, versus 16 casos na semana anterior.<\/p>\n<p>Quem est\u00e1 envolvido nos casos: dos 27 casos, 14 tinham 65+ anos, 5 tinham entre 55 e 64, outros 5 entre 45 e 54, e 3 entre 35 e 44. Do total, 22 tinham doen\u00e7a cr\u00f3nica e 24 tinham indica\u00e7\u00e3o para vacina sazonal; 6 estavam vacinados, estado vacinal de dois n\u00e3o era conhecido.<\/p>\n<p>O que mais se sabe: foram admitidos 91 casos de infe\u00e7\u00e3o respirat\u00f3ria aguda grave (SARI) nas 15 a 16 unidades que reportaram dados, correspondendo a 11,7 casos por 100.000 habitantes. As taxas continuam mais elevadas nos idosos.<\/p>\n<p>Sobre v\u00edrus respirat\u00f3rios: 397 casos envolveram outros agentes, com o V\u00edrus Sincicial Respirat\u00f3rio (RSV) a ser o mais detetado. Desde a semana 40\/2024, 74 internamentos por RSV em crian\u00e7as com menos de 24 meses foram sinalizados pela rede VigiRSV.<\/p>\n<p>Quem \u00e9 afetado pela gripe pedi\u00e1trica: entre as crian\u00e7as internadas, 16,2% tinham at\u00e9 tr\u00eas meses, 17,9% eram prematuros, 18,2% tinham baixo peso e 5,4% necessitaram de UCI ou ventila\u00e7\u00e3o.<\/p>\n<p>Mortalariedade e demografia: registaram-se excessos de mortalidade em todas as regi\u00f5es de Portugal continental, em ambos os sexos, nos grupos et\u00e1rios entre 45 e 64 anos, 65-74, 75-84 e 85+.<\/p>\n<p>Diversidade gen\u00e9tica do SARS-CoV-2: desde a semana 21\/2025, foram analisadas 911 amostras positivas. Foram detetadas sete variantes em circula\u00e7\u00e3o, com a \u00d3micron BA.2.86 XFG a dominar, representando 60,3% dos casos sequenciados.<\/p>\n","protected":false},"excerpt":{"rendered":"<ul>\n<li>Os internamentos em cuidados intensivos por gripe aumentaram na \u00faltima semana, com 1.340 casos da doen\u00e7a e excesso de mortalidade por todas as causas, desde o in\u00edcio da \u00e9poca 2025\/2026 registados at\u00e9 agora 59.135 casos de infe\u00e7\u00e3o respirat\u00f3ria e 11.795 de gripe.<\/li>\n<li>Entre 29 de dezembro de 2025 a 04 de janeiro de 2026, a propor\u00e7\u00e3o de gripe em UCI foi de 18,8% (aumento face \u00e0 semana anterior, 11,3%), com 27 casos de gripe reportados por 16 UCI.<\/li>\n<li>Dos 27 doentes da primeira semana do ano, 14 tinham 65 anos ou mais; 22 tinham doen\u00e7a cr\u00f3nica e 24 tinham recomenda\u00e7\u00e3o de vacina\u00e7\u00e3o; seis estavam vacinados e o estado vacinal era desconhecido em dois casos.<\/li>\n<li>Foram admitidos 91 casos de infe\u00e7\u00e3o respirat\u00f3ria aguda grave (SARI) nas Unidades Locais de Sa\u00fade que participaram, correspondendo a 11,7 casos por 100 mil habitantes; as taxas continuam mais altas em pessoas de 65 ou mais anos.<\/li>\n<li>Identificaram-se outros agentes respirat\u00f3rios em 397 casos, com o V\u00edrus Sincicial Respirat\u00f3rio (RSV) a ser o mais detetado; desde a semana 40\/2024 h\u00e1 74 internamentos por RSV em crian\u00e7as com menos de 24 meses na rede de vigil\u00e2ncia VigiRSV.<\/li>\n<\/ul>\n","protected":false},"author":2,"featured_media":128852,"comment_status":"closed","ping_status":"closed","sticky":false,"template":"","format":"standard","meta":{"footnotes":""},"categories":[1],"tags":[2394,1014,172,271],"class_list":["post-128847","post","type-post","status-publish","format-standard","has-post-thumbnail","hentry","category-noticias","tag-infeccoes-respiratorias-agudas","tag-portugal","tag-saude","tag-saude-publica"],"yoast_head":"<!-- This site is optimized with the Yoast SEO plugin v27.2 - https:\/\/yoast.com\/product\/yoast-seo-wordpress\/ -->\n<title>Internamentos em cuidados intensivos por gripe aumentaram na \u00faltima semana - Portal Tela Portugal<\/title>\n<meta name=\"robots\" content=\"index, follow, max-snippet:-1, max-image-preview:large, max-video-preview:-1\" \/>\n<meta property=\"og:locale\" content=\"pt_PT\" \/>\n<meta property=\"og:type\" content=\"article\" \/>\n<meta property=\"og:title\" content=\"Internamentos em cuidados intensivos por gripe aumentaram na \u00faltima semana - Portal Tela Portugal\" \/>\n<meta property=\"og:description\" content=\"Os internamentos em cuidados intensivos por gripe aumentaram na \u00faltima semana, com 1.340 casos da doen\u00e7a e excesso de mortalidade por todas as causas, desde o in\u00edcio da \u00e9poca 2025\/2026 registados at\u00e9 agora 59.135 casos de infe\u00e7\u00e3o respirat\u00f3ria e 11.795 de gripe. Entre 29 de dezembro de 2025 a 04 de janeiro de 2026, a propor\u00e7\u00e3o de gripe em UCI foi de 18,8% (aumento face \u00e0 semana anterior, 11,3%), com 27 casos de gripe reportados por 16 UCI. Dos 27 doentes da primeira semana do ano, 14 tinham 65 anos ou mais; 22 tinham doen\u00e7a cr\u00f3nica e 24 tinham recomenda\u00e7\u00e3o de vacina\u00e7\u00e3o; seis estavam vacinados e o estado vacinal era desconhecido em dois casos. Foram admitidos 91 casos de infe\u00e7\u00e3o respirat\u00f3ria aguda grave (SARI) nas Unidades Locais de Sa\u00fade que participaram, correspondendo a 11,7 casos por 100 mil habitantes; as taxas continuam mais altas em pessoas de 65 ou mais anos. Identificaram-se outros agentes respirat\u00f3rios em 397 casos, com o V\u00edrus Sincicial Respirat\u00f3rio (RSV) a ser o mais detetado; desde a semana 40\/2024 h\u00e1 74 internamentos por RSV em crian\u00e7as com menos de 24 meses na rede de vigil\u00e2ncia VigiRSV.\" \/>\n<meta property=\"og:url\" content=\"https:\/\/portaltela.pt\/noticias\/2026\/01\/09\/internamentos-em-cuidados-intensivos-por-gripe-aumentaram-na-ultima-semana-2\/\" \/>\n<meta property=\"og:site_name\" content=\"Portal Tela Portugal\" \/>\n<meta property=\"article:published_time\" content=\"2026-01-09T16:13:07+00:00\" \/>\n<meta name=\"author\" content=\"Telinha\" \/>\n<meta name=\"twitter:card\" content=\"summary_large_image\" \/>\n<meta name=\"twitter:label1\" content=\"Escrito por\" \/>\n\t<meta name=\"twitter:data1\" content=\"Telinha\" \/>\n\t<meta name=\"twitter:label2\" content=\"Tempo estimado de leitura\" \/>\n\t<meta name=\"twitter:data2\" content=\"2 minutos\" \/>\n<script type=\"application\/ld+json\" class=\"yoast-schema-graph\">{\"@context\":\"https:\/\/schema.org\",\"@graph\":[{\"@type\":\"Article\",\"@id\":\"https:\/\/portaltela.pt\/noticias\/2026\/01\/09\/internamentos-em-cuidados-intensivos-por-gripe-aumentaram-na-ultima-semana-2\/#article\",\"isPartOf\":{\"@id\":\"https:\/\/portaltela.pt\/noticias\/2026\/01\/09\/internamentos-em-cuidados-intensivos-por-gripe-aumentaram-na-ultima-semana-2\/\"},\"author\":{\"name\":\"Telinha\",\"@id\":\"https:\/\/portaltela.pt\/#\/schema\/person\/c4278d4a6028830caff9ee44b42d32ed\"},\"headline\":\"Internamentos em cuidados intensivos por gripe aumentaram na \u00faltima semana\",\"datePublished\":\"2026-01-09T16:13:07+00:00\",\"mainEntityOfPage\":{\"@id\":\"https:\/\/portaltela.pt\/noticias\/2026\/01\/09\/internamentos-em-cuidados-intensivos-por-gripe-aumentaram-na-ultima-semana-2\/\"},\"wordCount\":372,\"image\":{\"@id\":\"https:\/\/portaltela.pt\/noticias\/2026\/01\/09\/internamentos-em-cuidados-intensivos-por-gripe-aumentaram-na-ultima-semana-2\/#primaryimage\"},\"thumbnailUrl\":\"https:\/\/portaltela.pt\/s.01k8rhncp4jt1\/2026\/01\/Internamento_Hospital.jpg\",\"keywords\":[\"infec\u00e7\u00f5es respirat\u00f3rias agudas\",\"Portugal\",\"sa\u00fade\",\"sa\u00fade p\u00fablica\"],\"articleSection\":[\"Not\u00edcias\"],\"inLanguage\":\"pt-PT\"},{\"@type\":\"WebPage\",\"@id\":\"https:\/\/portaltela.pt\/noticias\/2026\/01\/09\/internamentos-em-cuidados-intensivos-por-gripe-aumentaram-na-ultima-semana-2\/\",\"url\":\"https:\/\/portaltela.pt\/noticias\/2026\/01\/09\/internamentos-em-cuidados-intensivos-por-gripe-aumentaram-na-ultima-semana-2\/\",\"name\":\"Internamentos em cuidados intensivos por gripe aumentaram na \u00faltima semana - Portal Tela Portugal\",\"isPartOf\":{\"@id\":\"https:\/\/portaltela.pt\/#website\"},\"primaryImageOfPage\":{\"@id\":\"https:\/\/portaltela.pt\/noticias\/2026\/01\/09\/internamentos-em-cuidados-intensivos-por-gripe-aumentaram-na-ultima-semana-2\/#primaryimage\"},\"image\":{\"@id\":\"https:\/\/portaltela.pt\/noticias\/2026\/01\/09\/internamentos-em-cuidados-intensivos-por-gripe-aumentaram-na-ultima-semana-2\/#primaryimage\"},\"thumbnailUrl\":\"https:\/\/portaltela.pt\/s.01k8rhncp4jt1\/2026\/01\/Internamento_Hospital.jpg\",\"datePublished\":\"2026-01-09T16:13:07+00:00\",\"author\":{\"@id\":\"https:\/\/portaltela.pt\/#\/schema\/person\/c4278d4a6028830caff9ee44b42d32ed\"},\"breadcrumb\":{\"@id\":\"https:\/\/portaltela.pt\/noticias\/2026\/01\/09\/internamentos-em-cuidados-intensivos-por-gripe-aumentaram-na-ultima-semana-2\/#breadcrumb\"},\"inLanguage\":\"pt-PT\",\"potentialAction\":[{\"@type\":\"ReadAction\",\"target\":[\"https:\/\/portaltela.pt\/noticias\/2026\/01\/09\/internamentos-em-cuidados-intensivos-por-gripe-aumentaram-na-ultima-semana-2\/\"]}]},{\"@type\":\"ImageObject\",\"inLanguage\":\"pt-PT\",\"@id\":\"https:\/\/portaltela.pt\/noticias\/2026\/01\/09\/internamentos-em-cuidados-intensivos-por-gripe-aumentaram-na-ultima-semana-2\/#primaryimage\",\"url\":\"https:\/\/portaltela.pt\/s.01k8rhncp4jt1\/2026\/01\/Internamento_Hospital.jpg\",\"contentUrl\":\"https:\/\/portaltela.pt\/s.01k8rhncp4jt1\/2026\/01\/Internamento_Hospital.jpg\",\"width\":796,\"height\":448,\"caption\":\"Internamentos em cuidados intensivos por gripe aumentaram na \u00faltima semana\"},{\"@type\":\"BreadcrumbList\",\"@id\":\"https:\/\/portaltela.pt\/noticias\/2026\/01\/09\/internamentos-em-cuidados-intensivos-por-gripe-aumentaram-na-ultima-semana-2\/#breadcrumb\",\"itemListElement\":[{\"@type\":\"ListItem\",\"position\":1,\"name\":\"In\u00edcio\",\"item\":\"https:\/\/portaltela.pt\/\"},{\"@type\":\"ListItem\",\"position\":2,\"name\":\"Internamentos em cuidados intensivos por gripe aumentaram na \u00faltima semana\"}]},{\"@type\":\"WebSite\",\"@id\":\"https:\/\/portaltela.pt\/#website\",\"url\":\"https:\/\/portaltela.pt\/\",\"name\":\"Portal Tela Portugal\",\"description\":\"\",\"potentialAction\":[{\"@type\":\"SearchAction\",\"target\":{\"@type\":\"EntryPoint\",\"urlTemplate\":\"https:\/\/portaltela.pt\/?s={search_term_string}\"},\"query-input\":{\"@type\":\"PropertyValueSpecification\",\"valueRequired\":true,\"valueName\":\"search_term_string\"}}],\"inLanguage\":\"pt-PT\"},{\"@type\":\"Person\",\"@id\":\"https:\/\/portaltela.pt\/#\/schema\/person\/c4278d4a6028830caff9ee44b42d32ed\",\"name\":\"Telinha\",\"image\":{\"@type\":\"ImageObject\",\"inLanguage\":\"pt-PT\",\"@id\":\"https:\/\/portaltela.pt\/s.01k8rhncp4jt1\/2025\/11\/talking-bot-125x125.png\",\"url\":\"https:\/\/portaltela.pt\/s.01k8rhncp4jt1\/2025\/11\/talking-bot-125x125.png\",\"contentUrl\":\"https:\/\/portaltela.pt\/s.01k8rhncp4jt1\/2025\/11\/talking-bot-125x125.png\",\"caption\":\"Telinha\"},\"sameAs\":[\"https:\/\/portaltela.pt\/\"],\"url\":\"https:\/\/portaltela.pt\/por\/367410592786\/\"}]}<\/script>\n<!-- \/ Yoast SEO plugin. -->","yoast_head_json":{"title":"Internamentos em cuidados intensivos por gripe aumentaram na \u00faltima semana - Portal Tela Portugal","robots":{"index":"index","follow":"follow","max-snippet":"max-snippet:-1","max-image-preview":"max-image-preview:large","max-video-preview":"max-video-preview:-1"},"og_locale":"pt_PT","og_type":"article","og_title":"Internamentos em cuidados intensivos por gripe aumentaram na \u00faltima semana - Portal Tela Portugal","og_description":"Os internamentos em cuidados intensivos por gripe aumentaram na \u00faltima semana, com 1.340 casos da doen\u00e7a e excesso de mortalidade por todas as causas, desde o in\u00edcio da \u00e9poca 2025\/2026 registados at\u00e9 agora 59.135 casos de infe\u00e7\u00e3o respirat\u00f3ria e 11.795 de gripe. Entre 29 de dezembro de 2025 a 04 de janeiro de 2026, a propor\u00e7\u00e3o de gripe em UCI foi de 18,8% (aumento face \u00e0 semana anterior, 11,3%), com 27 casos de gripe reportados por 16 UCI. Dos 27 doentes da primeira semana do ano, 14 tinham 65 anos ou mais; 22 tinham doen\u00e7a cr\u00f3nica e 24 tinham recomenda\u00e7\u00e3o de vacina\u00e7\u00e3o; seis estavam vacinados e o estado vacinal era desconhecido em dois casos. Foram admitidos 91 casos de infe\u00e7\u00e3o respirat\u00f3ria aguda grave (SARI) nas Unidades Locais de Sa\u00fade que participaram, correspondendo a 11,7 casos por 100 mil habitantes; as taxas continuam mais altas em pessoas de 65 ou mais anos. Identificaram-se outros agentes respirat\u00f3rios em 397 casos, com o V\u00edrus Sincicial Respirat\u00f3rio (RSV) a ser o mais detetado; desde a semana 40\/2024 h\u00e1 74 internamentos por RSV em crian\u00e7as com menos de 24 meses na rede de vigil\u00e2ncia VigiRSV.","og_url":"https:\/\/portaltela.pt\/noticias\/2026\/01\/09\/internamentos-em-cuidados-intensivos-por-gripe-aumentaram-na-ultima-semana-2\/","og_site_name":"Portal Tela Portugal","article_published_time":"2026-01-09T16:13:07+00:00","author":"Telinha","twitter_card":"summary_large_image","twitter_misc":{"Escrito por":"Telinha","Tempo estimado de leitura":"2 minutos"},"schema":{"@context":"https:\/\/schema.org","@graph":[{"@type":"Article","@id":"https:\/\/portaltela.pt\/noticias\/2026\/01\/09\/internamentos-em-cuidados-intensivos-por-gripe-aumentaram-na-ultima-semana-2\/#article","isPartOf":{"@id":"https:\/\/portaltela.pt\/noticias\/2026\/01\/09\/internamentos-em-cuidados-intensivos-por-gripe-aumentaram-na-ultima-semana-2\/"},"author":{"name":"Telinha","@id":"https:\/\/portaltela.pt\/#\/schema\/person\/c4278d4a6028830caff9ee44b42d32ed"},"headline":"Internamentos em cuidados intensivos por gripe aumentaram na \u00faltima semana","datePublished":"2026-01-09T16:13:07+00:00","mainEntityOfPage":{"@id":"https:\/\/portaltela.pt\/noticias\/2026\/01\/09\/internamentos-em-cuidados-intensivos-por-gripe-aumentaram-na-ultima-semana-2\/"},"wordCount":372,"image":{"@id":"https:\/\/portaltela.pt\/noticias\/2026\/01\/09\/internamentos-em-cuidados-intensivos-por-gripe-aumentaram-na-ultima-semana-2\/#primaryimage"},"thumbnailUrl":"https:\/\/portaltela.pt\/s.01k8rhncp4jt1\/2026\/01\/Internamento_Hospital.jpg","keywords":["infec\u00e7\u00f5es respirat\u00f3rias agudas","Portugal","sa\u00fade","sa\u00fade p\u00fablica"],"articleSection":["Not\u00edcias"],"inLanguage":"pt-PT"},{"@type":"WebPage","@id":"https:\/\/portaltela.pt\/noticias\/2026\/01\/09\/internamentos-em-cuidados-intensivos-por-gripe-aumentaram-na-ultima-semana-2\/","url":"https:\/\/portaltela.pt\/noticias\/2026\/01\/09\/internamentos-em-cuidados-intensivos-por-gripe-aumentaram-na-ultima-semana-2\/","name":"Internamentos em cuidados intensivos por gripe aumentaram na \u00faltima semana - Portal Tela Portugal","isPartOf":{"@id":"https:\/\/portaltela.pt\/#website"},"primaryImageOfPage":{"@id":"https:\/\/portaltela.pt\/noticias\/2026\/01\/09\/internamentos-em-cuidados-intensivos-por-gripe-aumentaram-na-ultima-semana-2\/#primaryimage"},"image":{"@id":"https:\/\/portaltela.pt\/noticias\/2026\/01\/09\/internamentos-em-cuidados-intensivos-por-gripe-aumentaram-na-ultima-semana-2\/#primaryimage"},"thumbnailUrl":"https:\/\/portaltela.pt\/s.01k8rhncp4jt1\/2026\/01\/Internamento_Hospital.jpg","datePublished":"2026-01-09T16:13:07+00:00","author":{"@id":"https:\/\/portaltela.pt\/#\/schema\/person\/c4278d4a6028830caff9ee44b42d32ed"},"breadcrumb":{"@id":"https:\/\/portaltela.pt\/noticias\/2026\/01\/09\/internamentos-em-cuidados-intensivos-por-gripe-aumentaram-na-ultima-semana-2\/#breadcrumb"},"inLanguage":"pt-PT","potentialAction":[{"@type":"ReadAction","target":["https:\/\/portaltela.pt\/noticias\/2026\/01\/09\/internamentos-em-cuidados-intensivos-por-gripe-aumentaram-na-ultima-semana-2\/"]}]},{"@type":"ImageObject","inLanguage":"pt-PT","@id":"https:\/\/portaltela.pt\/noticias\/2026\/01\/09\/internamentos-em-cuidados-intensivos-por-gripe-aumentaram-na-ultima-semana-2\/#primaryimage","url":"https:\/\/portaltela.pt\/s.01k8rhncp4jt1\/2026\/01\/Internamento_Hospital.jpg","contentUrl":"https:\/\/portaltela.pt\/s.01k8rhncp4jt1\/2026\/01\/Internamento_Hospital.jpg","width":796,"height":448,"caption":"Internamentos em cuidados intensivos por gripe aumentaram na \u00faltima semana"},{"@type":"BreadcrumbList","@id":"https:\/\/portaltela.pt\/noticias\/2026\/01\/09\/internamentos-em-cuidados-intensivos-por-gripe-aumentaram-na-ultima-semana-2\/#breadcrumb","itemListElement":[{"@type":"ListItem","position":1,"name":"In\u00edcio","item":"https:\/\/portaltela.pt\/"},{"@type":"ListItem","position":2,"name":"Internamentos em cuidados intensivos por gripe aumentaram na \u00faltima semana"}]},{"@type":"WebSite","@id":"https:\/\/portaltela.pt\/#website","url":"https:\/\/portaltela.pt\/","name":"Portal Tela Portugal","description":"","potentialAction":[{"@type":"SearchAction","target":{"@type":"EntryPoint","urlTemplate":"https:\/\/portaltela.pt\/?s={search_term_string}"},"query-input":{"@type":"PropertyValueSpecification","valueRequired":true,"valueName":"search_term_string"}}],"inLanguage":"pt-PT"},{"@type":"Person","@id":"https:\/\/portaltela.pt\/#\/schema\/person\/c4278d4a6028830caff9ee44b42d32ed","name":"Telinha","image":{"@type":"ImageObject","inLanguage":"pt-PT","@id":"https:\/\/portaltela.pt\/s.01k8rhncp4jt1\/2025\/11\/talking-bot-125x125.png","url":"https:\/\/portaltela.pt\/s.01k8rhncp4jt1\/2025\/11\/talking-bot-125x125.png","contentUrl":"https:\/\/portaltela.pt\/s.01k8rhncp4jt1\/2025\/11\/talking-bot-125x125.png","caption":"Telinha"},"sameAs":["https:\/\/portaltela.pt\/"],"url":"https:\/\/portaltela.pt\/por\/367410592786\/"}]}},"_links":{"self":[{"href":"https:\/\/portaltela.pt\/api\/wp\/v2\/posts\/128847","targetHints":{"allow":["GET"]}}],"collection":[{"href":"https:\/\/portaltela.pt\/api\/wp\/v2\/posts"}],"about":[{"href":"https:\/\/portaltela.pt\/api\/wp\/v2\/types\/post"}],"author":[{"embeddable":true,"href":"https:\/\/portaltela.pt\/api\/wp\/v2\/users\/2"}],"replies":[{"embeddable":true,"href":"https:\/\/portaltela.pt\/api\/wp\/v2\/comments?post=128847"}],"version-history":[{"count":0,"href":"https:\/\/portaltela.pt\/api\/wp\/v2\/posts\/128847\/revisions"}],"wp:featuredmedia":[{"embeddable":true,"href":"https:\/\/portaltela.pt\/api\/wp\/v2\/media\/128852"}],"wp:attachment":[{"href":"https:\/\/portaltela.pt\/api\/wp\/v2\/media?parent=128847"}],"wp:term":[{"taxonomy":"category","embeddable":true,"href":"https:\/\/portaltela.pt\/api\/wp\/v2\/categories?post=128847"},{"taxonomy":"post_tag","embeddable":true,"href":"https:\/\/portaltela.pt\/api\/wp\/v2\/tags?post=128847"}],"curies":[{"name":"wp","href":"https:\/\/api.w.org\/{rel}","templated":true}]}}