{"id":128820,"date":"2026-01-09T13:23:47","date_gmt":"2026-01-09T16:23:47","guid":{"rendered":"https:\/\/portaltela.pt\/noticias\/2026\/01\/09\/internamentos-em-cuidados-intensivos-por-gripe-aumentaram-na-ultima-semana\/"},"modified":"2026-01-09T13:23:47","modified_gmt":"2026-01-09T16:23:47","slug":"internamentos-em-cuidados-intensivos-por-gripe-aumentaram-na-ultima-semana","status":"publish","type":"post","link":"https:\/\/portaltela.pt\/noticias\/2026\/01\/09\/internamentos-em-cuidados-intensivos-por-gripe-aumentaram-na-ultima-semana\/","title":{"rendered":"Internamentos em cuidados intensivos por gripe aumentaram na \u00faltima semana"},"content":{"rendered":"<p>O aumento dos internamentos em unidades de cuidados intensivos (UCI) por gripe foi confirmado pelo INSA nesta semana. Entre 29 de dezembro e 4 de janeiro de 2026 observaram-se 1.340 casos de gripe e um excedente de mortalidade por todas as causas.<\/p>\n<p>Desde o in\u00edcio da \u00e9poca 2025\/2026, os laborat\u00f3rios da Rede Portuguesa notificaram 59.135 infe\u00e7\u00f5es respirat\u00f3rias e identificaram 11.795 casos de gripe. A propor\u00e7\u00e3o de gripe em UCI foi de 18,8%, face a 11,3% na semana anterior.<\/p>\n<p>Entre os 27 casos de gripe reportados por 16 UCI, 14 s\u00e3o de pessoas com 65 anos ou mais. H\u00e1 ainda cinco entre 55 e 64, cinco entre 45 e 54 e tr\u00eas entre 35 e 44. Do total, 22 tinham doen\u00e7a cr\u00f3nica e 24 tinham indica\u00e7\u00e3o para vacina\u00e7\u00e3o.<\/p>\n<h3>Dados da gripe e SARI<\/h3>\n<p>Na semana em an\u00e1lise foi registada a admiss\u00e3o de 91 casos de infe\u00e7\u00e3o respirat\u00f3ria aguda grave (SARI) em  unidades que reportaram dados, o que representa 11,7 casos por 100 mil habitantes. As taxas de SARI mant\u00eam-se elevadas em maiores de 65 anos.<\/p>\n<p>Foram identificados ainda 397 casos com outros agentes respirat\u00f3rios; o V\u00edrus Sincicial Respirat\u00f3rio (RSV) foi o mais detetado entre estes. Desde a semana 40\/2024, foram reportadas 74 interna\u00e7\u00f5es por RSV em crian\u00e7as com menos de 24 meses pela vigil\u00e2ncia VigiRSV.<\/p>\n<p>Expostos dados demogr\u00e1ficos apontam que, na semana, houve excesso de mortalidade em todas as regi\u00f5es de Portugal continental, entre sexos e nos grupos et\u00e1rios 45-64, 65-74, 75-84 e 85 ou mais.<\/p>\n<p>Na \u00e1rea da vigil\u00e2ncia gen\u00e9tica do SARS\u2011CoV\u20112, desde a semana 21\/2025 foram analisadas 911 amostras positivas. Foram detetadas sete variantes em circula\u00e7\u00e3o, com a \u00d3micron BA.2.86 XFG a dominar 60,3% dos casos sequenciados.<\/p>\n<h3>Gen\u00e9tica do SARS-CoV-2<\/h3>\n<p>O INSA destaca que o acompanhamento gen\u00f3mico visa compreender a evolu\u00e7\u00e3o da covid-19 no territ\u00f3rio. O resultado mais frequente indica boa diversidade, sem indicar novo surto regional. As autoridades mant\u00eam a vigil\u00e2ncia cont\u00ednua para ajustar medidas, se necess\u00e1rio.<\/p>\n","protected":false},"excerpt":{"rendered":"<ul>\n<li>Na \u00faltima semana, os internamentos em cuidados intensivos por gripe aumentaram, com 1.340 casos de gripe e excesso de mortalidade por todas as causas registados pelo INSA.<\/li>\n<li>Desde o in\u00edcio da \u00e9poca 2025\/2026 (semana 40\/2025), foram notificados 59.135 casos de infe\u00e7\u00e3o respirat\u00f3ria e identificados 11.795 casos de gripe pela Rede Portuguesa de Laborat\u00f3rios.<\/li>\n<li>Entre 29 de dezembro de 2025 a 4 de janeiro de 2026, a propor\u00e7\u00e3o de gripe em unidades de cuidados intensivos foi de 18,8%, acima dos 11,3% da semana anterior; 27 casos de gripe foram reportados por 16 UCI.<\/li>\n<li>Foram admitidos 91 casos de infe\u00e7\u00e3o respirat\u00f3ria aguda grave (SARI) nas Unidades Locais de Sa\u00fade com dados, correspondendo a uma taxa de 11,7 por 100 mil habitantes; o V\u00edrus Sincicial Respirat\u00f3rio foi o agente mais detetado.<\/li>\n<li>Na avalia\u00e7\u00e3o da diversidade gen\u00e9tica do SARS-CoV-2, desde a semana 21 de 2025 foram analisadas 911 amostras, com sete variantes em circula\u00e7\u00e3o, destacando-se a \u00d3micron BA.2.86 XFG, presente em 60,3% dos casos sequenciados.<\/li>\n<\/ul>\n","protected":false},"author":2,"featured_media":128828,"comment_status":"closed","ping_status":"closed","sticky":false,"template":"","format":"standard","meta":{"footnotes":""},"categories":[1],"tags":[2628,2394,1014,271,374],"class_list":["post-128820","post","type-post","status-publish","format-standard","has-post-thumbnail","hentry","category-noticias","tag-genetica","tag-infeccoes-respiratorias-agudas","tag-portugal","tag-saude-publica","tag-vigilancia-epidemiologica"],"yoast_head":"<!-- This site is optimized with the Yoast SEO plugin v27.2 - https:\/\/yoast.com\/product\/yoast-seo-wordpress\/ -->\n<title>Internamentos em cuidados intensivos por gripe aumentaram na \u00faltima semana - Portal Tela Portugal<\/title>\n<meta name=\"robots\" content=\"index, follow, max-snippet:-1, max-image-preview:large, max-video-preview:-1\" \/>\n<meta property=\"og:locale\" content=\"pt_PT\" \/>\n<meta property=\"og:type\" content=\"article\" \/>\n<meta property=\"og:title\" content=\"Internamentos em cuidados intensivos por gripe aumentaram na \u00faltima semana - Portal Tela Portugal\" \/>\n<meta property=\"og:description\" content=\"Na \u00faltima semana, os internamentos em cuidados intensivos por gripe aumentaram, com 1.340 casos de gripe e excesso de mortalidade por todas as causas registados pelo INSA. Desde o in\u00edcio da \u00e9poca 2025\/2026 (semana 40\/2025), foram notificados 59.135 casos de infe\u00e7\u00e3o respirat\u00f3ria e identificados 11.795 casos de gripe pela Rede Portuguesa de Laborat\u00f3rios. Entre 29 de dezembro de 2025 a 4 de janeiro de 2026, a propor\u00e7\u00e3o de gripe em unidades de cuidados intensivos foi de 18,8%, acima dos 11,3% da semana anterior; 27 casos de gripe foram reportados por 16 UCI. Foram admitidos 91 casos de infe\u00e7\u00e3o respirat\u00f3ria aguda grave (SARI) nas Unidades Locais de Sa\u00fade com dados, correspondendo a uma taxa de 11,7 por 100 mil habitantes; o V\u00edrus Sincicial Respirat\u00f3rio foi o agente mais detetado. Na avalia\u00e7\u00e3o da diversidade gen\u00e9tica do SARS-CoV-2, desde a semana 21 de 2025 foram analisadas 911 amostras, com sete variantes em circula\u00e7\u00e3o, destacando-se a \u00d3micron BA.2.86 XFG, presente em 60,3% dos casos sequenciados.\" \/>\n<meta property=\"og:url\" content=\"https:\/\/portaltela.pt\/noticias\/2026\/01\/09\/internamentos-em-cuidados-intensivos-por-gripe-aumentaram-na-ultima-semana\/\" \/>\n<meta property=\"og:site_name\" content=\"Portal Tela Portugal\" \/>\n<meta property=\"article:published_time\" content=\"2026-01-09T16:23:47+00:00\" \/>\n<meta name=\"author\" content=\"Telinha\" \/>\n<meta name=\"twitter:card\" content=\"summary_large_image\" \/>\n<meta name=\"twitter:label1\" content=\"Escrito por\" \/>\n\t<meta name=\"twitter:data1\" content=\"Telinha\" \/>\n\t<meta name=\"twitter:label2\" content=\"Tempo estimado de leitura\" \/>\n\t<meta name=\"twitter:data2\" content=\"2 minutos\" \/>\n<script type=\"application\/ld+json\" class=\"yoast-schema-graph\">{\"@context\":\"https:\/\/schema.org\",\"@graph\":[{\"@type\":\"Article\",\"@id\":\"https:\/\/portaltela.pt\/noticias\/2026\/01\/09\/internamentos-em-cuidados-intensivos-por-gripe-aumentaram-na-ultima-semana\/#article\",\"isPartOf\":{\"@id\":\"https:\/\/portaltela.pt\/noticias\/2026\/01\/09\/internamentos-em-cuidados-intensivos-por-gripe-aumentaram-na-ultima-semana\/\"},\"author\":{\"name\":\"Telinha\",\"@id\":\"https:\/\/portaltela.pt\/#\/schema\/person\/c4278d4a6028830caff9ee44b42d32ed\"},\"headline\":\"Internamentos em cuidados intensivos por gripe aumentaram na \u00faltima semana\",\"datePublished\":\"2026-01-09T16:23:47+00:00\",\"mainEntityOfPage\":{\"@id\":\"https:\/\/portaltela.pt\/noticias\/2026\/01\/09\/internamentos-em-cuidados-intensivos-por-gripe-aumentaram-na-ultima-semana\/\"},\"wordCount\":333,\"image\":{\"@id\":\"https:\/\/portaltela.pt\/noticias\/2026\/01\/09\/internamentos-em-cuidados-intensivos-por-gripe-aumentaram-na-ultima-semana\/#primaryimage\"},\"thumbnailUrl\":\"https:\/\/portaltela.pt\/s.01k8rhncp4jt1\/2026\/01\/img_1500x1000uu2023-04-28-17-56-15-1335743-1.jpg\",\"keywords\":[\"gen\u00e9tica\",\"infec\u00e7\u00f5es respirat\u00f3rias agudas\",\"Portugal\",\"sa\u00fade p\u00fablica\",\"vigil\u00e2ncia epidemiol\u00f3gica\"],\"articleSection\":[\"Not\u00edcias\"],\"inLanguage\":\"pt-PT\"},{\"@type\":\"WebPage\",\"@id\":\"https:\/\/portaltela.pt\/noticias\/2026\/01\/09\/internamentos-em-cuidados-intensivos-por-gripe-aumentaram-na-ultima-semana\/\",\"url\":\"https:\/\/portaltela.pt\/noticias\/2026\/01\/09\/internamentos-em-cuidados-intensivos-por-gripe-aumentaram-na-ultima-semana\/\",\"name\":\"Internamentos em cuidados intensivos por gripe aumentaram na \u00faltima semana - Portal Tela Portugal\",\"isPartOf\":{\"@id\":\"https:\/\/portaltela.pt\/#website\"},\"primaryImageOfPage\":{\"@id\":\"https:\/\/portaltela.pt\/noticias\/2026\/01\/09\/internamentos-em-cuidados-intensivos-por-gripe-aumentaram-na-ultima-semana\/#primaryimage\"},\"image\":{\"@id\":\"https:\/\/portaltela.pt\/noticias\/2026\/01\/09\/internamentos-em-cuidados-intensivos-por-gripe-aumentaram-na-ultima-semana\/#primaryimage\"},\"thumbnailUrl\":\"https:\/\/portaltela.pt\/s.01k8rhncp4jt1\/2026\/01\/img_1500x1000uu2023-04-28-17-56-15-1335743-1.jpg\",\"datePublished\":\"2026-01-09T16:23:47+00:00\",\"author\":{\"@id\":\"https:\/\/portaltela.pt\/#\/schema\/person\/c4278d4a6028830caff9ee44b42d32ed\"},\"breadcrumb\":{\"@id\":\"https:\/\/portaltela.pt\/noticias\/2026\/01\/09\/internamentos-em-cuidados-intensivos-por-gripe-aumentaram-na-ultima-semana\/#breadcrumb\"},\"inLanguage\":\"pt-PT\",\"potentialAction\":[{\"@type\":\"ReadAction\",\"target\":[\"https:\/\/portaltela.pt\/noticias\/2026\/01\/09\/internamentos-em-cuidados-intensivos-por-gripe-aumentaram-na-ultima-semana\/\"]}]},{\"@type\":\"ImageObject\",\"inLanguage\":\"pt-PT\",\"@id\":\"https:\/\/portaltela.pt\/noticias\/2026\/01\/09\/internamentos-em-cuidados-intensivos-por-gripe-aumentaram-na-ultima-semana\/#primaryimage\",\"url\":\"https:\/\/portaltela.pt\/s.01k8rhncp4jt1\/2026\/01\/img_1500x1000uu2023-04-28-17-56-15-1335743-1.jpg\",\"contentUrl\":\"https:\/\/portaltela.pt\/s.01k8rhncp4jt1\/2026\/01\/img_1500x1000uu2023-04-28-17-56-15-1335743-1.jpg\",\"width\":796,\"height\":448,\"caption\":\"Enfermeiros\"},{\"@type\":\"BreadcrumbList\",\"@id\":\"https:\/\/portaltela.pt\/noticias\/2026\/01\/09\/internamentos-em-cuidados-intensivos-por-gripe-aumentaram-na-ultima-semana\/#breadcrumb\",\"itemListElement\":[{\"@type\":\"ListItem\",\"position\":1,\"name\":\"In\u00edcio\",\"item\":\"https:\/\/portaltela.pt\/\"},{\"@type\":\"ListItem\",\"position\":2,\"name\":\"Internamentos em cuidados intensivos por gripe aumentaram na \u00faltima semana\"}]},{\"@type\":\"WebSite\",\"@id\":\"https:\/\/portaltela.pt\/#website\",\"url\":\"https:\/\/portaltela.pt\/\",\"name\":\"Portal Tela Portugal\",\"description\":\"\",\"potentialAction\":[{\"@type\":\"SearchAction\",\"target\":{\"@type\":\"EntryPoint\",\"urlTemplate\":\"https:\/\/portaltela.pt\/?s={search_term_string}\"},\"query-input\":{\"@type\":\"PropertyValueSpecification\",\"valueRequired\":true,\"valueName\":\"search_term_string\"}}],\"inLanguage\":\"pt-PT\"},{\"@type\":\"Person\",\"@id\":\"https:\/\/portaltela.pt\/#\/schema\/person\/c4278d4a6028830caff9ee44b42d32ed\",\"name\":\"Telinha\",\"image\":{\"@type\":\"ImageObject\",\"inLanguage\":\"pt-PT\",\"@id\":\"https:\/\/portaltela.pt\/s.01k8rhncp4jt1\/2025\/11\/talking-bot-125x125.png\",\"url\":\"https:\/\/portaltela.pt\/s.01k8rhncp4jt1\/2025\/11\/talking-bot-125x125.png\",\"contentUrl\":\"https:\/\/portaltela.pt\/s.01k8rhncp4jt1\/2025\/11\/talking-bot-125x125.png\",\"caption\":\"Telinha\"},\"sameAs\":[\"https:\/\/portaltela.pt\/\"],\"url\":\"https:\/\/portaltela.pt\/por\/367410592786\/\"}]}<\/script>\n<!-- \/ Yoast SEO plugin. -->","yoast_head_json":{"title":"Internamentos em cuidados intensivos por gripe aumentaram na \u00faltima semana - Portal Tela Portugal","robots":{"index":"index","follow":"follow","max-snippet":"max-snippet:-1","max-image-preview":"max-image-preview:large","max-video-preview":"max-video-preview:-1"},"og_locale":"pt_PT","og_type":"article","og_title":"Internamentos em cuidados intensivos por gripe aumentaram na \u00faltima semana - Portal Tela Portugal","og_description":"Na \u00faltima semana, os internamentos em cuidados intensivos por gripe aumentaram, com 1.340 casos de gripe e excesso de mortalidade por todas as causas registados pelo INSA. Desde o in\u00edcio da \u00e9poca 2025\/2026 (semana 40\/2025), foram notificados 59.135 casos de infe\u00e7\u00e3o respirat\u00f3ria e identificados 11.795 casos de gripe pela Rede Portuguesa de Laborat\u00f3rios. Entre 29 de dezembro de 2025 a 4 de janeiro de 2026, a propor\u00e7\u00e3o de gripe em unidades de cuidados intensivos foi de 18,8%, acima dos 11,3% da semana anterior; 27 casos de gripe foram reportados por 16 UCI. Foram admitidos 91 casos de infe\u00e7\u00e3o respirat\u00f3ria aguda grave (SARI) nas Unidades Locais de Sa\u00fade com dados, correspondendo a uma taxa de 11,7 por 100 mil habitantes; o V\u00edrus Sincicial Respirat\u00f3rio foi o agente mais detetado. Na avalia\u00e7\u00e3o da diversidade gen\u00e9tica do SARS-CoV-2, desde a semana 21 de 2025 foram analisadas 911 amostras, com sete variantes em circula\u00e7\u00e3o, destacando-se a \u00d3micron BA.2.86 XFG, presente em 60,3% dos casos sequenciados.","og_url":"https:\/\/portaltela.pt\/noticias\/2026\/01\/09\/internamentos-em-cuidados-intensivos-por-gripe-aumentaram-na-ultima-semana\/","og_site_name":"Portal Tela Portugal","article_published_time":"2026-01-09T16:23:47+00:00","author":"Telinha","twitter_card":"summary_large_image","twitter_misc":{"Escrito por":"Telinha","Tempo estimado de leitura":"2 minutos"},"schema":{"@context":"https:\/\/schema.org","@graph":[{"@type":"Article","@id":"https:\/\/portaltela.pt\/noticias\/2026\/01\/09\/internamentos-em-cuidados-intensivos-por-gripe-aumentaram-na-ultima-semana\/#article","isPartOf":{"@id":"https:\/\/portaltela.pt\/noticias\/2026\/01\/09\/internamentos-em-cuidados-intensivos-por-gripe-aumentaram-na-ultima-semana\/"},"author":{"name":"Telinha","@id":"https:\/\/portaltela.pt\/#\/schema\/person\/c4278d4a6028830caff9ee44b42d32ed"},"headline":"Internamentos em cuidados intensivos por gripe aumentaram na \u00faltima semana","datePublished":"2026-01-09T16:23:47+00:00","mainEntityOfPage":{"@id":"https:\/\/portaltela.pt\/noticias\/2026\/01\/09\/internamentos-em-cuidados-intensivos-por-gripe-aumentaram-na-ultima-semana\/"},"wordCount":333,"image":{"@id":"https:\/\/portaltela.pt\/noticias\/2026\/01\/09\/internamentos-em-cuidados-intensivos-por-gripe-aumentaram-na-ultima-semana\/#primaryimage"},"thumbnailUrl":"https:\/\/portaltela.pt\/s.01k8rhncp4jt1\/2026\/01\/img_1500x1000uu2023-04-28-17-56-15-1335743-1.jpg","keywords":["gen\u00e9tica","infec\u00e7\u00f5es respirat\u00f3rias agudas","Portugal","sa\u00fade p\u00fablica","vigil\u00e2ncia epidemiol\u00f3gica"],"articleSection":["Not\u00edcias"],"inLanguage":"pt-PT"},{"@type":"WebPage","@id":"https:\/\/portaltela.pt\/noticias\/2026\/01\/09\/internamentos-em-cuidados-intensivos-por-gripe-aumentaram-na-ultima-semana\/","url":"https:\/\/portaltela.pt\/noticias\/2026\/01\/09\/internamentos-em-cuidados-intensivos-por-gripe-aumentaram-na-ultima-semana\/","name":"Internamentos em cuidados intensivos por gripe aumentaram na \u00faltima semana - Portal Tela Portugal","isPartOf":{"@id":"https:\/\/portaltela.pt\/#website"},"primaryImageOfPage":{"@id":"https:\/\/portaltela.pt\/noticias\/2026\/01\/09\/internamentos-em-cuidados-intensivos-por-gripe-aumentaram-na-ultima-semana\/#primaryimage"},"image":{"@id":"https:\/\/portaltela.pt\/noticias\/2026\/01\/09\/internamentos-em-cuidados-intensivos-por-gripe-aumentaram-na-ultima-semana\/#primaryimage"},"thumbnailUrl":"https:\/\/portaltela.pt\/s.01k8rhncp4jt1\/2026\/01\/img_1500x1000uu2023-04-28-17-56-15-1335743-1.jpg","datePublished":"2026-01-09T16:23:47+00:00","author":{"@id":"https:\/\/portaltela.pt\/#\/schema\/person\/c4278d4a6028830caff9ee44b42d32ed"},"breadcrumb":{"@id":"https:\/\/portaltela.pt\/noticias\/2026\/01\/09\/internamentos-em-cuidados-intensivos-por-gripe-aumentaram-na-ultima-semana\/#breadcrumb"},"inLanguage":"pt-PT","potentialAction":[{"@type":"ReadAction","target":["https:\/\/portaltela.pt\/noticias\/2026\/01\/09\/internamentos-em-cuidados-intensivos-por-gripe-aumentaram-na-ultima-semana\/"]}]},{"@type":"ImageObject","inLanguage":"pt-PT","@id":"https:\/\/portaltela.pt\/noticias\/2026\/01\/09\/internamentos-em-cuidados-intensivos-por-gripe-aumentaram-na-ultima-semana\/#primaryimage","url":"https:\/\/portaltela.pt\/s.01k8rhncp4jt1\/2026\/01\/img_1500x1000uu2023-04-28-17-56-15-1335743-1.jpg","contentUrl":"https:\/\/portaltela.pt\/s.01k8rhncp4jt1\/2026\/01\/img_1500x1000uu2023-04-28-17-56-15-1335743-1.jpg","width":796,"height":448,"caption":"Enfermeiros"},{"@type":"BreadcrumbList","@id":"https:\/\/portaltela.pt\/noticias\/2026\/01\/09\/internamentos-em-cuidados-intensivos-por-gripe-aumentaram-na-ultima-semana\/#breadcrumb","itemListElement":[{"@type":"ListItem","position":1,"name":"In\u00edcio","item":"https:\/\/portaltela.pt\/"},{"@type":"ListItem","position":2,"name":"Internamentos em cuidados intensivos por gripe aumentaram na \u00faltima semana"}]},{"@type":"WebSite","@id":"https:\/\/portaltela.pt\/#website","url":"https:\/\/portaltela.pt\/","name":"Portal Tela Portugal","description":"","potentialAction":[{"@type":"SearchAction","target":{"@type":"EntryPoint","urlTemplate":"https:\/\/portaltela.pt\/?s={search_term_string}"},"query-input":{"@type":"PropertyValueSpecification","valueRequired":true,"valueName":"search_term_string"}}],"inLanguage":"pt-PT"},{"@type":"Person","@id":"https:\/\/portaltela.pt\/#\/schema\/person\/c4278d4a6028830caff9ee44b42d32ed","name":"Telinha","image":{"@type":"ImageObject","inLanguage":"pt-PT","@id":"https:\/\/portaltela.pt\/s.01k8rhncp4jt1\/2025\/11\/talking-bot-125x125.png","url":"https:\/\/portaltela.pt\/s.01k8rhncp4jt1\/2025\/11\/talking-bot-125x125.png","contentUrl":"https:\/\/portaltela.pt\/s.01k8rhncp4jt1\/2025\/11\/talking-bot-125x125.png","caption":"Telinha"},"sameAs":["https:\/\/portaltela.pt\/"],"url":"https:\/\/portaltela.pt\/por\/367410592786\/"}]}},"_links":{"self":[{"href":"https:\/\/portaltela.pt\/api\/wp\/v2\/posts\/128820","targetHints":{"allow":["GET"]}}],"collection":[{"href":"https:\/\/portaltela.pt\/api\/wp\/v2\/posts"}],"about":[{"href":"https:\/\/portaltela.pt\/api\/wp\/v2\/types\/post"}],"author":[{"embeddable":true,"href":"https:\/\/portaltela.pt\/api\/wp\/v2\/users\/2"}],"replies":[{"embeddable":true,"href":"https:\/\/portaltela.pt\/api\/wp\/v2\/comments?post=128820"}],"version-history":[{"count":0,"href":"https:\/\/portaltela.pt\/api\/wp\/v2\/posts\/128820\/revisions"}],"wp:featuredmedia":[{"embeddable":true,"href":"https:\/\/portaltela.pt\/api\/wp\/v2\/media\/128828"}],"wp:attachment":[{"href":"https:\/\/portaltela.pt\/api\/wp\/v2\/media?parent=128820"}],"wp:term":[{"taxonomy":"category","embeddable":true,"href":"https:\/\/portaltela.pt\/api\/wp\/v2\/categories?post=128820"},{"taxonomy":"post_tag","embeddable":true,"href":"https:\/\/portaltela.pt\/api\/wp\/v2\/tags?post=128820"}],"curies":[{"name":"wp","href":"https:\/\/api.w.org\/{rel}","templated":true}]}}