{"id":128790,"date":"2026-01-09T13:13:00","date_gmt":"2026-01-09T16:13:00","guid":{"rendered":"https:\/\/portaltela.pt\/noticias\/2026\/01\/09\/dono-do-bar-onde-morreram-40-pessoas-na-suica-fica-em-prisao-preventiva\/"},"modified":"2026-01-09T13:13:00","modified_gmt":"2026-01-09T16:13:00","slug":"dono-do-bar-onde-morreram-40-pessoas-na-suica-fica-em-prisao-preventiva","status":"publish","type":"post","link":"https:\/\/portaltela.pt\/noticias\/2026\/01\/09\/dono-do-bar-onde-morreram-40-pessoas-na-suica-fica-em-prisao-preventiva\/","title":{"rendered":"Dono do bar onde morreram 40 pessoas na Su\u00ed\u00e7a fica em pris\u00e3o preventiva"},"content":{"rendered":"<p>O propriet\u00e1rio do bar su\u00ed\u00e7o onde ocorreu o inc\u00eandio que causou 40 mortes ficou em pris\u00e3o preventiva, anunciou esta sexta-feira o tribunal. Jacques Moretti, 49 anos, est\u00e1 detido. A mulher dele, Jessica Moretti, foi libertada.<\/p>\n<p>O casal \u00e9 investigado por homic\u00eddio por neglig\u00eancia, les\u00e3o corporal por neglig\u00eancia e inc\u00eandio criminoso por neglig\u00eancia. Ambos foram ouvidos pelo Minist\u00e9rio P\u00fablico de Sion, segundo a comunica\u00e7\u00e3o da BFm.<\/p>\n<p>O fogo deflagrou durante a festa de Ano Novo no espa\u00e7o de divers\u00e3o noturna. As chamas teriam come\u00e7ado quando garrafas de champanhe com fogos de artif\u00edcio foram colocadas perto do tecto. A explos\u00e3o espalhou-se rapidamente.<\/p>\n<p>A maioria dos clientes n\u00e3o conseguiu sair a tempo, resultando em 40 mortes, na sua maioria jovens. Pelo menos 119 feridos foram registados, muitos com queimaduras graves.<\/p>\n<p>Entre as v\u00edtimas encontra-se Fanny Magalh\u00e3es, portuguesa de 22 anos, que residia com os pais na regi\u00e3o de Crans-Montana, onde os progenitores possu\u00edam um estabelecimento junto \u00e0 est\u00e2ncia de ski.<\/p>\n<p>Foi tamb\u00e9m divulgado, esta ter\u00e7a-feira, que o bar n\u00e3o recebia inspe\u00e7\u00f5es desde 2019. A falta de inspe\u00e7\u00e3o \u00e9 apontada como elemento relevante para o inqu\u00e9rito.<\/p>\n","protected":false},"excerpt":{"rendered":"<ul>\n<li>O propriet\u00e1rio do bar su\u00ed\u00e7o, Jacques Moretti (49 anos), teve pris\u00e3o preventiva decretada; a mulher, Jessica Moretti, ficou em liberdade.<\/li>\n<li>O casal est\u00e1 a ser investigado por homic\u00eddio por neglig\u00eancia, les\u00e3o corporal por neglig\u00eancia e inc\u00eandio criminoso por neglig\u00eancia, ap\u00f3s o inc\u00eandio ter deflagrado na festa de Ano Novo.<\/li>\n<li>O fogo iniciou-se quando garrafas de champanhe com foguetes foram aproximadas do teto pelos funcion\u00e1rios, causando explos\u00e3o e r\u00e1pida propaga\u00e7\u00e3o das chamas.<\/li>\n<li>Morrem 40 pessoas e ficam 119 feridos, na maioria jovens, no espa\u00e7o de divers\u00e3o noturna.<\/li>\n<li>Entre as v\u00edtimas est\u00e1 a portuguesa Fanny Magalh\u00e3es, de 22 anos, que vivia na regi\u00e3o de Crans-Montana. O bar j\u00e1 n\u00e3o era inspecionado desde 2019.<\/li>\n<\/ul>\n","protected":false},"author":2,"featured_media":128803,"comment_status":"closed","ping_status":"closed","sticky":false,"template":"","format":"standard","meta":{"footnotes":""},"categories":[1],"tags":[1345,2395,1438,217,1014,2734],"class_list":["post-128790","post","type-post","status-publish","format-standard","has-post-thumbnail","hentry","category-noticias","tag-homicidio","tag-homicidio-involuntario","tag-incendio","tag-investigacao-criminal","tag-portugal","tag-queimaduras"],"yoast_head":"<!-- This site is optimized with the Yoast SEO plugin v27.2 - https:\/\/yoast.com\/product\/yoast-seo-wordpress\/ -->\n<title>Dono do bar onde morreram 40 pessoas na Su\u00ed\u00e7a fica em pris\u00e3o preventiva - Portal Tela Portugal<\/title>\n<meta name=\"robots\" content=\"index, follow, max-snippet:-1, max-image-preview:large, max-video-preview:-1\" \/>\n<meta property=\"og:locale\" content=\"pt_PT\" \/>\n<meta property=\"og:type\" content=\"article\" \/>\n<meta property=\"og:title\" content=\"Dono do bar onde morreram 40 pessoas na Su\u00ed\u00e7a fica em pris\u00e3o preventiva - Portal Tela Portugal\" \/>\n<meta property=\"og:description\" content=\"O propriet\u00e1rio do bar su\u00ed\u00e7o, Jacques Moretti (49 anos), teve pris\u00e3o preventiva decretada; a mulher, Jessica Moretti, ficou em liberdade. O casal est\u00e1 a ser investigado por homic\u00eddio por neglig\u00eancia, les\u00e3o corporal por neglig\u00eancia e inc\u00eandio criminoso por neglig\u00eancia, ap\u00f3s o inc\u00eandio ter deflagrado na festa de Ano Novo. O fogo iniciou-se quando garrafas de champanhe com foguetes foram aproximadas do teto pelos funcion\u00e1rios, causando explos\u00e3o e r\u00e1pida propaga\u00e7\u00e3o das chamas. Morrem 40 pessoas e ficam 119 feridos, na maioria jovens, no espa\u00e7o de divers\u00e3o noturna. Entre as v\u00edtimas est\u00e1 a portuguesa Fanny Magalh\u00e3es, de 22 anos, que vivia na regi\u00e3o de Crans-Montana. O bar j\u00e1 n\u00e3o era inspecionado desde 2019.\" \/>\n<meta property=\"og:url\" content=\"https:\/\/portaltela.pt\/noticias\/2026\/01\/09\/dono-do-bar-onde-morreram-40-pessoas-na-suica-fica-em-prisao-preventiva\/\" \/>\n<meta property=\"og:site_name\" content=\"Portal Tela Portugal\" \/>\n<meta property=\"article:published_time\" content=\"2026-01-09T16:13:00+00:00\" \/>\n<meta name=\"author\" content=\"Telinha\" \/>\n<meta name=\"twitter:card\" content=\"summary_large_image\" \/>\n<meta name=\"twitter:label1\" content=\"Escrito por\" \/>\n\t<meta name=\"twitter:data1\" content=\"Telinha\" \/>\n\t<meta name=\"twitter:label2\" content=\"Tempo estimado de leitura\" \/>\n\t<meta name=\"twitter:data2\" content=\"1 minuto\" \/>\n<script type=\"application\/ld+json\" class=\"yoast-schema-graph\">{\"@context\":\"https:\/\/schema.org\",\"@graph\":[{\"@type\":\"Article\",\"@id\":\"https:\/\/portaltela.pt\/noticias\/2026\/01\/09\/dono-do-bar-onde-morreram-40-pessoas-na-suica-fica-em-prisao-preventiva\/#article\",\"isPartOf\":{\"@id\":\"https:\/\/portaltela.pt\/noticias\/2026\/01\/09\/dono-do-bar-onde-morreram-40-pessoas-na-suica-fica-em-prisao-preventiva\/\"},\"author\":{\"name\":\"Telinha\",\"@id\":\"https:\/\/portaltela.pt\/#\/schema\/person\/c4278d4a6028830caff9ee44b42d32ed\"},\"headline\":\"Dono do bar onde morreram 40 pessoas na Su\u00ed\u00e7a fica em pris\u00e3o preventiva\",\"datePublished\":\"2026-01-09T16:13:00+00:00\",\"mainEntityOfPage\":{\"@id\":\"https:\/\/portaltela.pt\/noticias\/2026\/01\/09\/dono-do-bar-onde-morreram-40-pessoas-na-suica-fica-em-prisao-preventiva\/\"},\"wordCount\":217,\"image\":{\"@id\":\"https:\/\/portaltela.pt\/noticias\/2026\/01\/09\/dono-do-bar-onde-morreram-40-pessoas-na-suica-fica-em-prisao-preventiva\/#primaryimage\"},\"thumbnailUrl\":\"https:\/\/portaltela.pt\/s.01k8rhncp4jt1\/2026\/01\/img_1200x721uu2026-01-09-16-11-47-2413765-1.jpg\",\"keywords\":[\"homic\u00eddio\",\"homic\u00eddio involunt\u00e1rio\",\"inc\u00eandio\",\"investiga\u00e7\u00e3o criminal\",\"Portugal\",\"queimaduras\"],\"articleSection\":[\"Not\u00edcias\"],\"inLanguage\":\"pt-PT\"},{\"@type\":\"WebPage\",\"@id\":\"https:\/\/portaltela.pt\/noticias\/2026\/01\/09\/dono-do-bar-onde-morreram-40-pessoas-na-suica-fica-em-prisao-preventiva\/\",\"url\":\"https:\/\/portaltela.pt\/noticias\/2026\/01\/09\/dono-do-bar-onde-morreram-40-pessoas-na-suica-fica-em-prisao-preventiva\/\",\"name\":\"Dono do bar onde morreram 40 pessoas na Su\u00ed\u00e7a fica em pris\u00e3o preventiva - Portal Tela Portugal\",\"isPartOf\":{\"@id\":\"https:\/\/portaltela.pt\/#website\"},\"primaryImageOfPage\":{\"@id\":\"https:\/\/portaltela.pt\/noticias\/2026\/01\/09\/dono-do-bar-onde-morreram-40-pessoas-na-suica-fica-em-prisao-preventiva\/#primaryimage\"},\"image\":{\"@id\":\"https:\/\/portaltela.pt\/noticias\/2026\/01\/09\/dono-do-bar-onde-morreram-40-pessoas-na-suica-fica-em-prisao-preventiva\/#primaryimage\"},\"thumbnailUrl\":\"https:\/\/portaltela.pt\/s.01k8rhncp4jt1\/2026\/01\/img_1200x721uu2026-01-09-16-11-47-2413765-1.jpg\",\"datePublished\":\"2026-01-09T16:13:00+00:00\",\"author\":{\"@id\":\"https:\/\/portaltela.pt\/#\/schema\/person\/c4278d4a6028830caff9ee44b42d32ed\"},\"breadcrumb\":{\"@id\":\"https:\/\/portaltela.pt\/noticias\/2026\/01\/09\/dono-do-bar-onde-morreram-40-pessoas-na-suica-fica-em-prisao-preventiva\/#breadcrumb\"},\"inLanguage\":\"pt-PT\",\"potentialAction\":[{\"@type\":\"ReadAction\",\"target\":[\"https:\/\/portaltela.pt\/noticias\/2026\/01\/09\/dono-do-bar-onde-morreram-40-pessoas-na-suica-fica-em-prisao-preventiva\/\"]}]},{\"@type\":\"ImageObject\",\"inLanguage\":\"pt-PT\",\"@id\":\"https:\/\/portaltela.pt\/noticias\/2026\/01\/09\/dono-do-bar-onde-morreram-40-pessoas-na-suica-fica-em-prisao-preventiva\/#primaryimage\",\"url\":\"https:\/\/portaltela.pt\/s.01k8rhncp4jt1\/2026\/01\/img_1200x721uu2026-01-09-16-11-47-2413765-1.jpg\",\"contentUrl\":\"https:\/\/portaltela.pt\/s.01k8rhncp4jt1\/2026\/01\/img_1200x721uu2026-01-09-16-11-47-2413765-1.jpg\",\"width\":796,\"height\":448,\"caption\":\"Jacques Moretti e a mulher \u00e0 chegada do tribunal\"},{\"@type\":\"BreadcrumbList\",\"@id\":\"https:\/\/portaltela.pt\/noticias\/2026\/01\/09\/dono-do-bar-onde-morreram-40-pessoas-na-suica-fica-em-prisao-preventiva\/#breadcrumb\",\"itemListElement\":[{\"@type\":\"ListItem\",\"position\":1,\"name\":\"In\u00edcio\",\"item\":\"https:\/\/portaltela.pt\/\"},{\"@type\":\"ListItem\",\"position\":2,\"name\":\"Dono do bar onde morreram 40 pessoas na Su\u00ed\u00e7a fica em pris\u00e3o preventiva\"}]},{\"@type\":\"WebSite\",\"@id\":\"https:\/\/portaltela.pt\/#website\",\"url\":\"https:\/\/portaltela.pt\/\",\"name\":\"Portal Tela Portugal\",\"description\":\"\",\"potentialAction\":[{\"@type\":\"SearchAction\",\"target\":{\"@type\":\"EntryPoint\",\"urlTemplate\":\"https:\/\/portaltela.pt\/?s={search_term_string}\"},\"query-input\":{\"@type\":\"PropertyValueSpecification\",\"valueRequired\":true,\"valueName\":\"search_term_string\"}}],\"inLanguage\":\"pt-PT\"},{\"@type\":\"Person\",\"@id\":\"https:\/\/portaltela.pt\/#\/schema\/person\/c4278d4a6028830caff9ee44b42d32ed\",\"name\":\"Telinha\",\"image\":{\"@type\":\"ImageObject\",\"inLanguage\":\"pt-PT\",\"@id\":\"https:\/\/portaltela.pt\/s.01k8rhncp4jt1\/2025\/11\/talking-bot-125x125.png\",\"url\":\"https:\/\/portaltela.pt\/s.01k8rhncp4jt1\/2025\/11\/talking-bot-125x125.png\",\"contentUrl\":\"https:\/\/portaltela.pt\/s.01k8rhncp4jt1\/2025\/11\/talking-bot-125x125.png\",\"caption\":\"Telinha\"},\"sameAs\":[\"https:\/\/portaltela.pt\/\"],\"url\":\"https:\/\/portaltela.pt\/por\/367410592786\/\"}]}<\/script>\n<!-- \/ Yoast SEO plugin. -->","yoast_head_json":{"title":"Dono do bar onde morreram 40 pessoas na Su\u00ed\u00e7a fica em pris\u00e3o preventiva - Portal Tela Portugal","robots":{"index":"index","follow":"follow","max-snippet":"max-snippet:-1","max-image-preview":"max-image-preview:large","max-video-preview":"max-video-preview:-1"},"og_locale":"pt_PT","og_type":"article","og_title":"Dono do bar onde morreram 40 pessoas na Su\u00ed\u00e7a fica em pris\u00e3o preventiva - Portal Tela Portugal","og_description":"O propriet\u00e1rio do bar su\u00ed\u00e7o, Jacques Moretti (49 anos), teve pris\u00e3o preventiva decretada; a mulher, Jessica Moretti, ficou em liberdade. O casal est\u00e1 a ser investigado por homic\u00eddio por neglig\u00eancia, les\u00e3o corporal por neglig\u00eancia e inc\u00eandio criminoso por neglig\u00eancia, ap\u00f3s o inc\u00eandio ter deflagrado na festa de Ano Novo. O fogo iniciou-se quando garrafas de champanhe com foguetes foram aproximadas do teto pelos funcion\u00e1rios, causando explos\u00e3o e r\u00e1pida propaga\u00e7\u00e3o das chamas. Morrem 40 pessoas e ficam 119 feridos, na maioria jovens, no espa\u00e7o de divers\u00e3o noturna. Entre as v\u00edtimas est\u00e1 a portuguesa Fanny Magalh\u00e3es, de 22 anos, que vivia na regi\u00e3o de Crans-Montana. O bar j\u00e1 n\u00e3o era inspecionado desde 2019.","og_url":"https:\/\/portaltela.pt\/noticias\/2026\/01\/09\/dono-do-bar-onde-morreram-40-pessoas-na-suica-fica-em-prisao-preventiva\/","og_site_name":"Portal Tela Portugal","article_published_time":"2026-01-09T16:13:00+00:00","author":"Telinha","twitter_card":"summary_large_image","twitter_misc":{"Escrito por":"Telinha","Tempo estimado de leitura":"1 minuto"},"schema":{"@context":"https:\/\/schema.org","@graph":[{"@type":"Article","@id":"https:\/\/portaltela.pt\/noticias\/2026\/01\/09\/dono-do-bar-onde-morreram-40-pessoas-na-suica-fica-em-prisao-preventiva\/#article","isPartOf":{"@id":"https:\/\/portaltela.pt\/noticias\/2026\/01\/09\/dono-do-bar-onde-morreram-40-pessoas-na-suica-fica-em-prisao-preventiva\/"},"author":{"name":"Telinha","@id":"https:\/\/portaltela.pt\/#\/schema\/person\/c4278d4a6028830caff9ee44b42d32ed"},"headline":"Dono do bar onde morreram 40 pessoas na Su\u00ed\u00e7a fica em pris\u00e3o preventiva","datePublished":"2026-01-09T16:13:00+00:00","mainEntityOfPage":{"@id":"https:\/\/portaltela.pt\/noticias\/2026\/01\/09\/dono-do-bar-onde-morreram-40-pessoas-na-suica-fica-em-prisao-preventiva\/"},"wordCount":217,"image":{"@id":"https:\/\/portaltela.pt\/noticias\/2026\/01\/09\/dono-do-bar-onde-morreram-40-pessoas-na-suica-fica-em-prisao-preventiva\/#primaryimage"},"thumbnailUrl":"https:\/\/portaltela.pt\/s.01k8rhncp4jt1\/2026\/01\/img_1200x721uu2026-01-09-16-11-47-2413765-1.jpg","keywords":["homic\u00eddio","homic\u00eddio involunt\u00e1rio","inc\u00eandio","investiga\u00e7\u00e3o criminal","Portugal","queimaduras"],"articleSection":["Not\u00edcias"],"inLanguage":"pt-PT"},{"@type":"WebPage","@id":"https:\/\/portaltela.pt\/noticias\/2026\/01\/09\/dono-do-bar-onde-morreram-40-pessoas-na-suica-fica-em-prisao-preventiva\/","url":"https:\/\/portaltela.pt\/noticias\/2026\/01\/09\/dono-do-bar-onde-morreram-40-pessoas-na-suica-fica-em-prisao-preventiva\/","name":"Dono do bar onde morreram 40 pessoas na Su\u00ed\u00e7a fica em pris\u00e3o preventiva - Portal Tela Portugal","isPartOf":{"@id":"https:\/\/portaltela.pt\/#website"},"primaryImageOfPage":{"@id":"https:\/\/portaltela.pt\/noticias\/2026\/01\/09\/dono-do-bar-onde-morreram-40-pessoas-na-suica-fica-em-prisao-preventiva\/#primaryimage"},"image":{"@id":"https:\/\/portaltela.pt\/noticias\/2026\/01\/09\/dono-do-bar-onde-morreram-40-pessoas-na-suica-fica-em-prisao-preventiva\/#primaryimage"},"thumbnailUrl":"https:\/\/portaltela.pt\/s.01k8rhncp4jt1\/2026\/01\/img_1200x721uu2026-01-09-16-11-47-2413765-1.jpg","datePublished":"2026-01-09T16:13:00+00:00","author":{"@id":"https:\/\/portaltela.pt\/#\/schema\/person\/c4278d4a6028830caff9ee44b42d32ed"},"breadcrumb":{"@id":"https:\/\/portaltela.pt\/noticias\/2026\/01\/09\/dono-do-bar-onde-morreram-40-pessoas-na-suica-fica-em-prisao-preventiva\/#breadcrumb"},"inLanguage":"pt-PT","potentialAction":[{"@type":"ReadAction","target":["https:\/\/portaltela.pt\/noticias\/2026\/01\/09\/dono-do-bar-onde-morreram-40-pessoas-na-suica-fica-em-prisao-preventiva\/"]}]},{"@type":"ImageObject","inLanguage":"pt-PT","@id":"https:\/\/portaltela.pt\/noticias\/2026\/01\/09\/dono-do-bar-onde-morreram-40-pessoas-na-suica-fica-em-prisao-preventiva\/#primaryimage","url":"https:\/\/portaltela.pt\/s.01k8rhncp4jt1\/2026\/01\/img_1200x721uu2026-01-09-16-11-47-2413765-1.jpg","contentUrl":"https:\/\/portaltela.pt\/s.01k8rhncp4jt1\/2026\/01\/img_1200x721uu2026-01-09-16-11-47-2413765-1.jpg","width":796,"height":448,"caption":"Jacques Moretti e a mulher \u00e0 chegada do tribunal"},{"@type":"BreadcrumbList","@id":"https:\/\/portaltela.pt\/noticias\/2026\/01\/09\/dono-do-bar-onde-morreram-40-pessoas-na-suica-fica-em-prisao-preventiva\/#breadcrumb","itemListElement":[{"@type":"ListItem","position":1,"name":"In\u00edcio","item":"https:\/\/portaltela.pt\/"},{"@type":"ListItem","position":2,"name":"Dono do bar onde morreram 40 pessoas na Su\u00ed\u00e7a fica em pris\u00e3o preventiva"}]},{"@type":"WebSite","@id":"https:\/\/portaltela.pt\/#website","url":"https:\/\/portaltela.pt\/","name":"Portal Tela Portugal","description":"","potentialAction":[{"@type":"SearchAction","target":{"@type":"EntryPoint","urlTemplate":"https:\/\/portaltela.pt\/?s={search_term_string}"},"query-input":{"@type":"PropertyValueSpecification","valueRequired":true,"valueName":"search_term_string"}}],"inLanguage":"pt-PT"},{"@type":"Person","@id":"https:\/\/portaltela.pt\/#\/schema\/person\/c4278d4a6028830caff9ee44b42d32ed","name":"Telinha","image":{"@type":"ImageObject","inLanguage":"pt-PT","@id":"https:\/\/portaltela.pt\/s.01k8rhncp4jt1\/2025\/11\/talking-bot-125x125.png","url":"https:\/\/portaltela.pt\/s.01k8rhncp4jt1\/2025\/11\/talking-bot-125x125.png","contentUrl":"https:\/\/portaltela.pt\/s.01k8rhncp4jt1\/2025\/11\/talking-bot-125x125.png","caption":"Telinha"},"sameAs":["https:\/\/portaltela.pt\/"],"url":"https:\/\/portaltela.pt\/por\/367410592786\/"}]}},"_links":{"self":[{"href":"https:\/\/portaltela.pt\/api\/wp\/v2\/posts\/128790","targetHints":{"allow":["GET"]}}],"collection":[{"href":"https:\/\/portaltela.pt\/api\/wp\/v2\/posts"}],"about":[{"href":"https:\/\/portaltela.pt\/api\/wp\/v2\/types\/post"}],"author":[{"embeddable":true,"href":"https:\/\/portaltela.pt\/api\/wp\/v2\/users\/2"}],"replies":[{"embeddable":true,"href":"https:\/\/portaltela.pt\/api\/wp\/v2\/comments?post=128790"}],"version-history":[{"count":0,"href":"https:\/\/portaltela.pt\/api\/wp\/v2\/posts\/128790\/revisions"}],"wp:featuredmedia":[{"embeddable":true,"href":"https:\/\/portaltela.pt\/api\/wp\/v2\/media\/128803"}],"wp:attachment":[{"href":"https:\/\/portaltela.pt\/api\/wp\/v2\/media?parent=128790"}],"wp:term":[{"taxonomy":"category","embeddable":true,"href":"https:\/\/portaltela.pt\/api\/wp\/v2\/categories?post=128790"},{"taxonomy":"post_tag","embeddable":true,"href":"https:\/\/portaltela.pt\/api\/wp\/v2\/tags?post=128790"}],"curies":[{"name":"wp","href":"https:\/\/api.w.org\/{rel}","templated":true}]}}