{"id":128644,"date":"2026-01-09T12:03:06","date_gmt":"2026-01-09T15:03:06","guid":{"rendered":"https:\/\/portaltela.pt\/noticias\/2026\/01\/09\/famalicao-psp-detem-dois-homens-por-desobediencia-na-estrada\/"},"modified":"2026-01-09T12:03:06","modified_gmt":"2026-01-09T15:03:06","slug":"famalicao-psp-detem-dois-homens-por-desobediencia-na-estrada","status":"publish","type":"post","link":"https:\/\/portaltela.pt\/noticias\/2026\/01\/09\/famalicao-psp-detem-dois-homens-por-desobediencia-na-estrada\/","title":{"rendered":"Famalic\u00e3o: PSP det\u00e9m dois homens por desobedi\u00eancia na estrada"},"content":{"rendered":"<p>Durante a\u00e7\u00f5es de fiscaliza\u00e7\u00e3o de rotina em Vila Nova de Famalic\u00e3o, a PSP deteve dois homens, ambos por infra\u00e7\u00f5es rodovi\u00e1rias. O primeiro, de 48 anos, foi detido por desobedi\u00eancia ap\u00f3s conduzir mesmo estando proibido de o fazer por um per\u00edodo de 12 horas. Na fiscaliza\u00e7\u00e3o, apresentava uma taxa de alcoolemia de 1,32 g\/l, acima do permitido por lei.<\/p>\n<p>Na mesma cidade, outra deten\u00e7\u00e3o ocorreu por volta de uma viola\u00e7\u00e3o distinta. Um homem de 29 anos circulava com um ve\u00edculo que tinha sido apreendido por n\u00e3o possuir seguro de responsabilidade civil obrigat\u00f3rio, o que motivou a deten\u00e7\u00e3o.<\/p>\n<p>Os casos ocorreram durante a\u00e7\u00f5es de fiscaliza\u00e7\u00e3o de rotina da PSP em Vila Nova de Famalic\u00e3o. Ambos os condutores passaram a estar interditados de conduzir ou possuir o ve\u00edculo, conforme as respetivas infra\u00e7\u00f5es, at\u00e9 uma resolu\u00e7\u00e3o legal. Estas medidas destacam a atua\u00e7\u00e3o policial no aperfei\u00e7oamento da seguran\u00e7a rodovi\u00e1ria e no cumprimento da lei.<\/p>\n","protected":false},"excerpt":{"rendered":"<ul>\n<li>Na cidade de Vila Nova de Famalic\u00e3o, a PSP deteve um homem de 48 anos por desobedi\u00eancia, ao conduzir apesar de proibido de o fazer durante 12 horas.<\/li>\n<li>O samme suspeito apresentava uma taxa de alcoolemia de 1,32 g\/l no momento da fiscaliza\u00e7\u00e3o.<\/li>\n<li>Ainda em Vila Nova de Famalic\u00e3o, a PSP deteve um homem de 29 anos que conduzia um ve\u00edculo apreendido por n\u00e3o possuir seguro de responsabilidade civil.<\/li>\n<li>As deten\u00e7\u00f5es ocorreram no \u00e2mbito de opera\u00e7\u00f5es de fiscaliza\u00e7\u00e3o de tr\u00e2nsito da PSP na \u00e1rea da cidade.<\/li>\n<\/ul>\n","protected":false},"author":2,"featured_media":128659,"comment_status":"closed","ping_status":"closed","sticky":false,"template":"","format":"standard","meta":{"footnotes":""},"categories":[1],"tags":[1953,211,990,1396,2285],"class_list":["post-128644","post","type-post","status-publish","format-standard","has-post-thumbnail","hentry","category-noticias","tag-conducao-sob-a-influencia-de-alcool","tag-desobediencia","tag-falta-de-seguro-de-responsabilidade-civil","tag-famalicao","tag-infracoes-rodoviarias"],"yoast_head":"<!-- This site is optimized with the Yoast SEO plugin v27.2 - https:\/\/yoast.com\/product\/yoast-seo-wordpress\/ -->\n<title>Famalic\u00e3o: PSP det\u00e9m dois homens por desobedi\u00eancia na estrada - Portal Tela Portugal<\/title>\n<meta name=\"robots\" content=\"index, follow, max-snippet:-1, max-image-preview:large, max-video-preview:-1\" \/>\n<meta property=\"og:locale\" content=\"pt_PT\" \/>\n<meta property=\"og:type\" content=\"article\" \/>\n<meta property=\"og:title\" content=\"Famalic\u00e3o: PSP det\u00e9m dois homens por desobedi\u00eancia na estrada - Portal Tela Portugal\" \/>\n<meta property=\"og:description\" content=\"Na cidade de Vila Nova de Famalic\u00e3o, a PSP deteve um homem de 48 anos por desobedi\u00eancia, ao conduzir apesar de proibido de o fazer durante 12 horas. O samme suspeito apresentava uma taxa de alcoolemia de 1,32 g\/l no momento da fiscaliza\u00e7\u00e3o. Ainda em Vila Nova de Famalic\u00e3o, a PSP deteve um homem de 29 anos que conduzia um ve\u00edculo apreendido por n\u00e3o possuir seguro de responsabilidade civil. As deten\u00e7\u00f5es ocorreram no \u00e2mbito de opera\u00e7\u00f5es de fiscaliza\u00e7\u00e3o de tr\u00e2nsito da PSP na \u00e1rea da cidade.\" \/>\n<meta property=\"og:url\" content=\"https:\/\/portaltela.pt\/noticias\/2026\/01\/09\/famalicao-psp-detem-dois-homens-por-desobediencia-na-estrada\/\" \/>\n<meta property=\"og:site_name\" content=\"Portal Tela Portugal\" \/>\n<meta property=\"article:published_time\" content=\"2026-01-09T15:03:06+00:00\" \/>\n<meta name=\"author\" content=\"Telinha\" \/>\n<meta name=\"twitter:card\" content=\"summary_large_image\" \/>\n<meta name=\"twitter:label1\" content=\"Escrito por\" \/>\n\t<meta name=\"twitter:data1\" content=\"Telinha\" \/>\n\t<meta name=\"twitter:label2\" content=\"Tempo estimado de leitura\" \/>\n\t<meta name=\"twitter:data2\" content=\"1 minuto\" \/>\n<script type=\"application\/ld+json\" class=\"yoast-schema-graph\">{\"@context\":\"https:\/\/schema.org\",\"@graph\":[{\"@type\":\"Article\",\"@id\":\"https:\/\/portaltela.pt\/noticias\/2026\/01\/09\/famalicao-psp-detem-dois-homens-por-desobediencia-na-estrada\/#article\",\"isPartOf\":{\"@id\":\"https:\/\/portaltela.pt\/noticias\/2026\/01\/09\/famalicao-psp-detem-dois-homens-por-desobediencia-na-estrada\/\"},\"author\":{\"name\":\"Telinha\",\"@id\":\"https:\/\/portaltela.pt\/#\/schema\/person\/c4278d4a6028830caff9ee44b42d32ed\"},\"headline\":\"Famalic\u00e3o: PSP det\u00e9m dois homens por desobedi\u00eancia na estrada\",\"datePublished\":\"2026-01-09T15:03:06+00:00\",\"mainEntityOfPage\":{\"@id\":\"https:\/\/portaltela.pt\/noticias\/2026\/01\/09\/famalicao-psp-detem-dois-homens-por-desobediencia-na-estrada\/\"},\"wordCount\":183,\"image\":{\"@id\":\"https:\/\/portaltela.pt\/noticias\/2026\/01\/09\/famalicao-psp-detem-dois-homens-por-desobediencia-na-estrada\/#primaryimage\"},\"thumbnailUrl\":\"https:\/\/portaltela.pt\/s.01k8rhncp4jt1\/2026\/01\/unnamed-file-1848.jpg\",\"keywords\":[\"condu\u00e7\u00e3o sob a influ\u00eancia de \u00e1lcool\",\"desobedi\u00eancia\",\"falta de seguro de responsabilidade civil\",\"Famalic\u00e3o\",\"infra\u00e7\u00f5es rodovi\u00e1rias\"],\"articleSection\":[\"Not\u00edcias\"],\"inLanguage\":\"pt-PT\"},{\"@type\":\"WebPage\",\"@id\":\"https:\/\/portaltela.pt\/noticias\/2026\/01\/09\/famalicao-psp-detem-dois-homens-por-desobediencia-na-estrada\/\",\"url\":\"https:\/\/portaltela.pt\/noticias\/2026\/01\/09\/famalicao-psp-detem-dois-homens-por-desobediencia-na-estrada\/\",\"name\":\"Famalic\u00e3o: PSP det\u00e9m dois homens por desobedi\u00eancia na estrada - Portal Tela Portugal\",\"isPartOf\":{\"@id\":\"https:\/\/portaltela.pt\/#website\"},\"primaryImageOfPage\":{\"@id\":\"https:\/\/portaltela.pt\/noticias\/2026\/01\/09\/famalicao-psp-detem-dois-homens-por-desobediencia-na-estrada\/#primaryimage\"},\"image\":{\"@id\":\"https:\/\/portaltela.pt\/noticias\/2026\/01\/09\/famalicao-psp-detem-dois-homens-por-desobediencia-na-estrada\/#primaryimage\"},\"thumbnailUrl\":\"https:\/\/portaltela.pt\/s.01k8rhncp4jt1\/2026\/01\/unnamed-file-1848.jpg\",\"datePublished\":\"2026-01-09T15:03:06+00:00\",\"author\":{\"@id\":\"https:\/\/portaltela.pt\/#\/schema\/person\/c4278d4a6028830caff9ee44b42d32ed\"},\"breadcrumb\":{\"@id\":\"https:\/\/portaltela.pt\/noticias\/2026\/01\/09\/famalicao-psp-detem-dois-homens-por-desobediencia-na-estrada\/#breadcrumb\"},\"inLanguage\":\"pt-PT\",\"potentialAction\":[{\"@type\":\"ReadAction\",\"target\":[\"https:\/\/portaltela.pt\/noticias\/2026\/01\/09\/famalicao-psp-detem-dois-homens-por-desobediencia-na-estrada\/\"]}]},{\"@type\":\"ImageObject\",\"inLanguage\":\"pt-PT\",\"@id\":\"https:\/\/portaltela.pt\/noticias\/2026\/01\/09\/famalicao-psp-detem-dois-homens-por-desobediencia-na-estrada\/#primaryimage\",\"url\":\"https:\/\/portaltela.pt\/s.01k8rhncp4jt1\/2026\/01\/unnamed-file-1848.jpg\",\"contentUrl\":\"https:\/\/portaltela.pt\/s.01k8rhncp4jt1\/2026\/01\/unnamed-file-1848.jpg\",\"width\":796,\"height\":448,\"caption\":\"Famalic\u00e3o: Dois detidos por tr\u00e1fico de droga\"},{\"@type\":\"BreadcrumbList\",\"@id\":\"https:\/\/portaltela.pt\/noticias\/2026\/01\/09\/famalicao-psp-detem-dois-homens-por-desobediencia-na-estrada\/#breadcrumb\",\"itemListElement\":[{\"@type\":\"ListItem\",\"position\":1,\"name\":\"In\u00edcio\",\"item\":\"https:\/\/portaltela.pt\/\"},{\"@type\":\"ListItem\",\"position\":2,\"name\":\"Famalic\u00e3o: PSP det\u00e9m dois homens por desobedi\u00eancia na estrada\"}]},{\"@type\":\"WebSite\",\"@id\":\"https:\/\/portaltela.pt\/#website\",\"url\":\"https:\/\/portaltela.pt\/\",\"name\":\"Portal Tela Portugal\",\"description\":\"\",\"potentialAction\":[{\"@type\":\"SearchAction\",\"target\":{\"@type\":\"EntryPoint\",\"urlTemplate\":\"https:\/\/portaltela.pt\/?s={search_term_string}\"},\"query-input\":{\"@type\":\"PropertyValueSpecification\",\"valueRequired\":true,\"valueName\":\"search_term_string\"}}],\"inLanguage\":\"pt-PT\"},{\"@type\":\"Person\",\"@id\":\"https:\/\/portaltela.pt\/#\/schema\/person\/c4278d4a6028830caff9ee44b42d32ed\",\"name\":\"Telinha\",\"image\":{\"@type\":\"ImageObject\",\"inLanguage\":\"pt-PT\",\"@id\":\"https:\/\/portaltela.pt\/s.01k8rhncp4jt1\/2025\/11\/talking-bot-125x125.png\",\"url\":\"https:\/\/portaltela.pt\/s.01k8rhncp4jt1\/2025\/11\/talking-bot-125x125.png\",\"contentUrl\":\"https:\/\/portaltela.pt\/s.01k8rhncp4jt1\/2025\/11\/talking-bot-125x125.png\",\"caption\":\"Telinha\"},\"sameAs\":[\"https:\/\/portaltela.pt\/\"],\"url\":\"https:\/\/portaltela.pt\/por\/367410592786\/\"}]}<\/script>\n<!-- \/ Yoast SEO plugin. -->","yoast_head_json":{"title":"Famalic\u00e3o: PSP det\u00e9m dois homens por desobedi\u00eancia na estrada - Portal Tela Portugal","robots":{"index":"index","follow":"follow","max-snippet":"max-snippet:-1","max-image-preview":"max-image-preview:large","max-video-preview":"max-video-preview:-1"},"og_locale":"pt_PT","og_type":"article","og_title":"Famalic\u00e3o: PSP det\u00e9m dois homens por desobedi\u00eancia na estrada - Portal Tela Portugal","og_description":"Na cidade de Vila Nova de Famalic\u00e3o, a PSP deteve um homem de 48 anos por desobedi\u00eancia, ao conduzir apesar de proibido de o fazer durante 12 horas. O samme suspeito apresentava uma taxa de alcoolemia de 1,32 g\/l no momento da fiscaliza\u00e7\u00e3o. Ainda em Vila Nova de Famalic\u00e3o, a PSP deteve um homem de 29 anos que conduzia um ve\u00edculo apreendido por n\u00e3o possuir seguro de responsabilidade civil. As deten\u00e7\u00f5es ocorreram no \u00e2mbito de opera\u00e7\u00f5es de fiscaliza\u00e7\u00e3o de tr\u00e2nsito da PSP na \u00e1rea da cidade.","og_url":"https:\/\/portaltela.pt\/noticias\/2026\/01\/09\/famalicao-psp-detem-dois-homens-por-desobediencia-na-estrada\/","og_site_name":"Portal Tela Portugal","article_published_time":"2026-01-09T15:03:06+00:00","author":"Telinha","twitter_card":"summary_large_image","twitter_misc":{"Escrito por":"Telinha","Tempo estimado de leitura":"1 minuto"},"schema":{"@context":"https:\/\/schema.org","@graph":[{"@type":"Article","@id":"https:\/\/portaltela.pt\/noticias\/2026\/01\/09\/famalicao-psp-detem-dois-homens-por-desobediencia-na-estrada\/#article","isPartOf":{"@id":"https:\/\/portaltela.pt\/noticias\/2026\/01\/09\/famalicao-psp-detem-dois-homens-por-desobediencia-na-estrada\/"},"author":{"name":"Telinha","@id":"https:\/\/portaltela.pt\/#\/schema\/person\/c4278d4a6028830caff9ee44b42d32ed"},"headline":"Famalic\u00e3o: PSP det\u00e9m dois homens por desobedi\u00eancia na estrada","datePublished":"2026-01-09T15:03:06+00:00","mainEntityOfPage":{"@id":"https:\/\/portaltela.pt\/noticias\/2026\/01\/09\/famalicao-psp-detem-dois-homens-por-desobediencia-na-estrada\/"},"wordCount":183,"image":{"@id":"https:\/\/portaltela.pt\/noticias\/2026\/01\/09\/famalicao-psp-detem-dois-homens-por-desobediencia-na-estrada\/#primaryimage"},"thumbnailUrl":"https:\/\/portaltela.pt\/s.01k8rhncp4jt1\/2026\/01\/unnamed-file-1848.jpg","keywords":["condu\u00e7\u00e3o sob a influ\u00eancia de \u00e1lcool","desobedi\u00eancia","falta de seguro de responsabilidade civil","Famalic\u00e3o","infra\u00e7\u00f5es rodovi\u00e1rias"],"articleSection":["Not\u00edcias"],"inLanguage":"pt-PT"},{"@type":"WebPage","@id":"https:\/\/portaltela.pt\/noticias\/2026\/01\/09\/famalicao-psp-detem-dois-homens-por-desobediencia-na-estrada\/","url":"https:\/\/portaltela.pt\/noticias\/2026\/01\/09\/famalicao-psp-detem-dois-homens-por-desobediencia-na-estrada\/","name":"Famalic\u00e3o: PSP det\u00e9m dois homens por desobedi\u00eancia na estrada - Portal Tela Portugal","isPartOf":{"@id":"https:\/\/portaltela.pt\/#website"},"primaryImageOfPage":{"@id":"https:\/\/portaltela.pt\/noticias\/2026\/01\/09\/famalicao-psp-detem-dois-homens-por-desobediencia-na-estrada\/#primaryimage"},"image":{"@id":"https:\/\/portaltela.pt\/noticias\/2026\/01\/09\/famalicao-psp-detem-dois-homens-por-desobediencia-na-estrada\/#primaryimage"},"thumbnailUrl":"https:\/\/portaltela.pt\/s.01k8rhncp4jt1\/2026\/01\/unnamed-file-1848.jpg","datePublished":"2026-01-09T15:03:06+00:00","author":{"@id":"https:\/\/portaltela.pt\/#\/schema\/person\/c4278d4a6028830caff9ee44b42d32ed"},"breadcrumb":{"@id":"https:\/\/portaltela.pt\/noticias\/2026\/01\/09\/famalicao-psp-detem-dois-homens-por-desobediencia-na-estrada\/#breadcrumb"},"inLanguage":"pt-PT","potentialAction":[{"@type":"ReadAction","target":["https:\/\/portaltela.pt\/noticias\/2026\/01\/09\/famalicao-psp-detem-dois-homens-por-desobediencia-na-estrada\/"]}]},{"@type":"ImageObject","inLanguage":"pt-PT","@id":"https:\/\/portaltela.pt\/noticias\/2026\/01\/09\/famalicao-psp-detem-dois-homens-por-desobediencia-na-estrada\/#primaryimage","url":"https:\/\/portaltela.pt\/s.01k8rhncp4jt1\/2026\/01\/unnamed-file-1848.jpg","contentUrl":"https:\/\/portaltela.pt\/s.01k8rhncp4jt1\/2026\/01\/unnamed-file-1848.jpg","width":796,"height":448,"caption":"Famalic\u00e3o: Dois detidos por tr\u00e1fico de droga"},{"@type":"BreadcrumbList","@id":"https:\/\/portaltela.pt\/noticias\/2026\/01\/09\/famalicao-psp-detem-dois-homens-por-desobediencia-na-estrada\/#breadcrumb","itemListElement":[{"@type":"ListItem","position":1,"name":"In\u00edcio","item":"https:\/\/portaltela.pt\/"},{"@type":"ListItem","position":2,"name":"Famalic\u00e3o: PSP det\u00e9m dois homens por desobedi\u00eancia na estrada"}]},{"@type":"WebSite","@id":"https:\/\/portaltela.pt\/#website","url":"https:\/\/portaltela.pt\/","name":"Portal Tela Portugal","description":"","potentialAction":[{"@type":"SearchAction","target":{"@type":"EntryPoint","urlTemplate":"https:\/\/portaltela.pt\/?s={search_term_string}"},"query-input":{"@type":"PropertyValueSpecification","valueRequired":true,"valueName":"search_term_string"}}],"inLanguage":"pt-PT"},{"@type":"Person","@id":"https:\/\/portaltela.pt\/#\/schema\/person\/c4278d4a6028830caff9ee44b42d32ed","name":"Telinha","image":{"@type":"ImageObject","inLanguage":"pt-PT","@id":"https:\/\/portaltela.pt\/s.01k8rhncp4jt1\/2025\/11\/talking-bot-125x125.png","url":"https:\/\/portaltela.pt\/s.01k8rhncp4jt1\/2025\/11\/talking-bot-125x125.png","contentUrl":"https:\/\/portaltela.pt\/s.01k8rhncp4jt1\/2025\/11\/talking-bot-125x125.png","caption":"Telinha"},"sameAs":["https:\/\/portaltela.pt\/"],"url":"https:\/\/portaltela.pt\/por\/367410592786\/"}]}},"_links":{"self":[{"href":"https:\/\/portaltela.pt\/api\/wp\/v2\/posts\/128644","targetHints":{"allow":["GET"]}}],"collection":[{"href":"https:\/\/portaltela.pt\/api\/wp\/v2\/posts"}],"about":[{"href":"https:\/\/portaltela.pt\/api\/wp\/v2\/types\/post"}],"author":[{"embeddable":true,"href":"https:\/\/portaltela.pt\/api\/wp\/v2\/users\/2"}],"replies":[{"embeddable":true,"href":"https:\/\/portaltela.pt\/api\/wp\/v2\/comments?post=128644"}],"version-history":[{"count":0,"href":"https:\/\/portaltela.pt\/api\/wp\/v2\/posts\/128644\/revisions"}],"wp:featuredmedia":[{"embeddable":true,"href":"https:\/\/portaltela.pt\/api\/wp\/v2\/media\/128659"}],"wp:attachment":[{"href":"https:\/\/portaltela.pt\/api\/wp\/v2\/media?parent=128644"}],"wp:term":[{"taxonomy":"category","embeddable":true,"href":"https:\/\/portaltela.pt\/api\/wp\/v2\/categories?post=128644"},{"taxonomy":"post_tag","embeddable":true,"href":"https:\/\/portaltela.pt\/api\/wp\/v2\/tags?post=128644"}],"curies":[{"name":"wp","href":"https:\/\/api.w.org\/{rel}","templated":true}]}}