{"id":128590,"date":"2026-01-08T21:00:00","date_gmt":"2026-01-09T00:00:00","guid":{"rendered":"https:\/\/portaltela.pt\/noticias\/2026\/01\/08\/atualidade-das-15h-principais-noticias-do-momento\/"},"modified":"2026-01-08T21:00:00","modified_gmt":"2026-01-09T00:00:00","slug":"atualidade-das-15h-principais-noticias-do-momento","status":"publish","type":"post","link":"https:\/\/portaltela.pt\/noticias\/politica\/2026\/01\/08\/atualidade-das-15h-principais-noticias-do-momento\/","title":{"rendered":"Atualidade das 15h: principais not\u00edcias do momento"},"content":{"rendered":"<p>O Governo criou 400 vagas de internamento social, anunciou o Minist\u00e9rio do Trabalho, Solidariedade e Seguran\u00e7a Social, numa medida para refor\u00e7ar a resposta \u00e0s pessoas sem-abrigo. Simultaneamente, o Parlamento aprovou na generalidade um pacote de habita\u00e7\u00e3o, incluindo um programa de arrendamento acess\u00edvel e zonas de habita\u00e7\u00e3o acess\u00edvel nos munic\u00edpios.<\/p>\n<p>A equipa governamental adianta que as novas vagas visam melhorar o acolhimento tempor\u00e1rio e a integra\u00e7\u00e3o de pessoas em situa\u00e7\u00e3o de sem-abrigo. A medida repete-se na agenda do dia, com foco na resposta social do Estado.<\/p>\n<p>Portugal lidera o aumento de pre\u00e7os da habita\u00e7\u00e3o na Uni\u00e3o Europeia, com uma subida de 10,4% no \u00faltimo ano, segundo o Eurostat. O dado \u00e9 apresentado como refer\u00eancia para avalia\u00e7\u00f5es de pol\u00edticas p\u00fablicas no setor.<\/p>\n<p>O INEM solicitou explica\u00e7\u00f5es sobre as novas ambul\u00e2ncias adquiridas pelo Governo, alegadamente com falhas nos requisitos t\u00e9cnicos. O presidente da institui\u00e7\u00e3o, Jo\u00e3o Carneiro, refor\u00e7ou a necessidade de clarifica\u00e7\u00f5es.<\/p>\n<p>Protestos no Ir\u00e3o deixaram dezenas de mortos ap\u00f3s a deten\u00e7\u00e3o de uma jovem pela pol\u00edcia, um epis\u00f3dio que suscitou condena\u00e7\u00f5es e pedidos de apuramento de responsabilidades.<\/p>\n<p>Ao n\u00edvel interno, a ministra da Sa\u00fade, Marta Temido, afirmou que n\u00e3o vai abandonar o cargo apesar das cr\u00edticas e protestos que se seguem \u00e0 gest\u00e3o do setor.<\/p>\n<p>Nos EUA, o ex-presidente Donald Trump vai receber na pr\u00f3xima semana a l\u00edder do Chega, Corina Machado, num encontro de natureza pol\u00edtica.<\/p>\n<p>O Presidente da Rep\u00fablica, Marcelo Rebelo de Sousa, manifestou o desejo de perceber eventuais atrasos no socorro do INEM, solicitando esclarecimentos ao \u00f3rg\u00e3o.<\/p>\n<p>Em perspetiva eleitoral, o candidato Andr\u00e9 Ventura afirmou estar na frente nas sondagens para as presidenciais.<\/p>\n<h3>Habita\u00e7\u00e3o e pol\u00edticas sociais<\/h3>\n<p>O Parlamento aprovou na generalidade o pacote de medidas de habita\u00e7\u00e3o, que inclui arrendamento acess\u00edvel e zonas de habita\u00e7\u00e3o acess\u00edvel. A proposta segue para an\u00e1lise final e eventual vota\u00e7\u00e3o em plen\u00e1rio.<\/p>\n","protected":false},"excerpt":{"rendered":"<ul>\n<li>O Governo criou quatrocentas vagas de internamento social para refor\u00e7ar o apoio \u00e0s pessoas sem-abrigo, conforme anunciado pelo Minist\u00e9rio do Trabalho, Solidariedade e Seguran\u00e7a Social.<\/li>\n<li>O Parlamento aprovou na generalidade o pacote de medidas de habita\u00e7\u00e3o, incluindo um programa de arrendamento acess\u00edvel e a possibilidade de zonas de habita\u00e7\u00e3o acess\u00edvel pelos munic\u00edpios.<\/li>\n<li>Portugal lidera o aumento de pre\u00e7os da habita\u00e7\u00e3o na Uni\u00e3o Europeia, com uma subida de 10,4% no \u00faltimo ano, segundo o Eurostat.<\/li>\n<li>O presidente do Instituto Nacional de Emerg\u00eancia M\u00e9dica (INEM), Jo\u00e3o Carneiro, exigiu explica\u00e7\u00f5es sobre as novas ambul\u00e2ncias compradas pelo Governo, alegadamente sem cumprir requisitos t\u00e9cnicos.<\/li>\n<li>A ministra da Sa\u00fade, Marta Temido, afirmou que n\u00e3o vai abandonar o cargo, apesar de cr\u00edticas e protestos.<\/li>\n<\/ul>\n","protected":false},"author":2,"featured_media":128599,"comment_status":"closed","ping_status":"closed","sticky":false,"template":"","format":"standard","meta":{"footnotes":""},"categories":[1,5],"tags":[2310,34,150,1167,133,1014],"class_list":["post-128590","post","type-post","status-publish","format-standard","has-post-thumbnail","hentry","category-noticias","category-politica","tag-arrendamento-apoiado","tag-governo","tag-habitacao","tag-habitacao-social","tag-politicas-publicas","tag-portugal"],"yoast_head":"<!-- This site is optimized with the Yoast SEO plugin v27.2 - https:\/\/yoast.com\/product\/yoast-seo-wordpress\/ -->\n<title>Atualidade das 15h: principais not\u00edcias do momento - Portal Tela Portugal<\/title>\n<meta name=\"robots\" content=\"index, follow, max-snippet:-1, max-image-preview:large, max-video-preview:-1\" \/>\n<meta property=\"og:locale\" content=\"pt_PT\" \/>\n<meta property=\"og:type\" content=\"article\" \/>\n<meta property=\"og:title\" content=\"Atualidade das 15h: principais not\u00edcias do momento - Portal Tela Portugal\" \/>\n<meta property=\"og:description\" content=\"O Governo criou quatrocentas vagas de internamento social para refor\u00e7ar o apoio \u00e0s pessoas sem-abrigo, conforme anunciado pelo Minist\u00e9rio do Trabalho, Solidariedade e Seguran\u00e7a Social. O Parlamento aprovou na generalidade o pacote de medidas de habita\u00e7\u00e3o, incluindo um programa de arrendamento acess\u00edvel e a possibilidade de zonas de habita\u00e7\u00e3o acess\u00edvel pelos munic\u00edpios. Portugal lidera o aumento de pre\u00e7os da habita\u00e7\u00e3o na Uni\u00e3o Europeia, com uma subida de 10,4% no \u00faltimo ano, segundo o Eurostat. O presidente do Instituto Nacional de Emerg\u00eancia M\u00e9dica (INEM), Jo\u00e3o Carneiro, exigiu explica\u00e7\u00f5es sobre as novas ambul\u00e2ncias compradas pelo Governo, alegadamente sem cumprir requisitos t\u00e9cnicos. A ministra da Sa\u00fade, Marta Temido, afirmou que n\u00e3o vai abandonar o cargo, apesar de cr\u00edticas e protestos.\" \/>\n<meta property=\"og:url\" content=\"https:\/\/portaltela.pt\/noticias\/2026\/01\/08\/atualidade-das-15h-principais-noticias-do-momento\/\" \/>\n<meta property=\"og:site_name\" content=\"Portal Tela Portugal\" \/>\n<meta property=\"article:published_time\" content=\"2026-01-09T00:00:00+00:00\" \/>\n<meta name=\"author\" content=\"Telinha\" \/>\n<meta name=\"twitter:card\" content=\"summary_large_image\" \/>\n<meta name=\"twitter:label1\" content=\"Escrito por\" \/>\n\t<meta name=\"twitter:data1\" content=\"Telinha\" \/>\n\t<meta name=\"twitter:label2\" content=\"Tempo estimado de leitura\" \/>\n\t<meta name=\"twitter:data2\" content=\"2 minutos\" \/>\n<script type=\"application\/ld+json\" class=\"yoast-schema-graph\">{\"@context\":\"https:\/\/schema.org\",\"@graph\":[{\"@type\":\"Article\",\"@id\":\"https:\/\/portaltela.pt\/noticias\/2026\/01\/08\/atualidade-das-15h-principais-noticias-do-momento\/#article\",\"isPartOf\":{\"@id\":\"https:\/\/portaltela.pt\/noticias\/2026\/01\/08\/atualidade-das-15h-principais-noticias-do-momento\/\"},\"author\":{\"name\":\"Telinha\",\"@id\":\"https:\/\/portaltela.pt\/#\/schema\/person\/c4278d4a6028830caff9ee44b42d32ed\"},\"headline\":\"Atualidade das 15h: principais not\u00edcias do momento\",\"datePublished\":\"2026-01-09T00:00:00+00:00\",\"mainEntityOfPage\":{\"@id\":\"https:\/\/portaltela.pt\/noticias\/2026\/01\/08\/atualidade-das-15h-principais-noticias-do-momento\/\"},\"wordCount\":352,\"image\":{\"@id\":\"https:\/\/portaltela.pt\/noticias\/2026\/01\/08\/atualidade-das-15h-principais-noticias-do-momento\/#primaryimage\"},\"thumbnailUrl\":\"https:\/\/portaltela.pt\/s.01k8rhncp4jt1\/2026\/01\/770-podcast-noticiario-117.jpg\",\"keywords\":[\"arrendamento apoiado\",\"governo\",\"habita\u00e7\u00e3o\",\"habita\u00e7\u00e3o social\",\"pol\u00edticas p\u00fablicas\",\"Portugal\"],\"articleSection\":[\"Not\u00edcias\",\"Pol\u00edtica\"],\"inLanguage\":\"pt-PT\"},{\"@type\":\"WebPage\",\"@id\":\"https:\/\/portaltela.pt\/noticias\/2026\/01\/08\/atualidade-das-15h-principais-noticias-do-momento\/\",\"url\":\"https:\/\/portaltela.pt\/noticias\/2026\/01\/08\/atualidade-das-15h-principais-noticias-do-momento\/\",\"name\":\"Atualidade das 15h: principais not\u00edcias do momento - Portal Tela Portugal\",\"isPartOf\":{\"@id\":\"https:\/\/portaltela.pt\/#website\"},\"primaryImageOfPage\":{\"@id\":\"https:\/\/portaltela.pt\/noticias\/2026\/01\/08\/atualidade-das-15h-principais-noticias-do-momento\/#primaryimage\"},\"image\":{\"@id\":\"https:\/\/portaltela.pt\/noticias\/2026\/01\/08\/atualidade-das-15h-principais-noticias-do-momento\/#primaryimage\"},\"thumbnailUrl\":\"https:\/\/portaltela.pt\/s.01k8rhncp4jt1\/2026\/01\/770-podcast-noticiario-117.jpg\",\"datePublished\":\"2026-01-09T00:00:00+00:00\",\"author\":{\"@id\":\"https:\/\/portaltela.pt\/#\/schema\/person\/c4278d4a6028830caff9ee44b42d32ed\"},\"breadcrumb\":{\"@id\":\"https:\/\/portaltela.pt\/noticias\/2026\/01\/08\/atualidade-das-15h-principais-noticias-do-momento\/#breadcrumb\"},\"inLanguage\":\"pt-PT\",\"potentialAction\":[{\"@type\":\"ReadAction\",\"target\":[\"https:\/\/portaltela.pt\/noticias\/2026\/01\/08\/atualidade-das-15h-principais-noticias-do-momento\/\"]}]},{\"@type\":\"ImageObject\",\"inLanguage\":\"pt-PT\",\"@id\":\"https:\/\/portaltela.pt\/noticias\/2026\/01\/08\/atualidade-das-15h-principais-noticias-do-momento\/#primaryimage\",\"url\":\"https:\/\/portaltela.pt\/s.01k8rhncp4jt1\/2026\/01\/770-podcast-noticiario-117.jpg\",\"contentUrl\":\"https:\/\/portaltela.pt\/s.01k8rhncp4jt1\/2026\/01\/770-podcast-noticiario-117.jpg\",\"width\":796,\"height\":448,\"caption\":\"Capa do programa\"},{\"@type\":\"BreadcrumbList\",\"@id\":\"https:\/\/portaltela.pt\/noticias\/2026\/01\/08\/atualidade-das-15h-principais-noticias-do-momento\/#breadcrumb\",\"itemListElement\":[{\"@type\":\"ListItem\",\"position\":1,\"name\":\"In\u00edcio\",\"item\":\"https:\/\/portaltela.pt\/\"},{\"@type\":\"ListItem\",\"position\":2,\"name\":\"Atualidade das 15h: principais not\u00edcias do momento\"}]},{\"@type\":\"WebSite\",\"@id\":\"https:\/\/portaltela.pt\/#website\",\"url\":\"https:\/\/portaltela.pt\/\",\"name\":\"Portal Tela Portugal\",\"description\":\"\",\"potentialAction\":[{\"@type\":\"SearchAction\",\"target\":{\"@type\":\"EntryPoint\",\"urlTemplate\":\"https:\/\/portaltela.pt\/?s={search_term_string}\"},\"query-input\":{\"@type\":\"PropertyValueSpecification\",\"valueRequired\":true,\"valueName\":\"search_term_string\"}}],\"inLanguage\":\"pt-PT\"},{\"@type\":\"Person\",\"@id\":\"https:\/\/portaltela.pt\/#\/schema\/person\/c4278d4a6028830caff9ee44b42d32ed\",\"name\":\"Telinha\",\"image\":{\"@type\":\"ImageObject\",\"inLanguage\":\"pt-PT\",\"@id\":\"https:\/\/portaltela.pt\/s.01k8rhncp4jt1\/2025\/11\/talking-bot-125x125.png\",\"url\":\"https:\/\/portaltela.pt\/s.01k8rhncp4jt1\/2025\/11\/talking-bot-125x125.png\",\"contentUrl\":\"https:\/\/portaltela.pt\/s.01k8rhncp4jt1\/2025\/11\/talking-bot-125x125.png\",\"caption\":\"Telinha\"},\"sameAs\":[\"https:\/\/portaltela.pt\/\"],\"url\":\"https:\/\/portaltela.pt\/por\/367410592786\/\"}]}<\/script>\n<!-- \/ Yoast SEO plugin. -->","yoast_head_json":{"title":"Atualidade das 15h: principais not\u00edcias do momento - Portal Tela Portugal","robots":{"index":"index","follow":"follow","max-snippet":"max-snippet:-1","max-image-preview":"max-image-preview:large","max-video-preview":"max-video-preview:-1"},"og_locale":"pt_PT","og_type":"article","og_title":"Atualidade das 15h: principais not\u00edcias do momento - Portal Tela Portugal","og_description":"O Governo criou quatrocentas vagas de internamento social para refor\u00e7ar o apoio \u00e0s pessoas sem-abrigo, conforme anunciado pelo Minist\u00e9rio do Trabalho, Solidariedade e Seguran\u00e7a Social. O Parlamento aprovou na generalidade o pacote de medidas de habita\u00e7\u00e3o, incluindo um programa de arrendamento acess\u00edvel e a possibilidade de zonas de habita\u00e7\u00e3o acess\u00edvel pelos munic\u00edpios. Portugal lidera o aumento de pre\u00e7os da habita\u00e7\u00e3o na Uni\u00e3o Europeia, com uma subida de 10,4% no \u00faltimo ano, segundo o Eurostat. O presidente do Instituto Nacional de Emerg\u00eancia M\u00e9dica (INEM), Jo\u00e3o Carneiro, exigiu explica\u00e7\u00f5es sobre as novas ambul\u00e2ncias compradas pelo Governo, alegadamente sem cumprir requisitos t\u00e9cnicos. A ministra da Sa\u00fade, Marta Temido, afirmou que n\u00e3o vai abandonar o cargo, apesar de cr\u00edticas e protestos.","og_url":"https:\/\/portaltela.pt\/noticias\/2026\/01\/08\/atualidade-das-15h-principais-noticias-do-momento\/","og_site_name":"Portal Tela Portugal","article_published_time":"2026-01-09T00:00:00+00:00","author":"Telinha","twitter_card":"summary_large_image","twitter_misc":{"Escrito por":"Telinha","Tempo estimado de leitura":"2 minutos"},"schema":{"@context":"https:\/\/schema.org","@graph":[{"@type":"Article","@id":"https:\/\/portaltela.pt\/noticias\/2026\/01\/08\/atualidade-das-15h-principais-noticias-do-momento\/#article","isPartOf":{"@id":"https:\/\/portaltela.pt\/noticias\/2026\/01\/08\/atualidade-das-15h-principais-noticias-do-momento\/"},"author":{"name":"Telinha","@id":"https:\/\/portaltela.pt\/#\/schema\/person\/c4278d4a6028830caff9ee44b42d32ed"},"headline":"Atualidade das 15h: principais not\u00edcias do momento","datePublished":"2026-01-09T00:00:00+00:00","mainEntityOfPage":{"@id":"https:\/\/portaltela.pt\/noticias\/2026\/01\/08\/atualidade-das-15h-principais-noticias-do-momento\/"},"wordCount":352,"image":{"@id":"https:\/\/portaltela.pt\/noticias\/2026\/01\/08\/atualidade-das-15h-principais-noticias-do-momento\/#primaryimage"},"thumbnailUrl":"https:\/\/portaltela.pt\/s.01k8rhncp4jt1\/2026\/01\/770-podcast-noticiario-117.jpg","keywords":["arrendamento apoiado","governo","habita\u00e7\u00e3o","habita\u00e7\u00e3o social","pol\u00edticas p\u00fablicas","Portugal"],"articleSection":["Not\u00edcias","Pol\u00edtica"],"inLanguage":"pt-PT"},{"@type":"WebPage","@id":"https:\/\/portaltela.pt\/noticias\/2026\/01\/08\/atualidade-das-15h-principais-noticias-do-momento\/","url":"https:\/\/portaltela.pt\/noticias\/2026\/01\/08\/atualidade-das-15h-principais-noticias-do-momento\/","name":"Atualidade das 15h: principais not\u00edcias do momento - Portal Tela Portugal","isPartOf":{"@id":"https:\/\/portaltela.pt\/#website"},"primaryImageOfPage":{"@id":"https:\/\/portaltela.pt\/noticias\/2026\/01\/08\/atualidade-das-15h-principais-noticias-do-momento\/#primaryimage"},"image":{"@id":"https:\/\/portaltela.pt\/noticias\/2026\/01\/08\/atualidade-das-15h-principais-noticias-do-momento\/#primaryimage"},"thumbnailUrl":"https:\/\/portaltela.pt\/s.01k8rhncp4jt1\/2026\/01\/770-podcast-noticiario-117.jpg","datePublished":"2026-01-09T00:00:00+00:00","author":{"@id":"https:\/\/portaltela.pt\/#\/schema\/person\/c4278d4a6028830caff9ee44b42d32ed"},"breadcrumb":{"@id":"https:\/\/portaltela.pt\/noticias\/2026\/01\/08\/atualidade-das-15h-principais-noticias-do-momento\/#breadcrumb"},"inLanguage":"pt-PT","potentialAction":[{"@type":"ReadAction","target":["https:\/\/portaltela.pt\/noticias\/2026\/01\/08\/atualidade-das-15h-principais-noticias-do-momento\/"]}]},{"@type":"ImageObject","inLanguage":"pt-PT","@id":"https:\/\/portaltela.pt\/noticias\/2026\/01\/08\/atualidade-das-15h-principais-noticias-do-momento\/#primaryimage","url":"https:\/\/portaltela.pt\/s.01k8rhncp4jt1\/2026\/01\/770-podcast-noticiario-117.jpg","contentUrl":"https:\/\/portaltela.pt\/s.01k8rhncp4jt1\/2026\/01\/770-podcast-noticiario-117.jpg","width":796,"height":448,"caption":"Capa do programa"},{"@type":"BreadcrumbList","@id":"https:\/\/portaltela.pt\/noticias\/2026\/01\/08\/atualidade-das-15h-principais-noticias-do-momento\/#breadcrumb","itemListElement":[{"@type":"ListItem","position":1,"name":"In\u00edcio","item":"https:\/\/portaltela.pt\/"},{"@type":"ListItem","position":2,"name":"Atualidade das 15h: principais not\u00edcias do momento"}]},{"@type":"WebSite","@id":"https:\/\/portaltela.pt\/#website","url":"https:\/\/portaltela.pt\/","name":"Portal Tela Portugal","description":"","potentialAction":[{"@type":"SearchAction","target":{"@type":"EntryPoint","urlTemplate":"https:\/\/portaltela.pt\/?s={search_term_string}"},"query-input":{"@type":"PropertyValueSpecification","valueRequired":true,"valueName":"search_term_string"}}],"inLanguage":"pt-PT"},{"@type":"Person","@id":"https:\/\/portaltela.pt\/#\/schema\/person\/c4278d4a6028830caff9ee44b42d32ed","name":"Telinha","image":{"@type":"ImageObject","inLanguage":"pt-PT","@id":"https:\/\/portaltela.pt\/s.01k8rhncp4jt1\/2025\/11\/talking-bot-125x125.png","url":"https:\/\/portaltela.pt\/s.01k8rhncp4jt1\/2025\/11\/talking-bot-125x125.png","contentUrl":"https:\/\/portaltela.pt\/s.01k8rhncp4jt1\/2025\/11\/talking-bot-125x125.png","caption":"Telinha"},"sameAs":["https:\/\/portaltela.pt\/"],"url":"https:\/\/portaltela.pt\/por\/367410592786\/"}]}},"_links":{"self":[{"href":"https:\/\/portaltela.pt\/api\/wp\/v2\/posts\/128590","targetHints":{"allow":["GET"]}}],"collection":[{"href":"https:\/\/portaltela.pt\/api\/wp\/v2\/posts"}],"about":[{"href":"https:\/\/portaltela.pt\/api\/wp\/v2\/types\/post"}],"author":[{"embeddable":true,"href":"https:\/\/portaltela.pt\/api\/wp\/v2\/users\/2"}],"replies":[{"embeddable":true,"href":"https:\/\/portaltela.pt\/api\/wp\/v2\/comments?post=128590"}],"version-history":[{"count":0,"href":"https:\/\/portaltela.pt\/api\/wp\/v2\/posts\/128590\/revisions"}],"wp:featuredmedia":[{"embeddable":true,"href":"https:\/\/portaltela.pt\/api\/wp\/v2\/media\/128599"}],"wp:attachment":[{"href":"https:\/\/portaltela.pt\/api\/wp\/v2\/media?parent=128590"}],"wp:term":[{"taxonomy":"category","embeddable":true,"href":"https:\/\/portaltela.pt\/api\/wp\/v2\/categories?post=128590"},{"taxonomy":"post_tag","embeddable":true,"href":"https:\/\/portaltela.pt\/api\/wp\/v2\/tags?post=128590"}],"curies":[{"name":"wp","href":"https:\/\/api.w.org\/{rel}","templated":true}]}}