{"id":128518,"date":"2026-01-09T11:08:00","date_gmt":"2026-01-09T14:08:00","guid":{"rendered":"https:\/\/portaltela.pt\/noticias\/2026\/01\/09\/subida-residual-nos-precos-dos-combustiveis-agrava-pressao-no-bolso\/"},"modified":"2026-01-09T11:08:00","modified_gmt":"2026-01-09T14:08:00","slug":"subida-residual-nos-precos-dos-combustiveis-agrava-pressao-no-bolso","status":"publish","type":"post","link":"https:\/\/portaltela.pt\/noticias\/2026\/01\/09\/subida-residual-nos-precos-dos-combustiveis-agrava-pressao-no-bolso\/","title":{"rendered":"Subida residual nos pre\u00e7os dos combust\u00edveis agrava press\u00e3o no bolso"},"content":{"rendered":"<p>A Regi\u00e3o Aut\u00f3noma da Madeira aprovou novos pre\u00e7os m\u00e1ximos de venda ao p\u00fablico para combust\u00edveis, com vig\u00eancia a partir das 0h do dia 12 de Janeiro de 2026. A atualiza\u00e7\u00e3o foi autorizada pela Portaria n.\u00ba 25\/2022, de 26 de Janeiro. Os valores entram para vigorar como teto de venda por litro.<\/p>\n<p>Segundo o diploma, os pre\u00e7os m\u00e1ximos s\u00e3o: Gasolina ( IO 95) 1,539 \u20ac, Gas\u00f3leo rodovi\u00e1rio 1,419 \u20ac, Gas\u00f3leo colorido e marcado 0,943 \u20ac. A mudan\u00e7a representa um aumento residual em rela\u00e7\u00e3o aos pre\u00e7os atualmente praticados na regi\u00e3o.<\/p>\n<p>Antes da entrada em vigor, os consumidores continuar\u00e3o a pagar os valores anteriores: Gasolina IO 95 1,537 \u20ac, Gas\u00f3leo rodovi\u00e1rio 1,411 \u20ac, Gas\u00f3leo colorido e marcado 0,935 \u20ac. A atualiza\u00e7\u00e3o reflete ajustes regulat\u00f3rios previstos na gest\u00e3o de pre\u00e7os regionais.<\/p>\n","protected":false},"excerpt":{"rendered":"<ul>\n<li>A Regi\u00e3o Aut\u00f3noma da Madeira publicou a Portaria n.\u00ba 25\/2022, de 26 de Janeiro, com novos pre\u00e7os m\u00e1ximos de venda ao p\u00fablico a vigorar a partir das 0 horas do dia 12 de janeiro de 2026.<\/li>\n<li>Gasolina super sem chumbo IO 95 &#8211; 1,539 \u20ac por litro.<\/li>\n<li>Gas\u00f3leo rodovi\u00e1rio &#8211; 1,419 \u20ac por litro.<\/li>\n<li>Gas\u00f3leo colorido e marcado &#8211; 0,943 \u20ac por litro.<\/li>\n<li>Os pre\u00e7os atuais, at\u00e9 ao dia 12 de janeiro de 2026, mant\u00eam-se em 1,537 \u20ac por litro para a gasolina, 1,411 \u20ac para o gas\u00f3leo rodovi\u00e1rio e 0,935 \u20ac para o gas\u00f3leo colorido e marcado, respetivamente.<\/li>\n<\/ul>\n","protected":false},"author":2,"featured_media":128532,"comment_status":"closed","ping_status":"closed","sticky":false,"template":"","format":"standard","meta":{"footnotes":""},"categories":[1],"tags":[2421,2722,1690,859,1014],"class_list":["post-128518","post","type-post","status-publish","format-standard","has-post-thumbnail","hentry","category-noticias","tag-abastecimentos","tag-gasoleo-colorido-e-marcado","tag-gasoleo-rodoviario","tag-madeira","tag-portugal"],"yoast_head":"<!-- This site is optimized with the Yoast SEO plugin v27.2 - https:\/\/yoast.com\/product\/yoast-seo-wordpress\/ -->\n<title>Subida residual nos pre\u00e7os dos combust\u00edveis agrava press\u00e3o no bolso - Portal Tela Portugal<\/title>\n<meta name=\"robots\" content=\"index, follow, max-snippet:-1, max-image-preview:large, max-video-preview:-1\" \/>\n<meta property=\"og:locale\" content=\"pt_PT\" \/>\n<meta property=\"og:type\" content=\"article\" \/>\n<meta property=\"og:title\" content=\"Subida residual nos pre\u00e7os dos combust\u00edveis agrava press\u00e3o no bolso - Portal Tela Portugal\" \/>\n<meta property=\"og:description\" content=\"A Regi\u00e3o Aut\u00f3noma da Madeira publicou a Portaria n.\u00ba 25\/2022, de 26 de Janeiro, com novos pre\u00e7os m\u00e1ximos de venda ao p\u00fablico a vigorar a partir das 0 horas do dia 12 de janeiro de 2026. Gasolina super sem chumbo IO 95 - 1,539 \u20ac por litro. Gas\u00f3leo rodovi\u00e1rio - 1,419 \u20ac por litro. Gas\u00f3leo colorido e marcado - 0,943 \u20ac por litro. Os pre\u00e7os atuais, at\u00e9 ao dia 12 de janeiro de 2026, mant\u00eam-se em 1,537 \u20ac por litro para a gasolina, 1,411 \u20ac para o gas\u00f3leo rodovi\u00e1rio e 0,935 \u20ac para o gas\u00f3leo colorido e marcado, respetivamente.\" \/>\n<meta property=\"og:url\" content=\"https:\/\/portaltela.pt\/noticias\/2026\/01\/09\/subida-residual-nos-precos-dos-combustiveis-agrava-pressao-no-bolso\/\" \/>\n<meta property=\"og:site_name\" content=\"Portal Tela Portugal\" \/>\n<meta property=\"article:published_time\" content=\"2026-01-09T14:08:00+00:00\" \/>\n<meta name=\"author\" content=\"Telinha\" \/>\n<meta name=\"twitter:card\" content=\"summary_large_image\" \/>\n<meta name=\"twitter:label1\" content=\"Escrito por\" \/>\n\t<meta name=\"twitter:data1\" content=\"Telinha\" \/>\n\t<meta name=\"twitter:label2\" content=\"Tempo estimado de leitura\" \/>\n\t<meta name=\"twitter:data2\" content=\"1 minuto\" \/>\n<script type=\"application\/ld+json\" class=\"yoast-schema-graph\">{\"@context\":\"https:\/\/schema.org\",\"@graph\":[{\"@type\":\"Article\",\"@id\":\"https:\/\/portaltela.pt\/noticias\/2026\/01\/09\/subida-residual-nos-precos-dos-combustiveis-agrava-pressao-no-bolso\/#article\",\"isPartOf\":{\"@id\":\"https:\/\/portaltela.pt\/noticias\/2026\/01\/09\/subida-residual-nos-precos-dos-combustiveis-agrava-pressao-no-bolso\/\"},\"author\":{\"name\":\"Telinha\",\"@id\":\"https:\/\/portaltela.pt\/#\/schema\/person\/c4278d4a6028830caff9ee44b42d32ed\"},\"headline\":\"Subida residual nos pre\u00e7os dos combust\u00edveis agrava press\u00e3o no bolso\",\"datePublished\":\"2026-01-09T14:08:00+00:00\",\"mainEntityOfPage\":{\"@id\":\"https:\/\/portaltela.pt\/noticias\/2026\/01\/09\/subida-residual-nos-precos-dos-combustiveis-agrava-pressao-no-bolso\/\"},\"wordCount\":147,\"image\":{\"@id\":\"https:\/\/portaltela.pt\/noticias\/2026\/01\/09\/subida-residual-nos-precos-dos-combustiveis-agrava-pressao-no-bolso\/#primaryimage\"},\"thumbnailUrl\":\"https:\/\/portaltela.pt\/s.01k8rhncp4jt1\/2026\/01\/unnamed-file-1842.jpg\",\"keywords\":[\"abastecimentos\",\"Gas\u00f3leo colorido e marcado\",\"Gas\u00f3leo rodovi\u00e1rio\",\"Madeira\",\"Portugal\"],\"articleSection\":[\"Not\u00edcias\"],\"inLanguage\":\"pt-PT\"},{\"@type\":\"WebPage\",\"@id\":\"https:\/\/portaltela.pt\/noticias\/2026\/01\/09\/subida-residual-nos-precos-dos-combustiveis-agrava-pressao-no-bolso\/\",\"url\":\"https:\/\/portaltela.pt\/noticias\/2026\/01\/09\/subida-residual-nos-precos-dos-combustiveis-agrava-pressao-no-bolso\/\",\"name\":\"Subida residual nos pre\u00e7os dos combust\u00edveis agrava press\u00e3o no bolso - Portal Tela Portugal\",\"isPartOf\":{\"@id\":\"https:\/\/portaltela.pt\/#website\"},\"primaryImageOfPage\":{\"@id\":\"https:\/\/portaltela.pt\/noticias\/2026\/01\/09\/subida-residual-nos-precos-dos-combustiveis-agrava-pressao-no-bolso\/#primaryimage\"},\"image\":{\"@id\":\"https:\/\/portaltela.pt\/noticias\/2026\/01\/09\/subida-residual-nos-precos-dos-combustiveis-agrava-pressao-no-bolso\/#primaryimage\"},\"thumbnailUrl\":\"https:\/\/portaltela.pt\/s.01k8rhncp4jt1\/2026\/01\/unnamed-file-1842.jpg\",\"datePublished\":\"2026-01-09T14:08:00+00:00\",\"author\":{\"@id\":\"https:\/\/portaltela.pt\/#\/schema\/person\/c4278d4a6028830caff9ee44b42d32ed\"},\"breadcrumb\":{\"@id\":\"https:\/\/portaltela.pt\/noticias\/2026\/01\/09\/subida-residual-nos-precos-dos-combustiveis-agrava-pressao-no-bolso\/#breadcrumb\"},\"inLanguage\":\"pt-PT\",\"potentialAction\":[{\"@type\":\"ReadAction\",\"target\":[\"https:\/\/portaltela.pt\/noticias\/2026\/01\/09\/subida-residual-nos-precos-dos-combustiveis-agrava-pressao-no-bolso\/\"]}]},{\"@type\":\"ImageObject\",\"inLanguage\":\"pt-PT\",\"@id\":\"https:\/\/portaltela.pt\/noticias\/2026\/01\/09\/subida-residual-nos-precos-dos-combustiveis-agrava-pressao-no-bolso\/#primaryimage\",\"url\":\"https:\/\/portaltela.pt\/s.01k8rhncp4jt1\/2026\/01\/unnamed-file-1842.jpg\",\"contentUrl\":\"https:\/\/portaltela.pt\/s.01k8rhncp4jt1\/2026\/01\/unnamed-file-1842.jpg\",\"width\":796,\"height\":448,\"caption\":\"Subida residual nos pre\u00e7os dos combust\u00edveis\"},{\"@type\":\"BreadcrumbList\",\"@id\":\"https:\/\/portaltela.pt\/noticias\/2026\/01\/09\/subida-residual-nos-precos-dos-combustiveis-agrava-pressao-no-bolso\/#breadcrumb\",\"itemListElement\":[{\"@type\":\"ListItem\",\"position\":1,\"name\":\"In\u00edcio\",\"item\":\"https:\/\/portaltela.pt\/\"},{\"@type\":\"ListItem\",\"position\":2,\"name\":\"Subida residual nos pre\u00e7os dos combust\u00edveis agrava press\u00e3o no bolso\"}]},{\"@type\":\"WebSite\",\"@id\":\"https:\/\/portaltela.pt\/#website\",\"url\":\"https:\/\/portaltela.pt\/\",\"name\":\"Portal Tela Portugal\",\"description\":\"\",\"potentialAction\":[{\"@type\":\"SearchAction\",\"target\":{\"@type\":\"EntryPoint\",\"urlTemplate\":\"https:\/\/portaltela.pt\/?s={search_term_string}\"},\"query-input\":{\"@type\":\"PropertyValueSpecification\",\"valueRequired\":true,\"valueName\":\"search_term_string\"}}],\"inLanguage\":\"pt-PT\"},{\"@type\":\"Person\",\"@id\":\"https:\/\/portaltela.pt\/#\/schema\/person\/c4278d4a6028830caff9ee44b42d32ed\",\"name\":\"Telinha\",\"image\":{\"@type\":\"ImageObject\",\"inLanguage\":\"pt-PT\",\"@id\":\"https:\/\/portaltela.pt\/s.01k8rhncp4jt1\/2025\/11\/talking-bot-125x125.png\",\"url\":\"https:\/\/portaltela.pt\/s.01k8rhncp4jt1\/2025\/11\/talking-bot-125x125.png\",\"contentUrl\":\"https:\/\/portaltela.pt\/s.01k8rhncp4jt1\/2025\/11\/talking-bot-125x125.png\",\"caption\":\"Telinha\"},\"sameAs\":[\"https:\/\/portaltela.pt\/\"],\"url\":\"https:\/\/portaltela.pt\/por\/367410592786\/\"}]}<\/script>\n<!-- \/ Yoast SEO plugin. -->","yoast_head_json":{"title":"Subida residual nos pre\u00e7os dos combust\u00edveis agrava press\u00e3o no bolso - Portal Tela Portugal","robots":{"index":"index","follow":"follow","max-snippet":"max-snippet:-1","max-image-preview":"max-image-preview:large","max-video-preview":"max-video-preview:-1"},"og_locale":"pt_PT","og_type":"article","og_title":"Subida residual nos pre\u00e7os dos combust\u00edveis agrava press\u00e3o no bolso - Portal Tela Portugal","og_description":"A Regi\u00e3o Aut\u00f3noma da Madeira publicou a Portaria n.\u00ba 25\/2022, de 26 de Janeiro, com novos pre\u00e7os m\u00e1ximos de venda ao p\u00fablico a vigorar a partir das 0 horas do dia 12 de janeiro de 2026. Gasolina super sem chumbo IO 95 - 1,539 \u20ac por litro. Gas\u00f3leo rodovi\u00e1rio - 1,419 \u20ac por litro. Gas\u00f3leo colorido e marcado - 0,943 \u20ac por litro. Os pre\u00e7os atuais, at\u00e9 ao dia 12 de janeiro de 2026, mant\u00eam-se em 1,537 \u20ac por litro para a gasolina, 1,411 \u20ac para o gas\u00f3leo rodovi\u00e1rio e 0,935 \u20ac para o gas\u00f3leo colorido e marcado, respetivamente.","og_url":"https:\/\/portaltela.pt\/noticias\/2026\/01\/09\/subida-residual-nos-precos-dos-combustiveis-agrava-pressao-no-bolso\/","og_site_name":"Portal Tela Portugal","article_published_time":"2026-01-09T14:08:00+00:00","author":"Telinha","twitter_card":"summary_large_image","twitter_misc":{"Escrito por":"Telinha","Tempo estimado de leitura":"1 minuto"},"schema":{"@context":"https:\/\/schema.org","@graph":[{"@type":"Article","@id":"https:\/\/portaltela.pt\/noticias\/2026\/01\/09\/subida-residual-nos-precos-dos-combustiveis-agrava-pressao-no-bolso\/#article","isPartOf":{"@id":"https:\/\/portaltela.pt\/noticias\/2026\/01\/09\/subida-residual-nos-precos-dos-combustiveis-agrava-pressao-no-bolso\/"},"author":{"name":"Telinha","@id":"https:\/\/portaltela.pt\/#\/schema\/person\/c4278d4a6028830caff9ee44b42d32ed"},"headline":"Subida residual nos pre\u00e7os dos combust\u00edveis agrava press\u00e3o no bolso","datePublished":"2026-01-09T14:08:00+00:00","mainEntityOfPage":{"@id":"https:\/\/portaltela.pt\/noticias\/2026\/01\/09\/subida-residual-nos-precos-dos-combustiveis-agrava-pressao-no-bolso\/"},"wordCount":147,"image":{"@id":"https:\/\/portaltela.pt\/noticias\/2026\/01\/09\/subida-residual-nos-precos-dos-combustiveis-agrava-pressao-no-bolso\/#primaryimage"},"thumbnailUrl":"https:\/\/portaltela.pt\/s.01k8rhncp4jt1\/2026\/01\/unnamed-file-1842.jpg","keywords":["abastecimentos","Gas\u00f3leo colorido e marcado","Gas\u00f3leo rodovi\u00e1rio","Madeira","Portugal"],"articleSection":["Not\u00edcias"],"inLanguage":"pt-PT"},{"@type":"WebPage","@id":"https:\/\/portaltela.pt\/noticias\/2026\/01\/09\/subida-residual-nos-precos-dos-combustiveis-agrava-pressao-no-bolso\/","url":"https:\/\/portaltela.pt\/noticias\/2026\/01\/09\/subida-residual-nos-precos-dos-combustiveis-agrava-pressao-no-bolso\/","name":"Subida residual nos pre\u00e7os dos combust\u00edveis agrava press\u00e3o no bolso - Portal Tela Portugal","isPartOf":{"@id":"https:\/\/portaltela.pt\/#website"},"primaryImageOfPage":{"@id":"https:\/\/portaltela.pt\/noticias\/2026\/01\/09\/subida-residual-nos-precos-dos-combustiveis-agrava-pressao-no-bolso\/#primaryimage"},"image":{"@id":"https:\/\/portaltela.pt\/noticias\/2026\/01\/09\/subida-residual-nos-precos-dos-combustiveis-agrava-pressao-no-bolso\/#primaryimage"},"thumbnailUrl":"https:\/\/portaltela.pt\/s.01k8rhncp4jt1\/2026\/01\/unnamed-file-1842.jpg","datePublished":"2026-01-09T14:08:00+00:00","author":{"@id":"https:\/\/portaltela.pt\/#\/schema\/person\/c4278d4a6028830caff9ee44b42d32ed"},"breadcrumb":{"@id":"https:\/\/portaltela.pt\/noticias\/2026\/01\/09\/subida-residual-nos-precos-dos-combustiveis-agrava-pressao-no-bolso\/#breadcrumb"},"inLanguage":"pt-PT","potentialAction":[{"@type":"ReadAction","target":["https:\/\/portaltela.pt\/noticias\/2026\/01\/09\/subida-residual-nos-precos-dos-combustiveis-agrava-pressao-no-bolso\/"]}]},{"@type":"ImageObject","inLanguage":"pt-PT","@id":"https:\/\/portaltela.pt\/noticias\/2026\/01\/09\/subida-residual-nos-precos-dos-combustiveis-agrava-pressao-no-bolso\/#primaryimage","url":"https:\/\/portaltela.pt\/s.01k8rhncp4jt1\/2026\/01\/unnamed-file-1842.jpg","contentUrl":"https:\/\/portaltela.pt\/s.01k8rhncp4jt1\/2026\/01\/unnamed-file-1842.jpg","width":796,"height":448,"caption":"Subida residual nos pre\u00e7os dos combust\u00edveis"},{"@type":"BreadcrumbList","@id":"https:\/\/portaltela.pt\/noticias\/2026\/01\/09\/subida-residual-nos-precos-dos-combustiveis-agrava-pressao-no-bolso\/#breadcrumb","itemListElement":[{"@type":"ListItem","position":1,"name":"In\u00edcio","item":"https:\/\/portaltela.pt\/"},{"@type":"ListItem","position":2,"name":"Subida residual nos pre\u00e7os dos combust\u00edveis agrava press\u00e3o no bolso"}]},{"@type":"WebSite","@id":"https:\/\/portaltela.pt\/#website","url":"https:\/\/portaltela.pt\/","name":"Portal Tela Portugal","description":"","potentialAction":[{"@type":"SearchAction","target":{"@type":"EntryPoint","urlTemplate":"https:\/\/portaltela.pt\/?s={search_term_string}"},"query-input":{"@type":"PropertyValueSpecification","valueRequired":true,"valueName":"search_term_string"}}],"inLanguage":"pt-PT"},{"@type":"Person","@id":"https:\/\/portaltela.pt\/#\/schema\/person\/c4278d4a6028830caff9ee44b42d32ed","name":"Telinha","image":{"@type":"ImageObject","inLanguage":"pt-PT","@id":"https:\/\/portaltela.pt\/s.01k8rhncp4jt1\/2025\/11\/talking-bot-125x125.png","url":"https:\/\/portaltela.pt\/s.01k8rhncp4jt1\/2025\/11\/talking-bot-125x125.png","contentUrl":"https:\/\/portaltela.pt\/s.01k8rhncp4jt1\/2025\/11\/talking-bot-125x125.png","caption":"Telinha"},"sameAs":["https:\/\/portaltela.pt\/"],"url":"https:\/\/portaltela.pt\/por\/367410592786\/"}]}},"_links":{"self":[{"href":"https:\/\/portaltela.pt\/api\/wp\/v2\/posts\/128518","targetHints":{"allow":["GET"]}}],"collection":[{"href":"https:\/\/portaltela.pt\/api\/wp\/v2\/posts"}],"about":[{"href":"https:\/\/portaltela.pt\/api\/wp\/v2\/types\/post"}],"author":[{"embeddable":true,"href":"https:\/\/portaltela.pt\/api\/wp\/v2\/users\/2"}],"replies":[{"embeddable":true,"href":"https:\/\/portaltela.pt\/api\/wp\/v2\/comments?post=128518"}],"version-history":[{"count":0,"href":"https:\/\/portaltela.pt\/api\/wp\/v2\/posts\/128518\/revisions"}],"wp:featuredmedia":[{"embeddable":true,"href":"https:\/\/portaltela.pt\/api\/wp\/v2\/media\/128532"}],"wp:attachment":[{"href":"https:\/\/portaltela.pt\/api\/wp\/v2\/media?parent=128518"}],"wp:term":[{"taxonomy":"category","embeddable":true,"href":"https:\/\/portaltela.pt\/api\/wp\/v2\/categories?post=128518"},{"taxonomy":"post_tag","embeddable":true,"href":"https:\/\/portaltela.pt\/api\/wp\/v2\/tags?post=128518"}],"curies":[{"name":"wp","href":"https:\/\/api.w.org\/{rel}","templated":true}]}}