{"id":128478,"date":"2026-01-09T10:56:14","date_gmt":"2026-01-09T13:56:14","guid":{"rendered":"https:\/\/portaltela.pt\/noticias\/2026\/01\/09\/quase-5-000-alunos-recorrem-a-provas-especiais-apos-ataques\/"},"modified":"2026-01-09T10:56:14","modified_gmt":"2026-01-09T13:56:14","slug":"quase-5-000-alunos-recorrem-a-provas-especiais-apos-ataques","status":"publish","type":"post","link":"https:\/\/portaltela.pt\/noticias\/2026\/01\/09\/quase-5-000-alunos-recorrem-a-provas-especiais-apos-ataques\/","title":{"rendered":"Quase 5.000 alunos recorrem a provas especiais ap\u00f3s ataques"},"content":{"rendered":"<p>Quase 5.000 alunos da prov\u00edncia de Nampula v\u00e3o realizar exames especiais entre 19 e 22 de janeiro, para repor as provas finais de 2025 perdidas por causa da inseguran\u00e7a provocada por ataques de grupos insurgentes. As crian\u00e7as tinham fugido aos confrontos em Memba e Er\u00e1ti, em dezembro.<\/p>\n<p>Segundo o diretor provincial de Educa\u00e7\u00e3o, William Tunzine, o levantamento aponta para 4.928 alunos que precisam de avalia\u00e7\u00e3o. At\u00e9 agora foram localizadas fisicamente 2.907 crian\u00e7as, com a identifica\u00e7\u00e3o ainda a decorrer. O objetivo \u00e9 garantir a conclus\u00e3o do ano letivo com os devidos estabelecimentos.<\/p>\n<p>A desloca\u00e7\u00e3o de milhares de fam\u00edlias, em novembro e dezembro, impediu a realiza\u00e7\u00e3o das provas finais em v\u00e1rios distritos. Muitas crian\u00e7as acompanharam as fam\u00edlias para zonas de acolhimento, o que atrasou o calend\u00e1rio escolar, segundo o respons\u00e1vel da pasta em Nampula.<\/p>\n<h3>Exames especiais<\/h3>\n<p>Para melhorar as condi\u00e7\u00f5es de aprendizagem, est\u00e3o a ser distribuidas fichas de apoio e a intensificar a presen\u00e7a de docentes nas escolas onde as crian\u00e7as se encontram, com apoio de parceiros, como organiza\u00e7\u00f5es n\u00e3o governamentais. Al\u00e9m do apoio pedag\u00f3gico, v\u00e1rias entidades fornecem assist\u00eancia psicossocial.<\/p>\n<p>Foi ainda anunciada a cria\u00e7\u00e3o de cerca de 107 centros de exames especiais, sendo 95 em Memba e 12 em Er\u00e1ti, envolvendo cerca de 120 professores. Os exames devem ser conclu\u00eddos antes da abertura oficial do ano letivo de 2026, marcada para 30 de janeiro no pa\u00eds.<\/p>\n<p>O contexto regional envolve a prov\u00edncia de Cabo Delgado, alvo de ataques extremistas desde 2017. Nos \u00faltimos tempos, incidentes tamb\u00e9m atingiram Niassa e Nampula, com desloca\u00e7\u00f5es significativas registadas pela comunidade internacional. A ACLED tem reportado n\u00edveis elevados de viol\u00eancia associada ao extremismo.<\/p>\n","protected":false},"excerpt":{"rendered":"<ul>\n<li>Cerca de 4.928 alunos da prov\u00edncia de Nampula v\u00e3o realizar, de 19 a 22 de janeiro, exames especiais da sexta \u00e0 nona classe que perderam as provas finais de 2025 devido aos deslocamentos causados por ataques insurgentes.<\/li>\n<li>At\u00e9 ao momento foram localizadas fisicamente 2.907 crian\u00e7as, e o n\u00famero pode aumentar \u00e0 medida que a identifica\u00e7\u00e3o continua, disse William Tunzine, diretor provincial de Educa\u00e7\u00e3o em Nampula.<\/li>\n<li>As provas visam alunos que n\u00e3o fizeram as provas finais entre novembro e dezembro, porque se deslocaram para os distritos de Memba e Er\u00e1ti na sequ\u00eancia dos ataques.<\/li>\n<li>Est\u00e1 previsto o funcionamento de cerca de 107 centros de exames especiais (95 em Memba e 12 em Er\u00e1ti), com cerca de 120 docentes, contando com apoio de organiza\u00e7\u00f5es n\u00e3o governamentais e refor\u00e7o pedag\u00f3gico, al\u00e9m de apoio psicossocial.<\/li>\n<li>Os exames devem estar conclu\u00eddos antes da abertura oficial do ano letivo de 2026, marcada para 30 de janeiro; a situa\u00e7\u00e3o est\u00e1 ligada \u00e0 viol\u00eancia em Cabo Delgado desde 2017, que provocou milhares de deslocados e centenas de mortos.<\/li>\n<\/ul>\n","protected":false},"author":2,"featured_media":128497,"comment_status":"closed","ping_status":"closed","sticky":false,"template":"","format":"standard","meta":{"footnotes":""},"categories":[1],"tags":[2049,226,163,1948,2232,136],"class_list":["post-128478","post","type-post","status-publish","format-standard","has-post-thumbnail","hentry","category-noticias","tag-cabo-delgado","tag-deslocados-internos","tag-educacao","tag-nampula","tag-niassa","tag-organizacoes"],"yoast_head":"<!-- This site is optimized with the Yoast SEO plugin v27.2 - https:\/\/yoast.com\/product\/yoast-seo-wordpress\/ -->\n<title>Quase 5.000 alunos recorrem a provas especiais ap\u00f3s ataques - Portal Tela Portugal<\/title>\n<meta name=\"robots\" content=\"index, follow, max-snippet:-1, max-image-preview:large, max-video-preview:-1\" \/>\n<meta property=\"og:locale\" content=\"pt_PT\" \/>\n<meta property=\"og:type\" content=\"article\" \/>\n<meta property=\"og:title\" content=\"Quase 5.000 alunos recorrem a provas especiais ap\u00f3s ataques - Portal Tela Portugal\" \/>\n<meta property=\"og:description\" content=\"Cerca de 4.928 alunos da prov\u00edncia de Nampula v\u00e3o realizar, de 19 a 22 de janeiro, exames especiais da sexta \u00e0 nona classe que perderam as provas finais de 2025 devido aos deslocamentos causados por ataques insurgentes. At\u00e9 ao momento foram localizadas fisicamente 2.907 crian\u00e7as, e o n\u00famero pode aumentar \u00e0 medida que a identifica\u00e7\u00e3o continua, disse William Tunzine, diretor provincial de Educa\u00e7\u00e3o em Nampula. As provas visam alunos que n\u00e3o fizeram as provas finais entre novembro e dezembro, porque se deslocaram para os distritos de Memba e Er\u00e1ti na sequ\u00eancia dos ataques. Est\u00e1 previsto o funcionamento de cerca de 107 centros de exames especiais (95 em Memba e 12 em Er\u00e1ti), com cerca de 120 docentes, contando com apoio de organiza\u00e7\u00f5es n\u00e3o governamentais e refor\u00e7o pedag\u00f3gico, al\u00e9m de apoio psicossocial. Os exames devem estar conclu\u00eddos antes da abertura oficial do ano letivo de 2026, marcada para 30 de janeiro; a situa\u00e7\u00e3o est\u00e1 ligada \u00e0 viol\u00eancia em Cabo Delgado desde 2017, que provocou milhares de deslocados e centenas de mortos.\" \/>\n<meta property=\"og:url\" content=\"https:\/\/portaltela.pt\/noticias\/2026\/01\/09\/quase-5-000-alunos-recorrem-a-provas-especiais-apos-ataques\/\" \/>\n<meta property=\"og:site_name\" content=\"Portal Tela Portugal\" \/>\n<meta property=\"article:published_time\" content=\"2026-01-09T13:56:14+00:00\" \/>\n<meta name=\"author\" content=\"Telinha\" \/>\n<meta name=\"twitter:card\" content=\"summary_large_image\" \/>\n<meta name=\"twitter:label1\" content=\"Escrito por\" \/>\n\t<meta name=\"twitter:data1\" content=\"Telinha\" \/>\n\t<meta name=\"twitter:label2\" content=\"Tempo estimado de leitura\" \/>\n\t<meta name=\"twitter:data2\" content=\"1 minuto\" \/>\n<script type=\"application\/ld+json\" class=\"yoast-schema-graph\">{\"@context\":\"https:\/\/schema.org\",\"@graph\":[{\"@type\":\"Article\",\"@id\":\"https:\/\/portaltela.pt\/noticias\/2026\/01\/09\/quase-5-000-alunos-recorrem-a-provas-especiais-apos-ataques\/#article\",\"isPartOf\":{\"@id\":\"https:\/\/portaltela.pt\/noticias\/2026\/01\/09\/quase-5-000-alunos-recorrem-a-provas-especiais-apos-ataques\/\"},\"author\":{\"name\":\"Telinha\",\"@id\":\"https:\/\/portaltela.pt\/#\/schema\/person\/c4278d4a6028830caff9ee44b42d32ed\"},\"headline\":\"Quase 5.000 alunos recorrem a provas especiais ap\u00f3s ataques\",\"datePublished\":\"2026-01-09T13:56:14+00:00\",\"mainEntityOfPage\":{\"@id\":\"https:\/\/portaltela.pt\/noticias\/2026\/01\/09\/quase-5-000-alunos-recorrem-a-provas-especiais-apos-ataques\/\"},\"wordCount\":299,\"image\":{\"@id\":\"https:\/\/portaltela.pt\/noticias\/2026\/01\/09\/quase-5-000-alunos-recorrem-a-provas-especiais-apos-ataques\/#primaryimage\"},\"thumbnailUrl\":\"https:\/\/portaltela.pt\/s.01k8rhncp4jt1\/2026\/01\/unnamed-file-1840.jpg\",\"keywords\":[\"Cabo Delgado\",\"deslocados internos\",\"educa\u00e7\u00e3o\",\"Nampula\",\"Niassa\",\"organiza\u00e7\u00f5es\"],\"articleSection\":[\"Not\u00edcias\"],\"inLanguage\":\"pt-PT\"},{\"@type\":\"WebPage\",\"@id\":\"https:\/\/portaltela.pt\/noticias\/2026\/01\/09\/quase-5-000-alunos-recorrem-a-provas-especiais-apos-ataques\/\",\"url\":\"https:\/\/portaltela.pt\/noticias\/2026\/01\/09\/quase-5-000-alunos-recorrem-a-provas-especiais-apos-ataques\/\",\"name\":\"Quase 5.000 alunos recorrem a provas especiais ap\u00f3s ataques - Portal Tela Portugal\",\"isPartOf\":{\"@id\":\"https:\/\/portaltela.pt\/#website\"},\"primaryImageOfPage\":{\"@id\":\"https:\/\/portaltela.pt\/noticias\/2026\/01\/09\/quase-5-000-alunos-recorrem-a-provas-especiais-apos-ataques\/#primaryimage\"},\"image\":{\"@id\":\"https:\/\/portaltela.pt\/noticias\/2026\/01\/09\/quase-5-000-alunos-recorrem-a-provas-especiais-apos-ataques\/#primaryimage\"},\"thumbnailUrl\":\"https:\/\/portaltela.pt\/s.01k8rhncp4jt1\/2026\/01\/unnamed-file-1840.jpg\",\"datePublished\":\"2026-01-09T13:56:14+00:00\",\"author\":{\"@id\":\"https:\/\/portaltela.pt\/#\/schema\/person\/c4278d4a6028830caff9ee44b42d32ed\"},\"breadcrumb\":{\"@id\":\"https:\/\/portaltela.pt\/noticias\/2026\/01\/09\/quase-5-000-alunos-recorrem-a-provas-especiais-apos-ataques\/#breadcrumb\"},\"inLanguage\":\"pt-PT\",\"potentialAction\":[{\"@type\":\"ReadAction\",\"target\":[\"https:\/\/portaltela.pt\/noticias\/2026\/01\/09\/quase-5-000-alunos-recorrem-a-provas-especiais-apos-ataques\/\"]}]},{\"@type\":\"ImageObject\",\"inLanguage\":\"pt-PT\",\"@id\":\"https:\/\/portaltela.pt\/noticias\/2026\/01\/09\/quase-5-000-alunos-recorrem-a-provas-especiais-apos-ataques\/#primaryimage\",\"url\":\"https:\/\/portaltela.pt\/s.01k8rhncp4jt1\/2026\/01\/unnamed-file-1840.jpg\",\"contentUrl\":\"https:\/\/portaltela.pt\/s.01k8rhncp4jt1\/2026\/01\/unnamed-file-1840.jpg\",\"width\":796,\"height\":448,\"caption\":\"Ataques provocaram 6.341 mortos em pouco mais de oito anos\"},{\"@type\":\"BreadcrumbList\",\"@id\":\"https:\/\/portaltela.pt\/noticias\/2026\/01\/09\/quase-5-000-alunos-recorrem-a-provas-especiais-apos-ataques\/#breadcrumb\",\"itemListElement\":[{\"@type\":\"ListItem\",\"position\":1,\"name\":\"In\u00edcio\",\"item\":\"https:\/\/portaltela.pt\/\"},{\"@type\":\"ListItem\",\"position\":2,\"name\":\"Quase 5.000 alunos recorrem a provas especiais ap\u00f3s ataques\"}]},{\"@type\":\"WebSite\",\"@id\":\"https:\/\/portaltela.pt\/#website\",\"url\":\"https:\/\/portaltela.pt\/\",\"name\":\"Portal Tela Portugal\",\"description\":\"\",\"potentialAction\":[{\"@type\":\"SearchAction\",\"target\":{\"@type\":\"EntryPoint\",\"urlTemplate\":\"https:\/\/portaltela.pt\/?s={search_term_string}\"},\"query-input\":{\"@type\":\"PropertyValueSpecification\",\"valueRequired\":true,\"valueName\":\"search_term_string\"}}],\"inLanguage\":\"pt-PT\"},{\"@type\":\"Person\",\"@id\":\"https:\/\/portaltela.pt\/#\/schema\/person\/c4278d4a6028830caff9ee44b42d32ed\",\"name\":\"Telinha\",\"image\":{\"@type\":\"ImageObject\",\"inLanguage\":\"pt-PT\",\"@id\":\"https:\/\/portaltela.pt\/s.01k8rhncp4jt1\/2025\/11\/talking-bot-125x125.png\",\"url\":\"https:\/\/portaltela.pt\/s.01k8rhncp4jt1\/2025\/11\/talking-bot-125x125.png\",\"contentUrl\":\"https:\/\/portaltela.pt\/s.01k8rhncp4jt1\/2025\/11\/talking-bot-125x125.png\",\"caption\":\"Telinha\"},\"sameAs\":[\"https:\/\/portaltela.pt\/\"],\"url\":\"https:\/\/portaltela.pt\/por\/367410592786\/\"}]}<\/script>\n<!-- \/ Yoast SEO plugin. -->","yoast_head_json":{"title":"Quase 5.000 alunos recorrem a provas especiais ap\u00f3s ataques - Portal Tela Portugal","robots":{"index":"index","follow":"follow","max-snippet":"max-snippet:-1","max-image-preview":"max-image-preview:large","max-video-preview":"max-video-preview:-1"},"og_locale":"pt_PT","og_type":"article","og_title":"Quase 5.000 alunos recorrem a provas especiais ap\u00f3s ataques - Portal Tela Portugal","og_description":"Cerca de 4.928 alunos da prov\u00edncia de Nampula v\u00e3o realizar, de 19 a 22 de janeiro, exames especiais da sexta \u00e0 nona classe que perderam as provas finais de 2025 devido aos deslocamentos causados por ataques insurgentes. At\u00e9 ao momento foram localizadas fisicamente 2.907 crian\u00e7as, e o n\u00famero pode aumentar \u00e0 medida que a identifica\u00e7\u00e3o continua, disse William Tunzine, diretor provincial de Educa\u00e7\u00e3o em Nampula. As provas visam alunos que n\u00e3o fizeram as provas finais entre novembro e dezembro, porque se deslocaram para os distritos de Memba e Er\u00e1ti na sequ\u00eancia dos ataques. Est\u00e1 previsto o funcionamento de cerca de 107 centros de exames especiais (95 em Memba e 12 em Er\u00e1ti), com cerca de 120 docentes, contando com apoio de organiza\u00e7\u00f5es n\u00e3o governamentais e refor\u00e7o pedag\u00f3gico, al\u00e9m de apoio psicossocial. Os exames devem estar conclu\u00eddos antes da abertura oficial do ano letivo de 2026, marcada para 30 de janeiro; a situa\u00e7\u00e3o est\u00e1 ligada \u00e0 viol\u00eancia em Cabo Delgado desde 2017, que provocou milhares de deslocados e centenas de mortos.","og_url":"https:\/\/portaltela.pt\/noticias\/2026\/01\/09\/quase-5-000-alunos-recorrem-a-provas-especiais-apos-ataques\/","og_site_name":"Portal Tela Portugal","article_published_time":"2026-01-09T13:56:14+00:00","author":"Telinha","twitter_card":"summary_large_image","twitter_misc":{"Escrito por":"Telinha","Tempo estimado de leitura":"1 minuto"},"schema":{"@context":"https:\/\/schema.org","@graph":[{"@type":"Article","@id":"https:\/\/portaltela.pt\/noticias\/2026\/01\/09\/quase-5-000-alunos-recorrem-a-provas-especiais-apos-ataques\/#article","isPartOf":{"@id":"https:\/\/portaltela.pt\/noticias\/2026\/01\/09\/quase-5-000-alunos-recorrem-a-provas-especiais-apos-ataques\/"},"author":{"name":"Telinha","@id":"https:\/\/portaltela.pt\/#\/schema\/person\/c4278d4a6028830caff9ee44b42d32ed"},"headline":"Quase 5.000 alunos recorrem a provas especiais ap\u00f3s ataques","datePublished":"2026-01-09T13:56:14+00:00","mainEntityOfPage":{"@id":"https:\/\/portaltela.pt\/noticias\/2026\/01\/09\/quase-5-000-alunos-recorrem-a-provas-especiais-apos-ataques\/"},"wordCount":299,"image":{"@id":"https:\/\/portaltela.pt\/noticias\/2026\/01\/09\/quase-5-000-alunos-recorrem-a-provas-especiais-apos-ataques\/#primaryimage"},"thumbnailUrl":"https:\/\/portaltela.pt\/s.01k8rhncp4jt1\/2026\/01\/unnamed-file-1840.jpg","keywords":["Cabo Delgado","deslocados internos","educa\u00e7\u00e3o","Nampula","Niassa","organiza\u00e7\u00f5es"],"articleSection":["Not\u00edcias"],"inLanguage":"pt-PT"},{"@type":"WebPage","@id":"https:\/\/portaltela.pt\/noticias\/2026\/01\/09\/quase-5-000-alunos-recorrem-a-provas-especiais-apos-ataques\/","url":"https:\/\/portaltela.pt\/noticias\/2026\/01\/09\/quase-5-000-alunos-recorrem-a-provas-especiais-apos-ataques\/","name":"Quase 5.000 alunos recorrem a provas especiais ap\u00f3s ataques - Portal Tela Portugal","isPartOf":{"@id":"https:\/\/portaltela.pt\/#website"},"primaryImageOfPage":{"@id":"https:\/\/portaltela.pt\/noticias\/2026\/01\/09\/quase-5-000-alunos-recorrem-a-provas-especiais-apos-ataques\/#primaryimage"},"image":{"@id":"https:\/\/portaltela.pt\/noticias\/2026\/01\/09\/quase-5-000-alunos-recorrem-a-provas-especiais-apos-ataques\/#primaryimage"},"thumbnailUrl":"https:\/\/portaltela.pt\/s.01k8rhncp4jt1\/2026\/01\/unnamed-file-1840.jpg","datePublished":"2026-01-09T13:56:14+00:00","author":{"@id":"https:\/\/portaltela.pt\/#\/schema\/person\/c4278d4a6028830caff9ee44b42d32ed"},"breadcrumb":{"@id":"https:\/\/portaltela.pt\/noticias\/2026\/01\/09\/quase-5-000-alunos-recorrem-a-provas-especiais-apos-ataques\/#breadcrumb"},"inLanguage":"pt-PT","potentialAction":[{"@type":"ReadAction","target":["https:\/\/portaltela.pt\/noticias\/2026\/01\/09\/quase-5-000-alunos-recorrem-a-provas-especiais-apos-ataques\/"]}]},{"@type":"ImageObject","inLanguage":"pt-PT","@id":"https:\/\/portaltela.pt\/noticias\/2026\/01\/09\/quase-5-000-alunos-recorrem-a-provas-especiais-apos-ataques\/#primaryimage","url":"https:\/\/portaltela.pt\/s.01k8rhncp4jt1\/2026\/01\/unnamed-file-1840.jpg","contentUrl":"https:\/\/portaltela.pt\/s.01k8rhncp4jt1\/2026\/01\/unnamed-file-1840.jpg","width":796,"height":448,"caption":"Ataques provocaram 6.341 mortos em pouco mais de oito anos"},{"@type":"BreadcrumbList","@id":"https:\/\/portaltela.pt\/noticias\/2026\/01\/09\/quase-5-000-alunos-recorrem-a-provas-especiais-apos-ataques\/#breadcrumb","itemListElement":[{"@type":"ListItem","position":1,"name":"In\u00edcio","item":"https:\/\/portaltela.pt\/"},{"@type":"ListItem","position":2,"name":"Quase 5.000 alunos recorrem a provas especiais ap\u00f3s ataques"}]},{"@type":"WebSite","@id":"https:\/\/portaltela.pt\/#website","url":"https:\/\/portaltela.pt\/","name":"Portal Tela Portugal","description":"","potentialAction":[{"@type":"SearchAction","target":{"@type":"EntryPoint","urlTemplate":"https:\/\/portaltela.pt\/?s={search_term_string}"},"query-input":{"@type":"PropertyValueSpecification","valueRequired":true,"valueName":"search_term_string"}}],"inLanguage":"pt-PT"},{"@type":"Person","@id":"https:\/\/portaltela.pt\/#\/schema\/person\/c4278d4a6028830caff9ee44b42d32ed","name":"Telinha","image":{"@type":"ImageObject","inLanguage":"pt-PT","@id":"https:\/\/portaltela.pt\/s.01k8rhncp4jt1\/2025\/11\/talking-bot-125x125.png","url":"https:\/\/portaltela.pt\/s.01k8rhncp4jt1\/2025\/11\/talking-bot-125x125.png","contentUrl":"https:\/\/portaltela.pt\/s.01k8rhncp4jt1\/2025\/11\/talking-bot-125x125.png","caption":"Telinha"},"sameAs":["https:\/\/portaltela.pt\/"],"url":"https:\/\/portaltela.pt\/por\/367410592786\/"}]}},"_links":{"self":[{"href":"https:\/\/portaltela.pt\/api\/wp\/v2\/posts\/128478","targetHints":{"allow":["GET"]}}],"collection":[{"href":"https:\/\/portaltela.pt\/api\/wp\/v2\/posts"}],"about":[{"href":"https:\/\/portaltela.pt\/api\/wp\/v2\/types\/post"}],"author":[{"embeddable":true,"href":"https:\/\/portaltela.pt\/api\/wp\/v2\/users\/2"}],"replies":[{"embeddable":true,"href":"https:\/\/portaltela.pt\/api\/wp\/v2\/comments?post=128478"}],"version-history":[{"count":0,"href":"https:\/\/portaltela.pt\/api\/wp\/v2\/posts\/128478\/revisions"}],"wp:featuredmedia":[{"embeddable":true,"href":"https:\/\/portaltela.pt\/api\/wp\/v2\/media\/128497"}],"wp:attachment":[{"href":"https:\/\/portaltela.pt\/api\/wp\/v2\/media?parent=128478"}],"wp:term":[{"taxonomy":"category","embeddable":true,"href":"https:\/\/portaltela.pt\/api\/wp\/v2\/categories?post=128478"},{"taxonomy":"post_tag","embeddable":true,"href":"https:\/\/portaltela.pt\/api\/wp\/v2\/tags?post=128478"}],"curies":[{"name":"wp","href":"https:\/\/api.w.org\/{rel}","templated":true}]}}