{"id":128474,"date":"2026-01-09T11:12:00","date_gmt":"2026-01-09T14:12:00","guid":{"rendered":"https:\/\/portaltela.pt\/noticias\/2026\/01\/09\/nuno-mendes-aumenta-recorde-mundial-joao-neves-iguala-messi-e-pele\/"},"modified":"2026-01-09T11:12:00","modified_gmt":"2026-01-09T14:12:00","slug":"nuno-mendes-aumenta-recorde-mundial-joao-neves-iguala-messi-e-pele","status":"publish","type":"post","link":"https:\/\/portaltela.pt\/desporto\/futebol\/2026\/01\/09\/nuno-mendes-aumenta-recorde-mundial-joao-neves-iguala-messi-e-pele\/","title":{"rendered":"Nuno Mendes aumenta recorde mundial; Jo\u00e3o Neves iguala Messi e Pel\u00e9"},"content":{"rendered":"<p>Nuno Mendes aumentou o seu estatuto no futebol mundial ao tornar-se o jogador mais titular de sempre aos 23 anos. O atleta, lateral-esquerdo do PSG, somou o 17.\u00ba t\u00edtulo da carreira ao vencer a Superta\u00e7a de Fran\u00e7a nos penalties frente ao Marselha.<\/p>\n<p>Vitinha e Gon\u00e7alo Ramos estiveram entre os marcadores decisivos na conquista no Poteau. O PSG entrou em 2026 com mais um t\u00edtulo, ap\u00f3s j\u00e1 ter vencido seis dos sete poss\u00edveis em 2025, falhando apenas o Mundial de Clubes.<\/p>\n<p>O guarda-redes e os centrais n\u00e3o protagonizaram os titulares, mas Jo\u00e3o Neves tamb\u00e9m teve um papel relevante na temporada, com dois trof\u00e9us europeus em estreia pelo PSG e uma soma total que o coloca entre os quatro jogadores mais titulados com 21 anos.<\/p>\n<h3>Recorde de Nuno Mendes<\/h3>\n<p>Nuno Mendes, formado no Sporting, j\u00e1 soma 17 trof\u00e9us na carreira, quatro deles pela Ligue 1, quatro pela Superta\u00e7a, duas Ta\u00e7as de Fran\u00e7a, uma UEFA Champions League, uma Superta\u00e7a Europeia e uma Ta\u00e7a Intercontinental. Pelo Sporting, foi campe\u00e3o em 2020\/21 e venceu a Ta\u00e7a da Liga.<\/p>\n<p>Na Sele\u00e7\u00e3o Nacional, Mendes integrou a equipa que venceu a Liga das Na\u00e7\u00f5es em 2025, mantendo-se ativo na equipa principal. O jogador celebra o 24\u00ba anivers\u00e1rio a 19 de junho, mantendo portas abertas para novos t\u00edtulos no campeonato e na Champions League.<\/p>\n<h3>Jo\u00e3o Neves no top 4<\/h3>\n<p>Jo\u00e3o Neves, de 21 anos, j\u00e1 figura entre os quatro jogadores com mais trof\u00e9us at\u00e9 aos 23, com 11 conquistas. Cristiano Ronaldo est\u00e1 em quinto, com 10 trof\u00e9us, ap\u00f3s a vit\u00f3ria do PSG na Superta\u00e7a francesa ter aumentado o grupo para 11.<\/p>\n<p>A compara\u00e7\u00e3o com Messi, Pel\u00e9, Mbapp\u00e9 e Kingsley Coman deixa Neves na conversa entre as maiores promessas da hist\u00f3ria. O jovem talentoso pode ampliar o palmar\u00e9s com o campeonato, a Ta\u00e7a de Fran\u00e7a e a Champions League.<\/p>\n<p>Entre as conquistas de Neves destacam-se, at\u00e9 agora, o t\u00edtulo de campe\u00e3o nacional com o PSG na \u00e9poca de estreia, a Ta\u00e7a de Fran\u00e7a, a Champions League e a Superta\u00e7a Europeia. A n\u00edvel de clube, soma tamb\u00e9m uma Ta\u00e7a Intercontinental.<\/p>\n<h3>Destaques da temporada<\/h3>\n<p>A dupla nacional continua a ampliar o r\u00f3tulo de Portugal no topo do futebol mundial, com Mendes a liderar pelo registo hist\u00f3rico e Neves a consolidar um percurso de alto rendimento. Ambos os jogadores mant\u00eam-se no centro das aten\u00e7\u00f5es para a pr\u00f3xima janela de transfer\u00eancias.<\/p>\n","protected":false},"excerpt":{"rendered":"<ul>\n<li>Nuno Mendes, aos 23 anos, tornou-se o jogador mais titulado de sempre, com 17 trof\u00e9us, ao vencer a Superta\u00e7a de Fran\u00e7a nos pen\u00e1ltis contra o Marselha.<\/li>\n<li>Jo\u00e3o Neves, com 21 anos, atingiu o top\u20114 da lista de t\u00edtulos, chegando aos 11 trof\u00e9us e empatando com Lionel Messi e Pel\u00e9, com Cristiano Ronaldo na altura igualado.<\/li>\n<li>Vitinha e Gon\u00e7alo Ramos foram decisivos na vit\u00f3ria do PSG na Superta\u00e7a francesa, com Mendes a convertendo um pen\u00e1lti.<\/li>\n<li>O ranking de trof\u00e9us inclui Kingsley Coman com 13 e Kylian Mbapp\u00e9 com 12, enquanto Pel\u00e9, Messi e Jo\u00e3o Neves t\u00eam 11 cada.<\/li>\n<li>Nuno Mendes celebra 24 anos a 19 de junho, com perspetivas de acrescentar mais trof\u00e9us na \u00e9poca 2025\/26 ( campeonato, Ta\u00e7a da Fran\u00e7a e Liga dos Campe\u00f5es).<\/li>\n<\/ul>\n","protected":false},"author":2,"featured_media":128483,"comment_status":"closed","ping_status":"closed","sticky":false,"template":"","format":"standard","meta":{"footnotes":""},"categories":[21,24],"tags":[152,32,1822,2165,2170,79],"class_list":["post-128474","post","type-post","status-publish","format-standard","has-post-thumbnail","hentry","category-desporto","category-futebol","tag-desporto","tag-futebol","tag-ligue-1","tag-supertaca-europeia","tag-taca-intercontinental","tag-uefa-champions-league"],"yoast_head":"<!-- This site is optimized with the Yoast SEO plugin v27.2 - https:\/\/yoast.com\/product\/yoast-seo-wordpress\/ -->\n<title>Nuno Mendes aumenta recorde mundial; Jo\u00e3o Neves iguala Messi e Pel\u00e9 - Portal Tela Portugal<\/title>\n<meta name=\"robots\" content=\"index, follow, max-snippet:-1, max-image-preview:large, max-video-preview:-1\" \/>\n<meta property=\"og:locale\" content=\"pt_PT\" \/>\n<meta property=\"og:type\" content=\"article\" \/>\n<meta property=\"og:title\" content=\"Nuno Mendes aumenta recorde mundial; Jo\u00e3o Neves iguala Messi e Pel\u00e9 - Portal Tela Portugal\" \/>\n<meta property=\"og:description\" content=\"Nuno Mendes, aos 23 anos, tornou-se o jogador mais titulado de sempre, com 17 trof\u00e9us, ao vencer a Superta\u00e7a de Fran\u00e7a nos pen\u00e1ltis contra o Marselha. Jo\u00e3o Neves, com 21 anos, atingiu o top\u20114 da lista de t\u00edtulos, chegando aos 11 trof\u00e9us e empatando com Lionel Messi e Pel\u00e9, com Cristiano Ronaldo na altura igualado. Vitinha e Gon\u00e7alo Ramos foram decisivos na vit\u00f3ria do PSG na Superta\u00e7a francesa, com Mendes a convertendo um pen\u00e1lti. O ranking de trof\u00e9us inclui Kingsley Coman com 13 e Kylian Mbapp\u00e9 com 12, enquanto Pel\u00e9, Messi e Jo\u00e3o Neves t\u00eam 11 cada. Nuno Mendes celebra 24 anos a 19 de junho, com perspetivas de acrescentar mais trof\u00e9us na \u00e9poca 2025\/26 ( campeonato, Ta\u00e7a da Fran\u00e7a e Liga dos Campe\u00f5es).\" \/>\n<meta property=\"og:url\" content=\"https:\/\/portaltela.pt\/noticias\/2026\/01\/09\/nuno-mendes-aumenta-recorde-mundial-joao-neves-iguala-messi-e-pele\/\" \/>\n<meta property=\"og:site_name\" content=\"Portal Tela Portugal\" \/>\n<meta property=\"article:published_time\" content=\"2026-01-09T14:12:00+00:00\" \/>\n<meta name=\"author\" content=\"Telinha\" \/>\n<meta name=\"twitter:card\" content=\"summary_large_image\" \/>\n<meta name=\"twitter:label1\" content=\"Escrito por\" \/>\n\t<meta name=\"twitter:data1\" content=\"Telinha\" \/>\n\t<meta name=\"twitter:label2\" content=\"Tempo estimado de leitura\" \/>\n\t<meta name=\"twitter:data2\" content=\"2 minutos\" \/>\n<script type=\"application\/ld+json\" class=\"yoast-schema-graph\">{\"@context\":\"https:\/\/schema.org\",\"@graph\":[{\"@type\":\"Article\",\"@id\":\"https:\/\/portaltela.pt\/noticias\/2026\/01\/09\/nuno-mendes-aumenta-recorde-mundial-joao-neves-iguala-messi-e-pele\/#article\",\"isPartOf\":{\"@id\":\"https:\/\/portaltela.pt\/noticias\/2026\/01\/09\/nuno-mendes-aumenta-recorde-mundial-joao-neves-iguala-messi-e-pele\/\"},\"author\":{\"name\":\"Telinha\",\"@id\":\"https:\/\/portaltela.pt\/#\/schema\/person\/c4278d4a6028830caff9ee44b42d32ed\"},\"headline\":\"Nuno Mendes aumenta recorde mundial; Jo\u00e3o Neves iguala Messi e Pel\u00e9\",\"datePublished\":\"2026-01-09T14:12:00+00:00\",\"mainEntityOfPage\":{\"@id\":\"https:\/\/portaltela.pt\/noticias\/2026\/01\/09\/nuno-mendes-aumenta-recorde-mundial-joao-neves-iguala-messi-e-pele\/\"},\"wordCount\":431,\"image\":{\"@id\":\"https:\/\/portaltela.pt\/noticias\/2026\/01\/09\/nuno-mendes-aumenta-recorde-mundial-joao-neves-iguala-messi-e-pele\/#primaryimage\"},\"thumbnailUrl\":\"https:\/\/portaltela.pt\/s.01k8rhncp4jt1\/2026\/01\/192692a2-1233-4d9d-ab8f-5c77d2148003.jpg\",\"keywords\":[\"desporto\",\"futebol\",\"Ligue 1\",\"Superta\u00e7a Europeia\",\"Ta\u00e7a Intercontinental\",\"uefa champions league\"],\"articleSection\":[\"Desporto\",\"Futebol\"],\"inLanguage\":\"pt-PT\"},{\"@type\":\"WebPage\",\"@id\":\"https:\/\/portaltela.pt\/noticias\/2026\/01\/09\/nuno-mendes-aumenta-recorde-mundial-joao-neves-iguala-messi-e-pele\/\",\"url\":\"https:\/\/portaltela.pt\/noticias\/2026\/01\/09\/nuno-mendes-aumenta-recorde-mundial-joao-neves-iguala-messi-e-pele\/\",\"name\":\"Nuno Mendes aumenta recorde mundial; Jo\u00e3o Neves iguala Messi e Pel\u00e9 - Portal Tela Portugal\",\"isPartOf\":{\"@id\":\"https:\/\/portaltela.pt\/#website\"},\"primaryImageOfPage\":{\"@id\":\"https:\/\/portaltela.pt\/noticias\/2026\/01\/09\/nuno-mendes-aumenta-recorde-mundial-joao-neves-iguala-messi-e-pele\/#primaryimage\"},\"image\":{\"@id\":\"https:\/\/portaltela.pt\/noticias\/2026\/01\/09\/nuno-mendes-aumenta-recorde-mundial-joao-neves-iguala-messi-e-pele\/#primaryimage\"},\"thumbnailUrl\":\"https:\/\/portaltela.pt\/s.01k8rhncp4jt1\/2026\/01\/192692a2-1233-4d9d-ab8f-5c77d2148003.jpg\",\"datePublished\":\"2026-01-09T14:12:00+00:00\",\"author\":{\"@id\":\"https:\/\/portaltela.pt\/#\/schema\/person\/c4278d4a6028830caff9ee44b42d32ed\"},\"breadcrumb\":{\"@id\":\"https:\/\/portaltela.pt\/noticias\/2026\/01\/09\/nuno-mendes-aumenta-recorde-mundial-joao-neves-iguala-messi-e-pele\/#breadcrumb\"},\"inLanguage\":\"pt-PT\",\"potentialAction\":[{\"@type\":\"ReadAction\",\"target\":[\"https:\/\/portaltela.pt\/noticias\/2026\/01\/09\/nuno-mendes-aumenta-recorde-mundial-joao-neves-iguala-messi-e-pele\/\"]}]},{\"@type\":\"ImageObject\",\"inLanguage\":\"pt-PT\",\"@id\":\"https:\/\/portaltela.pt\/noticias\/2026\/01\/09\/nuno-mendes-aumenta-recorde-mundial-joao-neves-iguala-messi-e-pele\/#primaryimage\",\"url\":\"https:\/\/portaltela.pt\/s.01k8rhncp4jt1\/2026\/01\/192692a2-1233-4d9d-ab8f-5c77d2148003.jpg\",\"contentUrl\":\"https:\/\/portaltela.pt\/s.01k8rhncp4jt1\/2026\/01\/192692a2-1233-4d9d-ab8f-5c77d2148003.jpg\",\"width\":796,\"height\":448,\"caption\":\"Nuno Mendes, Gon\u00e7alo Ramos, Jo\u00e3o Neves e Vitinha com a Superta\u00e7a francesa - Foto: PSG\"},{\"@type\":\"BreadcrumbList\",\"@id\":\"https:\/\/portaltela.pt\/noticias\/2026\/01\/09\/nuno-mendes-aumenta-recorde-mundial-joao-neves-iguala-messi-e-pele\/#breadcrumb\",\"itemListElement\":[{\"@type\":\"ListItem\",\"position\":1,\"name\":\"In\u00edcio\",\"item\":\"https:\/\/portaltela.pt\/\"},{\"@type\":\"ListItem\",\"position\":2,\"name\":\"Nuno Mendes aumenta recorde mundial; Jo\u00e3o Neves iguala Messi e Pel\u00e9\"}]},{\"@type\":\"WebSite\",\"@id\":\"https:\/\/portaltela.pt\/#website\",\"url\":\"https:\/\/portaltela.pt\/\",\"name\":\"Portal Tela Portugal\",\"description\":\"\",\"potentialAction\":[{\"@type\":\"SearchAction\",\"target\":{\"@type\":\"EntryPoint\",\"urlTemplate\":\"https:\/\/portaltela.pt\/?s={search_term_string}\"},\"query-input\":{\"@type\":\"PropertyValueSpecification\",\"valueRequired\":true,\"valueName\":\"search_term_string\"}}],\"inLanguage\":\"pt-PT\"},{\"@type\":\"Person\",\"@id\":\"https:\/\/portaltela.pt\/#\/schema\/person\/c4278d4a6028830caff9ee44b42d32ed\",\"name\":\"Telinha\",\"image\":{\"@type\":\"ImageObject\",\"inLanguage\":\"pt-PT\",\"@id\":\"https:\/\/portaltela.pt\/s.01k8rhncp4jt1\/2025\/11\/talking-bot-125x125.png\",\"url\":\"https:\/\/portaltela.pt\/s.01k8rhncp4jt1\/2025\/11\/talking-bot-125x125.png\",\"contentUrl\":\"https:\/\/portaltela.pt\/s.01k8rhncp4jt1\/2025\/11\/talking-bot-125x125.png\",\"caption\":\"Telinha\"},\"sameAs\":[\"https:\/\/portaltela.pt\/\"],\"url\":\"https:\/\/portaltela.pt\/por\/367410592786\/\"}]}<\/script>\n<!-- \/ Yoast SEO plugin. -->","yoast_head_json":{"title":"Nuno Mendes aumenta recorde mundial; Jo\u00e3o Neves iguala Messi e Pel\u00e9 - Portal Tela Portugal","robots":{"index":"index","follow":"follow","max-snippet":"max-snippet:-1","max-image-preview":"max-image-preview:large","max-video-preview":"max-video-preview:-1"},"og_locale":"pt_PT","og_type":"article","og_title":"Nuno Mendes aumenta recorde mundial; Jo\u00e3o Neves iguala Messi e Pel\u00e9 - Portal Tela Portugal","og_description":"Nuno Mendes, aos 23 anos, tornou-se o jogador mais titulado de sempre, com 17 trof\u00e9us, ao vencer a Superta\u00e7a de Fran\u00e7a nos pen\u00e1ltis contra o Marselha. Jo\u00e3o Neves, com 21 anos, atingiu o top\u20114 da lista de t\u00edtulos, chegando aos 11 trof\u00e9us e empatando com Lionel Messi e Pel\u00e9, com Cristiano Ronaldo na altura igualado. Vitinha e Gon\u00e7alo Ramos foram decisivos na vit\u00f3ria do PSG na Superta\u00e7a francesa, com Mendes a convertendo um pen\u00e1lti. O ranking de trof\u00e9us inclui Kingsley Coman com 13 e Kylian Mbapp\u00e9 com 12, enquanto Pel\u00e9, Messi e Jo\u00e3o Neves t\u00eam 11 cada. Nuno Mendes celebra 24 anos a 19 de junho, com perspetivas de acrescentar mais trof\u00e9us na \u00e9poca 2025\/26 ( campeonato, Ta\u00e7a da Fran\u00e7a e Liga dos Campe\u00f5es).","og_url":"https:\/\/portaltela.pt\/noticias\/2026\/01\/09\/nuno-mendes-aumenta-recorde-mundial-joao-neves-iguala-messi-e-pele\/","og_site_name":"Portal Tela Portugal","article_published_time":"2026-01-09T14:12:00+00:00","author":"Telinha","twitter_card":"summary_large_image","twitter_misc":{"Escrito por":"Telinha","Tempo estimado de leitura":"2 minutos"},"schema":{"@context":"https:\/\/schema.org","@graph":[{"@type":"Article","@id":"https:\/\/portaltela.pt\/noticias\/2026\/01\/09\/nuno-mendes-aumenta-recorde-mundial-joao-neves-iguala-messi-e-pele\/#article","isPartOf":{"@id":"https:\/\/portaltela.pt\/noticias\/2026\/01\/09\/nuno-mendes-aumenta-recorde-mundial-joao-neves-iguala-messi-e-pele\/"},"author":{"name":"Telinha","@id":"https:\/\/portaltela.pt\/#\/schema\/person\/c4278d4a6028830caff9ee44b42d32ed"},"headline":"Nuno Mendes aumenta recorde mundial; Jo\u00e3o Neves iguala Messi e Pel\u00e9","datePublished":"2026-01-09T14:12:00+00:00","mainEntityOfPage":{"@id":"https:\/\/portaltela.pt\/noticias\/2026\/01\/09\/nuno-mendes-aumenta-recorde-mundial-joao-neves-iguala-messi-e-pele\/"},"wordCount":431,"image":{"@id":"https:\/\/portaltela.pt\/noticias\/2026\/01\/09\/nuno-mendes-aumenta-recorde-mundial-joao-neves-iguala-messi-e-pele\/#primaryimage"},"thumbnailUrl":"https:\/\/portaltela.pt\/s.01k8rhncp4jt1\/2026\/01\/192692a2-1233-4d9d-ab8f-5c77d2148003.jpg","keywords":["desporto","futebol","Ligue 1","Superta\u00e7a Europeia","Ta\u00e7a Intercontinental","uefa champions league"],"articleSection":["Desporto","Futebol"],"inLanguage":"pt-PT"},{"@type":"WebPage","@id":"https:\/\/portaltela.pt\/noticias\/2026\/01\/09\/nuno-mendes-aumenta-recorde-mundial-joao-neves-iguala-messi-e-pele\/","url":"https:\/\/portaltela.pt\/noticias\/2026\/01\/09\/nuno-mendes-aumenta-recorde-mundial-joao-neves-iguala-messi-e-pele\/","name":"Nuno Mendes aumenta recorde mundial; Jo\u00e3o Neves iguala Messi e Pel\u00e9 - Portal Tela Portugal","isPartOf":{"@id":"https:\/\/portaltela.pt\/#website"},"primaryImageOfPage":{"@id":"https:\/\/portaltela.pt\/noticias\/2026\/01\/09\/nuno-mendes-aumenta-recorde-mundial-joao-neves-iguala-messi-e-pele\/#primaryimage"},"image":{"@id":"https:\/\/portaltela.pt\/noticias\/2026\/01\/09\/nuno-mendes-aumenta-recorde-mundial-joao-neves-iguala-messi-e-pele\/#primaryimage"},"thumbnailUrl":"https:\/\/portaltela.pt\/s.01k8rhncp4jt1\/2026\/01\/192692a2-1233-4d9d-ab8f-5c77d2148003.jpg","datePublished":"2026-01-09T14:12:00+00:00","author":{"@id":"https:\/\/portaltela.pt\/#\/schema\/person\/c4278d4a6028830caff9ee44b42d32ed"},"breadcrumb":{"@id":"https:\/\/portaltela.pt\/noticias\/2026\/01\/09\/nuno-mendes-aumenta-recorde-mundial-joao-neves-iguala-messi-e-pele\/#breadcrumb"},"inLanguage":"pt-PT","potentialAction":[{"@type":"ReadAction","target":["https:\/\/portaltela.pt\/noticias\/2026\/01\/09\/nuno-mendes-aumenta-recorde-mundial-joao-neves-iguala-messi-e-pele\/"]}]},{"@type":"ImageObject","inLanguage":"pt-PT","@id":"https:\/\/portaltela.pt\/noticias\/2026\/01\/09\/nuno-mendes-aumenta-recorde-mundial-joao-neves-iguala-messi-e-pele\/#primaryimage","url":"https:\/\/portaltela.pt\/s.01k8rhncp4jt1\/2026\/01\/192692a2-1233-4d9d-ab8f-5c77d2148003.jpg","contentUrl":"https:\/\/portaltela.pt\/s.01k8rhncp4jt1\/2026\/01\/192692a2-1233-4d9d-ab8f-5c77d2148003.jpg","width":796,"height":448,"caption":"Nuno Mendes, Gon\u00e7alo Ramos, Jo\u00e3o Neves e Vitinha com a Superta\u00e7a francesa - Foto: PSG"},{"@type":"BreadcrumbList","@id":"https:\/\/portaltela.pt\/noticias\/2026\/01\/09\/nuno-mendes-aumenta-recorde-mundial-joao-neves-iguala-messi-e-pele\/#breadcrumb","itemListElement":[{"@type":"ListItem","position":1,"name":"In\u00edcio","item":"https:\/\/portaltela.pt\/"},{"@type":"ListItem","position":2,"name":"Nuno Mendes aumenta recorde mundial; Jo\u00e3o Neves iguala Messi e Pel\u00e9"}]},{"@type":"WebSite","@id":"https:\/\/portaltela.pt\/#website","url":"https:\/\/portaltela.pt\/","name":"Portal Tela Portugal","description":"","potentialAction":[{"@type":"SearchAction","target":{"@type":"EntryPoint","urlTemplate":"https:\/\/portaltela.pt\/?s={search_term_string}"},"query-input":{"@type":"PropertyValueSpecification","valueRequired":true,"valueName":"search_term_string"}}],"inLanguage":"pt-PT"},{"@type":"Person","@id":"https:\/\/portaltela.pt\/#\/schema\/person\/c4278d4a6028830caff9ee44b42d32ed","name":"Telinha","image":{"@type":"ImageObject","inLanguage":"pt-PT","@id":"https:\/\/portaltela.pt\/s.01k8rhncp4jt1\/2025\/11\/talking-bot-125x125.png","url":"https:\/\/portaltela.pt\/s.01k8rhncp4jt1\/2025\/11\/talking-bot-125x125.png","contentUrl":"https:\/\/portaltela.pt\/s.01k8rhncp4jt1\/2025\/11\/talking-bot-125x125.png","caption":"Telinha"},"sameAs":["https:\/\/portaltela.pt\/"],"url":"https:\/\/portaltela.pt\/por\/367410592786\/"}]}},"_links":{"self":[{"href":"https:\/\/portaltela.pt\/api\/wp\/v2\/posts\/128474","targetHints":{"allow":["GET"]}}],"collection":[{"href":"https:\/\/portaltela.pt\/api\/wp\/v2\/posts"}],"about":[{"href":"https:\/\/portaltela.pt\/api\/wp\/v2\/types\/post"}],"author":[{"embeddable":true,"href":"https:\/\/portaltela.pt\/api\/wp\/v2\/users\/2"}],"replies":[{"embeddable":true,"href":"https:\/\/portaltela.pt\/api\/wp\/v2\/comments?post=128474"}],"version-history":[{"count":0,"href":"https:\/\/portaltela.pt\/api\/wp\/v2\/posts\/128474\/revisions"}],"wp:featuredmedia":[{"embeddable":true,"href":"https:\/\/portaltela.pt\/api\/wp\/v2\/media\/128483"}],"wp:attachment":[{"href":"https:\/\/portaltela.pt\/api\/wp\/v2\/media?parent=128474"}],"wp:term":[{"taxonomy":"category","embeddable":true,"href":"https:\/\/portaltela.pt\/api\/wp\/v2\/categories?post=128474"},{"taxonomy":"post_tag","embeddable":true,"href":"https:\/\/portaltela.pt\/api\/wp\/v2\/tags?post=128474"}],"curies":[{"name":"wp","href":"https:\/\/api.w.org\/{rel}","templated":true}]}}