{"id":128401,"date":"2026-01-09T10:30:00","date_gmt":"2026-01-09T13:30:00","guid":{"rendered":"https:\/\/portaltela.pt\/noticias\/2026\/01\/09\/frio-e-gripe-elevam-mortalidade-em-portugal-desde-dezembro\/"},"modified":"2026-01-09T10:30:00","modified_gmt":"2026-01-09T13:30:00","slug":"frio-e-gripe-elevam-mortalidade-em-portugal-desde-dezembro","status":"publish","type":"post","link":"https:\/\/portaltela.pt\/noticias\/2026\/01\/09\/frio-e-gripe-elevam-mortalidade-em-portugal-desde-dezembro\/","title":{"rendered":"Frio e gripe elevam mortalidade em Portugal desde dezembro"},"content":{"rendered":"<p>Desde o in\u00edcio de dezembro, Portugal regista um excesso de mortalidade de cerca de 22%, aponta uma an\u00e1lise conjunta da Dire\u00e7\u00e3o-Geral da Sa\u00fade (DGS) e do Instituto Nacional de Sa\u00fade Doutor Ricardo Jorge (INSA). O fen\u00f3meno est\u00e1 relacionado com as temperaturas baixas e com a epidemia de gripe sazonal em curso.<\/p>\n<p>A subida das mortes tem como padr\u00e3o o per\u00edodo de maior circula\u00e7\u00e3o de v\u00edrus respirat\u00f3rios, com maior impacto em pessoas com 65 anos ou mais, especialmente 85 ou mais. O peso das infe\u00e7\u00f5es respirat\u00f3rias aumentou e tamb\u00e9m h\u00e1 um ligeiro crescimento da mortalidade por causas card\u00edacas e metab\u00f3licas.<\/p>\n<h3>Dados por \u00e1reas<\/h3>\n<p>O excesso de mortalidade ocorre em todo o continente, com os registos iniciais a surgir no Norte, Centro e Algarve. A evolu\u00e7\u00e3o geogr\u00e1fica acompanha o incremento das consultas por s\u00edndrome gripal, sugerindo propaga\u00e7\u00e3o norte-sul ao longo do inverno.<\/p>\n<p>No entanto, o Alentejo e o Algarve apresentam uma mortalidade proporcionalmente maior, possivelmente devido a fatores como menor ades\u00e3o \u00e0 vacina\u00e7\u00e3o, perfis demogr\u00e1ficos e contextos de maior priva\u00e7\u00e3o socioecon\u00f3mica.<\/p>\n<h3>Contexto da infe\u00e7\u00e3o e a\u00e7\u00f5es de sa\u00fade<\/h3>\n<p>A DGS e o INSA sublinham que o aumento da atividade gripal foi detectado uma a duas semanas antes do excesso de mortalidade, com epicentro epid\u00e9mico no final de novembro. O subtipo H3N1, associado a maior mortalidade, tamb\u00e9m circula no territ\u00f3rio.<\/p>\n<p>Paralelamente, Portugal atravessa um per\u00edodo de temperaturas muito baixas, que agrava descompensa\u00e7\u00f5es de doen\u00e7as cr\u00f3nicas, sobretudo respirat\u00f3rias e card\u00edacas. As autoridades mant\u00eam o foco na vacina\u00e7\u00e3o de grupos de risco e em medidas preventivas, como etiqueta respirat\u00f3ria e higiene das m\u00e3os.<\/p>\n","protected":false},"excerpt":{"rendered":"<ul>\n<li>Desde in\u00edcio de dezembro, Portugal regista um excesso de mortalidade de cerca de 22%, associado a temperaturas baixas e \u00e0 gripe sazonal, segundo a DGS e o INSA.<\/li>\n<li>A mortalidade afeta sobretudo quem tem 65 anos ou mais, com particular foco em quem tem 85 ou mais, devido \u00e0 combina\u00e7\u00e3o de infe\u00e7\u00f5es respirat\u00f3rias e frio prolongado.<\/li>\n<li>As mortes por doen\u00e7as do aparelho respirat\u00f3rio passaram de 9,7% no in\u00edcio da \u00e9poca gripal para 17% entre os dias 22 e 28 de dezembro; tamb\u00e9m houve aumento da mortalidade por doen\u00e7as cardiovasculares e metab\u00f3licas.<\/li>\n<li>O excesso foi identificado em todo o continente, com as regi\u00f5es Norte, Centro e Algarve a serem as primeiras a evidenciar o padr\u00e3o, acompanhando o aumento de consultas por s\u00edndrome gripal.<\/li>\n<li>O v\u00edrus da gripe em circula\u00e7\u00e3o inclui o subtipo H3N1; a atividade gripal foi detetada uma a duas semanas antes do excesso, e as autoridades apelam \u00e0 vacina\u00e7\u00e3o de grupos de risco e a pr\u00e1ticas preventivas.<\/li>\n<\/ul>\n","protected":false},"author":2,"featured_media":128408,"comment_status":"closed","ping_status":"closed","sticky":false,"template":"","format":"standard","meta":{"footnotes":""},"categories":[1],"tags":[61,1905,2394,1014,271,1475],"class_list":["post-128401","post","type-post","status-publish","format-standard","has-post-thumbnail","hentry","category-noticias","tag-doencas","tag-gripe","tag-infeccoes-respiratorias-agudas","tag-portugal","tag-saude-publica","tag-sindrome-gripal"],"yoast_head":"<!-- This site is optimized with the Yoast SEO plugin v27.2 - https:\/\/yoast.com\/product\/yoast-seo-wordpress\/ -->\n<title>Frio e gripe elevam mortalidade em Portugal desde dezembro - Portal Tela Portugal<\/title>\n<meta name=\"robots\" content=\"index, follow, max-snippet:-1, max-image-preview:large, max-video-preview:-1\" \/>\n<meta property=\"og:locale\" content=\"pt_PT\" \/>\n<meta property=\"og:type\" content=\"article\" \/>\n<meta property=\"og:title\" content=\"Frio e gripe elevam mortalidade em Portugal desde dezembro - Portal Tela Portugal\" \/>\n<meta property=\"og:description\" content=\"Desde in\u00edcio de dezembro, Portugal regista um excesso de mortalidade de cerca de 22%, associado a temperaturas baixas e \u00e0 gripe sazonal, segundo a DGS e o INSA. A mortalidade afeta sobretudo quem tem 65 anos ou mais, com particular foco em quem tem 85 ou mais, devido \u00e0 combina\u00e7\u00e3o de infe\u00e7\u00f5es respirat\u00f3rias e frio prolongado. As mortes por doen\u00e7as do aparelho respirat\u00f3rio passaram de 9,7% no in\u00edcio da \u00e9poca gripal para 17% entre os dias 22 e 28 de dezembro; tamb\u00e9m houve aumento da mortalidade por doen\u00e7as cardiovasculares e metab\u00f3licas. O excesso foi identificado em todo o continente, com as regi\u00f5es Norte, Centro e Algarve a serem as primeiras a evidenciar o padr\u00e3o, acompanhando o aumento de consultas por s\u00edndrome gripal. O v\u00edrus da gripe em circula\u00e7\u00e3o inclui o subtipo H3N1; a atividade gripal foi detetada uma a duas semanas antes do excesso, e as autoridades apelam \u00e0 vacina\u00e7\u00e3o de grupos de risco e a pr\u00e1ticas preventivas.\" \/>\n<meta property=\"og:url\" content=\"https:\/\/portaltela.pt\/noticias\/2026\/01\/09\/frio-e-gripe-elevam-mortalidade-em-portugal-desde-dezembro\/\" \/>\n<meta property=\"og:site_name\" content=\"Portal Tela Portugal\" \/>\n<meta property=\"article:published_time\" content=\"2026-01-09T13:30:00+00:00\" \/>\n<meta name=\"author\" content=\"Telinha\" \/>\n<meta name=\"twitter:card\" content=\"summary_large_image\" \/>\n<meta name=\"twitter:label1\" content=\"Escrito por\" \/>\n\t<meta name=\"twitter:data1\" content=\"Telinha\" \/>\n\t<meta name=\"twitter:label2\" content=\"Tempo estimado de leitura\" \/>\n\t<meta name=\"twitter:data2\" content=\"1 minuto\" \/>\n<script type=\"application\/ld+json\" class=\"yoast-schema-graph\">{\"@context\":\"https:\/\/schema.org\",\"@graph\":[{\"@type\":\"Article\",\"@id\":\"https:\/\/portaltela.pt\/noticias\/2026\/01\/09\/frio-e-gripe-elevam-mortalidade-em-portugal-desde-dezembro\/#article\",\"isPartOf\":{\"@id\":\"https:\/\/portaltela.pt\/noticias\/2026\/01\/09\/frio-e-gripe-elevam-mortalidade-em-portugal-desde-dezembro\/\"},\"author\":{\"name\":\"Telinha\",\"@id\":\"https:\/\/portaltela.pt\/#\/schema\/person\/c4278d4a6028830caff9ee44b42d32ed\"},\"headline\":\"Frio e gripe elevam mortalidade em Portugal desde dezembro\",\"datePublished\":\"2026-01-09T13:30:00+00:00\",\"mainEntityOfPage\":{\"@id\":\"https:\/\/portaltela.pt\/noticias\/2026\/01\/09\/frio-e-gripe-elevam-mortalidade-em-portugal-desde-dezembro\/\"},\"wordCount\":305,\"image\":{\"@id\":\"https:\/\/portaltela.pt\/noticias\/2026\/01\/09\/frio-e-gripe-elevam-mortalidade-em-portugal-desde-dezembro\/#primaryimage\"},\"thumbnailUrl\":\"https:\/\/portaltela.pt\/s.01k8rhncp4jt1\/2026\/01\/hospital.jpg\",\"keywords\":[\"doen\u00e7as\",\"gripe\",\"infec\u00e7\u00f5es respirat\u00f3rias agudas\",\"Portugal\",\"sa\u00fade p\u00fablica\",\"s\u00edndrome gripal\"],\"articleSection\":[\"Not\u00edcias\"],\"inLanguage\":\"pt-PT\"},{\"@type\":\"WebPage\",\"@id\":\"https:\/\/portaltela.pt\/noticias\/2026\/01\/09\/frio-e-gripe-elevam-mortalidade-em-portugal-desde-dezembro\/\",\"url\":\"https:\/\/portaltela.pt\/noticias\/2026\/01\/09\/frio-e-gripe-elevam-mortalidade-em-portugal-desde-dezembro\/\",\"name\":\"Frio e gripe elevam mortalidade em Portugal desde dezembro - Portal Tela Portugal\",\"isPartOf\":{\"@id\":\"https:\/\/portaltela.pt\/#website\"},\"primaryImageOfPage\":{\"@id\":\"https:\/\/portaltela.pt\/noticias\/2026\/01\/09\/frio-e-gripe-elevam-mortalidade-em-portugal-desde-dezembro\/#primaryimage\"},\"image\":{\"@id\":\"https:\/\/portaltela.pt\/noticias\/2026\/01\/09\/frio-e-gripe-elevam-mortalidade-em-portugal-desde-dezembro\/#primaryimage\"},\"thumbnailUrl\":\"https:\/\/portaltela.pt\/s.01k8rhncp4jt1\/2026\/01\/hospital.jpg\",\"datePublished\":\"2026-01-09T13:30:00+00:00\",\"author\":{\"@id\":\"https:\/\/portaltela.pt\/#\/schema\/person\/c4278d4a6028830caff9ee44b42d32ed\"},\"breadcrumb\":{\"@id\":\"https:\/\/portaltela.pt\/noticias\/2026\/01\/09\/frio-e-gripe-elevam-mortalidade-em-portugal-desde-dezembro\/#breadcrumb\"},\"inLanguage\":\"pt-PT\",\"potentialAction\":[{\"@type\":\"ReadAction\",\"target\":[\"https:\/\/portaltela.pt\/noticias\/2026\/01\/09\/frio-e-gripe-elevam-mortalidade-em-portugal-desde-dezembro\/\"]}]},{\"@type\":\"ImageObject\",\"inLanguage\":\"pt-PT\",\"@id\":\"https:\/\/portaltela.pt\/noticias\/2026\/01\/09\/frio-e-gripe-elevam-mortalidade-em-portugal-desde-dezembro\/#primaryimage\",\"url\":\"https:\/\/portaltela.pt\/s.01k8rhncp4jt1\/2026\/01\/hospital.jpg\",\"contentUrl\":\"https:\/\/portaltela.pt\/s.01k8rhncp4jt1\/2026\/01\/hospital.jpg\",\"width\":796,\"height\":448,\"caption\":\"Hospitais instru\u00eddos a cortar despesa em 2026 mesmo com impacto na atividade assistencial.\"},{\"@type\":\"BreadcrumbList\",\"@id\":\"https:\/\/portaltela.pt\/noticias\/2026\/01\/09\/frio-e-gripe-elevam-mortalidade-em-portugal-desde-dezembro\/#breadcrumb\",\"itemListElement\":[{\"@type\":\"ListItem\",\"position\":1,\"name\":\"In\u00edcio\",\"item\":\"https:\/\/portaltela.pt\/\"},{\"@type\":\"ListItem\",\"position\":2,\"name\":\"Frio e gripe elevam mortalidade em Portugal desde dezembro\"}]},{\"@type\":\"WebSite\",\"@id\":\"https:\/\/portaltela.pt\/#website\",\"url\":\"https:\/\/portaltela.pt\/\",\"name\":\"Portal Tela Portugal\",\"description\":\"\",\"potentialAction\":[{\"@type\":\"SearchAction\",\"target\":{\"@type\":\"EntryPoint\",\"urlTemplate\":\"https:\/\/portaltela.pt\/?s={search_term_string}\"},\"query-input\":{\"@type\":\"PropertyValueSpecification\",\"valueRequired\":true,\"valueName\":\"search_term_string\"}}],\"inLanguage\":\"pt-PT\"},{\"@type\":\"Person\",\"@id\":\"https:\/\/portaltela.pt\/#\/schema\/person\/c4278d4a6028830caff9ee44b42d32ed\",\"name\":\"Telinha\",\"image\":{\"@type\":\"ImageObject\",\"inLanguage\":\"pt-PT\",\"@id\":\"https:\/\/portaltela.pt\/s.01k8rhncp4jt1\/2025\/11\/talking-bot-125x125.png\",\"url\":\"https:\/\/portaltela.pt\/s.01k8rhncp4jt1\/2025\/11\/talking-bot-125x125.png\",\"contentUrl\":\"https:\/\/portaltela.pt\/s.01k8rhncp4jt1\/2025\/11\/talking-bot-125x125.png\",\"caption\":\"Telinha\"},\"sameAs\":[\"https:\/\/portaltela.pt\/\"],\"url\":\"https:\/\/portaltela.pt\/por\/367410592786\/\"}]}<\/script>\n<!-- \/ Yoast SEO plugin. -->","yoast_head_json":{"title":"Frio e gripe elevam mortalidade em Portugal desde dezembro - Portal Tela Portugal","robots":{"index":"index","follow":"follow","max-snippet":"max-snippet:-1","max-image-preview":"max-image-preview:large","max-video-preview":"max-video-preview:-1"},"og_locale":"pt_PT","og_type":"article","og_title":"Frio e gripe elevam mortalidade em Portugal desde dezembro - Portal Tela Portugal","og_description":"Desde in\u00edcio de dezembro, Portugal regista um excesso de mortalidade de cerca de 22%, associado a temperaturas baixas e \u00e0 gripe sazonal, segundo a DGS e o INSA. A mortalidade afeta sobretudo quem tem 65 anos ou mais, com particular foco em quem tem 85 ou mais, devido \u00e0 combina\u00e7\u00e3o de infe\u00e7\u00f5es respirat\u00f3rias e frio prolongado. As mortes por doen\u00e7as do aparelho respirat\u00f3rio passaram de 9,7% no in\u00edcio da \u00e9poca gripal para 17% entre os dias 22 e 28 de dezembro; tamb\u00e9m houve aumento da mortalidade por doen\u00e7as cardiovasculares e metab\u00f3licas. O excesso foi identificado em todo o continente, com as regi\u00f5es Norte, Centro e Algarve a serem as primeiras a evidenciar o padr\u00e3o, acompanhando o aumento de consultas por s\u00edndrome gripal. O v\u00edrus da gripe em circula\u00e7\u00e3o inclui o subtipo H3N1; a atividade gripal foi detetada uma a duas semanas antes do excesso, e as autoridades apelam \u00e0 vacina\u00e7\u00e3o de grupos de risco e a pr\u00e1ticas preventivas.","og_url":"https:\/\/portaltela.pt\/noticias\/2026\/01\/09\/frio-e-gripe-elevam-mortalidade-em-portugal-desde-dezembro\/","og_site_name":"Portal Tela Portugal","article_published_time":"2026-01-09T13:30:00+00:00","author":"Telinha","twitter_card":"summary_large_image","twitter_misc":{"Escrito por":"Telinha","Tempo estimado de leitura":"1 minuto"},"schema":{"@context":"https:\/\/schema.org","@graph":[{"@type":"Article","@id":"https:\/\/portaltela.pt\/noticias\/2026\/01\/09\/frio-e-gripe-elevam-mortalidade-em-portugal-desde-dezembro\/#article","isPartOf":{"@id":"https:\/\/portaltela.pt\/noticias\/2026\/01\/09\/frio-e-gripe-elevam-mortalidade-em-portugal-desde-dezembro\/"},"author":{"name":"Telinha","@id":"https:\/\/portaltela.pt\/#\/schema\/person\/c4278d4a6028830caff9ee44b42d32ed"},"headline":"Frio e gripe elevam mortalidade em Portugal desde dezembro","datePublished":"2026-01-09T13:30:00+00:00","mainEntityOfPage":{"@id":"https:\/\/portaltela.pt\/noticias\/2026\/01\/09\/frio-e-gripe-elevam-mortalidade-em-portugal-desde-dezembro\/"},"wordCount":305,"image":{"@id":"https:\/\/portaltela.pt\/noticias\/2026\/01\/09\/frio-e-gripe-elevam-mortalidade-em-portugal-desde-dezembro\/#primaryimage"},"thumbnailUrl":"https:\/\/portaltela.pt\/s.01k8rhncp4jt1\/2026\/01\/hospital.jpg","keywords":["doen\u00e7as","gripe","infec\u00e7\u00f5es respirat\u00f3rias agudas","Portugal","sa\u00fade p\u00fablica","s\u00edndrome gripal"],"articleSection":["Not\u00edcias"],"inLanguage":"pt-PT"},{"@type":"WebPage","@id":"https:\/\/portaltela.pt\/noticias\/2026\/01\/09\/frio-e-gripe-elevam-mortalidade-em-portugal-desde-dezembro\/","url":"https:\/\/portaltela.pt\/noticias\/2026\/01\/09\/frio-e-gripe-elevam-mortalidade-em-portugal-desde-dezembro\/","name":"Frio e gripe elevam mortalidade em Portugal desde dezembro - Portal Tela Portugal","isPartOf":{"@id":"https:\/\/portaltela.pt\/#website"},"primaryImageOfPage":{"@id":"https:\/\/portaltela.pt\/noticias\/2026\/01\/09\/frio-e-gripe-elevam-mortalidade-em-portugal-desde-dezembro\/#primaryimage"},"image":{"@id":"https:\/\/portaltela.pt\/noticias\/2026\/01\/09\/frio-e-gripe-elevam-mortalidade-em-portugal-desde-dezembro\/#primaryimage"},"thumbnailUrl":"https:\/\/portaltela.pt\/s.01k8rhncp4jt1\/2026\/01\/hospital.jpg","datePublished":"2026-01-09T13:30:00+00:00","author":{"@id":"https:\/\/portaltela.pt\/#\/schema\/person\/c4278d4a6028830caff9ee44b42d32ed"},"breadcrumb":{"@id":"https:\/\/portaltela.pt\/noticias\/2026\/01\/09\/frio-e-gripe-elevam-mortalidade-em-portugal-desde-dezembro\/#breadcrumb"},"inLanguage":"pt-PT","potentialAction":[{"@type":"ReadAction","target":["https:\/\/portaltela.pt\/noticias\/2026\/01\/09\/frio-e-gripe-elevam-mortalidade-em-portugal-desde-dezembro\/"]}]},{"@type":"ImageObject","inLanguage":"pt-PT","@id":"https:\/\/portaltela.pt\/noticias\/2026\/01\/09\/frio-e-gripe-elevam-mortalidade-em-portugal-desde-dezembro\/#primaryimage","url":"https:\/\/portaltela.pt\/s.01k8rhncp4jt1\/2026\/01\/hospital.jpg","contentUrl":"https:\/\/portaltela.pt\/s.01k8rhncp4jt1\/2026\/01\/hospital.jpg","width":796,"height":448,"caption":"Hospitais instru\u00eddos a cortar despesa em 2026 mesmo com impacto na atividade assistencial."},{"@type":"BreadcrumbList","@id":"https:\/\/portaltela.pt\/noticias\/2026\/01\/09\/frio-e-gripe-elevam-mortalidade-em-portugal-desde-dezembro\/#breadcrumb","itemListElement":[{"@type":"ListItem","position":1,"name":"In\u00edcio","item":"https:\/\/portaltela.pt\/"},{"@type":"ListItem","position":2,"name":"Frio e gripe elevam mortalidade em Portugal desde dezembro"}]},{"@type":"WebSite","@id":"https:\/\/portaltela.pt\/#website","url":"https:\/\/portaltela.pt\/","name":"Portal Tela Portugal","description":"","potentialAction":[{"@type":"SearchAction","target":{"@type":"EntryPoint","urlTemplate":"https:\/\/portaltela.pt\/?s={search_term_string}"},"query-input":{"@type":"PropertyValueSpecification","valueRequired":true,"valueName":"search_term_string"}}],"inLanguage":"pt-PT"},{"@type":"Person","@id":"https:\/\/portaltela.pt\/#\/schema\/person\/c4278d4a6028830caff9ee44b42d32ed","name":"Telinha","image":{"@type":"ImageObject","inLanguage":"pt-PT","@id":"https:\/\/portaltela.pt\/s.01k8rhncp4jt1\/2025\/11\/talking-bot-125x125.png","url":"https:\/\/portaltela.pt\/s.01k8rhncp4jt1\/2025\/11\/talking-bot-125x125.png","contentUrl":"https:\/\/portaltela.pt\/s.01k8rhncp4jt1\/2025\/11\/talking-bot-125x125.png","caption":"Telinha"},"sameAs":["https:\/\/portaltela.pt\/"],"url":"https:\/\/portaltela.pt\/por\/367410592786\/"}]}},"_links":{"self":[{"href":"https:\/\/portaltela.pt\/api\/wp\/v2\/posts\/128401","targetHints":{"allow":["GET"]}}],"collection":[{"href":"https:\/\/portaltela.pt\/api\/wp\/v2\/posts"}],"about":[{"href":"https:\/\/portaltela.pt\/api\/wp\/v2\/types\/post"}],"author":[{"embeddable":true,"href":"https:\/\/portaltela.pt\/api\/wp\/v2\/users\/2"}],"replies":[{"embeddable":true,"href":"https:\/\/portaltela.pt\/api\/wp\/v2\/comments?post=128401"}],"version-history":[{"count":0,"href":"https:\/\/portaltela.pt\/api\/wp\/v2\/posts\/128401\/revisions"}],"wp:featuredmedia":[{"embeddable":true,"href":"https:\/\/portaltela.pt\/api\/wp\/v2\/media\/128408"}],"wp:attachment":[{"href":"https:\/\/portaltela.pt\/api\/wp\/v2\/media?parent=128401"}],"wp:term":[{"taxonomy":"category","embeddable":true,"href":"https:\/\/portaltela.pt\/api\/wp\/v2\/categories?post=128401"},{"taxonomy":"post_tag","embeddable":true,"href":"https:\/\/portaltela.pt\/api\/wp\/v2\/tags?post=128401"}],"curies":[{"name":"wp","href":"https:\/\/api.w.org\/{rel}","templated":true}]}}