{"id":128204,"date":"2026-01-09T09:22:00","date_gmt":"2026-01-09T12:22:00","guid":{"rendered":"https:\/\/portaltela.pt\/noticias\/2026\/01\/09\/pm-defende-a-lider-das-demissoes-diz-enfermeira-diretora\/"},"modified":"2026-01-09T09:22:00","modified_gmt":"2026-01-09T12:22:00","slug":"pm-defende-a-lider-das-demissoes-diz-enfermeira-diretora","status":"publish","type":"post","link":"https:\/\/portaltela.pt\/noticias\/2026\/01\/09\/pm-defende-a-lider-das-demissoes-diz-enfermeira-diretora\/","title":{"rendered":"PM defende a l\u00edder das demiss\u00f5es, diz Enfermeira Diretora"},"content":{"rendered":"<p>A Enfermeira Diretora demission\u00e1ria da ULS Amadora-Sintra, Lu\u00edsa Ximenez, acusa a ministra da Sa\u00fade de criar instabilidade ao demitir dois Conselhos de Administra\u00e7\u00e3o no espa\u00e7o de menos de um ano. Diz ter sentido uma aus\u00eancia total de apoio por parte de Ana Paula Martins e critica o primeiro-ministro, Lu\u00eds Montenegro, pela defesa de que problemas na Sa\u00fade n\u00e3o se resolvem com demiss\u00f5es.<\/p>\n<p>A respons\u00e1vel, que ainda era membro do Conselho de Administra\u00e7\u00e3o, afirmou que se demitiu devido \u00e0 falta de apoio e \u00e0 demora na substitui\u00e7\u00e3o do presidente da ULS Amadora-Sintra. Alega que n\u00e3o reconhece os motivos apresentados para as demiss\u00f5es e que n\u00e3o houve clareza sobre o rumo da institui\u00e7\u00e3o.<\/p>\n<p>Em plena escalada de press\u00e3o sobre o hospital, Lu\u00edsa Ximenez foi convidada para uma reuni\u00e3o com a ministra, marcada para esta sexta-feira. A demiss\u00e3o acontece num contexto de mudan\u00e7a de lideran\u00e7a com o atual presidente do CA, Carlos S\u00e1, j\u00e1 afastado h\u00e1 dois meses.<\/p>\n<h3>Contexto institucional<\/h3>\n<p>Para al\u00e9m da sa\u00edda da dirigente, mais de 100 enfermeiros do servi\u00e7o de Urg\u00eancia entregaram escusas de responsabilidade. A ULS Amadora-Sintra tem estado sob escrut\u00ednio por reconfigura\u00e7\u00f5es administrativas e decis\u00f5es recentes de gest\u00e3o.<\/p>\n<p>O presidente cessante do CA, Carlos S\u00e1, saiu do cargo ap\u00f3s uma pol\u00e9mica envolvendo a morte de uma gr\u00e1vida guineense. Em novembro, a ministra decidiu afastar o ent\u00e3o respons\u00e1vel, num movimento que gerou controv\u00e9rsia interna.<\/p>\n<h3>Pr\u00f3ximos passos<\/h3>\n<p>Foi anunciada a convocat\u00f3ria da reuni\u00e3o entre Lu\u00edsa Ximenez e Ana Paula Martins para discutir o rumo da gest\u00e3o da ULS. Resta saber como ficar\u00e1 a composi\u00e7\u00e3o do Conselho de Administra\u00e7\u00e3o e se ser\u00e3o anunciadas novas nomea\u00e7\u00f5es.<\/p>\n","protected":false},"excerpt":{"rendered":"<ul>\n<li>A Enfermeira Diretora demission\u00e1ria da ULS Amadora-Sintra, Lu\u00edsa Ximenez, acusou a ministra da Sa\u00fade de criar instabilidade ao demitir dois Conselhos de Administra\u00e7\u00e3o em menos de um ano.<\/li>\n<li>Criticou a aus\u00eancia de apoio por parte de Ana Paula Martins e questionou o primeiro-ministro Lu\u00eds Montenegro por defender que os problemas da Sa\u00fade n\u00e3o se resolvem com demiss\u00f5es.<\/li>\n<li>Afirmou que este \u00e9 o segundo Conselho de Administra\u00e7\u00e3o demitido, o que, na sua perspetiva, aumenta a instabilidade da institui\u00e7\u00e3o.<\/li>\n<li>Explicou ter-se demitido por n\u00e3o receber apoio nem um rumo claro, e por demora na substitui\u00e7\u00e3o do presidente do Conselho de Administra\u00e7\u00e3o.<\/li>\n<li>A reuni\u00e3o convocada por Ana Paula Martins est\u00e1 marcada para sexta-feira; no mesmo contexto, mais de cem enfermeiros do servi\u00e7o de Urg\u00eancia entregaram escusas de responsabilidade.<\/li>\n<\/ul>\n","protected":false},"author":2,"featured_media":128213,"comment_status":"closed","ping_status":"closed","sticky":false,"template":"","format":"standard","meta":{"footnotes":""},"categories":[1],"tags":[168,2209,1144,229,172,271],"class_list":["post-128204","post","type-post","status-publish","format-standard","has-post-thumbnail","hentry","category-noticias","tag-administracao-publica","tag-ana-paula-martins","tag-instituicoes","tag-politica-publica","tag-saude","tag-saude-publica"],"yoast_head":"<!-- This site is optimized with the Yoast SEO plugin v27.2 - https:\/\/yoast.com\/product\/yoast-seo-wordpress\/ -->\n<title>PM defende a l\u00edder das demiss\u00f5es, diz Enfermeira Diretora - Portal Tela Portugal<\/title>\n<meta name=\"robots\" content=\"index, follow, max-snippet:-1, max-image-preview:large, max-video-preview:-1\" \/>\n<meta property=\"og:locale\" content=\"pt_PT\" \/>\n<meta property=\"og:type\" content=\"article\" \/>\n<meta property=\"og:title\" content=\"PM defende a l\u00edder das demiss\u00f5es, diz Enfermeira Diretora - Portal Tela Portugal\" \/>\n<meta property=\"og:description\" content=\"A Enfermeira Diretora demission\u00e1ria da ULS Amadora-Sintra, Lu\u00edsa Ximenez, acusou a ministra da Sa\u00fade de criar instabilidade ao demitir dois Conselhos de Administra\u00e7\u00e3o em menos de um ano. Criticou a aus\u00eancia de apoio por parte de Ana Paula Martins e questionou o primeiro-ministro Lu\u00eds Montenegro por defender que os problemas da Sa\u00fade n\u00e3o se resolvem com demiss\u00f5es. Afirmou que este \u00e9 o segundo Conselho de Administra\u00e7\u00e3o demitido, o que, na sua perspetiva, aumenta a instabilidade da institui\u00e7\u00e3o. Explicou ter-se demitido por n\u00e3o receber apoio nem um rumo claro, e por demora na substitui\u00e7\u00e3o do presidente do Conselho de Administra\u00e7\u00e3o. A reuni\u00e3o convocada por Ana Paula Martins est\u00e1 marcada para sexta-feira; no mesmo contexto, mais de cem enfermeiros do servi\u00e7o de Urg\u00eancia entregaram escusas de responsabilidade.\" \/>\n<meta property=\"og:url\" content=\"https:\/\/portaltela.pt\/noticias\/2026\/01\/09\/pm-defende-a-lider-das-demissoes-diz-enfermeira-diretora\/\" \/>\n<meta property=\"og:site_name\" content=\"Portal Tela Portugal\" \/>\n<meta property=\"article:published_time\" content=\"2026-01-09T12:22:00+00:00\" \/>\n<meta name=\"author\" content=\"Telinha\" \/>\n<meta name=\"twitter:card\" content=\"summary_large_image\" \/>\n<meta name=\"twitter:label1\" content=\"Escrito por\" \/>\n\t<meta name=\"twitter:data1\" content=\"Telinha\" \/>\n\t<meta name=\"twitter:label2\" content=\"Tempo estimado de leitura\" \/>\n\t<meta name=\"twitter:data2\" content=\"2 minutos\" \/>\n<script type=\"application\/ld+json\" class=\"yoast-schema-graph\">{\"@context\":\"https:\/\/schema.org\",\"@graph\":[{\"@type\":\"Article\",\"@id\":\"https:\/\/portaltela.pt\/noticias\/2026\/01\/09\/pm-defende-a-lider-das-demissoes-diz-enfermeira-diretora\/#article\",\"isPartOf\":{\"@id\":\"https:\/\/portaltela.pt\/noticias\/2026\/01\/09\/pm-defende-a-lider-das-demissoes-diz-enfermeira-diretora\/\"},\"author\":{\"name\":\"Telinha\",\"@id\":\"https:\/\/portaltela.pt\/#\/schema\/person\/c4278d4a6028830caff9ee44b42d32ed\"},\"headline\":\"PM defende a l\u00edder das demiss\u00f5es, diz Enfermeira Diretora\",\"datePublished\":\"2026-01-09T12:22:00+00:00\",\"mainEntityOfPage\":{\"@id\":\"https:\/\/portaltela.pt\/noticias\/2026\/01\/09\/pm-defende-a-lider-das-demissoes-diz-enfermeira-diretora\/\"},\"wordCount\":318,\"image\":{\"@id\":\"https:\/\/portaltela.pt\/noticias\/2026\/01\/09\/pm-defende-a-lider-das-demissoes-diz-enfermeira-diretora\/#primaryimage\"},\"thumbnailUrl\":\"https:\/\/portaltela.pt\/s.01k8rhncp4jt1\/2026\/01\/unnamed-file-1818.jpg\",\"keywords\":[\"administra\u00e7\u00e3o p\u00fablica\",\"Ana Paula Martins\",\"institui\u00e7\u00f5es\",\"pol\u00edtica p\u00fablica\",\"sa\u00fade\",\"sa\u00fade p\u00fablica\"],\"articleSection\":[\"Not\u00edcias\"],\"inLanguage\":\"pt-PT\"},{\"@type\":\"WebPage\",\"@id\":\"https:\/\/portaltela.pt\/noticias\/2026\/01\/09\/pm-defende-a-lider-das-demissoes-diz-enfermeira-diretora\/\",\"url\":\"https:\/\/portaltela.pt\/noticias\/2026\/01\/09\/pm-defende-a-lider-das-demissoes-diz-enfermeira-diretora\/\",\"name\":\"PM defende a l\u00edder das demiss\u00f5es, diz Enfermeira Diretora - Portal Tela Portugal\",\"isPartOf\":{\"@id\":\"https:\/\/portaltela.pt\/#website\"},\"primaryImageOfPage\":{\"@id\":\"https:\/\/portaltela.pt\/noticias\/2026\/01\/09\/pm-defende-a-lider-das-demissoes-diz-enfermeira-diretora\/#primaryimage\"},\"image\":{\"@id\":\"https:\/\/portaltela.pt\/noticias\/2026\/01\/09\/pm-defende-a-lider-das-demissoes-diz-enfermeira-diretora\/#primaryimage\"},\"thumbnailUrl\":\"https:\/\/portaltela.pt\/s.01k8rhncp4jt1\/2026\/01\/unnamed-file-1818.jpg\",\"datePublished\":\"2026-01-09T12:22:00+00:00\",\"author\":{\"@id\":\"https:\/\/portaltela.pt\/#\/schema\/person\/c4278d4a6028830caff9ee44b42d32ed\"},\"breadcrumb\":{\"@id\":\"https:\/\/portaltela.pt\/noticias\/2026\/01\/09\/pm-defende-a-lider-das-demissoes-diz-enfermeira-diretora\/#breadcrumb\"},\"inLanguage\":\"pt-PT\",\"potentialAction\":[{\"@type\":\"ReadAction\",\"target\":[\"https:\/\/portaltela.pt\/noticias\/2026\/01\/09\/pm-defende-a-lider-das-demissoes-diz-enfermeira-diretora\/\"]}]},{\"@type\":\"ImageObject\",\"inLanguage\":\"pt-PT\",\"@id\":\"https:\/\/portaltela.pt\/noticias\/2026\/01\/09\/pm-defende-a-lider-das-demissoes-diz-enfermeira-diretora\/#primaryimage\",\"url\":\"https:\/\/portaltela.pt\/s.01k8rhncp4jt1\/2026\/01\/unnamed-file-1818.jpg\",\"contentUrl\":\"https:\/\/portaltela.pt\/s.01k8rhncp4jt1\/2026\/01\/unnamed-file-1818.jpg\",\"width\":796,\"height\":448,\"caption\":\"\\\"PM defende a l\u00edder das demiss\u00f5es\\\", diz Enfermeira Diretora\"},{\"@type\":\"BreadcrumbList\",\"@id\":\"https:\/\/portaltela.pt\/noticias\/2026\/01\/09\/pm-defende-a-lider-das-demissoes-diz-enfermeira-diretora\/#breadcrumb\",\"itemListElement\":[{\"@type\":\"ListItem\",\"position\":1,\"name\":\"In\u00edcio\",\"item\":\"https:\/\/portaltela.pt\/\"},{\"@type\":\"ListItem\",\"position\":2,\"name\":\"PM defende a l\u00edder das demiss\u00f5es, diz Enfermeira Diretora\"}]},{\"@type\":\"WebSite\",\"@id\":\"https:\/\/portaltela.pt\/#website\",\"url\":\"https:\/\/portaltela.pt\/\",\"name\":\"Portal Tela Portugal\",\"description\":\"\",\"potentialAction\":[{\"@type\":\"SearchAction\",\"target\":{\"@type\":\"EntryPoint\",\"urlTemplate\":\"https:\/\/portaltela.pt\/?s={search_term_string}\"},\"query-input\":{\"@type\":\"PropertyValueSpecification\",\"valueRequired\":true,\"valueName\":\"search_term_string\"}}],\"inLanguage\":\"pt-PT\"},{\"@type\":\"Person\",\"@id\":\"https:\/\/portaltela.pt\/#\/schema\/person\/c4278d4a6028830caff9ee44b42d32ed\",\"name\":\"Telinha\",\"image\":{\"@type\":\"ImageObject\",\"inLanguage\":\"pt-PT\",\"@id\":\"https:\/\/portaltela.pt\/s.01k8rhncp4jt1\/2025\/11\/talking-bot-125x125.png\",\"url\":\"https:\/\/portaltela.pt\/s.01k8rhncp4jt1\/2025\/11\/talking-bot-125x125.png\",\"contentUrl\":\"https:\/\/portaltela.pt\/s.01k8rhncp4jt1\/2025\/11\/talking-bot-125x125.png\",\"caption\":\"Telinha\"},\"sameAs\":[\"https:\/\/portaltela.pt\/\"],\"url\":\"https:\/\/portaltela.pt\/por\/367410592786\/\"}]}<\/script>\n<!-- \/ Yoast SEO plugin. -->","yoast_head_json":{"title":"PM defende a l\u00edder das demiss\u00f5es, diz Enfermeira Diretora - Portal Tela Portugal","robots":{"index":"index","follow":"follow","max-snippet":"max-snippet:-1","max-image-preview":"max-image-preview:large","max-video-preview":"max-video-preview:-1"},"og_locale":"pt_PT","og_type":"article","og_title":"PM defende a l\u00edder das demiss\u00f5es, diz Enfermeira Diretora - Portal Tela Portugal","og_description":"A Enfermeira Diretora demission\u00e1ria da ULS Amadora-Sintra, Lu\u00edsa Ximenez, acusou a ministra da Sa\u00fade de criar instabilidade ao demitir dois Conselhos de Administra\u00e7\u00e3o em menos de um ano. Criticou a aus\u00eancia de apoio por parte de Ana Paula Martins e questionou o primeiro-ministro Lu\u00eds Montenegro por defender que os problemas da Sa\u00fade n\u00e3o se resolvem com demiss\u00f5es. Afirmou que este \u00e9 o segundo Conselho de Administra\u00e7\u00e3o demitido, o que, na sua perspetiva, aumenta a instabilidade da institui\u00e7\u00e3o. Explicou ter-se demitido por n\u00e3o receber apoio nem um rumo claro, e por demora na substitui\u00e7\u00e3o do presidente do Conselho de Administra\u00e7\u00e3o. A reuni\u00e3o convocada por Ana Paula Martins est\u00e1 marcada para sexta-feira; no mesmo contexto, mais de cem enfermeiros do servi\u00e7o de Urg\u00eancia entregaram escusas de responsabilidade.","og_url":"https:\/\/portaltela.pt\/noticias\/2026\/01\/09\/pm-defende-a-lider-das-demissoes-diz-enfermeira-diretora\/","og_site_name":"Portal Tela Portugal","article_published_time":"2026-01-09T12:22:00+00:00","author":"Telinha","twitter_card":"summary_large_image","twitter_misc":{"Escrito por":"Telinha","Tempo estimado de leitura":"2 minutos"},"schema":{"@context":"https:\/\/schema.org","@graph":[{"@type":"Article","@id":"https:\/\/portaltela.pt\/noticias\/2026\/01\/09\/pm-defende-a-lider-das-demissoes-diz-enfermeira-diretora\/#article","isPartOf":{"@id":"https:\/\/portaltela.pt\/noticias\/2026\/01\/09\/pm-defende-a-lider-das-demissoes-diz-enfermeira-diretora\/"},"author":{"name":"Telinha","@id":"https:\/\/portaltela.pt\/#\/schema\/person\/c4278d4a6028830caff9ee44b42d32ed"},"headline":"PM defende a l\u00edder das demiss\u00f5es, diz Enfermeira Diretora","datePublished":"2026-01-09T12:22:00+00:00","mainEntityOfPage":{"@id":"https:\/\/portaltela.pt\/noticias\/2026\/01\/09\/pm-defende-a-lider-das-demissoes-diz-enfermeira-diretora\/"},"wordCount":318,"image":{"@id":"https:\/\/portaltela.pt\/noticias\/2026\/01\/09\/pm-defende-a-lider-das-demissoes-diz-enfermeira-diretora\/#primaryimage"},"thumbnailUrl":"https:\/\/portaltela.pt\/s.01k8rhncp4jt1\/2026\/01\/unnamed-file-1818.jpg","keywords":["administra\u00e7\u00e3o p\u00fablica","Ana Paula Martins","institui\u00e7\u00f5es","pol\u00edtica p\u00fablica","sa\u00fade","sa\u00fade p\u00fablica"],"articleSection":["Not\u00edcias"],"inLanguage":"pt-PT"},{"@type":"WebPage","@id":"https:\/\/portaltela.pt\/noticias\/2026\/01\/09\/pm-defende-a-lider-das-demissoes-diz-enfermeira-diretora\/","url":"https:\/\/portaltela.pt\/noticias\/2026\/01\/09\/pm-defende-a-lider-das-demissoes-diz-enfermeira-diretora\/","name":"PM defende a l\u00edder das demiss\u00f5es, diz Enfermeira Diretora - Portal Tela Portugal","isPartOf":{"@id":"https:\/\/portaltela.pt\/#website"},"primaryImageOfPage":{"@id":"https:\/\/portaltela.pt\/noticias\/2026\/01\/09\/pm-defende-a-lider-das-demissoes-diz-enfermeira-diretora\/#primaryimage"},"image":{"@id":"https:\/\/portaltela.pt\/noticias\/2026\/01\/09\/pm-defende-a-lider-das-demissoes-diz-enfermeira-diretora\/#primaryimage"},"thumbnailUrl":"https:\/\/portaltela.pt\/s.01k8rhncp4jt1\/2026\/01\/unnamed-file-1818.jpg","datePublished":"2026-01-09T12:22:00+00:00","author":{"@id":"https:\/\/portaltela.pt\/#\/schema\/person\/c4278d4a6028830caff9ee44b42d32ed"},"breadcrumb":{"@id":"https:\/\/portaltela.pt\/noticias\/2026\/01\/09\/pm-defende-a-lider-das-demissoes-diz-enfermeira-diretora\/#breadcrumb"},"inLanguage":"pt-PT","potentialAction":[{"@type":"ReadAction","target":["https:\/\/portaltela.pt\/noticias\/2026\/01\/09\/pm-defende-a-lider-das-demissoes-diz-enfermeira-diretora\/"]}]},{"@type":"ImageObject","inLanguage":"pt-PT","@id":"https:\/\/portaltela.pt\/noticias\/2026\/01\/09\/pm-defende-a-lider-das-demissoes-diz-enfermeira-diretora\/#primaryimage","url":"https:\/\/portaltela.pt\/s.01k8rhncp4jt1\/2026\/01\/unnamed-file-1818.jpg","contentUrl":"https:\/\/portaltela.pt\/s.01k8rhncp4jt1\/2026\/01\/unnamed-file-1818.jpg","width":796,"height":448,"caption":"\"PM defende a l\u00edder das demiss\u00f5es\", diz Enfermeira Diretora"},{"@type":"BreadcrumbList","@id":"https:\/\/portaltela.pt\/noticias\/2026\/01\/09\/pm-defende-a-lider-das-demissoes-diz-enfermeira-diretora\/#breadcrumb","itemListElement":[{"@type":"ListItem","position":1,"name":"In\u00edcio","item":"https:\/\/portaltela.pt\/"},{"@type":"ListItem","position":2,"name":"PM defende a l\u00edder das demiss\u00f5es, diz Enfermeira Diretora"}]},{"@type":"WebSite","@id":"https:\/\/portaltela.pt\/#website","url":"https:\/\/portaltela.pt\/","name":"Portal Tela Portugal","description":"","potentialAction":[{"@type":"SearchAction","target":{"@type":"EntryPoint","urlTemplate":"https:\/\/portaltela.pt\/?s={search_term_string}"},"query-input":{"@type":"PropertyValueSpecification","valueRequired":true,"valueName":"search_term_string"}}],"inLanguage":"pt-PT"},{"@type":"Person","@id":"https:\/\/portaltela.pt\/#\/schema\/person\/c4278d4a6028830caff9ee44b42d32ed","name":"Telinha","image":{"@type":"ImageObject","inLanguage":"pt-PT","@id":"https:\/\/portaltela.pt\/s.01k8rhncp4jt1\/2025\/11\/talking-bot-125x125.png","url":"https:\/\/portaltela.pt\/s.01k8rhncp4jt1\/2025\/11\/talking-bot-125x125.png","contentUrl":"https:\/\/portaltela.pt\/s.01k8rhncp4jt1\/2025\/11\/talking-bot-125x125.png","caption":"Telinha"},"sameAs":["https:\/\/portaltela.pt\/"],"url":"https:\/\/portaltela.pt\/por\/367410592786\/"}]}},"_links":{"self":[{"href":"https:\/\/portaltela.pt\/api\/wp\/v2\/posts\/128204","targetHints":{"allow":["GET"]}}],"collection":[{"href":"https:\/\/portaltela.pt\/api\/wp\/v2\/posts"}],"about":[{"href":"https:\/\/portaltela.pt\/api\/wp\/v2\/types\/post"}],"author":[{"embeddable":true,"href":"https:\/\/portaltela.pt\/api\/wp\/v2\/users\/2"}],"replies":[{"embeddable":true,"href":"https:\/\/portaltela.pt\/api\/wp\/v2\/comments?post=128204"}],"version-history":[{"count":0,"href":"https:\/\/portaltela.pt\/api\/wp\/v2\/posts\/128204\/revisions"}],"wp:featuredmedia":[{"embeddable":true,"href":"https:\/\/portaltela.pt\/api\/wp\/v2\/media\/128213"}],"wp:attachment":[{"href":"https:\/\/portaltela.pt\/api\/wp\/v2\/media?parent=128204"}],"wp:term":[{"taxonomy":"category","embeddable":true,"href":"https:\/\/portaltela.pt\/api\/wp\/v2\/categories?post=128204"},{"taxonomy":"post_tag","embeddable":true,"href":"https:\/\/portaltela.pt\/api\/wp\/v2\/tags?post=128204"}],"curies":[{"name":"wp","href":"https:\/\/api.w.org\/{rel}","templated":true}]}}