{"id":128198,"date":"2026-01-09T09:30:00","date_gmt":"2026-01-09T12:30:00","guid":{"rendered":"https:\/\/portaltela.pt\/noticias\/2026\/01\/09\/portugal-regista-22-de-excesso-de-mortalidade-desde-inicio-de-dezembro\/"},"modified":"2026-01-09T09:30:00","modified_gmt":"2026-01-09T12:30:00","slug":"portugal-regista-22-de-excesso-de-mortalidade-desde-inicio-de-dezembro","status":"publish","type":"post","link":"https:\/\/portaltela.pt\/noticias\/2026\/01\/09\/portugal-regista-22-de-excesso-de-mortalidade-desde-inicio-de-dezembro\/","title":{"rendered":"Portugal regista 22% de excesso de mortalidade desde in\u00edcio de dezembro"},"content":{"rendered":"<p>Portugal regista desde o in\u00edcio de dezembro um excesso de mortalidade de cerca de 22%, associado ao frio e \u00e0 gripe. A tend\u00eancia agrupa-se com o aumento de mortes por doen\u00e7as respirat\u00f3rias, segundo uma an\u00e1lise preliminar da DGS e do INSA.<\/p>\n<p>O estudo, divulgado \u00e0 Lusa, indica que o excesso de mortalidade segue o padr\u00e3o de uma fase epid\u00e9mica da gripe sazonal. Os grupos com 65 anos ou mais, especialmente os de 85 e acima, apresentam maior vulnerabilidade.<\/p>\n<p>Observa-se ainda um ligeiro aumento das mortes por doen\u00e7as cardiovasculares e metab\u00f3licas, com impacto acentuado em idosos com doen\u00e7a cr\u00f3nica. O relat\u00f3rio associa o fen\u00f3meno ao frio prolongado.<\/p>\n<h3>Contexto epidemiol\u00f3gico<\/h3>\n<p>Os representantes da DGS e do INSA dizem que os padr\u00f5es s\u00e3o consistentes com elevada circula\u00e7\u00e3o de v\u00edrus respirat\u00f3rios e condi\u00e7\u00f5es clim\u00e1ticas adversas. N\u00e3o h\u00e1 ind\u00edcios de fatores extraordin\u00e1rios at\u00e9 ao momento.<\/p>\n<p>Segundo os dados, a mortalidade por doen\u00e7as do aparelho respirat\u00f3rio passou de 9,7% na semana de 29 setembro a 5 outubro de 2025 para 17% na semana de 22 a 28 de dezembro. O aumento \u00e9\u5168\u56fd.<\/p>\n<h3>Impacto geogr\u00e1fico<\/h3>\n<p>O excesso de mortalidade foi detetado em todo o territ\u00f3rio continental. As regi\u00f5es Norte, Centro e Algarve foram as primeiras a ser afetadas, com varia\u00e7\u00f5es regionais relevantes.<\/p>\n<p>Um padr\u00e3o semelhante surgiu no n\u00famero de consultas por s\u00edndrome gripal, sugerindo uma propaga\u00e7\u00e3o norte para sul. O Alentejo e o Algarve mostram excessos proporcionais ligeiramente superiores.<\/p>\n<h3>Subtipos e condi\u00e7\u00f5es associadas<\/h3>\n<p>A DGS lembra ainda que, pouco antes do per\u00edodo de excesso, houve incremento da atividade gripal, atingindo n\u00edvel epid\u00e9mico no final de novembro. O subtipo H3N1 tende a associar-se a maior impacto na mortalidade.<\/p>\n<p>A DGS nota tamb\u00e9m o per\u00edodo prolongado de temperaturas baixas, que piora a descompensa\u00e7\u00e3o de doen\u00e7as cr\u00f3nicas, sobretudo respirat\u00f3rias e cardiovasculares.<\/p>\n<h3>Medidas e orienta\u00e7\u00e3o<\/h3>\n<p>Desde o in\u00edcio da atividade epid\u00e9mica, a DGS tem refor\u00e7ado a comunica\u00e7\u00e3o \u00e0 popula\u00e7\u00e3o. A vacina\u00e7\u00e3o dos grupos de risco \u00e9 incentivada, bem como medidas de higiene respirat\u00f3ria e de lavagem das m\u00e3os.<\/p>\n","protected":false},"excerpt":{"rendered":"<ul>\n<li>Portugal regista desde o in\u00edcio de dezembro um excesso de mortalidade de cerca de 22%, associado ao frio e \u00e0 epidemia de gripe, segundo a DGS e o Insa.<\/li>\n<li>O excesso de mortalidade est\u00e1 ligado ao aumento das mortes por doen\u00e7as respirat\u00f3rias, com maior incid\u00eancia em pessoas a partir dos 65 anos, especialmente 85 anos ou mais.<\/li>\n<li>Houve um ligeiro aumento das mortes por doen\u00e7as cardiovasculares e metab\u00f3licas, relacionado com a exposi\u00e7\u00e3o prolongada ao frio em idosos com doen\u00e7a cr\u00f3nica.<\/li>\n<li>O fen\u00f3meno ocorreu em todo o territ\u00f3rio continental, com as regi\u00f5es Norte, Centro e Algarve a serem as primeiras afetadas, seguindo-se um padr\u00e3o norte-sul na circula\u00e7\u00e3o da gripe.<\/li>\n<li>A circula\u00e7\u00e3o da gripe H3N1 e temperaturas muito baixas s\u00e3o apontadas como fatores, com a DGS a intensificar a campanha de vacina\u00e7\u00e3o e higiene para grupos de risco.<\/li>\n<\/ul>\n","protected":false},"author":2,"featured_media":128212,"comment_status":"closed","ping_status":"closed","sticky":false,"template":"","format":"standard","meta":{"footnotes":""},"categories":[1],"tags":[2665,61,2394,1014,271,1899],"class_list":["post-128198","post","type-post","status-publish","format-standard","has-post-thumbnail","hentry","category-noticias","tag-alteracoes-climaticas","tag-doencas","tag-infeccoes-respiratorias-agudas","tag-portugal","tag-saude-publica","tag-urgencias"],"yoast_head":"<!-- This site is optimized with the Yoast SEO plugin v27.2 - https:\/\/yoast.com\/product\/yoast-seo-wordpress\/ -->\n<title>Portugal regista 22% de excesso de mortalidade desde in\u00edcio de dezembro - Portal Tela Portugal<\/title>\n<meta name=\"robots\" content=\"index, follow, max-snippet:-1, max-image-preview:large, max-video-preview:-1\" \/>\n<meta property=\"og:locale\" content=\"pt_PT\" \/>\n<meta property=\"og:type\" content=\"article\" \/>\n<meta property=\"og:title\" content=\"Portugal regista 22% de excesso de mortalidade desde in\u00edcio de dezembro - Portal Tela Portugal\" \/>\n<meta property=\"og:description\" content=\"Portugal regista desde o in\u00edcio de dezembro um excesso de mortalidade de cerca de 22%, associado ao frio e \u00e0 epidemia de gripe, segundo a DGS e o Insa. O excesso de mortalidade est\u00e1 ligado ao aumento das mortes por doen\u00e7as respirat\u00f3rias, com maior incid\u00eancia em pessoas a partir dos 65 anos, especialmente 85 anos ou mais. Houve um ligeiro aumento das mortes por doen\u00e7as cardiovasculares e metab\u00f3licas, relacionado com a exposi\u00e7\u00e3o prolongada ao frio em idosos com doen\u00e7a cr\u00f3nica. O fen\u00f3meno ocorreu em todo o territ\u00f3rio continental, com as regi\u00f5es Norte, Centro e Algarve a serem as primeiras afetadas, seguindo-se um padr\u00e3o norte-sul na circula\u00e7\u00e3o da gripe. A circula\u00e7\u00e3o da gripe H3N1 e temperaturas muito baixas s\u00e3o apontadas como fatores, com a DGS a intensificar a campanha de vacina\u00e7\u00e3o e higiene para grupos de risco.\" \/>\n<meta property=\"og:url\" content=\"https:\/\/portaltela.pt\/noticias\/2026\/01\/09\/portugal-regista-22-de-excesso-de-mortalidade-desde-inicio-de-dezembro\/\" \/>\n<meta property=\"og:site_name\" content=\"Portal Tela Portugal\" \/>\n<meta property=\"article:published_time\" content=\"2026-01-09T12:30:00+00:00\" \/>\n<meta name=\"author\" content=\"Telinha\" \/>\n<meta name=\"twitter:card\" content=\"summary_large_image\" \/>\n<meta name=\"twitter:label1\" content=\"Escrito por\" \/>\n\t<meta name=\"twitter:data1\" content=\"Telinha\" \/>\n\t<meta name=\"twitter:label2\" content=\"Tempo estimado de leitura\" \/>\n\t<meta name=\"twitter:data2\" content=\"2 minutos\" \/>\n<script type=\"application\/ld+json\" class=\"yoast-schema-graph\">{\"@context\":\"https:\/\/schema.org\",\"@graph\":[{\"@type\":\"Article\",\"@id\":\"https:\/\/portaltela.pt\/noticias\/2026\/01\/09\/portugal-regista-22-de-excesso-de-mortalidade-desde-inicio-de-dezembro\/#article\",\"isPartOf\":{\"@id\":\"https:\/\/portaltela.pt\/noticias\/2026\/01\/09\/portugal-regista-22-de-excesso-de-mortalidade-desde-inicio-de-dezembro\/\"},\"author\":{\"name\":\"Telinha\",\"@id\":\"https:\/\/portaltela.pt\/#\/schema\/person\/c4278d4a6028830caff9ee44b42d32ed\"},\"headline\":\"Portugal regista 22% de excesso de mortalidade desde in\u00edcio de dezembro\",\"datePublished\":\"2026-01-09T12:30:00+00:00\",\"mainEntityOfPage\":{\"@id\":\"https:\/\/portaltela.pt\/noticias\/2026\/01\/09\/portugal-regista-22-de-excesso-de-mortalidade-desde-inicio-de-dezembro\/\"},\"wordCount\":377,\"image\":{\"@id\":\"https:\/\/portaltela.pt\/noticias\/2026\/01\/09\/portugal-regista-22-de-excesso-de-mortalidade-desde-inicio-de-dezembro\/#primaryimage\"},\"thumbnailUrl\":\"https:\/\/portaltela.pt\/s.01k8rhncp4jt1\/2026\/01\/unnamed-file-1818.jpg\",\"keywords\":[\"Altera\u00e7\u00f5es Clim\u00e1ticas\",\"doen\u00e7as\",\"infec\u00e7\u00f5es respirat\u00f3rias agudas\",\"Portugal\",\"sa\u00fade p\u00fablica\",\"urg\u00eancias\"],\"articleSection\":[\"Not\u00edcias\"],\"inLanguage\":\"pt-PT\"},{\"@type\":\"WebPage\",\"@id\":\"https:\/\/portaltela.pt\/noticias\/2026\/01\/09\/portugal-regista-22-de-excesso-de-mortalidade-desde-inicio-de-dezembro\/\",\"url\":\"https:\/\/portaltela.pt\/noticias\/2026\/01\/09\/portugal-regista-22-de-excesso-de-mortalidade-desde-inicio-de-dezembro\/\",\"name\":\"Portugal regista 22% de excesso de mortalidade desde in\u00edcio de dezembro - Portal Tela Portugal\",\"isPartOf\":{\"@id\":\"https:\/\/portaltela.pt\/#website\"},\"primaryImageOfPage\":{\"@id\":\"https:\/\/portaltela.pt\/noticias\/2026\/01\/09\/portugal-regista-22-de-excesso-de-mortalidade-desde-inicio-de-dezembro\/#primaryimage\"},\"image\":{\"@id\":\"https:\/\/portaltela.pt\/noticias\/2026\/01\/09\/portugal-regista-22-de-excesso-de-mortalidade-desde-inicio-de-dezembro\/#primaryimage\"},\"thumbnailUrl\":\"https:\/\/portaltela.pt\/s.01k8rhncp4jt1\/2026\/01\/unnamed-file-1818.jpg\",\"datePublished\":\"2026-01-09T12:30:00+00:00\",\"author\":{\"@id\":\"https:\/\/portaltela.pt\/#\/schema\/person\/c4278d4a6028830caff9ee44b42d32ed\"},\"breadcrumb\":{\"@id\":\"https:\/\/portaltela.pt\/noticias\/2026\/01\/09\/portugal-regista-22-de-excesso-de-mortalidade-desde-inicio-de-dezembro\/#breadcrumb\"},\"inLanguage\":\"pt-PT\",\"potentialAction\":[{\"@type\":\"ReadAction\",\"target\":[\"https:\/\/portaltela.pt\/noticias\/2026\/01\/09\/portugal-regista-22-de-excesso-de-mortalidade-desde-inicio-de-dezembro\/\"]}]},{\"@type\":\"ImageObject\",\"inLanguage\":\"pt-PT\",\"@id\":\"https:\/\/portaltela.pt\/noticias\/2026\/01\/09\/portugal-regista-22-de-excesso-de-mortalidade-desde-inicio-de-dezembro\/#primaryimage\",\"url\":\"https:\/\/portaltela.pt\/s.01k8rhncp4jt1\/2026\/01\/unnamed-file-1818.jpg\",\"contentUrl\":\"https:\/\/portaltela.pt\/s.01k8rhncp4jt1\/2026\/01\/unnamed-file-1818.jpg\",\"width\":796,\"height\":448,\"caption\":\"Alentejo entre as regi\u00f5es com mortalidade acima do esperado na \u00faltima semana de dezembro, segundo o INSA\"},{\"@type\":\"BreadcrumbList\",\"@id\":\"https:\/\/portaltela.pt\/noticias\/2026\/01\/09\/portugal-regista-22-de-excesso-de-mortalidade-desde-inicio-de-dezembro\/#breadcrumb\",\"itemListElement\":[{\"@type\":\"ListItem\",\"position\":1,\"name\":\"In\u00edcio\",\"item\":\"https:\/\/portaltela.pt\/\"},{\"@type\":\"ListItem\",\"position\":2,\"name\":\"Portugal regista 22% de excesso de mortalidade desde in\u00edcio de dezembro\"}]},{\"@type\":\"WebSite\",\"@id\":\"https:\/\/portaltela.pt\/#website\",\"url\":\"https:\/\/portaltela.pt\/\",\"name\":\"Portal Tela Portugal\",\"description\":\"\",\"potentialAction\":[{\"@type\":\"SearchAction\",\"target\":{\"@type\":\"EntryPoint\",\"urlTemplate\":\"https:\/\/portaltela.pt\/?s={search_term_string}\"},\"query-input\":{\"@type\":\"PropertyValueSpecification\",\"valueRequired\":true,\"valueName\":\"search_term_string\"}}],\"inLanguage\":\"pt-PT\"},{\"@type\":\"Person\",\"@id\":\"https:\/\/portaltela.pt\/#\/schema\/person\/c4278d4a6028830caff9ee44b42d32ed\",\"name\":\"Telinha\",\"image\":{\"@type\":\"ImageObject\",\"inLanguage\":\"pt-PT\",\"@id\":\"https:\/\/portaltela.pt\/s.01k8rhncp4jt1\/2025\/11\/talking-bot-125x125.png\",\"url\":\"https:\/\/portaltela.pt\/s.01k8rhncp4jt1\/2025\/11\/talking-bot-125x125.png\",\"contentUrl\":\"https:\/\/portaltela.pt\/s.01k8rhncp4jt1\/2025\/11\/talking-bot-125x125.png\",\"caption\":\"Telinha\"},\"sameAs\":[\"https:\/\/portaltela.pt\/\"],\"url\":\"https:\/\/portaltela.pt\/por\/367410592786\/\"}]}<\/script>\n<!-- \/ Yoast SEO plugin. -->","yoast_head_json":{"title":"Portugal regista 22% de excesso de mortalidade desde in\u00edcio de dezembro - Portal Tela Portugal","robots":{"index":"index","follow":"follow","max-snippet":"max-snippet:-1","max-image-preview":"max-image-preview:large","max-video-preview":"max-video-preview:-1"},"og_locale":"pt_PT","og_type":"article","og_title":"Portugal regista 22% de excesso de mortalidade desde in\u00edcio de dezembro - Portal Tela Portugal","og_description":"Portugal regista desde o in\u00edcio de dezembro um excesso de mortalidade de cerca de 22%, associado ao frio e \u00e0 epidemia de gripe, segundo a DGS e o Insa. O excesso de mortalidade est\u00e1 ligado ao aumento das mortes por doen\u00e7as respirat\u00f3rias, com maior incid\u00eancia em pessoas a partir dos 65 anos, especialmente 85 anos ou mais. Houve um ligeiro aumento das mortes por doen\u00e7as cardiovasculares e metab\u00f3licas, relacionado com a exposi\u00e7\u00e3o prolongada ao frio em idosos com doen\u00e7a cr\u00f3nica. O fen\u00f3meno ocorreu em todo o territ\u00f3rio continental, com as regi\u00f5es Norte, Centro e Algarve a serem as primeiras afetadas, seguindo-se um padr\u00e3o norte-sul na circula\u00e7\u00e3o da gripe. A circula\u00e7\u00e3o da gripe H3N1 e temperaturas muito baixas s\u00e3o apontadas como fatores, com a DGS a intensificar a campanha de vacina\u00e7\u00e3o e higiene para grupos de risco.","og_url":"https:\/\/portaltela.pt\/noticias\/2026\/01\/09\/portugal-regista-22-de-excesso-de-mortalidade-desde-inicio-de-dezembro\/","og_site_name":"Portal Tela Portugal","article_published_time":"2026-01-09T12:30:00+00:00","author":"Telinha","twitter_card":"summary_large_image","twitter_misc":{"Escrito por":"Telinha","Tempo estimado de leitura":"2 minutos"},"schema":{"@context":"https:\/\/schema.org","@graph":[{"@type":"Article","@id":"https:\/\/portaltela.pt\/noticias\/2026\/01\/09\/portugal-regista-22-de-excesso-de-mortalidade-desde-inicio-de-dezembro\/#article","isPartOf":{"@id":"https:\/\/portaltela.pt\/noticias\/2026\/01\/09\/portugal-regista-22-de-excesso-de-mortalidade-desde-inicio-de-dezembro\/"},"author":{"name":"Telinha","@id":"https:\/\/portaltela.pt\/#\/schema\/person\/c4278d4a6028830caff9ee44b42d32ed"},"headline":"Portugal regista 22% de excesso de mortalidade desde in\u00edcio de dezembro","datePublished":"2026-01-09T12:30:00+00:00","mainEntityOfPage":{"@id":"https:\/\/portaltela.pt\/noticias\/2026\/01\/09\/portugal-regista-22-de-excesso-de-mortalidade-desde-inicio-de-dezembro\/"},"wordCount":377,"image":{"@id":"https:\/\/portaltela.pt\/noticias\/2026\/01\/09\/portugal-regista-22-de-excesso-de-mortalidade-desde-inicio-de-dezembro\/#primaryimage"},"thumbnailUrl":"https:\/\/portaltela.pt\/s.01k8rhncp4jt1\/2026\/01\/unnamed-file-1818.jpg","keywords":["Altera\u00e7\u00f5es Clim\u00e1ticas","doen\u00e7as","infec\u00e7\u00f5es respirat\u00f3rias agudas","Portugal","sa\u00fade p\u00fablica","urg\u00eancias"],"articleSection":["Not\u00edcias"],"inLanguage":"pt-PT"},{"@type":"WebPage","@id":"https:\/\/portaltela.pt\/noticias\/2026\/01\/09\/portugal-regista-22-de-excesso-de-mortalidade-desde-inicio-de-dezembro\/","url":"https:\/\/portaltela.pt\/noticias\/2026\/01\/09\/portugal-regista-22-de-excesso-de-mortalidade-desde-inicio-de-dezembro\/","name":"Portugal regista 22% de excesso de mortalidade desde in\u00edcio de dezembro - Portal Tela Portugal","isPartOf":{"@id":"https:\/\/portaltela.pt\/#website"},"primaryImageOfPage":{"@id":"https:\/\/portaltela.pt\/noticias\/2026\/01\/09\/portugal-regista-22-de-excesso-de-mortalidade-desde-inicio-de-dezembro\/#primaryimage"},"image":{"@id":"https:\/\/portaltela.pt\/noticias\/2026\/01\/09\/portugal-regista-22-de-excesso-de-mortalidade-desde-inicio-de-dezembro\/#primaryimage"},"thumbnailUrl":"https:\/\/portaltela.pt\/s.01k8rhncp4jt1\/2026\/01\/unnamed-file-1818.jpg","datePublished":"2026-01-09T12:30:00+00:00","author":{"@id":"https:\/\/portaltela.pt\/#\/schema\/person\/c4278d4a6028830caff9ee44b42d32ed"},"breadcrumb":{"@id":"https:\/\/portaltela.pt\/noticias\/2026\/01\/09\/portugal-regista-22-de-excesso-de-mortalidade-desde-inicio-de-dezembro\/#breadcrumb"},"inLanguage":"pt-PT","potentialAction":[{"@type":"ReadAction","target":["https:\/\/portaltela.pt\/noticias\/2026\/01\/09\/portugal-regista-22-de-excesso-de-mortalidade-desde-inicio-de-dezembro\/"]}]},{"@type":"ImageObject","inLanguage":"pt-PT","@id":"https:\/\/portaltela.pt\/noticias\/2026\/01\/09\/portugal-regista-22-de-excesso-de-mortalidade-desde-inicio-de-dezembro\/#primaryimage","url":"https:\/\/portaltela.pt\/s.01k8rhncp4jt1\/2026\/01\/unnamed-file-1818.jpg","contentUrl":"https:\/\/portaltela.pt\/s.01k8rhncp4jt1\/2026\/01\/unnamed-file-1818.jpg","width":796,"height":448,"caption":"Alentejo entre as regi\u00f5es com mortalidade acima do esperado na \u00faltima semana de dezembro, segundo o INSA"},{"@type":"BreadcrumbList","@id":"https:\/\/portaltela.pt\/noticias\/2026\/01\/09\/portugal-regista-22-de-excesso-de-mortalidade-desde-inicio-de-dezembro\/#breadcrumb","itemListElement":[{"@type":"ListItem","position":1,"name":"In\u00edcio","item":"https:\/\/portaltela.pt\/"},{"@type":"ListItem","position":2,"name":"Portugal regista 22% de excesso de mortalidade desde in\u00edcio de dezembro"}]},{"@type":"WebSite","@id":"https:\/\/portaltela.pt\/#website","url":"https:\/\/portaltela.pt\/","name":"Portal Tela Portugal","description":"","potentialAction":[{"@type":"SearchAction","target":{"@type":"EntryPoint","urlTemplate":"https:\/\/portaltela.pt\/?s={search_term_string}"},"query-input":{"@type":"PropertyValueSpecification","valueRequired":true,"valueName":"search_term_string"}}],"inLanguage":"pt-PT"},{"@type":"Person","@id":"https:\/\/portaltela.pt\/#\/schema\/person\/c4278d4a6028830caff9ee44b42d32ed","name":"Telinha","image":{"@type":"ImageObject","inLanguage":"pt-PT","@id":"https:\/\/portaltela.pt\/s.01k8rhncp4jt1\/2025\/11\/talking-bot-125x125.png","url":"https:\/\/portaltela.pt\/s.01k8rhncp4jt1\/2025\/11\/talking-bot-125x125.png","contentUrl":"https:\/\/portaltela.pt\/s.01k8rhncp4jt1\/2025\/11\/talking-bot-125x125.png","caption":"Telinha"},"sameAs":["https:\/\/portaltela.pt\/"],"url":"https:\/\/portaltela.pt\/por\/367410592786\/"}]}},"_links":{"self":[{"href":"https:\/\/portaltela.pt\/api\/wp\/v2\/posts\/128198","targetHints":{"allow":["GET"]}}],"collection":[{"href":"https:\/\/portaltela.pt\/api\/wp\/v2\/posts"}],"about":[{"href":"https:\/\/portaltela.pt\/api\/wp\/v2\/types\/post"}],"author":[{"embeddable":true,"href":"https:\/\/portaltela.pt\/api\/wp\/v2\/users\/2"}],"replies":[{"embeddable":true,"href":"https:\/\/portaltela.pt\/api\/wp\/v2\/comments?post=128198"}],"version-history":[{"count":0,"href":"https:\/\/portaltela.pt\/api\/wp\/v2\/posts\/128198\/revisions"}],"wp:featuredmedia":[{"embeddable":true,"href":"https:\/\/portaltela.pt\/api\/wp\/v2\/media\/128212"}],"wp:attachment":[{"href":"https:\/\/portaltela.pt\/api\/wp\/v2\/media?parent=128198"}],"wp:term":[{"taxonomy":"category","embeddable":true,"href":"https:\/\/portaltela.pt\/api\/wp\/v2\/categories?post=128198"},{"taxonomy":"post_tag","embeddable":true,"href":"https:\/\/portaltela.pt\/api\/wp\/v2\/tags?post=128198"}],"curies":[{"name":"wp","href":"https:\/\/api.w.org\/{rel}","templated":true}]}}