{"id":128114,"date":"2026-01-09T08:56:05","date_gmt":"2026-01-09T11:56:05","guid":{"rendered":"https:\/\/portaltela.pt\/noticias\/2026\/01\/09\/vieira-do-minho-aumenta-apoio-anual-as-unidades-locais-de-protecao-civil\/"},"modified":"2026-01-09T08:56:05","modified_gmt":"2026-01-09T11:56:05","slug":"vieira-do-minho-aumenta-apoio-anual-as-unidades-locais-de-protecao-civil","status":"publish","type":"post","link":"https:\/\/portaltela.pt\/noticias\/2026\/01\/09\/vieira-do-minho-aumenta-apoio-anual-as-unidades-locais-de-protecao-civil\/","title":{"rendered":"Vieira do Minho aumenta apoio anual \u00e0s Unidades Locais de Prote\u00e7\u00e3o Civil"},"content":{"rendered":"<p>O Munic\u00edpio de Vieira do Minho vai aumentar o apoio anual \u00e0s Unidades Locais de Prote\u00e7\u00e3o Civil (ULPC) do concelho, totalizando perto de 25.000 \u20ac. A proposta foi apresentada na \u00faltima reuni\u00e3o mensal do executivo, com a presen\u00e7a dos Presidentes de Junta, realizada na freguesia de Rossas.<\/p>\n<p>O objetivo principal \u00e9 assegurar a sustentabilidade das ULPC e apoiar o voluntariado que assegura a sua opera\u00e7\u00e3o. O apoio ser\u00e1 estruturado num protocolo anual que garante o financiamento atempado da atividade, sob a coordena\u00e7\u00e3o do Servi\u00e7o Municipal de Prote\u00e7\u00e3o Civil.<\/p>\n<p>O c\u00e1lculo do apoio baseia-se na m\u00e9dia de atua\u00e7\u00e3o dos \u00faltimos quatro anos, acrescida de uma verba para manuten\u00e7\u00e3o de equipamentos e viaturas. O monta\u00adnte pode ser ajustado no final de cada ano, consoante o volume de opera\u00e7\u00f5es.<\/p>\n<h3>Unidades do concelho<\/h3>\n<p>As ULPC de Vieira do Minho apresentam-se nas freguesias de Ruiv\u00e3es e Campos, Salamonde Louredo, Cova e Ventosa, Cani\u00e7ada e Soengas, Pinheiro, Rossas, Guilhofrei e Parada de Bouro. Est\u00e3o ainda em prepara\u00e7\u00e3o as freguesias de Vieira do Minho e Anjos e Vilarch\u00e3o, que j\u00e1 possuem equipamentos, mas carecem de operacionais.<\/p>\n<p>O Munic\u00edpio refor\u00e7a a import\u00e2ncia destas equipas para tornar o concelho mais seguro, protegido e resiliente, em coopera\u00e7\u00e3o com a Prote\u00e7\u00e3o Civil Municipal.<\/p>\n","protected":false},"excerpt":{"rendered":"<ul>\n<li>O Munic\u00edpio de Vieira do Minho vai aumentar o apoio anual \u00e0s Unidades Locais de Prote\u00e7\u00e3o Civil, totalizando perto de 25.000\u20ac para as oito unidades existentes.<\/li>\n<li>A proposta foi apresentada na \u00faltima reuni\u00e3o mensal do executivo com os Presidentes de Junta, realizada na freguesia de Rossas.<\/li>\n<li>O objetivo \u00e9 assegurar a sustentabilidade das estruturas e apoiar o voluntariado que operacionaliza as Unidades Locais de Prote\u00e7\u00e3o Civil.<\/li>\n<li>O financiamento ser\u00e1 definido por um protocolo anual, sob coordena\u00e7\u00e3o do Servi\u00e7o Municipal de Prote\u00e7\u00e3o Civil, assegurando um servi\u00e7o \u00e0 comunidade mais seguro e resiliente.<\/li>\n<li>O montante \u00e9 calculado pela m\u00e9dia de atua\u00e7\u00e3o dos \u00faltimos quatro anos, acrescido de verba para manuten\u00e7\u00e3o de equipamentos e viaturas, com poss\u00edvel ajuste no final de cada ano conforme as opera\u00e7\u00f5es.<\/li>\n<li>As unidades j\u00e1 ativas incluem Ruiv\u00e3es e Campos, Salamonde Louredo, Cova e Ventosa, Cani\u00e7ada e Soengas, Pinheiro, Rossas, Guilhofrei e Parada de Bouro, com Vieira do Minho e Anjos e Vilarch\u00e3o prestes a iniciar atividade.<\/li>\n<\/ul>\n","protected":false},"author":2,"featured_media":128117,"comment_status":"closed","ping_status":"closed","sticky":false,"template":"","format":"standard","meta":{"footnotes":""},"categories":[],"tags":[168,2709,2712,320,2708,2710],"class_list":["post-128114","post","type-post","status-publish","format-standard","has-post-thumbnail","hentry","tag-administracao-publica","tag-canicada","tag-parada-de-bouro","tag-protecao-civil","tag-rossas","tag-salamonde-louredo"],"yoast_head":"<!-- This site is optimized with the Yoast SEO plugin v27.2 - https:\/\/yoast.com\/product\/yoast-seo-wordpress\/ -->\n<title>Vieira do Minho aumenta apoio anual \u00e0s Unidades Locais de Prote\u00e7\u00e3o Civil - Portal Tela Portugal<\/title>\n<meta name=\"robots\" content=\"index, follow, max-snippet:-1, max-image-preview:large, max-video-preview:-1\" \/>\n<meta property=\"og:locale\" content=\"pt_PT\" \/>\n<meta property=\"og:type\" content=\"article\" \/>\n<meta property=\"og:title\" content=\"Vieira do Minho aumenta apoio anual \u00e0s Unidades Locais de Prote\u00e7\u00e3o Civil - Portal Tela Portugal\" \/>\n<meta property=\"og:description\" content=\"O Munic\u00edpio de Vieira do Minho vai aumentar o apoio anual \u00e0s Unidades Locais de Prote\u00e7\u00e3o Civil, totalizando perto de 25.000\u20ac para as oito unidades existentes. A proposta foi apresentada na \u00faltima reuni\u00e3o mensal do executivo com os Presidentes de Junta, realizada na freguesia de Rossas. O objetivo \u00e9 assegurar a sustentabilidade das estruturas e apoiar o voluntariado que operacionaliza as Unidades Locais de Prote\u00e7\u00e3o Civil. O financiamento ser\u00e1 definido por um protocolo anual, sob coordena\u00e7\u00e3o do Servi\u00e7o Municipal de Prote\u00e7\u00e3o Civil, assegurando um servi\u00e7o \u00e0 comunidade mais seguro e resiliente. O montante \u00e9 calculado pela m\u00e9dia de atua\u00e7\u00e3o dos \u00faltimos quatro anos, acrescido de verba para manuten\u00e7\u00e3o de equipamentos e viaturas, com poss\u00edvel ajuste no final de cada ano conforme as opera\u00e7\u00f5es. As unidades j\u00e1 ativas incluem Ruiv\u00e3es e Campos, Salamonde Louredo, Cova e Ventosa, Cani\u00e7ada e Soengas, Pinheiro, Rossas, Guilhofrei e Parada de Bouro, com Vieira do Minho e Anjos e Vilarch\u00e3o prestes a iniciar atividade.\" \/>\n<meta property=\"og:url\" content=\"https:\/\/portaltela.pt\/noticias\/2026\/01\/09\/vieira-do-minho-aumenta-apoio-anual-as-unidades-locais-de-protecao-civil\/\" \/>\n<meta property=\"og:site_name\" content=\"Portal Tela Portugal\" \/>\n<meta property=\"article:published_time\" content=\"2026-01-09T11:56:05+00:00\" \/>\n<meta name=\"author\" content=\"Telinha\" \/>\n<meta name=\"twitter:card\" content=\"summary_large_image\" \/>\n<meta name=\"twitter:label1\" content=\"Escrito por\" \/>\n\t<meta name=\"twitter:data1\" content=\"Telinha\" \/>\n\t<meta name=\"twitter:label2\" content=\"Tempo estimado de leitura\" \/>\n\t<meta name=\"twitter:data2\" content=\"1 minuto\" \/>\n<script type=\"application\/ld+json\" class=\"yoast-schema-graph\">{\"@context\":\"https:\/\/schema.org\",\"@graph\":[{\"@type\":\"Article\",\"@id\":\"https:\/\/portaltela.pt\/noticias\/2026\/01\/09\/vieira-do-minho-aumenta-apoio-anual-as-unidades-locais-de-protecao-civil\/#article\",\"isPartOf\":{\"@id\":\"https:\/\/portaltela.pt\/noticias\/2026\/01\/09\/vieira-do-minho-aumenta-apoio-anual-as-unidades-locais-de-protecao-civil\/\"},\"author\":{\"name\":\"Telinha\",\"@id\":\"https:\/\/portaltela.pt\/#\/schema\/person\/c4278d4a6028830caff9ee44b42d32ed\"},\"headline\":\"Vieira do Minho aumenta apoio anual \u00e0s Unidades Locais de Prote\u00e7\u00e3o Civil\",\"datePublished\":\"2026-01-09T11:56:05+00:00\",\"mainEntityOfPage\":{\"@id\":\"https:\/\/portaltela.pt\/noticias\/2026\/01\/09\/vieira-do-minho-aumenta-apoio-anual-as-unidades-locais-de-protecao-civil\/\"},\"wordCount\":236,\"image\":{\"@id\":\"https:\/\/portaltela.pt\/noticias\/2026\/01\/09\/vieira-do-minho-aumenta-apoio-anual-as-unidades-locais-de-protecao-civil\/#primaryimage\"},\"thumbnailUrl\":\"https:\/\/portaltela.pt\/s.01k8rhncp4jt1\/2026\/01\/unnamed-file-1810.jpg\",\"keywords\":[\"administra\u00e7\u00e3o p\u00fablica\",\"Cani\u00e7ada\",\"Parada de Bouro\",\"prote\u00e7\u00e3o civil\",\"Rossas\",\"Salamonde Louredo\"],\"inLanguage\":\"pt-PT\"},{\"@type\":\"WebPage\",\"@id\":\"https:\/\/portaltela.pt\/noticias\/2026\/01\/09\/vieira-do-minho-aumenta-apoio-anual-as-unidades-locais-de-protecao-civil\/\",\"url\":\"https:\/\/portaltela.pt\/noticias\/2026\/01\/09\/vieira-do-minho-aumenta-apoio-anual-as-unidades-locais-de-protecao-civil\/\",\"name\":\"Vieira do Minho aumenta apoio anual \u00e0s Unidades Locais de Prote\u00e7\u00e3o Civil - Portal Tela Portugal\",\"isPartOf\":{\"@id\":\"https:\/\/portaltela.pt\/#website\"},\"primaryImageOfPage\":{\"@id\":\"https:\/\/portaltela.pt\/noticias\/2026\/01\/09\/vieira-do-minho-aumenta-apoio-anual-as-unidades-locais-de-protecao-civil\/#primaryimage\"},\"image\":{\"@id\":\"https:\/\/portaltela.pt\/noticias\/2026\/01\/09\/vieira-do-minho-aumenta-apoio-anual-as-unidades-locais-de-protecao-civil\/#primaryimage\"},\"thumbnailUrl\":\"https:\/\/portaltela.pt\/s.01k8rhncp4jt1\/2026\/01\/unnamed-file-1810.jpg\",\"datePublished\":\"2026-01-09T11:56:05+00:00\",\"author\":{\"@id\":\"https:\/\/portaltela.pt\/#\/schema\/person\/c4278d4a6028830caff9ee44b42d32ed\"},\"breadcrumb\":{\"@id\":\"https:\/\/portaltela.pt\/noticias\/2026\/01\/09\/vieira-do-minho-aumenta-apoio-anual-as-unidades-locais-de-protecao-civil\/#breadcrumb\"},\"inLanguage\":\"pt-PT\",\"potentialAction\":[{\"@type\":\"ReadAction\",\"target\":[\"https:\/\/portaltela.pt\/noticias\/2026\/01\/09\/vieira-do-minho-aumenta-apoio-anual-as-unidades-locais-de-protecao-civil\/\"]}]},{\"@type\":\"ImageObject\",\"inLanguage\":\"pt-PT\",\"@id\":\"https:\/\/portaltela.pt\/noticias\/2026\/01\/09\/vieira-do-minho-aumenta-apoio-anual-as-unidades-locais-de-protecao-civil\/#primaryimage\",\"url\":\"https:\/\/portaltela.pt\/s.01k8rhncp4jt1\/2026\/01\/unnamed-file-1810.jpg\",\"contentUrl\":\"https:\/\/portaltela.pt\/s.01k8rhncp4jt1\/2026\/01\/unnamed-file-1810.jpg\",\"width\":796,\"height\":448,\"caption\":\"Munic\u00edpio de Vieira do Minho vai aumentar o apoio anual \u00e0s Unidades Locais de Prote\u00e7\u00e3o Civil\"},{\"@type\":\"BreadcrumbList\",\"@id\":\"https:\/\/portaltela.pt\/noticias\/2026\/01\/09\/vieira-do-minho-aumenta-apoio-anual-as-unidades-locais-de-protecao-civil\/#breadcrumb\",\"itemListElement\":[{\"@type\":\"ListItem\",\"position\":1,\"name\":\"In\u00edcio\",\"item\":\"https:\/\/portaltela.pt\/\"},{\"@type\":\"ListItem\",\"position\":2,\"name\":\"Vieira do Minho aumenta apoio anual \u00e0s Unidades Locais de Prote\u00e7\u00e3o Civil\"}]},{\"@type\":\"WebSite\",\"@id\":\"https:\/\/portaltela.pt\/#website\",\"url\":\"https:\/\/portaltela.pt\/\",\"name\":\"Portal Tela Portugal\",\"description\":\"\",\"potentialAction\":[{\"@type\":\"SearchAction\",\"target\":{\"@type\":\"EntryPoint\",\"urlTemplate\":\"https:\/\/portaltela.pt\/?s={search_term_string}\"},\"query-input\":{\"@type\":\"PropertyValueSpecification\",\"valueRequired\":true,\"valueName\":\"search_term_string\"}}],\"inLanguage\":\"pt-PT\"},{\"@type\":\"Person\",\"@id\":\"https:\/\/portaltela.pt\/#\/schema\/person\/c4278d4a6028830caff9ee44b42d32ed\",\"name\":\"Telinha\",\"image\":{\"@type\":\"ImageObject\",\"inLanguage\":\"pt-PT\",\"@id\":\"https:\/\/portaltela.pt\/s.01k8rhncp4jt1\/2025\/11\/talking-bot-125x125.png\",\"url\":\"https:\/\/portaltela.pt\/s.01k8rhncp4jt1\/2025\/11\/talking-bot-125x125.png\",\"contentUrl\":\"https:\/\/portaltela.pt\/s.01k8rhncp4jt1\/2025\/11\/talking-bot-125x125.png\",\"caption\":\"Telinha\"},\"sameAs\":[\"https:\/\/portaltela.pt\/\"],\"url\":\"https:\/\/portaltela.pt\/por\/367410592786\/\"}]}<\/script>\n<!-- \/ Yoast SEO plugin. -->","yoast_head_json":{"title":"Vieira do Minho aumenta apoio anual \u00e0s Unidades Locais de Prote\u00e7\u00e3o Civil - Portal Tela Portugal","robots":{"index":"index","follow":"follow","max-snippet":"max-snippet:-1","max-image-preview":"max-image-preview:large","max-video-preview":"max-video-preview:-1"},"og_locale":"pt_PT","og_type":"article","og_title":"Vieira do Minho aumenta apoio anual \u00e0s Unidades Locais de Prote\u00e7\u00e3o Civil - Portal Tela Portugal","og_description":"O Munic\u00edpio de Vieira do Minho vai aumentar o apoio anual \u00e0s Unidades Locais de Prote\u00e7\u00e3o Civil, totalizando perto de 25.000\u20ac para as oito unidades existentes. A proposta foi apresentada na \u00faltima reuni\u00e3o mensal do executivo com os Presidentes de Junta, realizada na freguesia de Rossas. O objetivo \u00e9 assegurar a sustentabilidade das estruturas e apoiar o voluntariado que operacionaliza as Unidades Locais de Prote\u00e7\u00e3o Civil. O financiamento ser\u00e1 definido por um protocolo anual, sob coordena\u00e7\u00e3o do Servi\u00e7o Municipal de Prote\u00e7\u00e3o Civil, assegurando um servi\u00e7o \u00e0 comunidade mais seguro e resiliente. O montante \u00e9 calculado pela m\u00e9dia de atua\u00e7\u00e3o dos \u00faltimos quatro anos, acrescido de verba para manuten\u00e7\u00e3o de equipamentos e viaturas, com poss\u00edvel ajuste no final de cada ano conforme as opera\u00e7\u00f5es. As unidades j\u00e1 ativas incluem Ruiv\u00e3es e Campos, Salamonde Louredo, Cova e Ventosa, Cani\u00e7ada e Soengas, Pinheiro, Rossas, Guilhofrei e Parada de Bouro, com Vieira do Minho e Anjos e Vilarch\u00e3o prestes a iniciar atividade.","og_url":"https:\/\/portaltela.pt\/noticias\/2026\/01\/09\/vieira-do-minho-aumenta-apoio-anual-as-unidades-locais-de-protecao-civil\/","og_site_name":"Portal Tela Portugal","article_published_time":"2026-01-09T11:56:05+00:00","author":"Telinha","twitter_card":"summary_large_image","twitter_misc":{"Escrito por":"Telinha","Tempo estimado de leitura":"1 minuto"},"schema":{"@context":"https:\/\/schema.org","@graph":[{"@type":"Article","@id":"https:\/\/portaltela.pt\/noticias\/2026\/01\/09\/vieira-do-minho-aumenta-apoio-anual-as-unidades-locais-de-protecao-civil\/#article","isPartOf":{"@id":"https:\/\/portaltela.pt\/noticias\/2026\/01\/09\/vieira-do-minho-aumenta-apoio-anual-as-unidades-locais-de-protecao-civil\/"},"author":{"name":"Telinha","@id":"https:\/\/portaltela.pt\/#\/schema\/person\/c4278d4a6028830caff9ee44b42d32ed"},"headline":"Vieira do Minho aumenta apoio anual \u00e0s Unidades Locais de Prote\u00e7\u00e3o Civil","datePublished":"2026-01-09T11:56:05+00:00","mainEntityOfPage":{"@id":"https:\/\/portaltela.pt\/noticias\/2026\/01\/09\/vieira-do-minho-aumenta-apoio-anual-as-unidades-locais-de-protecao-civil\/"},"wordCount":236,"image":{"@id":"https:\/\/portaltela.pt\/noticias\/2026\/01\/09\/vieira-do-minho-aumenta-apoio-anual-as-unidades-locais-de-protecao-civil\/#primaryimage"},"thumbnailUrl":"https:\/\/portaltela.pt\/s.01k8rhncp4jt1\/2026\/01\/unnamed-file-1810.jpg","keywords":["administra\u00e7\u00e3o p\u00fablica","Cani\u00e7ada","Parada de Bouro","prote\u00e7\u00e3o civil","Rossas","Salamonde Louredo"],"inLanguage":"pt-PT"},{"@type":"WebPage","@id":"https:\/\/portaltela.pt\/noticias\/2026\/01\/09\/vieira-do-minho-aumenta-apoio-anual-as-unidades-locais-de-protecao-civil\/","url":"https:\/\/portaltela.pt\/noticias\/2026\/01\/09\/vieira-do-minho-aumenta-apoio-anual-as-unidades-locais-de-protecao-civil\/","name":"Vieira do Minho aumenta apoio anual \u00e0s Unidades Locais de Prote\u00e7\u00e3o Civil - Portal Tela Portugal","isPartOf":{"@id":"https:\/\/portaltela.pt\/#website"},"primaryImageOfPage":{"@id":"https:\/\/portaltela.pt\/noticias\/2026\/01\/09\/vieira-do-minho-aumenta-apoio-anual-as-unidades-locais-de-protecao-civil\/#primaryimage"},"image":{"@id":"https:\/\/portaltela.pt\/noticias\/2026\/01\/09\/vieira-do-minho-aumenta-apoio-anual-as-unidades-locais-de-protecao-civil\/#primaryimage"},"thumbnailUrl":"https:\/\/portaltela.pt\/s.01k8rhncp4jt1\/2026\/01\/unnamed-file-1810.jpg","datePublished":"2026-01-09T11:56:05+00:00","author":{"@id":"https:\/\/portaltela.pt\/#\/schema\/person\/c4278d4a6028830caff9ee44b42d32ed"},"breadcrumb":{"@id":"https:\/\/portaltela.pt\/noticias\/2026\/01\/09\/vieira-do-minho-aumenta-apoio-anual-as-unidades-locais-de-protecao-civil\/#breadcrumb"},"inLanguage":"pt-PT","potentialAction":[{"@type":"ReadAction","target":["https:\/\/portaltela.pt\/noticias\/2026\/01\/09\/vieira-do-minho-aumenta-apoio-anual-as-unidades-locais-de-protecao-civil\/"]}]},{"@type":"ImageObject","inLanguage":"pt-PT","@id":"https:\/\/portaltela.pt\/noticias\/2026\/01\/09\/vieira-do-minho-aumenta-apoio-anual-as-unidades-locais-de-protecao-civil\/#primaryimage","url":"https:\/\/portaltela.pt\/s.01k8rhncp4jt1\/2026\/01\/unnamed-file-1810.jpg","contentUrl":"https:\/\/portaltela.pt\/s.01k8rhncp4jt1\/2026\/01\/unnamed-file-1810.jpg","width":796,"height":448,"caption":"Munic\u00edpio de Vieira do Minho vai aumentar o apoio anual \u00e0s Unidades Locais de Prote\u00e7\u00e3o Civil"},{"@type":"BreadcrumbList","@id":"https:\/\/portaltela.pt\/noticias\/2026\/01\/09\/vieira-do-minho-aumenta-apoio-anual-as-unidades-locais-de-protecao-civil\/#breadcrumb","itemListElement":[{"@type":"ListItem","position":1,"name":"In\u00edcio","item":"https:\/\/portaltela.pt\/"},{"@type":"ListItem","position":2,"name":"Vieira do Minho aumenta apoio anual \u00e0s Unidades Locais de Prote\u00e7\u00e3o Civil"}]},{"@type":"WebSite","@id":"https:\/\/portaltela.pt\/#website","url":"https:\/\/portaltela.pt\/","name":"Portal Tela Portugal","description":"","potentialAction":[{"@type":"SearchAction","target":{"@type":"EntryPoint","urlTemplate":"https:\/\/portaltela.pt\/?s={search_term_string}"},"query-input":{"@type":"PropertyValueSpecification","valueRequired":true,"valueName":"search_term_string"}}],"inLanguage":"pt-PT"},{"@type":"Person","@id":"https:\/\/portaltela.pt\/#\/schema\/person\/c4278d4a6028830caff9ee44b42d32ed","name":"Telinha","image":{"@type":"ImageObject","inLanguage":"pt-PT","@id":"https:\/\/portaltela.pt\/s.01k8rhncp4jt1\/2025\/11\/talking-bot-125x125.png","url":"https:\/\/portaltela.pt\/s.01k8rhncp4jt1\/2025\/11\/talking-bot-125x125.png","contentUrl":"https:\/\/portaltela.pt\/s.01k8rhncp4jt1\/2025\/11\/talking-bot-125x125.png","caption":"Telinha"},"sameAs":["https:\/\/portaltela.pt\/"],"url":"https:\/\/portaltela.pt\/por\/367410592786\/"}]}},"_links":{"self":[{"href":"https:\/\/portaltela.pt\/api\/wp\/v2\/posts\/128114","targetHints":{"allow":["GET"]}}],"collection":[{"href":"https:\/\/portaltela.pt\/api\/wp\/v2\/posts"}],"about":[{"href":"https:\/\/portaltela.pt\/api\/wp\/v2\/types\/post"}],"author":[{"embeddable":true,"href":"https:\/\/portaltela.pt\/api\/wp\/v2\/users\/2"}],"replies":[{"embeddable":true,"href":"https:\/\/portaltela.pt\/api\/wp\/v2\/comments?post=128114"}],"version-history":[{"count":0,"href":"https:\/\/portaltela.pt\/api\/wp\/v2\/posts\/128114\/revisions"}],"wp:featuredmedia":[{"embeddable":true,"href":"https:\/\/portaltela.pt\/api\/wp\/v2\/media\/128117"}],"wp:attachment":[{"href":"https:\/\/portaltela.pt\/api\/wp\/v2\/media?parent=128114"}],"wp:term":[{"taxonomy":"category","embeddable":true,"href":"https:\/\/portaltela.pt\/api\/wp\/v2\/categories?post=128114"},{"taxonomy":"post_tag","embeddable":true,"href":"https:\/\/portaltela.pt\/api\/wp\/v2\/tags?post=128114"}],"curies":[{"name":"wp","href":"https:\/\/api.w.org\/{rel}","templated":true}]}}