{"id":127865,"date":"2026-01-09T07:20:39","date_gmt":"2026-01-09T10:20:39","guid":{"rendered":"https:\/\/portaltela.pt\/noticias\/2026\/01\/09\/o-frio-aumenta-riscos-respiratorios-em-animais-de-estimacao-mais-vulneraveis\/"},"modified":"2026-01-09T07:20:39","modified_gmt":"2026-01-09T10:20:39","slug":"o-frio-aumenta-riscos-respiratorios-em-animais-de-estimacao-mais-vulneraveis","status":"publish","type":"post","link":"https:\/\/portaltela.pt\/noticias\/2026\/01\/09\/o-frio-aumenta-riscos-respiratorios-em-animais-de-estimacao-mais-vulneraveis\/","title":{"rendered":"O frio aumenta riscos respirat\u00f3rios em animais de estima\u00e7\u00e3o mais vulner\u00e1veis"},"content":{"rendered":"<p>O frio est\u00e1 ligado a problemas respirat\u00f3rios em animais de estima\u00e7\u00e3o. O inverno pode agravar ou desencadear irrita\u00e7\u00e3o das vias a\u00e9reas em c\u00e3es, gatos, aves de gaiola e pequenos mam\u00edferos, sobretudo se j\u00e1 tiverem doen\u00e7as pr\u00e9-existentes ou viverem em espa\u00e7os mal protegidos.<\/p>\n<p>Entre os c\u00e3es, os mais sens\u00edveis s\u00e3o os braquic\u00e9falos, como Pug, Bulldog Franc\u00eas e Shih Tzu, bem como os c\u00e3es s\u00e9niores e os com problemas card\u00edacos ou de traqueia. O ar frio irrita as vias respirat\u00f3rias e agrava tosse, bronquites e dificuldade respirat\u00f3ria.<\/p>\n<p>Nos gatos, o frio e as mudan\u00e7as t\u00e9rmicas podem piorar a asma felina, rinites cr\u00f3nicas e infe\u00e7\u00f5es respirat\u00f3rias, mesmo em felinos de interior expostos a correntes de ar frias.<\/p>\n<p>Quem quiser explorar mais detalhes pode consultar o artigo da Pets and Company sobre a vulnerabilidade de animais de estima\u00e7\u00e3o no inverno.<\/p>\n","protected":false},"excerpt":{"rendered":"<ul>\n<li>O frio pode agravar ou desencadear problemas respirat\u00f3rios em animais, sobretudo nos mais fr\u00e1geis.<\/li>\n<li>Entre os c\u00e3es, os mais sens\u00edveis s\u00e3o os braquic\u00e9falos (Pug, Bulldog Franc\u00eas, Shih Tzu), os s\u00e9niores e os que t\u00eam doen\u00e7as card\u00edacas ou de traqueia.<\/li>\n<li>O ar frio irrita as vias respirat\u00f3rias, podendo agravar tosse, bronquites e dificuldades em respirar nos c\u00e3es.<\/li>\n<li>Nos gatos, o frio e as mudan\u00e7as de temperatura podem piorar a asma felina, rinites cr\u00f3nicas e infe\u00e7\u00f5es das vias respirat\u00f3rias superiores, mesmo em felinos de interior.<\/li>\n<li>Aves de gaiola e roedores que vivem em varandas ficam tamb\u00e9m mais vulner\u00e1veis a problemas respirat\u00f3rios no inverno.<\/li>\n<\/ul>\n","protected":false},"author":2,"featured_media":127871,"comment_status":"closed","ping_status":"closed","sticky":false,"template":"","format":"standard","meta":{"footnotes":""},"categories":[1],"tags":[2665,167,61,2394,172],"class_list":["post-127865","post","type-post","status-publish","format-standard","has-post-thumbnail","hentry","category-noticias","tag-alteracoes-climaticas","tag-ambiente","tag-doencas","tag-infeccoes-respiratorias-agudas","tag-saude"],"yoast_head":"<!-- This site is optimized with the Yoast SEO plugin v27.2 - https:\/\/yoast.com\/product\/yoast-seo-wordpress\/ -->\n<title>O frio aumenta riscos respirat\u00f3rios em animais de estima\u00e7\u00e3o mais vulner\u00e1veis - Portal Tela Portugal<\/title>\n<meta name=\"robots\" content=\"index, follow, max-snippet:-1, max-image-preview:large, max-video-preview:-1\" \/>\n<meta property=\"og:locale\" content=\"pt_PT\" \/>\n<meta property=\"og:type\" content=\"article\" \/>\n<meta property=\"og:title\" content=\"O frio aumenta riscos respirat\u00f3rios em animais de estima\u00e7\u00e3o mais vulner\u00e1veis - Portal Tela Portugal\" \/>\n<meta property=\"og:description\" content=\"O frio pode agravar ou desencadear problemas respirat\u00f3rios em animais, sobretudo nos mais fr\u00e1geis. Entre os c\u00e3es, os mais sens\u00edveis s\u00e3o os braquic\u00e9falos (Pug, Bulldog Franc\u00eas, Shih Tzu), os s\u00e9niores e os que t\u00eam doen\u00e7as card\u00edacas ou de traqueia. O ar frio irrita as vias respirat\u00f3rias, podendo agravar tosse, bronquites e dificuldades em respirar nos c\u00e3es. Nos gatos, o frio e as mudan\u00e7as de temperatura podem piorar a asma felina, rinites cr\u00f3nicas e infe\u00e7\u00f5es das vias respirat\u00f3rias superiores, mesmo em felinos de interior. Aves de gaiola e roedores que vivem em varandas ficam tamb\u00e9m mais vulner\u00e1veis a problemas respirat\u00f3rios no inverno.\" \/>\n<meta property=\"og:url\" content=\"https:\/\/portaltela.pt\/noticias\/2026\/01\/09\/o-frio-aumenta-riscos-respiratorios-em-animais-de-estimacao-mais-vulneraveis\/\" \/>\n<meta property=\"og:site_name\" content=\"Portal Tela Portugal\" \/>\n<meta property=\"article:published_time\" content=\"2026-01-09T10:20:39+00:00\" \/>\n<meta name=\"author\" content=\"Telinha\" \/>\n<meta name=\"twitter:card\" content=\"summary_large_image\" \/>\n<meta name=\"twitter:label1\" content=\"Escrito por\" \/>\n\t<meta name=\"twitter:data1\" content=\"Telinha\" \/>\n\t<meta name=\"twitter:label2\" content=\"Tempo estimado de leitura\" \/>\n\t<meta name=\"twitter:data2\" content=\"1 minuto\" \/>\n<script type=\"application\/ld+json\" class=\"yoast-schema-graph\">{\"@context\":\"https:\/\/schema.org\",\"@graph\":[{\"@type\":\"Article\",\"@id\":\"https:\/\/portaltela.pt\/noticias\/2026\/01\/09\/o-frio-aumenta-riscos-respiratorios-em-animais-de-estimacao-mais-vulneraveis\/#article\",\"isPartOf\":{\"@id\":\"https:\/\/portaltela.pt\/noticias\/2026\/01\/09\/o-frio-aumenta-riscos-respiratorios-em-animais-de-estimacao-mais-vulneraveis\/\"},\"author\":{\"name\":\"Telinha\",\"@id\":\"https:\/\/portaltela.pt\/#\/schema\/person\/c4278d4a6028830caff9ee44b42d32ed\"},\"headline\":\"O frio aumenta riscos respirat\u00f3rios em animais de estima\u00e7\u00e3o mais vulner\u00e1veis\",\"datePublished\":\"2026-01-09T10:20:39+00:00\",\"mainEntityOfPage\":{\"@id\":\"https:\/\/portaltela.pt\/noticias\/2026\/01\/09\/o-frio-aumenta-riscos-respiratorios-em-animais-de-estimacao-mais-vulneraveis\/\"},\"wordCount\":175,\"image\":{\"@id\":\"https:\/\/portaltela.pt\/noticias\/2026\/01\/09\/o-frio-aumenta-riscos-respiratorios-em-animais-de-estimacao-mais-vulneraveis\/#primaryimage\"},\"thumbnailUrl\":\"https:\/\/portaltela.pt\/s.01k8rhncp4jt1\/2026\/01\/img_920x518uu2026-01-09-10-00-50-2413694.jpg\",\"keywords\":[\"Altera\u00e7\u00f5es Clim\u00e1ticas\",\"ambiente\",\"doen\u00e7as\",\"infec\u00e7\u00f5es respirat\u00f3rias agudas\",\"sa\u00fade\"],\"articleSection\":[\"Not\u00edcias\"],\"inLanguage\":\"pt-PT\"},{\"@type\":\"WebPage\",\"@id\":\"https:\/\/portaltela.pt\/noticias\/2026\/01\/09\/o-frio-aumenta-riscos-respiratorios-em-animais-de-estimacao-mais-vulneraveis\/\",\"url\":\"https:\/\/portaltela.pt\/noticias\/2026\/01\/09\/o-frio-aumenta-riscos-respiratorios-em-animais-de-estimacao-mais-vulneraveis\/\",\"name\":\"O frio aumenta riscos respirat\u00f3rios em animais de estima\u00e7\u00e3o mais vulner\u00e1veis - Portal Tela Portugal\",\"isPartOf\":{\"@id\":\"https:\/\/portaltela.pt\/#website\"},\"primaryImageOfPage\":{\"@id\":\"https:\/\/portaltela.pt\/noticias\/2026\/01\/09\/o-frio-aumenta-riscos-respiratorios-em-animais-de-estimacao-mais-vulneraveis\/#primaryimage\"},\"image\":{\"@id\":\"https:\/\/portaltela.pt\/noticias\/2026\/01\/09\/o-frio-aumenta-riscos-respiratorios-em-animais-de-estimacao-mais-vulneraveis\/#primaryimage\"},\"thumbnailUrl\":\"https:\/\/portaltela.pt\/s.01k8rhncp4jt1\/2026\/01\/img_920x518uu2026-01-09-10-00-50-2413694.jpg\",\"datePublished\":\"2026-01-09T10:20:39+00:00\",\"author\":{\"@id\":\"https:\/\/portaltela.pt\/#\/schema\/person\/c4278d4a6028830caff9ee44b42d32ed\"},\"breadcrumb\":{\"@id\":\"https:\/\/portaltela.pt\/noticias\/2026\/01\/09\/o-frio-aumenta-riscos-respiratorios-em-animais-de-estimacao-mais-vulneraveis\/#breadcrumb\"},\"inLanguage\":\"pt-PT\",\"potentialAction\":[{\"@type\":\"ReadAction\",\"target\":[\"https:\/\/portaltela.pt\/noticias\/2026\/01\/09\/o-frio-aumenta-riscos-respiratorios-em-animais-de-estimacao-mais-vulneraveis\/\"]}]},{\"@type\":\"ImageObject\",\"inLanguage\":\"pt-PT\",\"@id\":\"https:\/\/portaltela.pt\/noticias\/2026\/01\/09\/o-frio-aumenta-riscos-respiratorios-em-animais-de-estimacao-mais-vulneraveis\/#primaryimage\",\"url\":\"https:\/\/portaltela.pt\/s.01k8rhncp4jt1\/2026\/01\/img_920x518uu2026-01-09-10-00-50-2413694.jpg\",\"contentUrl\":\"https:\/\/portaltela.pt\/s.01k8rhncp4jt1\/2026\/01\/img_920x518uu2026-01-09-10-00-50-2413694.jpg\",\"width\":796,\"height\":448,\"caption\":\"O frio est\u00e1 ligado a problemas respirat\u00f3rios? Saiba quais os animais de estima\u00e7\u00e3o mais vulner\u00e1veis\"},{\"@type\":\"BreadcrumbList\",\"@id\":\"https:\/\/portaltela.pt\/noticias\/2026\/01\/09\/o-frio-aumenta-riscos-respiratorios-em-animais-de-estimacao-mais-vulneraveis\/#breadcrumb\",\"itemListElement\":[{\"@type\":\"ListItem\",\"position\":1,\"name\":\"In\u00edcio\",\"item\":\"https:\/\/portaltela.pt\/\"},{\"@type\":\"ListItem\",\"position\":2,\"name\":\"O frio aumenta riscos respirat\u00f3rios em animais de estima\u00e7\u00e3o mais vulner\u00e1veis\"}]},{\"@type\":\"WebSite\",\"@id\":\"https:\/\/portaltela.pt\/#website\",\"url\":\"https:\/\/portaltela.pt\/\",\"name\":\"Portal Tela Portugal\",\"description\":\"\",\"potentialAction\":[{\"@type\":\"SearchAction\",\"target\":{\"@type\":\"EntryPoint\",\"urlTemplate\":\"https:\/\/portaltela.pt\/?s={search_term_string}\"},\"query-input\":{\"@type\":\"PropertyValueSpecification\",\"valueRequired\":true,\"valueName\":\"search_term_string\"}}],\"inLanguage\":\"pt-PT\"},{\"@type\":\"Person\",\"@id\":\"https:\/\/portaltela.pt\/#\/schema\/person\/c4278d4a6028830caff9ee44b42d32ed\",\"name\":\"Telinha\",\"image\":{\"@type\":\"ImageObject\",\"inLanguage\":\"pt-PT\",\"@id\":\"https:\/\/portaltela.pt\/s.01k8rhncp4jt1\/2025\/11\/talking-bot-125x125.png\",\"url\":\"https:\/\/portaltela.pt\/s.01k8rhncp4jt1\/2025\/11\/talking-bot-125x125.png\",\"contentUrl\":\"https:\/\/portaltela.pt\/s.01k8rhncp4jt1\/2025\/11\/talking-bot-125x125.png\",\"caption\":\"Telinha\"},\"sameAs\":[\"https:\/\/portaltela.pt\/\"],\"url\":\"https:\/\/portaltela.pt\/por\/367410592786\/\"}]}<\/script>\n<!-- \/ Yoast SEO plugin. -->","yoast_head_json":{"title":"O frio aumenta riscos respirat\u00f3rios em animais de estima\u00e7\u00e3o mais vulner\u00e1veis - Portal Tela Portugal","robots":{"index":"index","follow":"follow","max-snippet":"max-snippet:-1","max-image-preview":"max-image-preview:large","max-video-preview":"max-video-preview:-1"},"og_locale":"pt_PT","og_type":"article","og_title":"O frio aumenta riscos respirat\u00f3rios em animais de estima\u00e7\u00e3o mais vulner\u00e1veis - Portal Tela Portugal","og_description":"O frio pode agravar ou desencadear problemas respirat\u00f3rios em animais, sobretudo nos mais fr\u00e1geis. Entre os c\u00e3es, os mais sens\u00edveis s\u00e3o os braquic\u00e9falos (Pug, Bulldog Franc\u00eas, Shih Tzu), os s\u00e9niores e os que t\u00eam doen\u00e7as card\u00edacas ou de traqueia. O ar frio irrita as vias respirat\u00f3rias, podendo agravar tosse, bronquites e dificuldades em respirar nos c\u00e3es. Nos gatos, o frio e as mudan\u00e7as de temperatura podem piorar a asma felina, rinites cr\u00f3nicas e infe\u00e7\u00f5es das vias respirat\u00f3rias superiores, mesmo em felinos de interior. Aves de gaiola e roedores que vivem em varandas ficam tamb\u00e9m mais vulner\u00e1veis a problemas respirat\u00f3rios no inverno.","og_url":"https:\/\/portaltela.pt\/noticias\/2026\/01\/09\/o-frio-aumenta-riscos-respiratorios-em-animais-de-estimacao-mais-vulneraveis\/","og_site_name":"Portal Tela Portugal","article_published_time":"2026-01-09T10:20:39+00:00","author":"Telinha","twitter_card":"summary_large_image","twitter_misc":{"Escrito por":"Telinha","Tempo estimado de leitura":"1 minuto"},"schema":{"@context":"https:\/\/schema.org","@graph":[{"@type":"Article","@id":"https:\/\/portaltela.pt\/noticias\/2026\/01\/09\/o-frio-aumenta-riscos-respiratorios-em-animais-de-estimacao-mais-vulneraveis\/#article","isPartOf":{"@id":"https:\/\/portaltela.pt\/noticias\/2026\/01\/09\/o-frio-aumenta-riscos-respiratorios-em-animais-de-estimacao-mais-vulneraveis\/"},"author":{"name":"Telinha","@id":"https:\/\/portaltela.pt\/#\/schema\/person\/c4278d4a6028830caff9ee44b42d32ed"},"headline":"O frio aumenta riscos respirat\u00f3rios em animais de estima\u00e7\u00e3o mais vulner\u00e1veis","datePublished":"2026-01-09T10:20:39+00:00","mainEntityOfPage":{"@id":"https:\/\/portaltela.pt\/noticias\/2026\/01\/09\/o-frio-aumenta-riscos-respiratorios-em-animais-de-estimacao-mais-vulneraveis\/"},"wordCount":175,"image":{"@id":"https:\/\/portaltela.pt\/noticias\/2026\/01\/09\/o-frio-aumenta-riscos-respiratorios-em-animais-de-estimacao-mais-vulneraveis\/#primaryimage"},"thumbnailUrl":"https:\/\/portaltela.pt\/s.01k8rhncp4jt1\/2026\/01\/img_920x518uu2026-01-09-10-00-50-2413694.jpg","keywords":["Altera\u00e7\u00f5es Clim\u00e1ticas","ambiente","doen\u00e7as","infec\u00e7\u00f5es respirat\u00f3rias agudas","sa\u00fade"],"articleSection":["Not\u00edcias"],"inLanguage":"pt-PT"},{"@type":"WebPage","@id":"https:\/\/portaltela.pt\/noticias\/2026\/01\/09\/o-frio-aumenta-riscos-respiratorios-em-animais-de-estimacao-mais-vulneraveis\/","url":"https:\/\/portaltela.pt\/noticias\/2026\/01\/09\/o-frio-aumenta-riscos-respiratorios-em-animais-de-estimacao-mais-vulneraveis\/","name":"O frio aumenta riscos respirat\u00f3rios em animais de estima\u00e7\u00e3o mais vulner\u00e1veis - Portal Tela Portugal","isPartOf":{"@id":"https:\/\/portaltela.pt\/#website"},"primaryImageOfPage":{"@id":"https:\/\/portaltela.pt\/noticias\/2026\/01\/09\/o-frio-aumenta-riscos-respiratorios-em-animais-de-estimacao-mais-vulneraveis\/#primaryimage"},"image":{"@id":"https:\/\/portaltela.pt\/noticias\/2026\/01\/09\/o-frio-aumenta-riscos-respiratorios-em-animais-de-estimacao-mais-vulneraveis\/#primaryimage"},"thumbnailUrl":"https:\/\/portaltela.pt\/s.01k8rhncp4jt1\/2026\/01\/img_920x518uu2026-01-09-10-00-50-2413694.jpg","datePublished":"2026-01-09T10:20:39+00:00","author":{"@id":"https:\/\/portaltela.pt\/#\/schema\/person\/c4278d4a6028830caff9ee44b42d32ed"},"breadcrumb":{"@id":"https:\/\/portaltela.pt\/noticias\/2026\/01\/09\/o-frio-aumenta-riscos-respiratorios-em-animais-de-estimacao-mais-vulneraveis\/#breadcrumb"},"inLanguage":"pt-PT","potentialAction":[{"@type":"ReadAction","target":["https:\/\/portaltela.pt\/noticias\/2026\/01\/09\/o-frio-aumenta-riscos-respiratorios-em-animais-de-estimacao-mais-vulneraveis\/"]}]},{"@type":"ImageObject","inLanguage":"pt-PT","@id":"https:\/\/portaltela.pt\/noticias\/2026\/01\/09\/o-frio-aumenta-riscos-respiratorios-em-animais-de-estimacao-mais-vulneraveis\/#primaryimage","url":"https:\/\/portaltela.pt\/s.01k8rhncp4jt1\/2026\/01\/img_920x518uu2026-01-09-10-00-50-2413694.jpg","contentUrl":"https:\/\/portaltela.pt\/s.01k8rhncp4jt1\/2026\/01\/img_920x518uu2026-01-09-10-00-50-2413694.jpg","width":796,"height":448,"caption":"O frio est\u00e1 ligado a problemas respirat\u00f3rios? Saiba quais os animais de estima\u00e7\u00e3o mais vulner\u00e1veis"},{"@type":"BreadcrumbList","@id":"https:\/\/portaltela.pt\/noticias\/2026\/01\/09\/o-frio-aumenta-riscos-respiratorios-em-animais-de-estimacao-mais-vulneraveis\/#breadcrumb","itemListElement":[{"@type":"ListItem","position":1,"name":"In\u00edcio","item":"https:\/\/portaltela.pt\/"},{"@type":"ListItem","position":2,"name":"O frio aumenta riscos respirat\u00f3rios em animais de estima\u00e7\u00e3o mais vulner\u00e1veis"}]},{"@type":"WebSite","@id":"https:\/\/portaltela.pt\/#website","url":"https:\/\/portaltela.pt\/","name":"Portal Tela Portugal","description":"","potentialAction":[{"@type":"SearchAction","target":{"@type":"EntryPoint","urlTemplate":"https:\/\/portaltela.pt\/?s={search_term_string}"},"query-input":{"@type":"PropertyValueSpecification","valueRequired":true,"valueName":"search_term_string"}}],"inLanguage":"pt-PT"},{"@type":"Person","@id":"https:\/\/portaltela.pt\/#\/schema\/person\/c4278d4a6028830caff9ee44b42d32ed","name":"Telinha","image":{"@type":"ImageObject","inLanguage":"pt-PT","@id":"https:\/\/portaltela.pt\/s.01k8rhncp4jt1\/2025\/11\/talking-bot-125x125.png","url":"https:\/\/portaltela.pt\/s.01k8rhncp4jt1\/2025\/11\/talking-bot-125x125.png","contentUrl":"https:\/\/portaltela.pt\/s.01k8rhncp4jt1\/2025\/11\/talking-bot-125x125.png","caption":"Telinha"},"sameAs":["https:\/\/portaltela.pt\/"],"url":"https:\/\/portaltela.pt\/por\/367410592786\/"}]}},"_links":{"self":[{"href":"https:\/\/portaltela.pt\/api\/wp\/v2\/posts\/127865","targetHints":{"allow":["GET"]}}],"collection":[{"href":"https:\/\/portaltela.pt\/api\/wp\/v2\/posts"}],"about":[{"href":"https:\/\/portaltela.pt\/api\/wp\/v2\/types\/post"}],"author":[{"embeddable":true,"href":"https:\/\/portaltela.pt\/api\/wp\/v2\/users\/2"}],"replies":[{"embeddable":true,"href":"https:\/\/portaltela.pt\/api\/wp\/v2\/comments?post=127865"}],"version-history":[{"count":0,"href":"https:\/\/portaltela.pt\/api\/wp\/v2\/posts\/127865\/revisions"}],"wp:featuredmedia":[{"embeddable":true,"href":"https:\/\/portaltela.pt\/api\/wp\/v2\/media\/127871"}],"wp:attachment":[{"href":"https:\/\/portaltela.pt\/api\/wp\/v2\/media?parent=127865"}],"wp:term":[{"taxonomy":"category","embeddable":true,"href":"https:\/\/portaltela.pt\/api\/wp\/v2\/categories?post=127865"},{"taxonomy":"post_tag","embeddable":true,"href":"https:\/\/portaltela.pt\/api\/wp\/v2\/tags?post=127865"}],"curies":[{"name":"wp","href":"https:\/\/api.w.org\/{rel}","templated":true}]}}