{"id":127798,"date":"2026-01-09T07:00:00","date_gmt":"2026-01-09T10:00:00","guid":{"rendered":"https:\/\/portaltela.pt\/noticias\/2026\/01\/09\/inem-lanca-concurso-nacional-para-contratar-30-medicos-em-varias-regioes\/"},"modified":"2026-01-09T07:00:00","modified_gmt":"2026-01-09T10:00:00","slug":"inem-lanca-concurso-nacional-para-contratar-30-medicos-em-varias-regioes","status":"publish","type":"post","link":"https:\/\/portaltela.pt\/noticias\/2026\/01\/09\/inem-lanca-concurso-nacional-para-contratar-30-medicos-em-varias-regioes\/","title":{"rendered":"INEM lan\u00e7a concurso nacional para contratar 30 m\u00e9dicos em v\u00e1rias regi\u00f5es"},"content":{"rendered":"<p>O Instituto Nacional de Emerg\u00eancia M\u00e9dica (INEM) abriu um concurso para recrutamento de 30 m\u00e9dicos, com o objetivo de refor\u00e7ar recursos humanos e melhorar a resposta em todo o territ\u00f3rio nacional no \u00e2mbito da emerg\u00eancia m\u00e9dica. O procedimento \u00e9 feito em regime de contrato de trabalho em fun\u00e7\u00f5es p\u00fablicas por tempo indeterminado.<\/p>\n<p>A vaga abrange o Departamento de Coordena\u00e7\u00e3o do SIEM e as Delega\u00e7\u00f5es Regionais do Norte, Centro, Lisboa, Vale do Tejo e Alentejo e Algarve, distribu\u00eddas por v\u00e1rias regi\u00f5es do pa\u00eds.<\/p>\n<h3>Distribui\u00e7\u00e3o das vagas<\/h3>\n<p>As 30 vagas s\u00e3o distribu\u00eddas da seguinte forma: cinco no Departamento de Coordena\u00e7\u00e3o do SIEM, seis no Norte, oito no Centro, oito em Lisboa, Vale do Tejo e Alentejo e tr\u00eas no Algarve.<\/p>\n<h3>Prazo e forma de candidatura<\/h3>\n<p>As candidaturas v\u00e3o at\u00e9 19 de janeiro e devem ser submetidas apenas via formul\u00e1rio eletr\u00f3nico na \u00e1rea de Recrutamento do site do INEM.<\/p>\n<h3>Perfil e \u00e1reas preferenciais<\/h3>\n<p>Os postos destinam-se preferencialmente a \u00e1reas como Medicina Interna, Medicina Intensiva, Sa\u00fade P\u00fablica, Anestesiologia, Pediatria, Medicina Geral e Familiar, Cirurgia Geral e Ginecologia-Obstetr\u00edcia, entre outras \u00e1reas relevantes para emerg\u00eancia m\u00e9dica.<\/p>\n<h3>Fun\u00e7\u00f5es a desempenhar<\/h3>\n<p>Entre as fun\u00e7\u00f5es, destacam-se a coordena\u00e7\u00e3o do SIEM em termos normativos e t\u00e9cnicos, articula\u00e7\u00e3o entre a emerg\u00eancia pr\u00e9-hospitalar e os servi\u00e7os de urg\u00eancia, e o desenvolvimento de t\u00e9cnicas de emerg\u00eancia m\u00e9dica.<\/p>\n<h2>Locais de trabalho<\/h2>\n<p>As fun\u00e7\u00f5es v\u00e3o ocorrer nas instala\u00e7\u00f5es do INEM correspondentes a cada refer\u00eancia: Departamento de Coordena\u00e7\u00e3o do SIEM em Lisboa; Delega\u00e7\u00e3o Regional do Norte no Porto; Delega\u00e7\u00e3o Regional do Centro em Coimbra; Delega\u00e7\u00e3o Regional de Lisboa, Vale do Tejo e Alentejo em Lisboa; Delega\u00e7\u00e3o Regional do Algarve em Loul\u00e9.<\/p>\n<p>O INEM pretende, com este procedimento, refor\u00e7ar a capacidade de resposta e consolidar o papel dos m\u00e9dicos na coordena\u00e7\u00e3o, desenvolvimento e presta\u00e7\u00e3o de cuidados no sistema de emerg\u00eancia m\u00e9dica nacional.<\/p>\n","protected":false},"excerpt":{"rendered":"<ul>\n<li>O Instituto Nacional de Emerg\u00eancia M\u00e9dica (INEM) abriu um concurso para recrutamento de trinta m\u00e9dicos, com contratos de trabalho em fun\u00e7\u00f5es p\u00fablicas por tempo indeterminado, para refor\u00e7ar a resposta de emerg\u00eancia m\u00e9dica em todo o pa\u00eds.<\/li>\n<li>Os postos destinam-se ao Departamento de Coordena\u00e7\u00e3o do Sistema Integrado de Emerg\u00eancia M\u00e9dica (SIEM) e \u00e0s Delega\u00e7\u00f5es Regionais do Norte, Centro, Lisboa, Vale do Tejo e Alentejo, e Algarve.<\/li>\n<li>A distribui\u00e7\u00e3o das vagas prev\u00ea cinco no Departamento de Coordena\u00e7\u00e3o do SIEM, seis no Norte, oito no Centro, oito em Lisboa, Vale do Tejo e Alentejo, e tr\u00eas no Algarve.<\/li>\n<li>As candidaturas v\u00e3o at\u00e9 19 de janeiro e devem ser feitas exclusivamente atrav\u00e9s do formul\u00e1rio eletr\u00f3nico na \u00e1rea de Recrutamento do site do INEM.<\/li>\n<li>Os perfis abrangem \u00e1reas como Medicina Interna, Medicina Intensiva, Sa\u00fade P\u00fablica, Anestesiologia, Pediatria, Medicina Geral e Familiar, Cirurgia Geral e Ginecologia-Obstetr\u00edcia, entre outras relevantes para a emerg\u00eancia m\u00e9dica.<\/li>\n<\/ul>\n","protected":false},"author":2,"featured_media":127808,"comment_status":"closed","ping_status":"closed","sticky":false,"template":"","format":"standard","meta":{"footnotes":""},"categories":[1],"tags":[2218,1935,1922,483,1401,1403],"class_list":["post-127798","post","type-post","status-publish","format-standard","has-post-thumbnail","hentry","category-noticias","tag-cirurgia-geral","tag-emergencias","tag-inem","tag-medicina-intensiva","tag-medicina-interna","tag-pediatria"],"yoast_head":"<!-- This site is optimized with the Yoast SEO plugin v27.2 - https:\/\/yoast.com\/product\/yoast-seo-wordpress\/ -->\n<title>INEM lan\u00e7a concurso nacional para contratar 30 m\u00e9dicos em v\u00e1rias regi\u00f5es - Portal Tela Portugal<\/title>\n<meta name=\"robots\" content=\"index, follow, max-snippet:-1, max-image-preview:large, max-video-preview:-1\" \/>\n<meta property=\"og:locale\" content=\"pt_PT\" \/>\n<meta property=\"og:type\" content=\"article\" \/>\n<meta property=\"og:title\" content=\"INEM lan\u00e7a concurso nacional para contratar 30 m\u00e9dicos em v\u00e1rias regi\u00f5es - Portal Tela Portugal\" \/>\n<meta property=\"og:description\" content=\"O Instituto Nacional de Emerg\u00eancia M\u00e9dica (INEM) abriu um concurso para recrutamento de trinta m\u00e9dicos, com contratos de trabalho em fun\u00e7\u00f5es p\u00fablicas por tempo indeterminado, para refor\u00e7ar a resposta de emerg\u00eancia m\u00e9dica em todo o pa\u00eds. Os postos destinam-se ao Departamento de Coordena\u00e7\u00e3o do Sistema Integrado de Emerg\u00eancia M\u00e9dica (SIEM) e \u00e0s Delega\u00e7\u00f5es Regionais do Norte, Centro, Lisboa, Vale do Tejo e Alentejo, e Algarve. A distribui\u00e7\u00e3o das vagas prev\u00ea cinco no Departamento de Coordena\u00e7\u00e3o do SIEM, seis no Norte, oito no Centro, oito em Lisboa, Vale do Tejo e Alentejo, e tr\u00eas no Algarve. As candidaturas v\u00e3o at\u00e9 19 de janeiro e devem ser feitas exclusivamente atrav\u00e9s do formul\u00e1rio eletr\u00f3nico na \u00e1rea de Recrutamento do site do INEM. Os perfis abrangem \u00e1reas como Medicina Interna, Medicina Intensiva, Sa\u00fade P\u00fablica, Anestesiologia, Pediatria, Medicina Geral e Familiar, Cirurgia Geral e Ginecologia-Obstetr\u00edcia, entre outras relevantes para a emerg\u00eancia m\u00e9dica.\" \/>\n<meta property=\"og:url\" content=\"https:\/\/portaltela.pt\/noticias\/2026\/01\/09\/inem-lanca-concurso-nacional-para-contratar-30-medicos-em-varias-regioes\/\" \/>\n<meta property=\"og:site_name\" content=\"Portal Tela Portugal\" \/>\n<meta property=\"article:published_time\" content=\"2026-01-09T10:00:00+00:00\" \/>\n<meta name=\"author\" content=\"Telinha\" \/>\n<meta name=\"twitter:card\" content=\"summary_large_image\" \/>\n<meta name=\"twitter:label1\" content=\"Escrito por\" \/>\n\t<meta name=\"twitter:data1\" content=\"Telinha\" \/>\n\t<meta name=\"twitter:label2\" content=\"Tempo estimado de leitura\" \/>\n\t<meta name=\"twitter:data2\" content=\"2 minutos\" \/>\n<script type=\"application\/ld+json\" class=\"yoast-schema-graph\">{\"@context\":\"https:\/\/schema.org\",\"@graph\":[{\"@type\":\"Article\",\"@id\":\"https:\/\/portaltela.pt\/noticias\/2026\/01\/09\/inem-lanca-concurso-nacional-para-contratar-30-medicos-em-varias-regioes\/#article\",\"isPartOf\":{\"@id\":\"https:\/\/portaltela.pt\/noticias\/2026\/01\/09\/inem-lanca-concurso-nacional-para-contratar-30-medicos-em-varias-regioes\/\"},\"author\":{\"name\":\"Telinha\",\"@id\":\"https:\/\/portaltela.pt\/#\/schema\/person\/c4278d4a6028830caff9ee44b42d32ed\"},\"headline\":\"INEM lan\u00e7a concurso nacional para contratar 30 m\u00e9dicos em v\u00e1rias regi\u00f5es\",\"datePublished\":\"2026-01-09T10:00:00+00:00\",\"mainEntityOfPage\":{\"@id\":\"https:\/\/portaltela.pt\/noticias\/2026\/01\/09\/inem-lanca-concurso-nacional-para-contratar-30-medicos-em-varias-regioes\/\"},\"wordCount\":360,\"image\":{\"@id\":\"https:\/\/portaltela.pt\/noticias\/2026\/01\/09\/inem-lanca-concurso-nacional-para-contratar-30-medicos-em-varias-regioes\/#primaryimage\"},\"thumbnailUrl\":\"https:\/\/portaltela.pt\/s.01k8rhncp4jt1\/2026\/01\/unnamed-file-1780.jpg\",\"keywords\":[\"Cirurgia Geral\",\"emerg\u00eancias\",\"INEM\",\"Medicina Intensiva\",\"Medicina Interna\",\"Pediatria\"],\"articleSection\":[\"Not\u00edcias\"],\"inLanguage\":\"pt-PT\"},{\"@type\":\"WebPage\",\"@id\":\"https:\/\/portaltela.pt\/noticias\/2026\/01\/09\/inem-lanca-concurso-nacional-para-contratar-30-medicos-em-varias-regioes\/\",\"url\":\"https:\/\/portaltela.pt\/noticias\/2026\/01\/09\/inem-lanca-concurso-nacional-para-contratar-30-medicos-em-varias-regioes\/\",\"name\":\"INEM lan\u00e7a concurso nacional para contratar 30 m\u00e9dicos em v\u00e1rias regi\u00f5es - Portal Tela Portugal\",\"isPartOf\":{\"@id\":\"https:\/\/portaltela.pt\/#website\"},\"primaryImageOfPage\":{\"@id\":\"https:\/\/portaltela.pt\/noticias\/2026\/01\/09\/inem-lanca-concurso-nacional-para-contratar-30-medicos-em-varias-regioes\/#primaryimage\"},\"image\":{\"@id\":\"https:\/\/portaltela.pt\/noticias\/2026\/01\/09\/inem-lanca-concurso-nacional-para-contratar-30-medicos-em-varias-regioes\/#primaryimage\"},\"thumbnailUrl\":\"https:\/\/portaltela.pt\/s.01k8rhncp4jt1\/2026\/01\/unnamed-file-1780.jpg\",\"datePublished\":\"2026-01-09T10:00:00+00:00\",\"author\":{\"@id\":\"https:\/\/portaltela.pt\/#\/schema\/person\/c4278d4a6028830caff9ee44b42d32ed\"},\"breadcrumb\":{\"@id\":\"https:\/\/portaltela.pt\/noticias\/2026\/01\/09\/inem-lanca-concurso-nacional-para-contratar-30-medicos-em-varias-regioes\/#breadcrumb\"},\"inLanguage\":\"pt-PT\",\"potentialAction\":[{\"@type\":\"ReadAction\",\"target\":[\"https:\/\/portaltela.pt\/noticias\/2026\/01\/09\/inem-lanca-concurso-nacional-para-contratar-30-medicos-em-varias-regioes\/\"]}]},{\"@type\":\"ImageObject\",\"inLanguage\":\"pt-PT\",\"@id\":\"https:\/\/portaltela.pt\/noticias\/2026\/01\/09\/inem-lanca-concurso-nacional-para-contratar-30-medicos-em-varias-regioes\/#primaryimage\",\"url\":\"https:\/\/portaltela.pt\/s.01k8rhncp4jt1\/2026\/01\/unnamed-file-1780.jpg\",\"contentUrl\":\"https:\/\/portaltela.pt\/s.01k8rhncp4jt1\/2026\/01\/unnamed-file-1780.jpg\",\"width\":796,\"height\":448,\"caption\":\"INEM lan\u00e7a concurso nacional para contratar 30 m\u00e9dicos em v\u00e1rias regi\u00f5es do pa\u00eds\"},{\"@type\":\"BreadcrumbList\",\"@id\":\"https:\/\/portaltela.pt\/noticias\/2026\/01\/09\/inem-lanca-concurso-nacional-para-contratar-30-medicos-em-varias-regioes\/#breadcrumb\",\"itemListElement\":[{\"@type\":\"ListItem\",\"position\":1,\"name\":\"In\u00edcio\",\"item\":\"https:\/\/portaltela.pt\/\"},{\"@type\":\"ListItem\",\"position\":2,\"name\":\"INEM lan\u00e7a concurso nacional para contratar 30 m\u00e9dicos em v\u00e1rias regi\u00f5es\"}]},{\"@type\":\"WebSite\",\"@id\":\"https:\/\/portaltela.pt\/#website\",\"url\":\"https:\/\/portaltela.pt\/\",\"name\":\"Portal Tela Portugal\",\"description\":\"\",\"potentialAction\":[{\"@type\":\"SearchAction\",\"target\":{\"@type\":\"EntryPoint\",\"urlTemplate\":\"https:\/\/portaltela.pt\/?s={search_term_string}\"},\"query-input\":{\"@type\":\"PropertyValueSpecification\",\"valueRequired\":true,\"valueName\":\"search_term_string\"}}],\"inLanguage\":\"pt-PT\"},{\"@type\":\"Person\",\"@id\":\"https:\/\/portaltela.pt\/#\/schema\/person\/c4278d4a6028830caff9ee44b42d32ed\",\"name\":\"Telinha\",\"image\":{\"@type\":\"ImageObject\",\"inLanguage\":\"pt-PT\",\"@id\":\"https:\/\/portaltela.pt\/s.01k8rhncp4jt1\/2025\/11\/talking-bot-125x125.png\",\"url\":\"https:\/\/portaltela.pt\/s.01k8rhncp4jt1\/2025\/11\/talking-bot-125x125.png\",\"contentUrl\":\"https:\/\/portaltela.pt\/s.01k8rhncp4jt1\/2025\/11\/talking-bot-125x125.png\",\"caption\":\"Telinha\"},\"sameAs\":[\"https:\/\/portaltela.pt\/\"],\"url\":\"https:\/\/portaltela.pt\/por\/367410592786\/\"}]}<\/script>\n<!-- \/ Yoast SEO plugin. -->","yoast_head_json":{"title":"INEM lan\u00e7a concurso nacional para contratar 30 m\u00e9dicos em v\u00e1rias regi\u00f5es - Portal Tela Portugal","robots":{"index":"index","follow":"follow","max-snippet":"max-snippet:-1","max-image-preview":"max-image-preview:large","max-video-preview":"max-video-preview:-1"},"og_locale":"pt_PT","og_type":"article","og_title":"INEM lan\u00e7a concurso nacional para contratar 30 m\u00e9dicos em v\u00e1rias regi\u00f5es - Portal Tela Portugal","og_description":"O Instituto Nacional de Emerg\u00eancia M\u00e9dica (INEM) abriu um concurso para recrutamento de trinta m\u00e9dicos, com contratos de trabalho em fun\u00e7\u00f5es p\u00fablicas por tempo indeterminado, para refor\u00e7ar a resposta de emerg\u00eancia m\u00e9dica em todo o pa\u00eds. Os postos destinam-se ao Departamento de Coordena\u00e7\u00e3o do Sistema Integrado de Emerg\u00eancia M\u00e9dica (SIEM) e \u00e0s Delega\u00e7\u00f5es Regionais do Norte, Centro, Lisboa, Vale do Tejo e Alentejo, e Algarve. A distribui\u00e7\u00e3o das vagas prev\u00ea cinco no Departamento de Coordena\u00e7\u00e3o do SIEM, seis no Norte, oito no Centro, oito em Lisboa, Vale do Tejo e Alentejo, e tr\u00eas no Algarve. As candidaturas v\u00e3o at\u00e9 19 de janeiro e devem ser feitas exclusivamente atrav\u00e9s do formul\u00e1rio eletr\u00f3nico na \u00e1rea de Recrutamento do site do INEM. Os perfis abrangem \u00e1reas como Medicina Interna, Medicina Intensiva, Sa\u00fade P\u00fablica, Anestesiologia, Pediatria, Medicina Geral e Familiar, Cirurgia Geral e Ginecologia-Obstetr\u00edcia, entre outras relevantes para a emerg\u00eancia m\u00e9dica.","og_url":"https:\/\/portaltela.pt\/noticias\/2026\/01\/09\/inem-lanca-concurso-nacional-para-contratar-30-medicos-em-varias-regioes\/","og_site_name":"Portal Tela Portugal","article_published_time":"2026-01-09T10:00:00+00:00","author":"Telinha","twitter_card":"summary_large_image","twitter_misc":{"Escrito por":"Telinha","Tempo estimado de leitura":"2 minutos"},"schema":{"@context":"https:\/\/schema.org","@graph":[{"@type":"Article","@id":"https:\/\/portaltela.pt\/noticias\/2026\/01\/09\/inem-lanca-concurso-nacional-para-contratar-30-medicos-em-varias-regioes\/#article","isPartOf":{"@id":"https:\/\/portaltela.pt\/noticias\/2026\/01\/09\/inem-lanca-concurso-nacional-para-contratar-30-medicos-em-varias-regioes\/"},"author":{"name":"Telinha","@id":"https:\/\/portaltela.pt\/#\/schema\/person\/c4278d4a6028830caff9ee44b42d32ed"},"headline":"INEM lan\u00e7a concurso nacional para contratar 30 m\u00e9dicos em v\u00e1rias regi\u00f5es","datePublished":"2026-01-09T10:00:00+00:00","mainEntityOfPage":{"@id":"https:\/\/portaltela.pt\/noticias\/2026\/01\/09\/inem-lanca-concurso-nacional-para-contratar-30-medicos-em-varias-regioes\/"},"wordCount":360,"image":{"@id":"https:\/\/portaltela.pt\/noticias\/2026\/01\/09\/inem-lanca-concurso-nacional-para-contratar-30-medicos-em-varias-regioes\/#primaryimage"},"thumbnailUrl":"https:\/\/portaltela.pt\/s.01k8rhncp4jt1\/2026\/01\/unnamed-file-1780.jpg","keywords":["Cirurgia Geral","emerg\u00eancias","INEM","Medicina Intensiva","Medicina Interna","Pediatria"],"articleSection":["Not\u00edcias"],"inLanguage":"pt-PT"},{"@type":"WebPage","@id":"https:\/\/portaltela.pt\/noticias\/2026\/01\/09\/inem-lanca-concurso-nacional-para-contratar-30-medicos-em-varias-regioes\/","url":"https:\/\/portaltela.pt\/noticias\/2026\/01\/09\/inem-lanca-concurso-nacional-para-contratar-30-medicos-em-varias-regioes\/","name":"INEM lan\u00e7a concurso nacional para contratar 30 m\u00e9dicos em v\u00e1rias regi\u00f5es - Portal Tela Portugal","isPartOf":{"@id":"https:\/\/portaltela.pt\/#website"},"primaryImageOfPage":{"@id":"https:\/\/portaltela.pt\/noticias\/2026\/01\/09\/inem-lanca-concurso-nacional-para-contratar-30-medicos-em-varias-regioes\/#primaryimage"},"image":{"@id":"https:\/\/portaltela.pt\/noticias\/2026\/01\/09\/inem-lanca-concurso-nacional-para-contratar-30-medicos-em-varias-regioes\/#primaryimage"},"thumbnailUrl":"https:\/\/portaltela.pt\/s.01k8rhncp4jt1\/2026\/01\/unnamed-file-1780.jpg","datePublished":"2026-01-09T10:00:00+00:00","author":{"@id":"https:\/\/portaltela.pt\/#\/schema\/person\/c4278d4a6028830caff9ee44b42d32ed"},"breadcrumb":{"@id":"https:\/\/portaltela.pt\/noticias\/2026\/01\/09\/inem-lanca-concurso-nacional-para-contratar-30-medicos-em-varias-regioes\/#breadcrumb"},"inLanguage":"pt-PT","potentialAction":[{"@type":"ReadAction","target":["https:\/\/portaltela.pt\/noticias\/2026\/01\/09\/inem-lanca-concurso-nacional-para-contratar-30-medicos-em-varias-regioes\/"]}]},{"@type":"ImageObject","inLanguage":"pt-PT","@id":"https:\/\/portaltela.pt\/noticias\/2026\/01\/09\/inem-lanca-concurso-nacional-para-contratar-30-medicos-em-varias-regioes\/#primaryimage","url":"https:\/\/portaltela.pt\/s.01k8rhncp4jt1\/2026\/01\/unnamed-file-1780.jpg","contentUrl":"https:\/\/portaltela.pt\/s.01k8rhncp4jt1\/2026\/01\/unnamed-file-1780.jpg","width":796,"height":448,"caption":"INEM lan\u00e7a concurso nacional para contratar 30 m\u00e9dicos em v\u00e1rias regi\u00f5es do pa\u00eds"},{"@type":"BreadcrumbList","@id":"https:\/\/portaltela.pt\/noticias\/2026\/01\/09\/inem-lanca-concurso-nacional-para-contratar-30-medicos-em-varias-regioes\/#breadcrumb","itemListElement":[{"@type":"ListItem","position":1,"name":"In\u00edcio","item":"https:\/\/portaltela.pt\/"},{"@type":"ListItem","position":2,"name":"INEM lan\u00e7a concurso nacional para contratar 30 m\u00e9dicos em v\u00e1rias regi\u00f5es"}]},{"@type":"WebSite","@id":"https:\/\/portaltela.pt\/#website","url":"https:\/\/portaltela.pt\/","name":"Portal Tela Portugal","description":"","potentialAction":[{"@type":"SearchAction","target":{"@type":"EntryPoint","urlTemplate":"https:\/\/portaltela.pt\/?s={search_term_string}"},"query-input":{"@type":"PropertyValueSpecification","valueRequired":true,"valueName":"search_term_string"}}],"inLanguage":"pt-PT"},{"@type":"Person","@id":"https:\/\/portaltela.pt\/#\/schema\/person\/c4278d4a6028830caff9ee44b42d32ed","name":"Telinha","image":{"@type":"ImageObject","inLanguage":"pt-PT","@id":"https:\/\/portaltela.pt\/s.01k8rhncp4jt1\/2025\/11\/talking-bot-125x125.png","url":"https:\/\/portaltela.pt\/s.01k8rhncp4jt1\/2025\/11\/talking-bot-125x125.png","contentUrl":"https:\/\/portaltela.pt\/s.01k8rhncp4jt1\/2025\/11\/talking-bot-125x125.png","caption":"Telinha"},"sameAs":["https:\/\/portaltela.pt\/"],"url":"https:\/\/portaltela.pt\/por\/367410592786\/"}]}},"_links":{"self":[{"href":"https:\/\/portaltela.pt\/api\/wp\/v2\/posts\/127798","targetHints":{"allow":["GET"]}}],"collection":[{"href":"https:\/\/portaltela.pt\/api\/wp\/v2\/posts"}],"about":[{"href":"https:\/\/portaltela.pt\/api\/wp\/v2\/types\/post"}],"author":[{"embeddable":true,"href":"https:\/\/portaltela.pt\/api\/wp\/v2\/users\/2"}],"replies":[{"embeddable":true,"href":"https:\/\/portaltela.pt\/api\/wp\/v2\/comments?post=127798"}],"version-history":[{"count":0,"href":"https:\/\/portaltela.pt\/api\/wp\/v2\/posts\/127798\/revisions"}],"wp:featuredmedia":[{"embeddable":true,"href":"https:\/\/portaltela.pt\/api\/wp\/v2\/media\/127808"}],"wp:attachment":[{"href":"https:\/\/portaltela.pt\/api\/wp\/v2\/media?parent=127798"}],"wp:term":[{"taxonomy":"category","embeddable":true,"href":"https:\/\/portaltela.pt\/api\/wp\/v2\/categories?post=127798"},{"taxonomy":"post_tag","embeddable":true,"href":"https:\/\/portaltela.pt\/api\/wp\/v2\/tags?post=127798"}],"curies":[{"name":"wp","href":"https:\/\/api.w.org\/{rel}","templated":true}]}}